{"id":43873,"date":"2023-06-09T15:40:38","date_gmt":"2023-06-09T15:40:38","guid":{"rendered":"https:\/\/continuamosmx.com\/?p=43873"},"modified":"2023-06-09T15:40:39","modified_gmt":"2023-06-09T15:40:39","slug":"confirmado-nueva-alianza-pierde-su-registro-en-edomex","status":"publish","type":"post","link":"https:\/\/continuamosmx.com\/index.php\/2023\/06\/09\/confirmado-nueva-alianza-pierde-su-registro-en-edomex\/","title":{"rendered":"*CONFIRMADO: NUEVA ALIANZA PIERDE SU REGISTRO EN EDOMEX"},"content":{"rendered":"\n<p>REDACCI\u00d3N<\/p>\n\n\n\n<p>EDOM\u00c9X.- El d\u00eda de ayer concluyeron los c\u00f3mputos distritales de la elecci\u00f3n del pasado 4 de junio, confirmando una holgada victoria de la maestra Delfina G\u00f3mez, quien ser\u00e1 la pr\u00f3xima Gobernadora del Estado de M\u00e9xico, la primera mujer en encabezar el poder ejecutivo estatal y quien logr\u00f3 la alternancia despu\u00e9s de casi 100 a\u00f1os de hegemon\u00eda del PRI en la entidad.<\/p>\n\n\n\n<p>Con la confirmaci\u00f3n de los resultados, los partidos pol\u00edticos tienen cuatro d\u00edas para impugnar la elecci\u00f3n, sin embargo, por la postura de los lideres pol\u00edticos de los partidos y ante tremenda paliza recibida en las urnas, no se preve una gran batalla judicial. El a\u00fan gobernador Alfredo del Mazo, Alejandra del Moral e incluso el panismo mexiquense dieron vuelta a la p\u00e1gina ante el escenario imposible de revertir por la v\u00eda de los tribunales.<\/p>\n\n\n\n<p>Hasta hace unas horas, el PRD acompa\u00f1aba a Nueva Alianza con los lastres de la elecci\u00f3n que perder\u00edan su registro, no obstante, tras los conteos distritales rebasaron el umbral m\u00ednimo requerido y conservar\u00e1n su acreditaci\u00f3n y prerrogativas.<\/p>\n\n\n\n<p>Por su parte, a Nueva Alianza se le acabaron las opciones, los mexiquenses decidieron en las urnas que no representa la fuerza electoral que anta\u00f1o les permiti\u00f3 navegar en el mapa pol\u00edtico estatal y perder\u00e1 su registro; de hecho, se dice en pasillos del IEEM que buscar\u00edan dos rutas: la primera, ensuciar la elecci\u00f3n e impugnar los resultados para ara\u00f1ar un par de quincenas m\u00e1s, y la segunda, confundir a los consejeros del IEEM para que les apliquen una argucia legaloide buscando vida artificial.<\/p>\n\n\n\n<p>Sin embargo, las posibilidades de \u00e9xito de mantenerse con vida con una votaci\u00f3n tan raqu\u00edtica no solo es imposible legalmente, es una verdadera burla para la ciudadan\u00eda mexiquense que con toda claridad le di\u00f3 la espalda a NA el pasado 4 de junio.<\/p>\n\n\n\n<p>El representante ante el IEEM del moribundo partido local, ha expresado que existen precedentes del TEPJF que buscar\u00edan reutilizar ante la inminente p\u00e9rdida de su registro; sin embargo, en una consulta breve, se advierte con toda claridad que son casos, si no totalmente distintos, muy alejados de la claridad que si tiene la legislaci\u00f3n del Estado de M\u00e9xico: no un \u201cprecedente similar\u201d, sino la propia Constituci\u00f3n Federal y Local, las leyes electorales federales, as\u00ed como m\u00faltiples tesis y jurisprudencias de la Sala Superior del Tribunal Electoral y la propia Suprema Corte de Justicia de la Naci\u00f3n.<\/p>\n\n\n\n<p>Solo por citar un ejemplo, la Tesis LIII\/2016 de la Sala Superior del TEPJF se\u00f1ala que de la interpretaci\u00f3n de la Constituci\u00f3n Federal, la LEGIPE y la Ley de Partidos Pol\u00edticos: \u201cse advierte que, los partidos pol\u00edticos a fin de conservar su registro deben obtener al menos el 3% de la votaci\u00f3n v\u00e1lida emitida en la \u00faltima elecci\u00f3n en la que participen\u201d. No de forma peri\u00f3dica, no cada tres a\u00f1os y no con la votaci\u00f3n que mejor acomode los intereses pol\u00edticos.<\/p>\n\n\n\n<p>No obstante las anteriores leyes federales son absolutamente claras, nuestra c\u00f3digo electoral es por dem\u00e1s espec\u00edfico en la obligaci\u00f3n de obtener al menos el 3% de la votaci\u00f3n en la \u00faltima elecci\u00f3n ordinaria para mantener el registro, que para el caso ser\u00eda la del pasado 4 de junio.<\/p>\n\n\n\n<p>En cualquier escenario, los consejeros del IEEM no pueden ir m\u00e1s all\u00e1 de su obligaci\u00f3n de aplicar el marco normativo vigente en la entidad y declarar la p\u00e9rdida del registro como partido local de Nueva Alianza, cualquiera otra interpretaci\u00f3n jur\u00eddica entra en la cancha de los tribunales y los magistrados electorales.<\/p>\n\n\n\n<p>Hay que estar muy atentos al proceder del instituto electoral, pues de ponerse \u201ccreativos\u201d, estar\u00edan empa\u00f1ando de ilegalidad un proceso que para esta instituci\u00f3n fue impecable y sobre todo, encender\u00edan las alertas de la sociedad y los actores pol\u00edticos, ya que no solo se trata de un asunto jur\u00eddico, pues disminuir\u00edan las prerrogativas de los partidos que si cumplen con la ley y que si tienen arraigo y confianza en la sociedad mexiquense.<\/p>\n","protected":false},"excerpt":{"rendered":"<p>REDACCI\u00d3N EDOM\u00c9X.- El d\u00eda de ayer concluyeron los c\u00f3mputos distritales de la elecci\u00f3n del pasado 4 de junio, confirmando una holgada victoria de la maestra Delfina G\u00f3mez, quien ser\u00e1 la pr\u00f3xima Gobernadora del Estado de M\u00e9xico, la primera mujer en encabezar el poder ejecutivo estatal y quien logr\u00f3 la alternancia despu\u00e9s de casi 100 a\u00f1os [&hellip;]<\/p>\n","protected":false},"author":6,"featured_media":43874,"comment_status":"open","ping_status":"open","sticky":false,"template":"","format":"standard","meta":{"footnotes":""},"categories":[2,3],"tags":[],"class_list":["post-43873","post","type-post","status-publish","format-standard","has-post-thumbnail","hentry","category-edomex","category-politica"],"yoast_head":"<!-- This site is optimized with the Yoast SEO plugin v27.5 - https:\/\/yoast.com\/product\/yoast-seo-wordpress\/ -->\n<title>*CONFIRMADO: NUEVA ALIANZA PIERDE SU REGISTRO EN EDOMEX -<\/title>\n<meta name=\"robots\" content=\"index, follow, max-snippet:-1, max-image-preview:large, max-video-preview:-1\" \/>\n<link rel=\"canonical\" href=\"https:\/\/continuamosmx.com\/index.php\/2023\/06\/09\/confirmado-nueva-alianza-pierde-su-registro-en-edomex\/\" \/>\n<meta property=\"og:locale\" content=\"es_ES\" \/>\n<meta property=\"og:type\" content=\"article\" \/>\n<meta property=\"og:title\" content=\"*CONFIRMADO: NUEVA ALIANZA PIERDE SU REGISTRO EN EDOMEX -\" \/>\n<meta property=\"og:description\" content=\"REDACCI\u00d3N EDOM\u00c9X.- El d\u00eda de ayer concluyeron los c\u00f3mputos distritales de la elecci\u00f3n del pasado 4 de junio, confirmando una holgada victoria de la maestra Delfina G\u00f3mez, quien ser\u00e1 la pr\u00f3xima Gobernadora del Estado de M\u00e9xico, la primera mujer en encabezar el poder ejecutivo estatal y quien logr\u00f3 la alternancia despu\u00e9s de casi 100 a\u00f1os [&hellip;]\" \/>\n<meta property=\"og:url\" content=\"https:\/\/continuamosmx.com\/index.php\/2023\/06\/09\/confirmado-nueva-alianza-pierde-su-registro-en-edomex\/\" \/>\n<meta property=\"article:published_time\" content=\"2023-06-09T15:40:38+00:00\" \/>\n<meta property=\"article:modified_time\" content=\"2023-06-09T15:40:39+00:00\" \/>\n<meta property=\"og:image\" content=\"https:\/\/continuamosmx.com\/wp-content\/uploads\/2023\/06\/mario.jpg\" \/>\n\t<meta property=\"og:image:width\" content=\"1024\" \/>\n\t<meta property=\"og:image:height\" content=\"647\" \/>\n\t<meta property=\"og:image:type\" content=\"image\/jpeg\" \/>\n<meta name=\"author\" content=\"Continuamos MX\" \/>\n<meta name=\"twitter:card\" content=\"summary_large_image\" \/>\n<meta name=\"twitter:label1\" content=\"Escrito por\" \/>\n\t<meta name=\"twitter:data1\" content=\"Continuamos MX\" \/>\n\t<meta name=\"twitter:label2\" content=\"Tiempo de lectura\" \/>\n\t<meta name=\"twitter:data2\" content=\"3 minutos\" \/>\n<script type=\"application\/ld+json\" class=\"yoast-schema-graph\">{\"@context\":\"https:\\\/\\\/schema.org\",\"@graph\":[{\"@type\":\"Article\",\"@id\":\"https:\\\/\\\/continuamosmx.com\\\/index.php\\\/2023\\\/06\\\/09\\\/confirmado-nueva-alianza-pierde-su-registro-en-edomex\\\/#article\",\"isPartOf\":{\"@id\":\"https:\\\/\\\/continuamosmx.com\\\/index.php\\\/2023\\\/06\\\/09\\\/confirmado-nueva-alianza-pierde-su-registro-en-edomex\\\/\"},\"author\":{\"name\":\"Continuamos MX\",\"@id\":\"https:\\\/\\\/continuamosmx.com\\\/#\\\/schema\\\/person\\\/5eb5356acb1fad784da407d14f0e8d89\"},\"headline\":\"*CONFIRMADO: NUEVA ALIANZA PIERDE SU REGISTRO EN EDOMEX\",\"datePublished\":\"2023-06-09T15:40:38+00:00\",\"dateModified\":\"2023-06-09T15:40:39+00:00\",\"mainEntityOfPage\":{\"@id\":\"https:\\\/\\\/continuamosmx.com\\\/index.php\\\/2023\\\/06\\\/09\\\/confirmado-nueva-alianza-pierde-su-registro-en-edomex\\\/\"},\"wordCount\":724,\"commentCount\":0,\"publisher\":{\"@id\":\"https:\\\/\\\/continuamosmx.com\\\/#organization\"},\"image\":{\"@id\":\"https:\\\/\\\/continuamosmx.com\\\/index.php\\\/2023\\\/06\\\/09\\\/confirmado-nueva-alianza-pierde-su-registro-en-edomex\\\/#primaryimage\"},\"thumbnailUrl\":\"https:\\\/\\\/continuamosmx.com\\\/wp-content\\\/uploads\\\/2023\\\/06\\\/mario.jpg\",\"articleSection\":[\"EDOMEX\",\"POL\u00cdTICA\"],\"inLanguage\":\"es\"},{\"@type\":\"WebPage\",\"@id\":\"https:\\\/\\\/continuamosmx.com\\\/index.php\\\/2023\\\/06\\\/09\\\/confirmado-nueva-alianza-pierde-su-registro-en-edomex\\\/\",\"url\":\"https:\\\/\\\/continuamosmx.com\\\/index.php\\\/2023\\\/06\\\/09\\\/confirmado-nueva-alianza-pierde-su-registro-en-edomex\\\/\",\"name\":\"*CONFIRMADO: NUEVA ALIANZA PIERDE SU REGISTRO EN EDOMEX -\",\"isPartOf\":{\"@id\":\"https:\\\/\\\/continuamosmx.com\\\/#website\"},\"primaryImageOfPage\":{\"@id\":\"https:\\\/\\\/continuamosmx.com\\\/index.php\\\/2023\\\/06\\\/09\\\/confirmado-nueva-alianza-pierde-su-registro-en-edomex\\\/#primaryimage\"},\"image\":{\"@id\":\"https:\\\/\\\/continuamosmx.com\\\/index.php\\\/2023\\\/06\\\/09\\\/confirmado-nueva-alianza-pierde-su-registro-en-edomex\\\/#primaryimage\"},\"thumbnailUrl\":\"https:\\\/\\\/continuamosmx.com\\\/wp-content\\\/uploads\\\/2023\\\/06\\\/mario.jpg\",\"datePublished\":\"2023-06-09T15:40:38+00:00\",\"dateModified\":\"2023-06-09T15:40:39+00:00\",\"breadcrumb\":{\"@id\":\"https:\\\/\\\/continuamosmx.com\\\/index.php\\\/2023\\\/06\\\/09\\\/confirmado-nueva-alianza-pierde-su-registro-en-edomex\\\/#breadcrumb\"},\"inLanguage\":\"es\",\"potentialAction\":[{\"@type\":\"ReadAction\",\"target\":[\"https:\\\/\\\/continuamosmx.com\\\/index.php\\\/2023\\\/06\\\/09\\\/confirmado-nueva-alianza-pierde-su-registro-en-edomex\\\/\"]}]},{\"@type\":\"ImageObject\",\"inLanguage\":\"es\",\"@id\":\"https:\\\/\\\/continuamosmx.com\\\/index.php\\\/2023\\\/06\\\/09\\\/confirmado-nueva-alianza-pierde-su-registro-en-edomex\\\/#primaryimage\",\"url\":\"https:\\\/\\\/continuamosmx.com\\\/wp-content\\\/uploads\\\/2023\\\/06\\\/mario.jpg\",\"contentUrl\":\"https:\\\/\\\/continuamosmx.com\\\/wp-content\\\/uploads\\\/2023\\\/06\\\/mario.jpg\",\"width\":1024,\"height\":647},{\"@type\":\"BreadcrumbList\",\"@id\":\"https:\\\/\\\/continuamosmx.com\\\/index.php\\\/2023\\\/06\\\/09\\\/confirmado-nueva-alianza-pierde-su-registro-en-edomex\\\/#breadcrumb\",\"itemListElement\":[{\"@type\":\"ListItem\",\"position\":1,\"name\":\"Inicio\",\"item\":\"https:\\\/\\\/continuamosmx.com\\\/\"},{\"@type\":\"ListItem\",\"position\":2,\"name\":\"*CONFIRMADO: NUEVA ALIANZA PIERDE SU REGISTRO EN EDOMEX\"}]},{\"@type\":\"WebSite\",\"@id\":\"https:\\\/\\\/continuamosmx.com\\\/#website\",\"url\":\"https:\\\/\\\/continuamosmx.com\\\/\",\"name\":\"www.continuamosmx.com\",\"description\":\"\",\"publisher\":{\"@id\":\"https:\\\/\\\/continuamosmx.com\\\/#organization\"},\"potentialAction\":[{\"@type\":\"SearchAction\",\"target\":{\"@type\":\"EntryPoint\",\"urlTemplate\":\"https:\\\/\\\/continuamosmx.com\\\/?s={search_term_string}\"},\"query-input\":{\"@type\":\"PropertyValueSpecification\",\"valueRequired\":true,\"valueName\":\"search_term_string\"}}],\"inLanguage\":\"es\"},{\"@type\":\"Organization\",\"@id\":\"https:\\\/\\\/continuamosmx.com\\\/#organization\",\"name\":\"ContinuamosMX\",\"url\":\"https:\\\/\\\/continuamosmx.com\\\/\",\"logo\":{\"@type\":\"ImageObject\",\"inLanguage\":\"es\",\"@id\":\"https:\\\/\\\/continuamosmx.com\\\/#\\\/schema\\\/logo\\\/image\\\/\",\"url\":\"https:\\\/\\\/continuamosmx.com\\\/wp-content\\\/uploads\\\/2023\\\/04\\\/cropped-LOGO-CONTI-NUEVO.png\",\"contentUrl\":\"https:\\\/\\\/continuamosmx.com\\\/wp-content\\\/uploads\\\/2023\\\/04\\\/cropped-LOGO-CONTI-NUEVO.png\",\"width\":1257,\"height\":430,\"caption\":\"ContinuamosMX\"},\"image\":{\"@id\":\"https:\\\/\\\/continuamosmx.com\\\/#\\\/schema\\\/logo\\\/image\\\/\"}},{\"@type\":\"Person\",\"@id\":\"https:\\\/\\\/continuamosmx.com\\\/#\\\/schema\\\/person\\\/5eb5356acb1fad784da407d14f0e8d89\",\"name\":\"Continuamos MX\",\"image\":{\"@type\":\"ImageObject\",\"inLanguage\":\"es\",\"@id\":\"https:\\\/\\\/secure.gravatar.com\\\/avatar\\\/30d4f9723476a15f4da34d35fb3501f08d2357016c76051c6a85c354c7489589?s=96&d=mm&r=g\",\"url\":\"https:\\\/\\\/secure.gravatar.com\\\/avatar\\\/30d4f9723476a15f4da34d35fb3501f08d2357016c76051c6a85c354c7489589?s=96&d=mm&r=g\",\"contentUrl\":\"https:\\\/\\\/secure.gravatar.com\\\/avatar\\\/30d4f9723476a15f4da34d35fb3501f08d2357016c76051c6a85c354c7489589?s=96&d=mm&r=g\",\"caption\":\"Continuamos MX\"},\"sameAs\":[\"http:\\\/\\\/www.continuamos.mx\"],\"url\":\"https:\\\/\\\/continuamosmx.com\\\/index.php\\\/author\\\/continuamos\\\/\"}]}<\/script>\n<!-- \/ Yoast SEO plugin. -->","yoast_head_json":{"title":"*CONFIRMADO: NUEVA ALIANZA PIERDE SU REGISTRO EN EDOMEX -","robots":{"index":"index","follow":"follow","max-snippet":"max-snippet:-1","max-image-preview":"max-image-preview:large","max-video-preview":"max-video-preview:-1"},"canonical":"https:\/\/continuamosmx.com\/index.php\/2023\/06\/09\/confirmado-nueva-alianza-pierde-su-registro-en-edomex\/","og_locale":"es_ES","og_type":"article","og_title":"*CONFIRMADO: NUEVA ALIANZA PIERDE SU REGISTRO EN EDOMEX -","og_description":"REDACCI\u00d3N EDOM\u00c9X.- El d\u00eda de ayer concluyeron los c\u00f3mputos distritales de la elecci\u00f3n del pasado 4 de junio, confirmando una holgada victoria de la maestra Delfina G\u00f3mez, quien ser\u00e1 la pr\u00f3xima Gobernadora del Estado de M\u00e9xico, la primera mujer en encabezar el poder ejecutivo estatal y quien logr\u00f3 la alternancia despu\u00e9s de casi 100 a\u00f1os [&hellip;]","og_url":"https:\/\/continuamosmx.com\/index.php\/2023\/06\/09\/confirmado-nueva-alianza-pierde-su-registro-en-edomex\/","article_published_time":"2023-06-09T15:40:38+00:00","article_modified_time":"2023-06-09T15:40:39+00:00","og_image":[{"width":1024,"height":647,"url":"https:\/\/continuamosmx.com\/wp-content\/uploads\/2023\/06\/mario.jpg","type":"image\/jpeg"}],"author":"Continuamos MX","twitter_card":"summary_large_image","twitter_misc":{"Escrito por":"Continuamos MX","Tiempo de lectura":"3 minutos"},"schema":{"@context":"https:\/\/schema.org","@graph":[{"@type":"Article","@id":"https:\/\/continuamosmx.com\/index.php\/2023\/06\/09\/confirmado-nueva-alianza-pierde-su-registro-en-edomex\/#article","isPartOf":{"@id":"https:\/\/continuamosmx.com\/index.php\/2023\/06\/09\/confirmado-nueva-alianza-pierde-su-registro-en-edomex\/"},"author":{"name":"Continuamos MX","@id":"https:\/\/continuamosmx.com\/#\/schema\/person\/5eb5356acb1fad784da407d14f0e8d89"},"headline":"*CONFIRMADO: NUEVA ALIANZA PIERDE SU REGISTRO EN EDOMEX","datePublished":"2023-06-09T15:40:38+00:00","dateModified":"2023-06-09T15:40:39+00:00","mainEntityOfPage":{"@id":"https:\/\/continuamosmx.com\/index.php\/2023\/06\/09\/confirmado-nueva-alianza-pierde-su-registro-en-edomex\/"},"wordCount":724,"commentCount":0,"publisher":{"@id":"https:\/\/continuamosmx.com\/#organization"},"image":{"@id":"https:\/\/continuamosmx.com\/index.php\/2023\/06\/09\/confirmado-nueva-alianza-pierde-su-registro-en-edomex\/#primaryimage"},"thumbnailUrl":"https:\/\/continuamosmx.com\/wp-content\/uploads\/2023\/06\/mario.jpg","articleSection":["EDOMEX","POL\u00cdTICA"],"inLanguage":"es"},{"@type":"WebPage","@id":"https:\/\/continuamosmx.com\/index.php\/2023\/06\/09\/confirmado-nueva-alianza-pierde-su-registro-en-edomex\/","url":"https:\/\/continuamosmx.com\/index.php\/2023\/06\/09\/confirmado-nueva-alianza-pierde-su-registro-en-edomex\/","name":"*CONFIRMADO: NUEVA ALIANZA PIERDE SU REGISTRO EN EDOMEX -","isPartOf":{"@id":"https:\/\/continuamosmx.com\/#website"},"primaryImageOfPage":{"@id":"https:\/\/continuamosmx.com\/index.php\/2023\/06\/09\/confirmado-nueva-alianza-pierde-su-registro-en-edomex\/#primaryimage"},"image":{"@id":"https:\/\/continuamosmx.com\/index.php\/2023\/06\/09\/confirmado-nueva-alianza-pierde-su-registro-en-edomex\/#primaryimage"},"thumbnailUrl":"https:\/\/continuamosmx.com\/wp-content\/uploads\/2023\/06\/mario.jpg","datePublished":"2023-06-09T15:40:38+00:00","dateModified":"2023-06-09T15:40:39+00:00","breadcrumb":{"@id":"https:\/\/continuamosmx.com\/index.php\/2023\/06\/09\/confirmado-nueva-alianza-pierde-su-registro-en-edomex\/#breadcrumb"},"inLanguage":"es","potentialAction":[{"@type":"ReadAction","target":["https:\/\/continuamosmx.com\/index.php\/2023\/06\/09\/confirmado-nueva-alianza-pierde-su-registro-en-edomex\/"]}]},{"@type":"ImageObject","inLanguage":"es","@id":"https:\/\/continuamosmx.com\/index.php\/2023\/06\/09\/confirmado-nueva-alianza-pierde-su-registro-en-edomex\/#primaryimage","url":"https:\/\/continuamosmx.com\/wp-content\/uploads\/2023\/06\/mario.jpg","contentUrl":"https:\/\/continuamosmx.com\/wp-content\/uploads\/2023\/06\/mario.jpg","width":1024,"height":647},{"@type":"BreadcrumbList","@id":"https:\/\/continuamosmx.com\/index.php\/2023\/06\/09\/confirmado-nueva-alianza-pierde-su-registro-en-edomex\/#breadcrumb","itemListElement":[{"@type":"ListItem","position":1,"name":"Inicio","item":"https:\/\/continuamosmx.com\/"},{"@type":"ListItem","position":2,"name":"*CONFIRMADO: NUEVA ALIANZA PIERDE SU REGISTRO EN EDOMEX"}]},{"@type":"WebSite","@id":"https:\/\/continuamosmx.com\/#website","url":"https:\/\/continuamosmx.com\/","name":"www.continuamosmx.com","description":"","publisher":{"@id":"https:\/\/continuamosmx.com\/#organization"},"potentialAction":[{"@type":"SearchAction","target":{"@type":"EntryPoint","urlTemplate":"https:\/\/continuamosmx.com\/?s={search_term_string}"},"query-input":{"@type":"PropertyValueSpecification","valueRequired":true,"valueName":"search_term_string"}}],"inLanguage":"es"},{"@type":"Organization","@id":"https:\/\/continuamosmx.com\/#organization","name":"ContinuamosMX","url":"https:\/\/continuamosmx.com\/","logo":{"@type":"ImageObject","inLanguage":"es","@id":"https:\/\/continuamosmx.com\/#\/schema\/logo\/image\/","url":"https:\/\/continuamosmx.com\/wp-content\/uploads\/2023\/04\/cropped-LOGO-CONTI-NUEVO.png","contentUrl":"https:\/\/continuamosmx.com\/wp-content\/uploads\/2023\/04\/cropped-LOGO-CONTI-NUEVO.png","width":1257,"height":430,"caption":"ContinuamosMX"},"image":{"@id":"https:\/\/continuamosmx.com\/#\/schema\/logo\/image\/"}},{"@type":"Person","@id":"https:\/\/continuamosmx.com\/#\/schema\/person\/5eb5356acb1fad784da407d14f0e8d89","name":"Continuamos MX","image":{"@type":"ImageObject","inLanguage":"es","@id":"https:\/\/secure.gravatar.com\/avatar\/30d4f9723476a15f4da34d35fb3501f08d2357016c76051c6a85c354c7489589?s=96&d=mm&r=g","url":"https:\/\/secure.gravatar.com\/avatar\/30d4f9723476a15f4da34d35fb3501f08d2357016c76051c6a85c354c7489589?s=96&d=mm&r=g","contentUrl":"https:\/\/secure.gravatar.com\/avatar\/30d4f9723476a15f4da34d35fb3501f08d2357016c76051c6a85c354c7489589?s=96&d=mm&r=g","caption":"Continuamos MX"},"sameAs":["http:\/\/www.continuamos.mx"],"url":"https:\/\/continuamosmx.com\/index.php\/author\/continuamos\/"}]}},"_links":{"self":[{"href":"https:\/\/continuamosmx.com\/index.php\/wp-json\/wp\/v2\/posts\/43873","targetHints":{"allow":["GET"]}}],"collection":[{"href":"https:\/\/continuamosmx.com\/index.php\/wp-json\/wp\/v2\/posts"}],"about":[{"href":"https:\/\/continuamosmx.com\/index.php\/wp-json\/wp\/v2\/types\/post"}],"author":[{"embeddable":true,"href":"https:\/\/continuamosmx.com\/index.php\/wp-json\/wp\/v2\/users\/6"}],"replies":[{"embeddable":true,"href":"https:\/\/continuamosmx.com\/index.php\/wp-json\/wp\/v2\/comments?post=43873"}],"version-history":[{"count":1,"href":"https:\/\/continuamosmx.com\/index.php\/wp-json\/wp\/v2\/posts\/43873\/revisions"}],"predecessor-version":[{"id":43875,"href":"https:\/\/continuamosmx.com\/index.php\/wp-json\/wp\/v2\/posts\/43873\/revisions\/43875"}],"wp:featuredmedia":[{"embeddable":true,"href":"https:\/\/continuamosmx.com\/index.php\/wp-json\/wp\/v2\/media\/43874"}],"wp:attachment":[{"href":"https:\/\/continuamosmx.com\/index.php\/wp-json\/wp\/v2\/media?parent=43873"}],"wp:term":[{"taxonomy":"category","embeddable":true,"href":"https:\/\/continuamosmx.com\/index.php\/wp-json\/wp\/v2\/categories?post=43873"},{"taxonomy":"post_tag","embeddable":true,"href":"https:\/\/continuamosmx.com\/index.php\/wp-json\/wp\/v2\/tags?post=43873"}],"curies":[{"name":"wp","href":"https:\/\/api.w.org\/{rel}","templated":true}]}}