{"id":43859,"date":"2023-06-09T04:43:42","date_gmt":"2023-06-09T04:43:42","guid":{"rendered":"https:\/\/continuamosmx.com\/?p=43859"},"modified":"2023-06-09T04:43:44","modified_gmt":"2023-06-09T04:43:44","slug":"omar-tapia-informa-8","status":"publish","type":"post","link":"https:\/\/continuamosmx.com\/index.php\/2023\/06\/09\/omar-tapia-informa-8\/","title":{"rendered":"OMAR TAPIA INFORMA"},"content":{"rendered":"\n<p>\u201cFelicidades Delfina\u201d, as\u00ed de igualados y zalameros los de las unidades de IZGASA en Cuautitl\u00e1n Izcalli, que ya no nos extra\u00f1a, pero lo menciono como referencia de lo que continuar\u00e1 y puede empeorarse en nuestro municipio; asunto que debemos aceptar porque as\u00ed lo decidi\u00f3 la MAYOR\u00cdA de la minor\u00eda que VOT\u00d3 el domingo pasado en la elecci\u00f3n del Estado de M\u00e9xico.<\/p>\n\n\n\n<p>&nbsp;&nbsp;&nbsp;&nbsp;&nbsp;&nbsp;&nbsp;&nbsp;&nbsp;&nbsp;&nbsp; Nada m\u00e1s que alegar a este respecto, el resultado ya est\u00e1 dicho y avalado por el Instituto Electoral del Estado de M\u00e9xico, gan\u00f3 la PEOR candidata y eso lo vamos a ir viendo en los pr\u00f3ximos 6 a\u00f1os; \u201cNADIEN\u201d de los que quer\u00edamos que triunfara Alejandra del Moral vamos a hacer panchos o a declararla \u201cGobernadora Leg\u00edtima\u201d, porque sabemos claramente que esas son mama\u2026rrachadas que s\u00f3lo hace YSQ. Ac\u00e1 est\u00e1 todo en orden y algo que s\u00ed me parece digno de destacarse es que el domingo a eso de las 9 de la noche, Alejandra haya salido a reconocer el triunfo de \u201cla maestra\u201d y adem\u00e1s desearle buena suerte en su encargo; y cobra relevancia este acto, porque si ustedes recuerdan, la misma se\u00f1ora que ahora gan\u00f3, PERDI\u00d3 hace 6 a\u00f1os contra Alfredo del Mazo y todav\u00eda hasta esta vez que anduvo en campa\u00f1a, \u201csosten\u00eda\u201d que \u201cle hab\u00edan ROBADO la elecci\u00f3n\u201d, muestra clara de d\u00f3nde viene o a qui\u00e9n emula.<\/p>\n\n\n\n<p>&nbsp;&nbsp;&nbsp;&nbsp;&nbsp;&nbsp;&nbsp;&nbsp;&nbsp;&nbsp;&nbsp; Aparte de su discurso en vivo el domingo pasado, apenas antier mi\u00e9rcoles uno de los tweets que public\u00f3 Del Moral Vela dec\u00eda: \u201cLuchamos la m\u00e1s grande de las batallas y no puedo estar m\u00e1s satisfecha de haber dejado mi coraz\u00f3n y la piel al lado de los mexiquenses m\u00e1s leales, m\u00e1s aguerridos, m\u00e1s VALIENTES. Soy una dem\u00f3crata, soy una convencida de que s\u00f3lo respetando la ley y el estado de derecho se puede avanzar. Nos toca hacer un an\u00e1lisis puntual de qu\u00e9 necesitamos proponer a la ciudadan\u00eda para que se involucre, para que participe, para que seamos una opci\u00f3n de cambio con rumbo, en quien pueda recaer y proyectar sus sue\u00f1os y objetivos\u201d. Yo nunca me llev\u00e9 bien con Alejandra cuando fue Presidenta municipal, pero reconozco en ella el grado de superaci\u00f3n personal, acad\u00e9mica y de trabajo que ha alcanzado siendo la \u00fanica IZCALLENSE que ha llegado a esos niveles y el trancazo que debi\u00f3 haber sido esta derrota causada por distintos factores, pero no por su falta de entrega y pasi\u00f3n puesta en este encargo. La vitalidad y las ganas de triunfar se le notaban sin lugar a dudas, a diferencia de la otra que con trabajos la dejaban hablar. &nbsp;<\/p>\n\n\n\n<p>&nbsp;&nbsp;&nbsp;&nbsp;&nbsp;&nbsp;&nbsp;&nbsp;&nbsp;&nbsp;&nbsp; Creo que por eso, esta derrota y su manera de afrontarla me recordaron dos cosas: primero a su PAP\u00c1, cuando perdi\u00f3 la posibilidad de ser Presidente municipal de Cuautitl\u00e1n Izcalli, d\u00edas despu\u00e9s yo lo vi en su oficina del hospital San Rafael y me dijo: \u201cPor algo suceden las cosas, Omar. Dios no quiso que as\u00ed fueran y por algo ser\u00e1\u201d; y el otro recuerdo que ve vino a la memoria fue el de Raymundo Guzm\u00e1n Corrovi\u00f1as, quien luego de perder tambi\u00e9n la Presidencia municipal en contra de \u00a1\u00a1Ricardo N\u00fa\u00f1ez!! (imag\u00ednense ustedes la diferencia), estando en la cabina de RADIO CAPITAL me dijo: \u201cEstoy terriblemente decepcionado, porque le presentas a los ciudadanos un proyecto bien estructurado, con la mejor preparaci\u00f3n posible en todos los \u00e1mbitos y no s\u00f3lo NO son capaces de valorarlo, sino que votan por la peor opci\u00f3n. Simplemente no lo entiendo\u201d.&nbsp;<\/p>\n\n\n\n<p>&nbsp;&nbsp;&nbsp;&nbsp;&nbsp;&nbsp;&nbsp;&nbsp;&nbsp;&nbsp;&nbsp; Con Delfina G\u00f3mez llega la mentada \u201ccuarta transformaci\u00f3n\u201d a nuestro estado, con una mujer IGNORANTE que es una \u201cRicardita N\u00fa\u00f1ez\u201d en potencia (con mucho m\u00e1s poder, desde luego) y quienes vivimos en Izcalli ya sabemos c\u00f3mo nos fue con ese sujeto apenas el trienio pasado. &nbsp;&nbsp;&nbsp;&nbsp;&nbsp;<\/p>\n\n\n\n<p>&nbsp;&nbsp;&nbsp;&nbsp;&nbsp;&nbsp;&nbsp;&nbsp;&nbsp;&nbsp;&nbsp; Sin embargo, lo verdaderamente \u201cpreocupante\u201d de esta elecci\u00f3n es que -una vez m\u00e1s- pasa como de noche y a pesar de tanto GASTO y trabajo de los involucrados, OTRA VEZ el ABSTENCIONISMO vuelve a hacer de las suyas y con todo el \u201carrastre\u201d que dice tener Morena, el porcentaje de participaci\u00f3n (de quienes salimos a VOTAR), se qued\u00f3 en un 50%, bajando incluso 3 puntos de la registrada hace 6 a\u00f1os. Las cosas no pintan nada bien para ning\u00fan Partido, pero tampoco para Morena que se piensa cuentan con el arrastre de las masas, aunque los datos muestran que en tan s\u00f3lo seis a\u00f1os, ya han perdido su fuerza. Siguen ganando espacios, pero con el voto de una MINOR\u00cdA. Y sin embargo, curiosamente, el PRI mantuvo el mismo n\u00famero de votos que en la elecci\u00f3n del 2017. Para quienes dicen que est\u00e1 a punto de desaparecer, eso no es cierto y ah\u00ed est\u00e1n los n\u00fameros que no mienten.<\/p>\n\n\n\n<p>&nbsp;&nbsp;&nbsp;&nbsp;&nbsp;&nbsp;&nbsp;&nbsp;&nbsp;&nbsp;&nbsp; Pero independientemente de esos \u201cdetalles\u201d, sigue siendo inentendible el valemadrismo de much\u00edsimos ciudadanos que alegando que \u201ctodos son iguales\u201d, no salen a VOTAR para hacer valer ese derecho que, insisto, tanto trabajo y dinero nos ha costado. Y luego de pasada esta contienda, sabemos que se inici\u00f3 ya la del a\u00f1o que entra donde nuevamente estaremos viviendo un proceso parecido pero elevado al cubo, porque habr\u00e1 much\u00edsimos puestos de ELECCI\u00d3N POPULAR que estar\u00e1n en juego, esperando al menos que por ser tantos, la participaci\u00f3n de los valemadristas disminuya un poco y nos fijemos en lo que mejor nos convenga, que creo que es lo \u00faltimo en lo que meditamos.<\/p>\n\n\n\n<p>&nbsp;&nbsp;&nbsp;&nbsp;&nbsp;&nbsp;&nbsp;&nbsp;&nbsp;&nbsp;&nbsp; Y ya para concluir con este tema, ojal\u00e1 que la pr\u00f3xima gobernadora y todos sus seguidores que se \u201cindignaron\u201d tanto con esa nota que sali\u00f3 unos d\u00edas antes de la elecci\u00f3n, donde supuestamente se ACUSABA un FRAUDE por 5 MIL millones de pesos cometido por el todav\u00eda gobernador Alfredo del Mazo y Alejandra del Moral en la \u00e9poca en la que fue Secretaria de Desarrollo Social en el Estado de M\u00e9xico, que se los comprueben y si resultan culpables que los metan al bote. Porque es muy bueno andar de hocicones nadam\u00e1s en CAMPA\u00d1A y luego ni se acuerden del tema, o que ya no le den continuidad porque desde un principio sab\u00edan que es totalmente FALSO. Ah\u00ed queda ese pendiente, Delfina G\u00f3mez tendr\u00e1 la posibilidad de pedir una investigaci\u00f3n seria al respecto y su bola de seguidores de exig\u00edrsela para que no quede impune; como el caso de ella, quien s\u00ed tiene una SENTENCIA por el tema de los diezmos de Texcoco y aparte de no castigarla, la premiaron con esta candidatura, le brindaron TODO el apoyo del estado mexicano y la hicieron ganar, sin importarles que sea una probada DELINCUENTE ELECTORAL.<\/p>\n\n\n\n<p>&nbsp;&nbsp;&nbsp;&nbsp;&nbsp;&nbsp;&nbsp;&nbsp;&nbsp;&nbsp;&nbsp; Cambiando de tema, porque aunque lo anterior afectar\u00e1 a TODO el Estado de M\u00e9xico, para bien o para mal, todav\u00eda faltan 3 meses para que asuma el cargo, pero mientras tanto AQU\u00cd a nivel municipal la vida se reactiva despu\u00e9s del proceso electoral que PROHIB\u00cdA hacer muchas cosas (aunque el mismo Presidente de la rep\u00fablica violaba esas RESTRICCIONES una y otra vez, sin que le hagan nada), pero ac\u00e1 en Izcalli, mucho m\u00e1s conscientes de las Leyes Electorales, s\u00ed se detuvieron muchas cosas que desde el lunes de esta semana se han puesto a andar, sobre todo porque tienen mucho que ver con el 50 ANIVERSARIO de nuestro municipio que se celebran en este mes de JUNIO.<\/p>\n\n\n\n<p>&nbsp;&nbsp;&nbsp;&nbsp;&nbsp;&nbsp;&nbsp;&nbsp;&nbsp;&nbsp;&nbsp; En primer lugar, el gobierno encabezado por KARLA FIESCO ya anunci\u00f3 que luego de haberse suspendido el FESTIVAL del \u201cD\u00eda del Ni\u00f1o\u201d, precisamente por la veda electoral, se reprogram\u00f3 y se llevar\u00e1 a cabo el pr\u00f3ximo VIERNES 17 y S\u00c1BADO 18 de junio, que es justo la semana que entra, con esto que se llama \u201cLa Ciudad del Futuro 2.0\u201d, que se instalar\u00e1 en la explanada del Palacio municipal desde las 10 de la ma\u00f1ana y hasta las 6 de la tarde en ambos d\u00edas, con muchas actividades para las ni\u00f1as y ni\u00f1os de Izcalli, con zona de inflables, juegos mec\u00e1nicos, sorpresas organizadas por las diferentes Direcciones de la Administraci\u00f3n, comida y hasta un circo. Y quiz\u00e1 lo m\u00e1s importante ser\u00e1 que todo esto es SIN COSTO, as\u00ed es de que podr\u00e1n pasar uno o esos dos d\u00edas en familia recordando el D\u00eda del Ni\u00f1o, pero ya como parte de los FESTEJOS por nuestro 50 ANIVERSARIO. Por all\u00e1 nos saludamos.<\/p>\n\n\n\n<p>&nbsp;&nbsp;&nbsp;&nbsp;&nbsp;&nbsp;&nbsp;&nbsp;&nbsp;&nbsp;&nbsp; Luego, tambi\u00e9n el lunes de esta semana fue publicada la CONVOCATORIA para los \u201cPREMIOS JUVENTUD Cuautitl\u00e1n Izcalli 2023\u201d en su segunda edici\u00f3n, en la que se premiar\u00e1 con VEINTE MIL PESOS a los ganadores de las 6 modalidades que son: \u201cTrayectoria Acad\u00e9mica\u201d, \u201cJ\u00f3venes Emprendedores\u201d, \u201cTrayectoria Art\u00edstica y Cultural\u201d \u201cSuperaci\u00f3n de J\u00f3venes con Discapacidad\u201d, Labor Social\u201d y \u201cM\u00e9rito Deportivo\u201d. Se pueden auto postular o inscribir a alg\u00fan amigo, vecino, familiar o conocido que crean sea merecedor de un reconocimiento como \u00e9ste, que est\u00e9 entre los 12 y 29 a\u00f1os de edad. La fecha l\u00edmite para inscribirse es el 4 de JULIO y pueden hacerlo a trav\u00e9s de la p\u00e1gina htt\u00b4:\/\/<a href=\"http:\/\/cuautitlanizcalli.gob.mx\/premios-juventud-2023\" target=\"_blank\" rel=\"noreferrer noopener\">cuautitlanizcalli.gob.mx\/premios-juventud-2023<\/a>&nbsp;o tambi\u00e9n de manera presencial acudiendo a la oficina del Instituto Municipal de la Juventud, que estar\u00e1 todav\u00eda unos d\u00edas junto al DIF de Espejo de los Lirios y al final de este mes, ya se cambiar\u00e1n hacia sus nuevas instalaciones en la \u201cCiudad Futuro\u201d localizada sobre Avenida del Jacal, frente al TESCI o a un costado del estadio Hugo S\u00e1nchez, ambas referencias muy conocidas.<\/p>\n\n\n\n<p>&nbsp;&nbsp;&nbsp;&nbsp;&nbsp;&nbsp;&nbsp;&nbsp;&nbsp;&nbsp;&nbsp; Pero est\u00e9n pendientes de las redes sociales, tanto del Ayuntamiento, mis compa\u00f1eros con portales de noticias y el m\u00edo desde luego (Omar Tapia Informa), para irnos enterando de lo que vayan anunciado para festejar en torno al 24 de junio, ANIVERSARIO n\u00famero 50 del municipio m\u00e1s bonito del Estado de M\u00e9xico: Cuautitl\u00e1n Izcalli.<\/p>\n\n\n\n<p>MUCHAS GRACIAS.<\/p>\n\n\n\n<p>P.D Ojal\u00e1 todos podamos dar seguimiento a lo que resulte de la INVESTIGACI\u00d3N de Pamela Cerdeira sobre las DONACIONES que se hicieron cuando el TERREMOTO de Turqu\u00eda, que fueron a parar a bodegas del gobierno de la CDMX. Qu\u00e9 esc\u00e1ndalo y qu\u00e9 poca madre de las AUTORIDADES involucradas, si esto resulta cierto. &nbsp;&nbsp;&nbsp;&nbsp;&nbsp;&nbsp;&nbsp;&nbsp;&nbsp;<\/p>\n","protected":false},"excerpt":{"rendered":"<p>\u201cFelicidades Delfina\u201d, as\u00ed de igualados y zalameros los de las unidades de IZGASA en Cuautitl\u00e1n Izcalli, que ya no nos extra\u00f1a, pero lo menciono como referencia de lo que continuar\u00e1 y puede empeorarse en nuestro municipio; asunto que debemos aceptar porque as\u00ed lo decidi\u00f3 la MAYOR\u00cdA de la minor\u00eda que VOT\u00d3 el domingo pasado en [&hellip;]<\/p>\n","protected":false},"author":6,"featured_media":12739,"comment_status":"open","ping_status":"open","sticky":false,"template":"","format":"standard","meta":{"footnotes":""},"categories":[10,9],"tags":[],"class_list":["post-43859","post","type-post","status-publish","format-standard","has-post-thumbnail","hentry","category-articulo-de-contenido","category-columnas"],"yoast_head":"<!-- This site is optimized with the Yoast SEO plugin v27.5 - https:\/\/yoast.com\/product\/yoast-seo-wordpress\/ -->\n<title>OMAR TAPIA INFORMA -<\/title>\n<meta name=\"robots\" content=\"index, follow, max-snippet:-1, max-image-preview:large, max-video-preview:-1\" \/>\n<link rel=\"canonical\" href=\"https:\/\/continuamosmx.com\/index.php\/2023\/06\/09\/omar-tapia-informa-8\/\" \/>\n<meta property=\"og:locale\" content=\"es_ES\" \/>\n<meta property=\"og:type\" content=\"article\" \/>\n<meta property=\"og:title\" content=\"OMAR TAPIA INFORMA -\" \/>\n<meta property=\"og:description\" content=\"\u201cFelicidades Delfina\u201d, as\u00ed de igualados y zalameros los de las unidades de IZGASA en Cuautitl\u00e1n Izcalli, que ya no nos extra\u00f1a, pero lo menciono como referencia de lo que continuar\u00e1 y puede empeorarse en nuestro municipio; asunto que debemos aceptar porque as\u00ed lo decidi\u00f3 la MAYOR\u00cdA de la minor\u00eda que VOT\u00d3 el domingo pasado en [&hellip;]\" \/>\n<meta property=\"og:url\" content=\"https:\/\/continuamosmx.com\/index.php\/2023\/06\/09\/omar-tapia-informa-8\/\" \/>\n<meta property=\"article:published_time\" content=\"2023-06-09T04:43:42+00:00\" \/>\n<meta property=\"article:modified_time\" content=\"2023-06-09T04:43:44+00:00\" \/>\n<meta property=\"og:image\" content=\"https:\/\/continuamosmx.com\/wp-content\/uploads\/2021\/02\/OMAR-OK.png\" \/>\n\t<meta property=\"og:image:width\" content=\"2051\" \/>\n\t<meta property=\"og:image:height\" content=\"1155\" \/>\n\t<meta property=\"og:image:type\" content=\"image\/png\" \/>\n<meta name=\"author\" content=\"Continuamos MX\" \/>\n<meta name=\"twitter:card\" content=\"summary_large_image\" \/>\n<meta name=\"twitter:label1\" content=\"Escrito por\" \/>\n\t<meta name=\"twitter:data1\" content=\"Continuamos MX\" \/>\n\t<meta name=\"twitter:label2\" content=\"Tiempo de lectura\" \/>\n\t<meta name=\"twitter:data2\" content=\"8 minutos\" \/>\n<script type=\"application\/ld+json\" class=\"yoast-schema-graph\">{\"@context\":\"https:\\\/\\\/schema.org\",\"@graph\":[{\"@type\":\"Article\",\"@id\":\"https:\\\/\\\/continuamosmx.com\\\/index.php\\\/2023\\\/06\\\/09\\\/omar-tapia-informa-8\\\/#article\",\"isPartOf\":{\"@id\":\"https:\\\/\\\/continuamosmx.com\\\/index.php\\\/2023\\\/06\\\/09\\\/omar-tapia-informa-8\\\/\"},\"author\":{\"name\":\"Continuamos MX\",\"@id\":\"https:\\\/\\\/continuamosmx.com\\\/#\\\/schema\\\/person\\\/5eb5356acb1fad784da407d14f0e8d89\"},\"headline\":\"OMAR TAPIA INFORMA\",\"datePublished\":\"2023-06-09T04:43:42+00:00\",\"dateModified\":\"2023-06-09T04:43:44+00:00\",\"mainEntityOfPage\":{\"@id\":\"https:\\\/\\\/continuamosmx.com\\\/index.php\\\/2023\\\/06\\\/09\\\/omar-tapia-informa-8\\\/\"},\"wordCount\":1888,\"commentCount\":0,\"publisher\":{\"@id\":\"https:\\\/\\\/continuamosmx.com\\\/#organization\"},\"image\":{\"@id\":\"https:\\\/\\\/continuamosmx.com\\\/index.php\\\/2023\\\/06\\\/09\\\/omar-tapia-informa-8\\\/#primaryimage\"},\"thumbnailUrl\":\"https:\\\/\\\/continuamosmx.com\\\/wp-content\\\/uploads\\\/2021\\\/02\\\/OMAR-OK.png\",\"articleSection\":[\"ART\u00cdCULO DE CONTENIDO\",\"COLUMNAS\"],\"inLanguage\":\"es\"},{\"@type\":\"WebPage\",\"@id\":\"https:\\\/\\\/continuamosmx.com\\\/index.php\\\/2023\\\/06\\\/09\\\/omar-tapia-informa-8\\\/\",\"url\":\"https:\\\/\\\/continuamosmx.com\\\/index.php\\\/2023\\\/06\\\/09\\\/omar-tapia-informa-8\\\/\",\"name\":\"OMAR TAPIA INFORMA -\",\"isPartOf\":{\"@id\":\"https:\\\/\\\/continuamosmx.com\\\/#website\"},\"primaryImageOfPage\":{\"@id\":\"https:\\\/\\\/continuamosmx.com\\\/index.php\\\/2023\\\/06\\\/09\\\/omar-tapia-informa-8\\\/#primaryimage\"},\"image\":{\"@id\":\"https:\\\/\\\/continuamosmx.com\\\/index.php\\\/2023\\\/06\\\/09\\\/omar-tapia-informa-8\\\/#primaryimage\"},\"thumbnailUrl\":\"https:\\\/\\\/continuamosmx.com\\\/wp-content\\\/uploads\\\/2021\\\/02\\\/OMAR-OK.png\",\"datePublished\":\"2023-06-09T04:43:42+00:00\",\"dateModified\":\"2023-06-09T04:43:44+00:00\",\"breadcrumb\":{\"@id\":\"https:\\\/\\\/continuamosmx.com\\\/index.php\\\/2023\\\/06\\\/09\\\/omar-tapia-informa-8\\\/#breadcrumb\"},\"inLanguage\":\"es\",\"potentialAction\":[{\"@type\":\"ReadAction\",\"target\":[\"https:\\\/\\\/continuamosmx.com\\\/index.php\\\/2023\\\/06\\\/09\\\/omar-tapia-informa-8\\\/\"]}]},{\"@type\":\"ImageObject\",\"inLanguage\":\"es\",\"@id\":\"https:\\\/\\\/continuamosmx.com\\\/index.php\\\/2023\\\/06\\\/09\\\/omar-tapia-informa-8\\\/#primaryimage\",\"url\":\"https:\\\/\\\/continuamosmx.com\\\/wp-content\\\/uploads\\\/2021\\\/02\\\/OMAR-OK.png\",\"contentUrl\":\"https:\\\/\\\/continuamosmx.com\\\/wp-content\\\/uploads\\\/2021\\\/02\\\/OMAR-OK.png\",\"width\":2051,\"height\":1155},{\"@type\":\"BreadcrumbList\",\"@id\":\"https:\\\/\\\/continuamosmx.com\\\/index.php\\\/2023\\\/06\\\/09\\\/omar-tapia-informa-8\\\/#breadcrumb\",\"itemListElement\":[{\"@type\":\"ListItem\",\"position\":1,\"name\":\"Inicio\",\"item\":\"https:\\\/\\\/continuamosmx.com\\\/\"},{\"@type\":\"ListItem\",\"position\":2,\"name\":\"OMAR TAPIA INFORMA\"}]},{\"@type\":\"WebSite\",\"@id\":\"https:\\\/\\\/continuamosmx.com\\\/#website\",\"url\":\"https:\\\/\\\/continuamosmx.com\\\/\",\"name\":\"www.continuamosmx.com\",\"description\":\"\",\"publisher\":{\"@id\":\"https:\\\/\\\/continuamosmx.com\\\/#organization\"},\"potentialAction\":[{\"@type\":\"SearchAction\",\"target\":{\"@type\":\"EntryPoint\",\"urlTemplate\":\"https:\\\/\\\/continuamosmx.com\\\/?s={search_term_string}\"},\"query-input\":{\"@type\":\"PropertyValueSpecification\",\"valueRequired\":true,\"valueName\":\"search_term_string\"}}],\"inLanguage\":\"es\"},{\"@type\":\"Organization\",\"@id\":\"https:\\\/\\\/continuamosmx.com\\\/#organization\",\"name\":\"ContinuamosMX\",\"url\":\"https:\\\/\\\/continuamosmx.com\\\/\",\"logo\":{\"@type\":\"ImageObject\",\"inLanguage\":\"es\",\"@id\":\"https:\\\/\\\/continuamosmx.com\\\/#\\\/schema\\\/logo\\\/image\\\/\",\"url\":\"https:\\\/\\\/continuamosmx.com\\\/wp-content\\\/uploads\\\/2023\\\/04\\\/cropped-LOGO-CONTI-NUEVO.png\",\"contentUrl\":\"https:\\\/\\\/continuamosmx.com\\\/wp-content\\\/uploads\\\/2023\\\/04\\\/cropped-LOGO-CONTI-NUEVO.png\",\"width\":1257,\"height\":430,\"caption\":\"ContinuamosMX\"},\"image\":{\"@id\":\"https:\\\/\\\/continuamosmx.com\\\/#\\\/schema\\\/logo\\\/image\\\/\"}},{\"@type\":\"Person\",\"@id\":\"https:\\\/\\\/continuamosmx.com\\\/#\\\/schema\\\/person\\\/5eb5356acb1fad784da407d14f0e8d89\",\"name\":\"Continuamos MX\",\"image\":{\"@type\":\"ImageObject\",\"inLanguage\":\"es\",\"@id\":\"https:\\\/\\\/secure.gravatar.com\\\/avatar\\\/30d4f9723476a15f4da34d35fb3501f08d2357016c76051c6a85c354c7489589?s=96&d=mm&r=g\",\"url\":\"https:\\\/\\\/secure.gravatar.com\\\/avatar\\\/30d4f9723476a15f4da34d35fb3501f08d2357016c76051c6a85c354c7489589?s=96&d=mm&r=g\",\"contentUrl\":\"https:\\\/\\\/secure.gravatar.com\\\/avatar\\\/30d4f9723476a15f4da34d35fb3501f08d2357016c76051c6a85c354c7489589?s=96&d=mm&r=g\",\"caption\":\"Continuamos MX\"},\"sameAs\":[\"http:\\\/\\\/www.continuamos.mx\"],\"url\":\"https:\\\/\\\/continuamosmx.com\\\/index.php\\\/author\\\/continuamos\\\/\"}]}<\/script>\n<!-- \/ Yoast SEO plugin. -->","yoast_head_json":{"title":"OMAR TAPIA INFORMA -","robots":{"index":"index","follow":"follow","max-snippet":"max-snippet:-1","max-image-preview":"max-image-preview:large","max-video-preview":"max-video-preview:-1"},"canonical":"https:\/\/continuamosmx.com\/index.php\/2023\/06\/09\/omar-tapia-informa-8\/","og_locale":"es_ES","og_type":"article","og_title":"OMAR TAPIA INFORMA -","og_description":"\u201cFelicidades Delfina\u201d, as\u00ed de igualados y zalameros los de las unidades de IZGASA en Cuautitl\u00e1n Izcalli, que ya no nos extra\u00f1a, pero lo menciono como referencia de lo que continuar\u00e1 y puede empeorarse en nuestro municipio; asunto que debemos aceptar porque as\u00ed lo decidi\u00f3 la MAYOR\u00cdA de la minor\u00eda que VOT\u00d3 el domingo pasado en [&hellip;]","og_url":"https:\/\/continuamosmx.com\/index.php\/2023\/06\/09\/omar-tapia-informa-8\/","article_published_time":"2023-06-09T04:43:42+00:00","article_modified_time":"2023-06-09T04:43:44+00:00","og_image":[{"width":2051,"height":1155,"url":"https:\/\/continuamosmx.com\/wp-content\/uploads\/2021\/02\/OMAR-OK.png","type":"image\/png"}],"author":"Continuamos MX","twitter_card":"summary_large_image","twitter_misc":{"Escrito por":"Continuamos MX","Tiempo de lectura":"8 minutos"},"schema":{"@context":"https:\/\/schema.org","@graph":[{"@type":"Article","@id":"https:\/\/continuamosmx.com\/index.php\/2023\/06\/09\/omar-tapia-informa-8\/#article","isPartOf":{"@id":"https:\/\/continuamosmx.com\/index.php\/2023\/06\/09\/omar-tapia-informa-8\/"},"author":{"name":"Continuamos MX","@id":"https:\/\/continuamosmx.com\/#\/schema\/person\/5eb5356acb1fad784da407d14f0e8d89"},"headline":"OMAR TAPIA INFORMA","datePublished":"2023-06-09T04:43:42+00:00","dateModified":"2023-06-09T04:43:44+00:00","mainEntityOfPage":{"@id":"https:\/\/continuamosmx.com\/index.php\/2023\/06\/09\/omar-tapia-informa-8\/"},"wordCount":1888,"commentCount":0,"publisher":{"@id":"https:\/\/continuamosmx.com\/#organization"},"image":{"@id":"https:\/\/continuamosmx.com\/index.php\/2023\/06\/09\/omar-tapia-informa-8\/#primaryimage"},"thumbnailUrl":"https:\/\/continuamosmx.com\/wp-content\/uploads\/2021\/02\/OMAR-OK.png","articleSection":["ART\u00cdCULO DE CONTENIDO","COLUMNAS"],"inLanguage":"es"},{"@type":"WebPage","@id":"https:\/\/continuamosmx.com\/index.php\/2023\/06\/09\/omar-tapia-informa-8\/","url":"https:\/\/continuamosmx.com\/index.php\/2023\/06\/09\/omar-tapia-informa-8\/","name":"OMAR TAPIA INFORMA -","isPartOf":{"@id":"https:\/\/continuamosmx.com\/#website"},"primaryImageOfPage":{"@id":"https:\/\/continuamosmx.com\/index.php\/2023\/06\/09\/omar-tapia-informa-8\/#primaryimage"},"image":{"@id":"https:\/\/continuamosmx.com\/index.php\/2023\/06\/09\/omar-tapia-informa-8\/#primaryimage"},"thumbnailUrl":"https:\/\/continuamosmx.com\/wp-content\/uploads\/2021\/02\/OMAR-OK.png","datePublished":"2023-06-09T04:43:42+00:00","dateModified":"2023-06-09T04:43:44+00:00","breadcrumb":{"@id":"https:\/\/continuamosmx.com\/index.php\/2023\/06\/09\/omar-tapia-informa-8\/#breadcrumb"},"inLanguage":"es","potentialAction":[{"@type":"ReadAction","target":["https:\/\/continuamosmx.com\/index.php\/2023\/06\/09\/omar-tapia-informa-8\/"]}]},{"@type":"ImageObject","inLanguage":"es","@id":"https:\/\/continuamosmx.com\/index.php\/2023\/06\/09\/omar-tapia-informa-8\/#primaryimage","url":"https:\/\/continuamosmx.com\/wp-content\/uploads\/2021\/02\/OMAR-OK.png","contentUrl":"https:\/\/continuamosmx.com\/wp-content\/uploads\/2021\/02\/OMAR-OK.png","width":2051,"height":1155},{"@type":"BreadcrumbList","@id":"https:\/\/continuamosmx.com\/index.php\/2023\/06\/09\/omar-tapia-informa-8\/#breadcrumb","itemListElement":[{"@type":"ListItem","position":1,"name":"Inicio","item":"https:\/\/continuamosmx.com\/"},{"@type":"ListItem","position":2,"name":"OMAR TAPIA INFORMA"}]},{"@type":"WebSite","@id":"https:\/\/continuamosmx.com\/#website","url":"https:\/\/continuamosmx.com\/","name":"www.continuamosmx.com","description":"","publisher":{"@id":"https:\/\/continuamosmx.com\/#organization"},"potentialAction":[{"@type":"SearchAction","target":{"@type":"EntryPoint","urlTemplate":"https:\/\/continuamosmx.com\/?s={search_term_string}"},"query-input":{"@type":"PropertyValueSpecification","valueRequired":true,"valueName":"search_term_string"}}],"inLanguage":"es"},{"@type":"Organization","@id":"https:\/\/continuamosmx.com\/#organization","name":"ContinuamosMX","url":"https:\/\/continuamosmx.com\/","logo":{"@type":"ImageObject","inLanguage":"es","@id":"https:\/\/continuamosmx.com\/#\/schema\/logo\/image\/","url":"https:\/\/continuamosmx.com\/wp-content\/uploads\/2023\/04\/cropped-LOGO-CONTI-NUEVO.png","contentUrl":"https:\/\/continuamosmx.com\/wp-content\/uploads\/2023\/04\/cropped-LOGO-CONTI-NUEVO.png","width":1257,"height":430,"caption":"ContinuamosMX"},"image":{"@id":"https:\/\/continuamosmx.com\/#\/schema\/logo\/image\/"}},{"@type":"Person","@id":"https:\/\/continuamosmx.com\/#\/schema\/person\/5eb5356acb1fad784da407d14f0e8d89","name":"Continuamos MX","image":{"@type":"ImageObject","inLanguage":"es","@id":"https:\/\/secure.gravatar.com\/avatar\/30d4f9723476a15f4da34d35fb3501f08d2357016c76051c6a85c354c7489589?s=96&d=mm&r=g","url":"https:\/\/secure.gravatar.com\/avatar\/30d4f9723476a15f4da34d35fb3501f08d2357016c76051c6a85c354c7489589?s=96&d=mm&r=g","contentUrl":"https:\/\/secure.gravatar.com\/avatar\/30d4f9723476a15f4da34d35fb3501f08d2357016c76051c6a85c354c7489589?s=96&d=mm&r=g","caption":"Continuamos MX"},"sameAs":["http:\/\/www.continuamos.mx"],"url":"https:\/\/continuamosmx.com\/index.php\/author\/continuamos\/"}]}},"_links":{"self":[{"href":"https:\/\/continuamosmx.com\/index.php\/wp-json\/wp\/v2\/posts\/43859","targetHints":{"allow":["GET"]}}],"collection":[{"href":"https:\/\/continuamosmx.com\/index.php\/wp-json\/wp\/v2\/posts"}],"about":[{"href":"https:\/\/continuamosmx.com\/index.php\/wp-json\/wp\/v2\/types\/post"}],"author":[{"embeddable":true,"href":"https:\/\/continuamosmx.com\/index.php\/wp-json\/wp\/v2\/users\/6"}],"replies":[{"embeddable":true,"href":"https:\/\/continuamosmx.com\/index.php\/wp-json\/wp\/v2\/comments?post=43859"}],"version-history":[{"count":1,"href":"https:\/\/continuamosmx.com\/index.php\/wp-json\/wp\/v2\/posts\/43859\/revisions"}],"predecessor-version":[{"id":43860,"href":"https:\/\/continuamosmx.com\/index.php\/wp-json\/wp\/v2\/posts\/43859\/revisions\/43860"}],"wp:featuredmedia":[{"embeddable":true,"href":"https:\/\/continuamosmx.com\/index.php\/wp-json\/wp\/v2\/media\/12739"}],"wp:attachment":[{"href":"https:\/\/continuamosmx.com\/index.php\/wp-json\/wp\/v2\/media?parent=43859"}],"wp:term":[{"taxonomy":"category","embeddable":true,"href":"https:\/\/continuamosmx.com\/index.php\/wp-json\/wp\/v2\/categories?post=43859"},{"taxonomy":"post_tag","embeddable":true,"href":"https:\/\/continuamosmx.com\/index.php\/wp-json\/wp\/v2\/tags?post=43859"}],"curies":[{"name":"wp","href":"https:\/\/api.w.org\/{rel}","templated":true}]}}