{"id":43781,"date":"2023-06-02T22:12:00","date_gmt":"2023-06-02T22:12:00","guid":{"rendered":"https:\/\/continuamosmx.com\/?p=43781"},"modified":"2023-06-03T04:17:38","modified_gmt":"2023-06-03T04:17:38","slug":"acolman-aplicara-ley-seca-y-operativo-por-eleccion-estatal","status":"publish","type":"post","link":"https:\/\/continuamosmx.com\/index.php\/2023\/06\/02\/acolman-aplicara-ley-seca-y-operativo-por-eleccion-estatal\/","title":{"rendered":"ACOLMAN APLICAR\u00c1 LEY SECA Y OPERATIVO POR ELECCI\u00d3N ESTATAL"},"content":{"rendered":"\n<p>*<strong>Inicia en este municipio la ley seca a partir del 3 de junio a las 18 horas.<\/strong><\/p>\n\n\n\n<p>REDACCI\u00d3N<\/p>\n\n\n\n<p>ACOLMAN, M\u00e9x.- El gobierno municipal de Acolman inform\u00f3 que aplicar\u00e1 Ley Seca durante el pr\u00f3ximo fin de semana de las 18:00 horas del s\u00e1bado 03 de junio hasta las 20:00 horas del domingo 04 de junio debido a la jornada electoral que se llevar\u00e1 a cabo y en la que se elegir\u00e1 a la primera gobernadora del Estado de M\u00e9xico.<\/p>\n\n\n\n<p>La medida se realizar\u00e1 en cumplimiento a lo establecido en el C\u00f3digo Electoral del Estado de M\u00e9xico en el Cap\u00edtulo V \u201cDisposiciones Complementarias\u201d, art\u00edculo 300 numeral 2, donde se menciona que \u201c\u2026 las autoridades competentes de acuerdo a la normatividad que exista en cada municipio podr\u00e1n establecer medidas para limitar el horario de servicio de los establecimientos en los que se sirvan bebidas\u2026\u201d<\/p>\n\n\n\n<p>Por lo que queda prohibida la venta de bebidas alcoh\u00f3licas en todo el municipio con el fin de garantizar una jornada electoral pac\u00edfica y ordenada.<\/p>\n\n\n\n<p>Asimismo, las autoridades hacen un llamado a la poblaci\u00f3n para acatar esta disposici\u00f3n, ya que de esta manera podr\u00e1n ejercer con tranquilidad y seguridad su derecho al voto.<\/p>\n\n\n\n<p>Cabe destacar que el Instituto Nacional Electoral (INE) prev\u00e9 la instalaci\u00f3n de 38 casillas en el territorio Acolmense; para garantizar elecciones seguras la Direcci\u00f3n de Seguridad P\u00fablica Municipal implementar\u00e1 operativo electoral en la demarcaci\u00f3n en el que se contempla brindar seguridad con recorridos constantes en cada poblado y donde se encuentren colocadas las casillas electorales.<\/p>\n\n\n\n<p>Adem\u00e1s, se llevar\u00e1n a cabo los recorridos constantes y permanecer\u00e1n elementos de la municipal con equipo anti-mot\u00edn en los puntos electorales; as\u00ed como tambi\u00e9n se contar\u00e1 con el apoyo de los 3 \u00f3rganos de gobierno como lo es Guardia Nacional, Polic\u00eda Estatal y Polic\u00eda Municipal de los Municipios colindantes, para garantizar la seguridad Electoral dentro y fuera de Acolman.<\/p>\n","protected":false},"excerpt":{"rendered":"<p>*Inicia en este municipio la ley seca a partir del 3 de junio a las 18 horas. REDACCI\u00d3N ACOLMAN, M\u00e9x.- El gobierno municipal de Acolman inform\u00f3 que aplicar\u00e1 Ley Seca durante el pr\u00f3ximo fin de semana de las 18:00 horas del s\u00e1bado 03 de junio hasta las 20:00 horas del domingo 04 de junio debido [&hellip;]<\/p>\n","protected":false},"author":6,"featured_media":43782,"comment_status":"open","ping_status":"open","sticky":false,"template":"","format":"standard","meta":{"footnotes":""},"categories":[13,4],"tags":[],"class_list":["post-43781","post","type-post","status-publish","format-standard","has-post-thumbnail","hentry","category-acolman","category-locales"],"yoast_head":"<!-- This site is optimized with the Yoast SEO plugin v27.5 - https:\/\/yoast.com\/product\/yoast-seo-wordpress\/ -->\n<title>ACOLMAN APLICAR\u00c1 LEY SECA Y OPERATIVO POR ELECCI\u00d3N ESTATAL -<\/title>\n<meta name=\"robots\" content=\"index, follow, max-snippet:-1, max-image-preview:large, max-video-preview:-1\" \/>\n<link rel=\"canonical\" href=\"https:\/\/continuamosmx.com\/index.php\/2023\/06\/02\/acolman-aplicara-ley-seca-y-operativo-por-eleccion-estatal\/\" \/>\n<meta property=\"og:locale\" content=\"es_ES\" \/>\n<meta property=\"og:type\" content=\"article\" \/>\n<meta property=\"og:title\" content=\"ACOLMAN APLICAR\u00c1 LEY SECA Y OPERATIVO POR ELECCI\u00d3N ESTATAL -\" \/>\n<meta property=\"og:description\" content=\"*Inicia en este municipio la ley seca a partir del 3 de junio a las 18 horas. REDACCI\u00d3N ACOLMAN, M\u00e9x.- El gobierno municipal de Acolman inform\u00f3 que aplicar\u00e1 Ley Seca durante el pr\u00f3ximo fin de semana de las 18:00 horas del s\u00e1bado 03 de junio hasta las 20:00 horas del domingo 04 de junio debido [&hellip;]\" \/>\n<meta property=\"og:url\" content=\"https:\/\/continuamosmx.com\/index.php\/2023\/06\/02\/acolman-aplicara-ley-seca-y-operativo-por-eleccion-estatal\/\" \/>\n<meta property=\"article:published_time\" content=\"2023-06-02T22:12:00+00:00\" \/>\n<meta property=\"article:modified_time\" content=\"2023-06-03T04:17:38+00:00\" \/>\n<meta property=\"og:image\" content=\"https:\/\/continuamosmx.com\/wp-content\/uploads\/2023\/06\/aco1.jpg\" \/>\n\t<meta property=\"og:image:width\" content=\"1280\" \/>\n\t<meta property=\"og:image:height\" content=\"900\" \/>\n\t<meta property=\"og:image:type\" content=\"image\/jpeg\" \/>\n<meta name=\"author\" content=\"Continuamos MX\" \/>\n<meta name=\"twitter:card\" content=\"summary_large_image\" \/>\n<meta name=\"twitter:label1\" content=\"Escrito por\" \/>\n\t<meta name=\"twitter:data1\" content=\"Continuamos MX\" \/>\n\t<meta name=\"twitter:label2\" content=\"Tiempo de lectura\" \/>\n\t<meta name=\"twitter:data2\" content=\"2 minutos\" \/>\n<script type=\"application\/ld+json\" class=\"yoast-schema-graph\">{\"@context\":\"https:\\\/\\\/schema.org\",\"@graph\":[{\"@type\":\"Article\",\"@id\":\"https:\\\/\\\/continuamosmx.com\\\/index.php\\\/2023\\\/06\\\/02\\\/acolman-aplicara-ley-seca-y-operativo-por-eleccion-estatal\\\/#article\",\"isPartOf\":{\"@id\":\"https:\\\/\\\/continuamosmx.com\\\/index.php\\\/2023\\\/06\\\/02\\\/acolman-aplicara-ley-seca-y-operativo-por-eleccion-estatal\\\/\"},\"author\":{\"name\":\"Continuamos MX\",\"@id\":\"https:\\\/\\\/continuamosmx.com\\\/#\\\/schema\\\/person\\\/5eb5356acb1fad784da407d14f0e8d89\"},\"headline\":\"ACOLMAN APLICAR\u00c1 LEY SECA Y OPERATIVO POR ELECCI\u00d3N ESTATAL\",\"datePublished\":\"2023-06-02T22:12:00+00:00\",\"dateModified\":\"2023-06-03T04:17:38+00:00\",\"mainEntityOfPage\":{\"@id\":\"https:\\\/\\\/continuamosmx.com\\\/index.php\\\/2023\\\/06\\\/02\\\/acolman-aplicara-ley-seca-y-operativo-por-eleccion-estatal\\\/\"},\"wordCount\":334,\"commentCount\":0,\"publisher\":{\"@id\":\"https:\\\/\\\/continuamosmx.com\\\/#organization\"},\"image\":{\"@id\":\"https:\\\/\\\/continuamosmx.com\\\/index.php\\\/2023\\\/06\\\/02\\\/acolman-aplicara-ley-seca-y-operativo-por-eleccion-estatal\\\/#primaryimage\"},\"thumbnailUrl\":\"https:\\\/\\\/continuamosmx.com\\\/wp-content\\\/uploads\\\/2023\\\/06\\\/aco1.jpg\",\"articleSection\":[\"ACOLMAN\",\"LOCALES\"],\"inLanguage\":\"es\"},{\"@type\":\"WebPage\",\"@id\":\"https:\\\/\\\/continuamosmx.com\\\/index.php\\\/2023\\\/06\\\/02\\\/acolman-aplicara-ley-seca-y-operativo-por-eleccion-estatal\\\/\",\"url\":\"https:\\\/\\\/continuamosmx.com\\\/index.php\\\/2023\\\/06\\\/02\\\/acolman-aplicara-ley-seca-y-operativo-por-eleccion-estatal\\\/\",\"name\":\"ACOLMAN APLICAR\u00c1 LEY SECA Y OPERATIVO POR ELECCI\u00d3N ESTATAL -\",\"isPartOf\":{\"@id\":\"https:\\\/\\\/continuamosmx.com\\\/#website\"},\"primaryImageOfPage\":{\"@id\":\"https:\\\/\\\/continuamosmx.com\\\/index.php\\\/2023\\\/06\\\/02\\\/acolman-aplicara-ley-seca-y-operativo-por-eleccion-estatal\\\/#primaryimage\"},\"image\":{\"@id\":\"https:\\\/\\\/continuamosmx.com\\\/index.php\\\/2023\\\/06\\\/02\\\/acolman-aplicara-ley-seca-y-operativo-por-eleccion-estatal\\\/#primaryimage\"},\"thumbnailUrl\":\"https:\\\/\\\/continuamosmx.com\\\/wp-content\\\/uploads\\\/2023\\\/06\\\/aco1.jpg\",\"datePublished\":\"2023-06-02T22:12:00+00:00\",\"dateModified\":\"2023-06-03T04:17:38+00:00\",\"breadcrumb\":{\"@id\":\"https:\\\/\\\/continuamosmx.com\\\/index.php\\\/2023\\\/06\\\/02\\\/acolman-aplicara-ley-seca-y-operativo-por-eleccion-estatal\\\/#breadcrumb\"},\"inLanguage\":\"es\",\"potentialAction\":[{\"@type\":\"ReadAction\",\"target\":[\"https:\\\/\\\/continuamosmx.com\\\/index.php\\\/2023\\\/06\\\/02\\\/acolman-aplicara-ley-seca-y-operativo-por-eleccion-estatal\\\/\"]}]},{\"@type\":\"ImageObject\",\"inLanguage\":\"es\",\"@id\":\"https:\\\/\\\/continuamosmx.com\\\/index.php\\\/2023\\\/06\\\/02\\\/acolman-aplicara-ley-seca-y-operativo-por-eleccion-estatal\\\/#primaryimage\",\"url\":\"https:\\\/\\\/continuamosmx.com\\\/wp-content\\\/uploads\\\/2023\\\/06\\\/aco1.jpg\",\"contentUrl\":\"https:\\\/\\\/continuamosmx.com\\\/wp-content\\\/uploads\\\/2023\\\/06\\\/aco1.jpg\",\"width\":1280,\"height\":900},{\"@type\":\"BreadcrumbList\",\"@id\":\"https:\\\/\\\/continuamosmx.com\\\/index.php\\\/2023\\\/06\\\/02\\\/acolman-aplicara-ley-seca-y-operativo-por-eleccion-estatal\\\/#breadcrumb\",\"itemListElement\":[{\"@type\":\"ListItem\",\"position\":1,\"name\":\"Inicio\",\"item\":\"https:\\\/\\\/continuamosmx.com\\\/\"},{\"@type\":\"ListItem\",\"position\":2,\"name\":\"ACOLMAN APLICAR\u00c1 LEY SECA Y OPERATIVO POR ELECCI\u00d3N ESTATAL\"}]},{\"@type\":\"WebSite\",\"@id\":\"https:\\\/\\\/continuamosmx.com\\\/#website\",\"url\":\"https:\\\/\\\/continuamosmx.com\\\/\",\"name\":\"www.continuamosmx.com\",\"description\":\"\",\"publisher\":{\"@id\":\"https:\\\/\\\/continuamosmx.com\\\/#organization\"},\"potentialAction\":[{\"@type\":\"SearchAction\",\"target\":{\"@type\":\"EntryPoint\",\"urlTemplate\":\"https:\\\/\\\/continuamosmx.com\\\/?s={search_term_string}\"},\"query-input\":{\"@type\":\"PropertyValueSpecification\",\"valueRequired\":true,\"valueName\":\"search_term_string\"}}],\"inLanguage\":\"es\"},{\"@type\":\"Organization\",\"@id\":\"https:\\\/\\\/continuamosmx.com\\\/#organization\",\"name\":\"ContinuamosMX\",\"url\":\"https:\\\/\\\/continuamosmx.com\\\/\",\"logo\":{\"@type\":\"ImageObject\",\"inLanguage\":\"es\",\"@id\":\"https:\\\/\\\/continuamosmx.com\\\/#\\\/schema\\\/logo\\\/image\\\/\",\"url\":\"https:\\\/\\\/continuamosmx.com\\\/wp-content\\\/uploads\\\/2023\\\/04\\\/cropped-LOGO-CONTI-NUEVO.png\",\"contentUrl\":\"https:\\\/\\\/continuamosmx.com\\\/wp-content\\\/uploads\\\/2023\\\/04\\\/cropped-LOGO-CONTI-NUEVO.png\",\"width\":1257,\"height\":430,\"caption\":\"ContinuamosMX\"},\"image\":{\"@id\":\"https:\\\/\\\/continuamosmx.com\\\/#\\\/schema\\\/logo\\\/image\\\/\"}},{\"@type\":\"Person\",\"@id\":\"https:\\\/\\\/continuamosmx.com\\\/#\\\/schema\\\/person\\\/5eb5356acb1fad784da407d14f0e8d89\",\"name\":\"Continuamos MX\",\"image\":{\"@type\":\"ImageObject\",\"inLanguage\":\"es\",\"@id\":\"https:\\\/\\\/secure.gravatar.com\\\/avatar\\\/30d4f9723476a15f4da34d35fb3501f08d2357016c76051c6a85c354c7489589?s=96&d=mm&r=g\",\"url\":\"https:\\\/\\\/secure.gravatar.com\\\/avatar\\\/30d4f9723476a15f4da34d35fb3501f08d2357016c76051c6a85c354c7489589?s=96&d=mm&r=g\",\"contentUrl\":\"https:\\\/\\\/secure.gravatar.com\\\/avatar\\\/30d4f9723476a15f4da34d35fb3501f08d2357016c76051c6a85c354c7489589?s=96&d=mm&r=g\",\"caption\":\"Continuamos MX\"},\"sameAs\":[\"http:\\\/\\\/www.continuamos.mx\"],\"url\":\"https:\\\/\\\/continuamosmx.com\\\/index.php\\\/author\\\/continuamos\\\/\"}]}<\/script>\n<!-- \/ Yoast SEO plugin. -->","yoast_head_json":{"title":"ACOLMAN APLICAR\u00c1 LEY SECA Y OPERATIVO POR ELECCI\u00d3N ESTATAL -","robots":{"index":"index","follow":"follow","max-snippet":"max-snippet:-1","max-image-preview":"max-image-preview:large","max-video-preview":"max-video-preview:-1"},"canonical":"https:\/\/continuamosmx.com\/index.php\/2023\/06\/02\/acolman-aplicara-ley-seca-y-operativo-por-eleccion-estatal\/","og_locale":"es_ES","og_type":"article","og_title":"ACOLMAN APLICAR\u00c1 LEY SECA Y OPERATIVO POR ELECCI\u00d3N ESTATAL -","og_description":"*Inicia en este municipio la ley seca a partir del 3 de junio a las 18 horas. REDACCI\u00d3N ACOLMAN, M\u00e9x.- El gobierno municipal de Acolman inform\u00f3 que aplicar\u00e1 Ley Seca durante el pr\u00f3ximo fin de semana de las 18:00 horas del s\u00e1bado 03 de junio hasta las 20:00 horas del domingo 04 de junio debido [&hellip;]","og_url":"https:\/\/continuamosmx.com\/index.php\/2023\/06\/02\/acolman-aplicara-ley-seca-y-operativo-por-eleccion-estatal\/","article_published_time":"2023-06-02T22:12:00+00:00","article_modified_time":"2023-06-03T04:17:38+00:00","og_image":[{"width":1280,"height":900,"url":"https:\/\/continuamosmx.com\/wp-content\/uploads\/2023\/06\/aco1.jpg","type":"image\/jpeg"}],"author":"Continuamos MX","twitter_card":"summary_large_image","twitter_misc":{"Escrito por":"Continuamos MX","Tiempo de lectura":"2 minutos"},"schema":{"@context":"https:\/\/schema.org","@graph":[{"@type":"Article","@id":"https:\/\/continuamosmx.com\/index.php\/2023\/06\/02\/acolman-aplicara-ley-seca-y-operativo-por-eleccion-estatal\/#article","isPartOf":{"@id":"https:\/\/continuamosmx.com\/index.php\/2023\/06\/02\/acolman-aplicara-ley-seca-y-operativo-por-eleccion-estatal\/"},"author":{"name":"Continuamos MX","@id":"https:\/\/continuamosmx.com\/#\/schema\/person\/5eb5356acb1fad784da407d14f0e8d89"},"headline":"ACOLMAN APLICAR\u00c1 LEY SECA Y OPERATIVO POR ELECCI\u00d3N ESTATAL","datePublished":"2023-06-02T22:12:00+00:00","dateModified":"2023-06-03T04:17:38+00:00","mainEntityOfPage":{"@id":"https:\/\/continuamosmx.com\/index.php\/2023\/06\/02\/acolman-aplicara-ley-seca-y-operativo-por-eleccion-estatal\/"},"wordCount":334,"commentCount":0,"publisher":{"@id":"https:\/\/continuamosmx.com\/#organization"},"image":{"@id":"https:\/\/continuamosmx.com\/index.php\/2023\/06\/02\/acolman-aplicara-ley-seca-y-operativo-por-eleccion-estatal\/#primaryimage"},"thumbnailUrl":"https:\/\/continuamosmx.com\/wp-content\/uploads\/2023\/06\/aco1.jpg","articleSection":["ACOLMAN","LOCALES"],"inLanguage":"es"},{"@type":"WebPage","@id":"https:\/\/continuamosmx.com\/index.php\/2023\/06\/02\/acolman-aplicara-ley-seca-y-operativo-por-eleccion-estatal\/","url":"https:\/\/continuamosmx.com\/index.php\/2023\/06\/02\/acolman-aplicara-ley-seca-y-operativo-por-eleccion-estatal\/","name":"ACOLMAN APLICAR\u00c1 LEY SECA Y OPERATIVO POR ELECCI\u00d3N ESTATAL -","isPartOf":{"@id":"https:\/\/continuamosmx.com\/#website"},"primaryImageOfPage":{"@id":"https:\/\/continuamosmx.com\/index.php\/2023\/06\/02\/acolman-aplicara-ley-seca-y-operativo-por-eleccion-estatal\/#primaryimage"},"image":{"@id":"https:\/\/continuamosmx.com\/index.php\/2023\/06\/02\/acolman-aplicara-ley-seca-y-operativo-por-eleccion-estatal\/#primaryimage"},"thumbnailUrl":"https:\/\/continuamosmx.com\/wp-content\/uploads\/2023\/06\/aco1.jpg","datePublished":"2023-06-02T22:12:00+00:00","dateModified":"2023-06-03T04:17:38+00:00","breadcrumb":{"@id":"https:\/\/continuamosmx.com\/index.php\/2023\/06\/02\/acolman-aplicara-ley-seca-y-operativo-por-eleccion-estatal\/#breadcrumb"},"inLanguage":"es","potentialAction":[{"@type":"ReadAction","target":["https:\/\/continuamosmx.com\/index.php\/2023\/06\/02\/acolman-aplicara-ley-seca-y-operativo-por-eleccion-estatal\/"]}]},{"@type":"ImageObject","inLanguage":"es","@id":"https:\/\/continuamosmx.com\/index.php\/2023\/06\/02\/acolman-aplicara-ley-seca-y-operativo-por-eleccion-estatal\/#primaryimage","url":"https:\/\/continuamosmx.com\/wp-content\/uploads\/2023\/06\/aco1.jpg","contentUrl":"https:\/\/continuamosmx.com\/wp-content\/uploads\/2023\/06\/aco1.jpg","width":1280,"height":900},{"@type":"BreadcrumbList","@id":"https:\/\/continuamosmx.com\/index.php\/2023\/06\/02\/acolman-aplicara-ley-seca-y-operativo-por-eleccion-estatal\/#breadcrumb","itemListElement":[{"@type":"ListItem","position":1,"name":"Inicio","item":"https:\/\/continuamosmx.com\/"},{"@type":"ListItem","position":2,"name":"ACOLMAN APLICAR\u00c1 LEY SECA Y OPERATIVO POR ELECCI\u00d3N ESTATAL"}]},{"@type":"WebSite","@id":"https:\/\/continuamosmx.com\/#website","url":"https:\/\/continuamosmx.com\/","name":"www.continuamosmx.com","description":"","publisher":{"@id":"https:\/\/continuamosmx.com\/#organization"},"potentialAction":[{"@type":"SearchAction","target":{"@type":"EntryPoint","urlTemplate":"https:\/\/continuamosmx.com\/?s={search_term_string}"},"query-input":{"@type":"PropertyValueSpecification","valueRequired":true,"valueName":"search_term_string"}}],"inLanguage":"es"},{"@type":"Organization","@id":"https:\/\/continuamosmx.com\/#organization","name":"ContinuamosMX","url":"https:\/\/continuamosmx.com\/","logo":{"@type":"ImageObject","inLanguage":"es","@id":"https:\/\/continuamosmx.com\/#\/schema\/logo\/image\/","url":"https:\/\/continuamosmx.com\/wp-content\/uploads\/2023\/04\/cropped-LOGO-CONTI-NUEVO.png","contentUrl":"https:\/\/continuamosmx.com\/wp-content\/uploads\/2023\/04\/cropped-LOGO-CONTI-NUEVO.png","width":1257,"height":430,"caption":"ContinuamosMX"},"image":{"@id":"https:\/\/continuamosmx.com\/#\/schema\/logo\/image\/"}},{"@type":"Person","@id":"https:\/\/continuamosmx.com\/#\/schema\/person\/5eb5356acb1fad784da407d14f0e8d89","name":"Continuamos MX","image":{"@type":"ImageObject","inLanguage":"es","@id":"https:\/\/secure.gravatar.com\/avatar\/30d4f9723476a15f4da34d35fb3501f08d2357016c76051c6a85c354c7489589?s=96&d=mm&r=g","url":"https:\/\/secure.gravatar.com\/avatar\/30d4f9723476a15f4da34d35fb3501f08d2357016c76051c6a85c354c7489589?s=96&d=mm&r=g","contentUrl":"https:\/\/secure.gravatar.com\/avatar\/30d4f9723476a15f4da34d35fb3501f08d2357016c76051c6a85c354c7489589?s=96&d=mm&r=g","caption":"Continuamos MX"},"sameAs":["http:\/\/www.continuamos.mx"],"url":"https:\/\/continuamosmx.com\/index.php\/author\/continuamos\/"}]}},"_links":{"self":[{"href":"https:\/\/continuamosmx.com\/index.php\/wp-json\/wp\/v2\/posts\/43781","targetHints":{"allow":["GET"]}}],"collection":[{"href":"https:\/\/continuamosmx.com\/index.php\/wp-json\/wp\/v2\/posts"}],"about":[{"href":"https:\/\/continuamosmx.com\/index.php\/wp-json\/wp\/v2\/types\/post"}],"author":[{"embeddable":true,"href":"https:\/\/continuamosmx.com\/index.php\/wp-json\/wp\/v2\/users\/6"}],"replies":[{"embeddable":true,"href":"https:\/\/continuamosmx.com\/index.php\/wp-json\/wp\/v2\/comments?post=43781"}],"version-history":[{"count":1,"href":"https:\/\/continuamosmx.com\/index.php\/wp-json\/wp\/v2\/posts\/43781\/revisions"}],"predecessor-version":[{"id":43783,"href":"https:\/\/continuamosmx.com\/index.php\/wp-json\/wp\/v2\/posts\/43781\/revisions\/43783"}],"wp:featuredmedia":[{"embeddable":true,"href":"https:\/\/continuamosmx.com\/index.php\/wp-json\/wp\/v2\/media\/43782"}],"wp:attachment":[{"href":"https:\/\/continuamosmx.com\/index.php\/wp-json\/wp\/v2\/media?parent=43781"}],"wp:term":[{"taxonomy":"category","embeddable":true,"href":"https:\/\/continuamosmx.com\/index.php\/wp-json\/wp\/v2\/categories?post=43781"},{"taxonomy":"post_tag","embeddable":true,"href":"https:\/\/continuamosmx.com\/index.php\/wp-json\/wp\/v2\/tags?post=43781"}],"curies":[{"name":"wp","href":"https:\/\/api.w.org\/{rel}","templated":true}]}}