{"id":43778,"date":"2023-06-02T23:53:00","date_gmt":"2023-06-02T23:53:00","guid":{"rendered":"https:\/\/continuamosmx.com\/?p=43778"},"modified":"2023-06-02T23:53:01","modified_gmt":"2023-06-02T23:53:01","slug":"salgamos-a-votar","status":"publish","type":"post","link":"https:\/\/continuamosmx.com\/index.php\/2023\/06\/02\/salgamos-a-votar\/","title":{"rendered":"SALGAMOS A VOTAR"},"content":{"rendered":"\n<h1 class=\"wp-block-heading\"><\/h1>\n\n\n\n<p id=\"viewer-atrp2\">Somos 19 millones 992 mil 418 habitantes en el Estado de M\u00e9xico, quienes sufriremos o disfrutaremos los resultados del pr\u00f3ximo Gobierno Mexiquense, pero la responsabilidad de elegir a la pr\u00f3xima gobernadora recaer\u00e1 en 12 millones 676 mil 625 personas que se encuentran en el listado nominal, es decir, quienes tienen la posibilidad legal de votar.<\/p>\n\n\n\n<p id=\"viewer-nkr2x4\">&nbsp;<\/p>\n\n\n\n<p id=\"viewer-gwury6\">Los mexiquenses somos una ciudadan\u00eda participativa cuando se trata de elecciones concurrentes -Presidente de la Rep\u00fablica, Senadores, Diputados Federales, Diputados Locales y Ayuntamientos-, no obstante la participaci\u00f3n disminuye cuando se eligen menos cargos p\u00fablicos. En las elecciones intermedias -en las que se eligen diputaciones federales, diputaciones locales y ayuntamientos- la participaci\u00f3n disminuye y es a\u00fan menor en el caso de la Gubernatura. Esto se debe principalmente a que, a diferencia de otras entidades federativas, en el Estado de M\u00e9xico se mueve todo el sistema pol\u00edtico para elegir a una sola persona que encabece el Ejecutivo Estatal, justo el a\u00f1o anterior al que se elige Presidente de la Rep\u00fablica.<\/p>\n\n\n\n<p id=\"viewer-4sy5l8\">&nbsp;<\/p>\n\n\n\n<p id=\"viewer-146jw10\">En el a\u00f1o 2017 la participaci\u00f3n ciudadana en elecci\u00f3n de Gobernador Mexiquense alcanz\u00f3 su m\u00e1ximo en los \u00faltimos 20 a\u00f1os: 53.7% de los mexiquenses con posibilidades de votar lo hicieron. En el a\u00f1o 2011 la participaci\u00f3n fue de 46.15% y en 2005 \u00fanicamente el 42.7% de los mexiquenses salieron a votar.<\/p>\n\n\n\n<p id=\"viewer-bz64v12\">&nbsp;<\/p>\n\n\n\n<p id=\"viewer-ien3314\">Las elecciones de gobernador no son las favoritas de los mexiquenses, ya que hay un particular arraigo por lo local, lo que verdaderamente les impacta en su vida cotidiana: los municipios. Durante d\u00e9cadas hemos percibido al Gobierno del Estado de M\u00e9xico lejano y ajeno a las problem\u00e1ticas cotidianas; ya que en una buena parte del territorio estatal es poco probable que ante una llamada de emergencia quien acuda a tu auxilio sea una patrulla estatal; que un camino intermunicipal (vialidades que unen a dos o m\u00e1s municipios)sea atendido por la Junta de Caminos, ya que regularmente los ayuntamientos terminan por atender las vialidades de competencia estatal, ante su abandono.<\/p>\n\n\n\n<p id=\"viewer-ylk1216\">&nbsp;<\/p>\n\n\n\n<p id=\"viewer-9znh418\">Lo que si debemos reconocer es que cada vez que se acercan las elecciones a Gobernador se ponen a trabajar, pareciera que vivimos 5 a\u00f1os de abandono y un a\u00f1o de intenso trabajo:mantenimiento a vialidades, remozamientos de edificios e instalaciones p\u00fablicas e incluso percibimos una inusitada amabilidad de los funcionarios gubernamentales.<\/p>\n\n\n\n<p id=\"viewer-gmr2120\">&nbsp;<\/p>\n\n\n\n<p id=\"viewer-ct67i22\">Los mexiquenses debemos tener muy claro que los problemas del Estado de M\u00e9xico no se resolver\u00e1n tomando caf\u00e9, comentando en redes sociales o tolerando el suplicio de las largas campa\u00f1as pol\u00edticas; el primer paso para resolver los problemas es votar de manera informada.<\/p>\n\n\n\n<p id=\"viewer-iiamj24\">&nbsp;<\/p>\n\n\n\n<p id=\"viewer-yx0x126\">En este periodo de veda electoral, los ciudadanos debemos profundizar en el conocimiento de las candidatas, su trayectoria y propuestas, para tomar una decisi\u00f3n informada y responsable.<\/p>\n\n\n\n<p id=\"viewer-ippua28\">&nbsp;<\/p>\n\n\n\n<p id=\"viewer-ejr1k30\">El primer domingo de junio de 2023 tendremos la posiblidad de incrementar la participaci\u00f3n electoral, de demostrar que somos una ciudadan\u00eda madura, responsable y conocedora de los grandes retos y rezagos que tiene el Estado de M\u00e9xico.<\/p>\n\n\n\n<p id=\"viewer-il6cv32\">&nbsp;<\/p>\n\n\n\n<p id=\"viewer-8ncx234\">Estoy convencido que los mexiquenses saldremos a votar y a decidir el tipo de Estado que queremos. Todos debemos aspirar a dejar de ser la entidad federativa con los peores niveles de inseguridad, desigualdad social, falta de acceso a la salud, violencia en contra de las mujeres, homicidios, problemas de movilidad, de acceso al agua, una descomunal deuda p\u00fablica\u2026 en fin, tenemos la responsabilidad de decidir.<\/p>\n\n\n\n<p id=\"viewer-c3tiw36\">&nbsp;<\/p>\n\n\n\n<p id=\"viewer-4fgg138\">Sea cual sea la decisi\u00f3n que tomes, te invito a que salgamos a votar.<\/p>\n\n\n\n<p id=\"viewer-eligc40\">&nbsp;<\/p>\n\n\n\n<p id=\"viewer-mx98t42\">Twitter @RaymundoGC<\/p>\n\n\n\n<p id=\"viewer-yjeox44\">Facebook @RaymundoGCor<\/p>\n","protected":false},"excerpt":{"rendered":"<p>Somos 19 millones 992 mil 418 habitantes en el Estado de M\u00e9xico, quienes sufriremos o disfrutaremos los resultados del pr\u00f3ximo Gobierno Mexiquense, pero la responsabilidad de elegir a la pr\u00f3xima gobernadora recaer\u00e1 en 12 millones 676 mil 625 personas que se encuentran en el listado nominal, es decir, quienes tienen la posibilidad legal de votar. [&hellip;]<\/p>\n","protected":false},"author":6,"featured_media":43779,"comment_status":"open","ping_status":"open","sticky":false,"template":"","format":"standard","meta":{"footnotes":""},"categories":[10,9],"tags":[],"class_list":["post-43778","post","type-post","status-publish","format-standard","has-post-thumbnail","hentry","category-articulo-de-contenido","category-columnas"],"yoast_head":"<!-- This site is optimized with the Yoast SEO plugin v27.5 - https:\/\/yoast.com\/product\/yoast-seo-wordpress\/ -->\n<title>SALGAMOS A VOTAR -<\/title>\n<meta name=\"robots\" content=\"index, follow, max-snippet:-1, max-image-preview:large, max-video-preview:-1\" \/>\n<link rel=\"canonical\" href=\"https:\/\/continuamosmx.com\/index.php\/2023\/06\/02\/salgamos-a-votar\/\" \/>\n<meta property=\"og:locale\" content=\"es_ES\" \/>\n<meta property=\"og:type\" content=\"article\" \/>\n<meta property=\"og:title\" content=\"SALGAMOS A VOTAR -\" \/>\n<meta property=\"og:description\" content=\"Somos 19 millones 992 mil 418 habitantes en el Estado de M\u00e9xico, quienes sufriremos o disfrutaremos los resultados del pr\u00f3ximo Gobierno Mexiquense, pero la responsabilidad de elegir a la pr\u00f3xima gobernadora recaer\u00e1 en 12 millones 676 mil 625 personas que se encuentran en el listado nominal, es decir, quienes tienen la posibilidad legal de votar. [&hellip;]\" \/>\n<meta property=\"og:url\" content=\"https:\/\/continuamosmx.com\/index.php\/2023\/06\/02\/salgamos-a-votar\/\" \/>\n<meta property=\"article:published_time\" content=\"2023-06-02T23:53:00+00:00\" \/>\n<meta property=\"article:modified_time\" content=\"2023-06-02T23:53:01+00:00\" \/>\n<meta property=\"og:image\" content=\"https:\/\/continuamosmx.com\/wp-content\/uploads\/2023\/06\/VOTAR-OK.png\" \/>\n\t<meta property=\"og:image:width\" content=\"729\" \/>\n\t<meta property=\"og:image:height\" content=\"494\" \/>\n\t<meta property=\"og:image:type\" content=\"image\/png\" \/>\n<meta name=\"author\" content=\"Continuamos MX\" \/>\n<meta name=\"twitter:card\" content=\"summary_large_image\" \/>\n<meta name=\"twitter:label1\" content=\"Escrito por\" \/>\n\t<meta name=\"twitter:data1\" content=\"Continuamos MX\" \/>\n\t<meta name=\"twitter:label2\" content=\"Tiempo de lectura\" \/>\n\t<meta name=\"twitter:data2\" content=\"3 minutos\" \/>\n<script type=\"application\/ld+json\" class=\"yoast-schema-graph\">{\"@context\":\"https:\\\/\\\/schema.org\",\"@graph\":[{\"@type\":\"Article\",\"@id\":\"https:\\\/\\\/continuamosmx.com\\\/index.php\\\/2023\\\/06\\\/02\\\/salgamos-a-votar\\\/#article\",\"isPartOf\":{\"@id\":\"https:\\\/\\\/continuamosmx.com\\\/index.php\\\/2023\\\/06\\\/02\\\/salgamos-a-votar\\\/\"},\"author\":{\"name\":\"Continuamos MX\",\"@id\":\"https:\\\/\\\/continuamosmx.com\\\/#\\\/schema\\\/person\\\/5eb5356acb1fad784da407d14f0e8d89\"},\"headline\":\"SALGAMOS A VOTAR\",\"datePublished\":\"2023-06-02T23:53:00+00:00\",\"dateModified\":\"2023-06-02T23:53:01+00:00\",\"mainEntityOfPage\":{\"@id\":\"https:\\\/\\\/continuamosmx.com\\\/index.php\\\/2023\\\/06\\\/02\\\/salgamos-a-votar\\\/\"},\"wordCount\":602,\"commentCount\":0,\"publisher\":{\"@id\":\"https:\\\/\\\/continuamosmx.com\\\/#organization\"},\"image\":{\"@id\":\"https:\\\/\\\/continuamosmx.com\\\/index.php\\\/2023\\\/06\\\/02\\\/salgamos-a-votar\\\/#primaryimage\"},\"thumbnailUrl\":\"https:\\\/\\\/continuamosmx.com\\\/wp-content\\\/uploads\\\/2023\\\/06\\\/VOTAR-OK.png\",\"articleSection\":[\"ART\u00cdCULO DE CONTENIDO\",\"COLUMNAS\"],\"inLanguage\":\"es\"},{\"@type\":\"WebPage\",\"@id\":\"https:\\\/\\\/continuamosmx.com\\\/index.php\\\/2023\\\/06\\\/02\\\/salgamos-a-votar\\\/\",\"url\":\"https:\\\/\\\/continuamosmx.com\\\/index.php\\\/2023\\\/06\\\/02\\\/salgamos-a-votar\\\/\",\"name\":\"SALGAMOS A VOTAR -\",\"isPartOf\":{\"@id\":\"https:\\\/\\\/continuamosmx.com\\\/#website\"},\"primaryImageOfPage\":{\"@id\":\"https:\\\/\\\/continuamosmx.com\\\/index.php\\\/2023\\\/06\\\/02\\\/salgamos-a-votar\\\/#primaryimage\"},\"image\":{\"@id\":\"https:\\\/\\\/continuamosmx.com\\\/index.php\\\/2023\\\/06\\\/02\\\/salgamos-a-votar\\\/#primaryimage\"},\"thumbnailUrl\":\"https:\\\/\\\/continuamosmx.com\\\/wp-content\\\/uploads\\\/2023\\\/06\\\/VOTAR-OK.png\",\"datePublished\":\"2023-06-02T23:53:00+00:00\",\"dateModified\":\"2023-06-02T23:53:01+00:00\",\"breadcrumb\":{\"@id\":\"https:\\\/\\\/continuamosmx.com\\\/index.php\\\/2023\\\/06\\\/02\\\/salgamos-a-votar\\\/#breadcrumb\"},\"inLanguage\":\"es\",\"potentialAction\":[{\"@type\":\"ReadAction\",\"target\":[\"https:\\\/\\\/continuamosmx.com\\\/index.php\\\/2023\\\/06\\\/02\\\/salgamos-a-votar\\\/\"]}]},{\"@type\":\"ImageObject\",\"inLanguage\":\"es\",\"@id\":\"https:\\\/\\\/continuamosmx.com\\\/index.php\\\/2023\\\/06\\\/02\\\/salgamos-a-votar\\\/#primaryimage\",\"url\":\"https:\\\/\\\/continuamosmx.com\\\/wp-content\\\/uploads\\\/2023\\\/06\\\/VOTAR-OK.png\",\"contentUrl\":\"https:\\\/\\\/continuamosmx.com\\\/wp-content\\\/uploads\\\/2023\\\/06\\\/VOTAR-OK.png\",\"width\":729,\"height\":494},{\"@type\":\"BreadcrumbList\",\"@id\":\"https:\\\/\\\/continuamosmx.com\\\/index.php\\\/2023\\\/06\\\/02\\\/salgamos-a-votar\\\/#breadcrumb\",\"itemListElement\":[{\"@type\":\"ListItem\",\"position\":1,\"name\":\"Inicio\",\"item\":\"https:\\\/\\\/continuamosmx.com\\\/\"},{\"@type\":\"ListItem\",\"position\":2,\"name\":\"SALGAMOS A VOTAR\"}]},{\"@type\":\"WebSite\",\"@id\":\"https:\\\/\\\/continuamosmx.com\\\/#website\",\"url\":\"https:\\\/\\\/continuamosmx.com\\\/\",\"name\":\"www.continuamosmx.com\",\"description\":\"\",\"publisher\":{\"@id\":\"https:\\\/\\\/continuamosmx.com\\\/#organization\"},\"potentialAction\":[{\"@type\":\"SearchAction\",\"target\":{\"@type\":\"EntryPoint\",\"urlTemplate\":\"https:\\\/\\\/continuamosmx.com\\\/?s={search_term_string}\"},\"query-input\":{\"@type\":\"PropertyValueSpecification\",\"valueRequired\":true,\"valueName\":\"search_term_string\"}}],\"inLanguage\":\"es\"},{\"@type\":\"Organization\",\"@id\":\"https:\\\/\\\/continuamosmx.com\\\/#organization\",\"name\":\"ContinuamosMX\",\"url\":\"https:\\\/\\\/continuamosmx.com\\\/\",\"logo\":{\"@type\":\"ImageObject\",\"inLanguage\":\"es\",\"@id\":\"https:\\\/\\\/continuamosmx.com\\\/#\\\/schema\\\/logo\\\/image\\\/\",\"url\":\"https:\\\/\\\/continuamosmx.com\\\/wp-content\\\/uploads\\\/2023\\\/04\\\/cropped-LOGO-CONTI-NUEVO.png\",\"contentUrl\":\"https:\\\/\\\/continuamosmx.com\\\/wp-content\\\/uploads\\\/2023\\\/04\\\/cropped-LOGO-CONTI-NUEVO.png\",\"width\":1257,\"height\":430,\"caption\":\"ContinuamosMX\"},\"image\":{\"@id\":\"https:\\\/\\\/continuamosmx.com\\\/#\\\/schema\\\/logo\\\/image\\\/\"}},{\"@type\":\"Person\",\"@id\":\"https:\\\/\\\/continuamosmx.com\\\/#\\\/schema\\\/person\\\/5eb5356acb1fad784da407d14f0e8d89\",\"name\":\"Continuamos MX\",\"image\":{\"@type\":\"ImageObject\",\"inLanguage\":\"es\",\"@id\":\"https:\\\/\\\/secure.gravatar.com\\\/avatar\\\/30d4f9723476a15f4da34d35fb3501f08d2357016c76051c6a85c354c7489589?s=96&d=mm&r=g\",\"url\":\"https:\\\/\\\/secure.gravatar.com\\\/avatar\\\/30d4f9723476a15f4da34d35fb3501f08d2357016c76051c6a85c354c7489589?s=96&d=mm&r=g\",\"contentUrl\":\"https:\\\/\\\/secure.gravatar.com\\\/avatar\\\/30d4f9723476a15f4da34d35fb3501f08d2357016c76051c6a85c354c7489589?s=96&d=mm&r=g\",\"caption\":\"Continuamos MX\"},\"sameAs\":[\"http:\\\/\\\/www.continuamos.mx\"],\"url\":\"https:\\\/\\\/continuamosmx.com\\\/index.php\\\/author\\\/continuamos\\\/\"}]}<\/script>\n<!-- \/ Yoast SEO plugin. -->","yoast_head_json":{"title":"SALGAMOS A VOTAR -","robots":{"index":"index","follow":"follow","max-snippet":"max-snippet:-1","max-image-preview":"max-image-preview:large","max-video-preview":"max-video-preview:-1"},"canonical":"https:\/\/continuamosmx.com\/index.php\/2023\/06\/02\/salgamos-a-votar\/","og_locale":"es_ES","og_type":"article","og_title":"SALGAMOS A VOTAR -","og_description":"Somos 19 millones 992 mil 418 habitantes en el Estado de M\u00e9xico, quienes sufriremos o disfrutaremos los resultados del pr\u00f3ximo Gobierno Mexiquense, pero la responsabilidad de elegir a la pr\u00f3xima gobernadora recaer\u00e1 en 12 millones 676 mil 625 personas que se encuentran en el listado nominal, es decir, quienes tienen la posibilidad legal de votar. [&hellip;]","og_url":"https:\/\/continuamosmx.com\/index.php\/2023\/06\/02\/salgamos-a-votar\/","article_published_time":"2023-06-02T23:53:00+00:00","article_modified_time":"2023-06-02T23:53:01+00:00","og_image":[{"width":729,"height":494,"url":"https:\/\/continuamosmx.com\/wp-content\/uploads\/2023\/06\/VOTAR-OK.png","type":"image\/png"}],"author":"Continuamos MX","twitter_card":"summary_large_image","twitter_misc":{"Escrito por":"Continuamos MX","Tiempo de lectura":"3 minutos"},"schema":{"@context":"https:\/\/schema.org","@graph":[{"@type":"Article","@id":"https:\/\/continuamosmx.com\/index.php\/2023\/06\/02\/salgamos-a-votar\/#article","isPartOf":{"@id":"https:\/\/continuamosmx.com\/index.php\/2023\/06\/02\/salgamos-a-votar\/"},"author":{"name":"Continuamos MX","@id":"https:\/\/continuamosmx.com\/#\/schema\/person\/5eb5356acb1fad784da407d14f0e8d89"},"headline":"SALGAMOS A VOTAR","datePublished":"2023-06-02T23:53:00+00:00","dateModified":"2023-06-02T23:53:01+00:00","mainEntityOfPage":{"@id":"https:\/\/continuamosmx.com\/index.php\/2023\/06\/02\/salgamos-a-votar\/"},"wordCount":602,"commentCount":0,"publisher":{"@id":"https:\/\/continuamosmx.com\/#organization"},"image":{"@id":"https:\/\/continuamosmx.com\/index.php\/2023\/06\/02\/salgamos-a-votar\/#primaryimage"},"thumbnailUrl":"https:\/\/continuamosmx.com\/wp-content\/uploads\/2023\/06\/VOTAR-OK.png","articleSection":["ART\u00cdCULO DE CONTENIDO","COLUMNAS"],"inLanguage":"es"},{"@type":"WebPage","@id":"https:\/\/continuamosmx.com\/index.php\/2023\/06\/02\/salgamos-a-votar\/","url":"https:\/\/continuamosmx.com\/index.php\/2023\/06\/02\/salgamos-a-votar\/","name":"SALGAMOS A VOTAR -","isPartOf":{"@id":"https:\/\/continuamosmx.com\/#website"},"primaryImageOfPage":{"@id":"https:\/\/continuamosmx.com\/index.php\/2023\/06\/02\/salgamos-a-votar\/#primaryimage"},"image":{"@id":"https:\/\/continuamosmx.com\/index.php\/2023\/06\/02\/salgamos-a-votar\/#primaryimage"},"thumbnailUrl":"https:\/\/continuamosmx.com\/wp-content\/uploads\/2023\/06\/VOTAR-OK.png","datePublished":"2023-06-02T23:53:00+00:00","dateModified":"2023-06-02T23:53:01+00:00","breadcrumb":{"@id":"https:\/\/continuamosmx.com\/index.php\/2023\/06\/02\/salgamos-a-votar\/#breadcrumb"},"inLanguage":"es","potentialAction":[{"@type":"ReadAction","target":["https:\/\/continuamosmx.com\/index.php\/2023\/06\/02\/salgamos-a-votar\/"]}]},{"@type":"ImageObject","inLanguage":"es","@id":"https:\/\/continuamosmx.com\/index.php\/2023\/06\/02\/salgamos-a-votar\/#primaryimage","url":"https:\/\/continuamosmx.com\/wp-content\/uploads\/2023\/06\/VOTAR-OK.png","contentUrl":"https:\/\/continuamosmx.com\/wp-content\/uploads\/2023\/06\/VOTAR-OK.png","width":729,"height":494},{"@type":"BreadcrumbList","@id":"https:\/\/continuamosmx.com\/index.php\/2023\/06\/02\/salgamos-a-votar\/#breadcrumb","itemListElement":[{"@type":"ListItem","position":1,"name":"Inicio","item":"https:\/\/continuamosmx.com\/"},{"@type":"ListItem","position":2,"name":"SALGAMOS A VOTAR"}]},{"@type":"WebSite","@id":"https:\/\/continuamosmx.com\/#website","url":"https:\/\/continuamosmx.com\/","name":"www.continuamosmx.com","description":"","publisher":{"@id":"https:\/\/continuamosmx.com\/#organization"},"potentialAction":[{"@type":"SearchAction","target":{"@type":"EntryPoint","urlTemplate":"https:\/\/continuamosmx.com\/?s={search_term_string}"},"query-input":{"@type":"PropertyValueSpecification","valueRequired":true,"valueName":"search_term_string"}}],"inLanguage":"es"},{"@type":"Organization","@id":"https:\/\/continuamosmx.com\/#organization","name":"ContinuamosMX","url":"https:\/\/continuamosmx.com\/","logo":{"@type":"ImageObject","inLanguage":"es","@id":"https:\/\/continuamosmx.com\/#\/schema\/logo\/image\/","url":"https:\/\/continuamosmx.com\/wp-content\/uploads\/2023\/04\/cropped-LOGO-CONTI-NUEVO.png","contentUrl":"https:\/\/continuamosmx.com\/wp-content\/uploads\/2023\/04\/cropped-LOGO-CONTI-NUEVO.png","width":1257,"height":430,"caption":"ContinuamosMX"},"image":{"@id":"https:\/\/continuamosmx.com\/#\/schema\/logo\/image\/"}},{"@type":"Person","@id":"https:\/\/continuamosmx.com\/#\/schema\/person\/5eb5356acb1fad784da407d14f0e8d89","name":"Continuamos MX","image":{"@type":"ImageObject","inLanguage":"es","@id":"https:\/\/secure.gravatar.com\/avatar\/30d4f9723476a15f4da34d35fb3501f08d2357016c76051c6a85c354c7489589?s=96&d=mm&r=g","url":"https:\/\/secure.gravatar.com\/avatar\/30d4f9723476a15f4da34d35fb3501f08d2357016c76051c6a85c354c7489589?s=96&d=mm&r=g","contentUrl":"https:\/\/secure.gravatar.com\/avatar\/30d4f9723476a15f4da34d35fb3501f08d2357016c76051c6a85c354c7489589?s=96&d=mm&r=g","caption":"Continuamos MX"},"sameAs":["http:\/\/www.continuamos.mx"],"url":"https:\/\/continuamosmx.com\/index.php\/author\/continuamos\/"}]}},"_links":{"self":[{"href":"https:\/\/continuamosmx.com\/index.php\/wp-json\/wp\/v2\/posts\/43778","targetHints":{"allow":["GET"]}}],"collection":[{"href":"https:\/\/continuamosmx.com\/index.php\/wp-json\/wp\/v2\/posts"}],"about":[{"href":"https:\/\/continuamosmx.com\/index.php\/wp-json\/wp\/v2\/types\/post"}],"author":[{"embeddable":true,"href":"https:\/\/continuamosmx.com\/index.php\/wp-json\/wp\/v2\/users\/6"}],"replies":[{"embeddable":true,"href":"https:\/\/continuamosmx.com\/index.php\/wp-json\/wp\/v2\/comments?post=43778"}],"version-history":[{"count":1,"href":"https:\/\/continuamosmx.com\/index.php\/wp-json\/wp\/v2\/posts\/43778\/revisions"}],"predecessor-version":[{"id":43780,"href":"https:\/\/continuamosmx.com\/index.php\/wp-json\/wp\/v2\/posts\/43778\/revisions\/43780"}],"wp:featuredmedia":[{"embeddable":true,"href":"https:\/\/continuamosmx.com\/index.php\/wp-json\/wp\/v2\/media\/43779"}],"wp:attachment":[{"href":"https:\/\/continuamosmx.com\/index.php\/wp-json\/wp\/v2\/media?parent=43778"}],"wp:term":[{"taxonomy":"category","embeddable":true,"href":"https:\/\/continuamosmx.com\/index.php\/wp-json\/wp\/v2\/categories?post=43778"},{"taxonomy":"post_tag","embeddable":true,"href":"https:\/\/continuamosmx.com\/index.php\/wp-json\/wp\/v2\/tags?post=43778"}],"curies":[{"name":"wp","href":"https:\/\/api.w.org\/{rel}","templated":true}]}}