{"id":43775,"date":"2023-06-02T23:46:01","date_gmt":"2023-06-02T23:46:01","guid":{"rendered":"https:\/\/continuamosmx.com\/?p=43775"},"modified":"2023-06-02T23:46:02","modified_gmt":"2023-06-02T23:46:02","slug":"alumnos-en-riesgo-por-dano-estructural-por-s-17","status":"publish","type":"post","link":"https:\/\/continuamosmx.com\/index.php\/2023\/06\/02\/alumnos-en-riesgo-por-dano-estructural-por-s-17\/","title":{"rendered":"ALUMNOS EN RIESGO POR DA\u00d1O ESTRUCTURAL POR S-17"},"content":{"rendered":"\n<p><strong>Padres de familia se manifestaron porque IMIFE, en cinco a\u00f1os no ha sido concluyente en sus estudios y proyectos por lo que temen una tragedia.<\/strong><\/p>\n\n\n\n<p>REDACCI\u00d3N.<\/p>\n\n\n\n<p>ACOLMAN, M\u00e9x.- Padres de familia de la primaria Wenceslao S\u00e1nchez de la Barquera, ubicada en la comunidad de Tepexpan en el municipio de Acolman, salieron a las calles para exigir al gobierno estatal por medio del Instituto Mexiquense de Infraestructura F\u00edsica Educativa (IMIFE), el dictamen y en su caso la rehabilitaci\u00f3n de ocho salones que registran da\u00f1o estructural derivado del S-17 y por la construcci\u00f3n de un segundo nivel.<\/p>\n\n\n\n<p>Cansados de promesas, constantes evasivas y de funcionarios de escritorio del gobierno mexiquense pertenecientes al IMIFE, padres de familia de la instituci\u00f3n educativa tras no ser escuchados en sus demandas, poco despu\u00e9s de las nueve de la ma\u00f1ana de hoy, decidieron impedir el paso en el crucero de Tepexpan para exigir al gobierno estatal se atienda el da\u00f1o estructural en ocho salones de la instituci\u00f3n, en donde corren riesgo educandos de tres grupos de segundo grado, tres de tercero y dos grupos de cuarto grado, para un total de ocho salones.<\/p>\n\n\n\n<p>Dicha medida de presi\u00f3n se agudizo, luego de que los padres de familia conocieran que, de acuerdo con el Dictamen de Estabilidad y Seguridad Estructural, que ellos mismos financiaron mediante la sociedad de padres de familia, se\u00f1ala que el numero de aulas antes mencionadas son de alto riesgo para la poblaci\u00f3n escolar, confirmando el da\u00f1o estructural derivado por el sismo del 2017, as\u00ed como por la realizaci\u00f3n de una obra civil en el segundo nivel de dichos espacios educativos.<\/p>\n\n\n\n<p>Los al menos 80 padres de familia que dieron a conocer sus exigencias con el cierre de vialidad por cerca de tres horas resaltaron que al paso de cinco a\u00f1os, \u201cfuncionarios del \u00e1mbito estatal\u201d, han levantado escritos y solo escritos sin que realmente se anteponga la seguridad e integridad f\u00edsica de los menores y de la comunidad escolar entera.<\/p>\n\n\n\n<p>Bajo este orden de ideas, demandaron tanto a las autoridades educativas como del IMIFE, para que intervengan en beneficio de los 628 alumnos del turno matutino y los 260 que asisten en el turno vespertino en mencionada primaria.<\/p>\n\n\n\n<p>Lo anterior lo resaltaron tras recordar que la dependencia mexiquense de garantizar que los espacios educativos son seguros ante una posible falla estructural, ha sido omisa en sus funciones y que ejemplo de lo anterior es un proyecto que data del 2018 y que hasta la fecha sigue inconcluso, donde a decir por la representante de dicho instituto, que en la actualidad carece tanto de papeler\u00eda, personal, equipo de c\u00f3mputo y autom\u00f3vil para desarrollar sus funciones y que son atribuibles al proceso electoral.<\/p>\n\n\n\n<p>Finalmente, los manifestantes levantaron el bloqueo poco despu\u00e9s del mediod\u00eda, no sin antes advertir que regresaran a las calles si la dependencia estatal involucrada y las educativas propias, intervienen para garantizar la seguridad del inmueble y con ello alejar el riesgo de una tragedia en donde se vean perjudicados los alumnos y trabajadores que laboran en la instituci\u00f3n educativa.<\/p>\n","protected":false},"excerpt":{"rendered":"<p>Padres de familia se manifestaron porque IMIFE, en cinco a\u00f1os no ha sido concluyente en sus estudios y proyectos por lo que temen una tragedia. REDACCI\u00d3N. ACOLMAN, M\u00e9x.- Padres de familia de la primaria Wenceslao S\u00e1nchez de la Barquera, ubicada en la comunidad de Tepexpan en el municipio de Acolman, salieron a las calles para [&hellip;]<\/p>\n","protected":false},"author":6,"featured_media":43776,"comment_status":"open","ping_status":"open","sticky":false,"template":"","format":"standard","meta":{"footnotes":""},"categories":[13,4],"tags":[],"class_list":["post-43775","post","type-post","status-publish","format-standard","has-post-thumbnail","hentry","category-acolman","category-locales"],"yoast_head":"<!-- This site is optimized with the Yoast SEO plugin v27.5 - https:\/\/yoast.com\/product\/yoast-seo-wordpress\/ -->\n<title>ALUMNOS EN RIESGO POR DA\u00d1O ESTRUCTURAL POR S-17 -<\/title>\n<meta name=\"robots\" content=\"index, follow, max-snippet:-1, max-image-preview:large, max-video-preview:-1\" \/>\n<link rel=\"canonical\" href=\"https:\/\/continuamosmx.com\/index.php\/2023\/06\/02\/alumnos-en-riesgo-por-dano-estructural-por-s-17\/\" \/>\n<meta property=\"og:locale\" content=\"es_ES\" \/>\n<meta property=\"og:type\" content=\"article\" \/>\n<meta property=\"og:title\" content=\"ALUMNOS EN RIESGO POR DA\u00d1O ESTRUCTURAL POR S-17 -\" \/>\n<meta property=\"og:description\" content=\"Padres de familia se manifestaron porque IMIFE, en cinco a\u00f1os no ha sido concluyente en sus estudios y proyectos por lo que temen una tragedia. REDACCI\u00d3N. ACOLMAN, M\u00e9x.- Padres de familia de la primaria Wenceslao S\u00e1nchez de la Barquera, ubicada en la comunidad de Tepexpan en el municipio de Acolman, salieron a las calles para [&hellip;]\" \/>\n<meta property=\"og:url\" content=\"https:\/\/continuamosmx.com\/index.php\/2023\/06\/02\/alumnos-en-riesgo-por-dano-estructural-por-s-17\/\" \/>\n<meta property=\"article:published_time\" content=\"2023-06-02T23:46:01+00:00\" \/>\n<meta property=\"article:modified_time\" content=\"2023-06-02T23:46:02+00:00\" \/>\n<meta property=\"og:image\" content=\"https:\/\/continuamosmx.com\/wp-content\/uploads\/2023\/06\/ninos.jpg\" \/>\n\t<meta property=\"og:image:width\" content=\"720\" \/>\n\t<meta property=\"og:image:height\" content=\"540\" \/>\n\t<meta property=\"og:image:type\" content=\"image\/jpeg\" \/>\n<meta name=\"author\" content=\"Continuamos MX\" \/>\n<meta name=\"twitter:card\" content=\"summary_large_image\" \/>\n<meta name=\"twitter:label1\" content=\"Escrito por\" \/>\n\t<meta name=\"twitter:data1\" content=\"Continuamos MX\" \/>\n\t<meta name=\"twitter:label2\" content=\"Tiempo de lectura\" \/>\n\t<meta name=\"twitter:data2\" content=\"3 minutos\" \/>\n<script type=\"application\/ld+json\" class=\"yoast-schema-graph\">{\"@context\":\"https:\\\/\\\/schema.org\",\"@graph\":[{\"@type\":\"Article\",\"@id\":\"https:\\\/\\\/continuamosmx.com\\\/index.php\\\/2023\\\/06\\\/02\\\/alumnos-en-riesgo-por-dano-estructural-por-s-17\\\/#article\",\"isPartOf\":{\"@id\":\"https:\\\/\\\/continuamosmx.com\\\/index.php\\\/2023\\\/06\\\/02\\\/alumnos-en-riesgo-por-dano-estructural-por-s-17\\\/\"},\"author\":{\"name\":\"Continuamos MX\",\"@id\":\"https:\\\/\\\/continuamosmx.com\\\/#\\\/schema\\\/person\\\/5eb5356acb1fad784da407d14f0e8d89\"},\"headline\":\"ALUMNOS EN RIESGO POR DA\u00d1O ESTRUCTURAL POR S-17\",\"datePublished\":\"2023-06-02T23:46:01+00:00\",\"dateModified\":\"2023-06-02T23:46:02+00:00\",\"mainEntityOfPage\":{\"@id\":\"https:\\\/\\\/continuamosmx.com\\\/index.php\\\/2023\\\/06\\\/02\\\/alumnos-en-riesgo-por-dano-estructural-por-s-17\\\/\"},\"wordCount\":535,\"commentCount\":0,\"publisher\":{\"@id\":\"https:\\\/\\\/continuamosmx.com\\\/#organization\"},\"image\":{\"@id\":\"https:\\\/\\\/continuamosmx.com\\\/index.php\\\/2023\\\/06\\\/02\\\/alumnos-en-riesgo-por-dano-estructural-por-s-17\\\/#primaryimage\"},\"thumbnailUrl\":\"https:\\\/\\\/continuamosmx.com\\\/wp-content\\\/uploads\\\/2023\\\/06\\\/ninos.jpg\",\"articleSection\":[\"ACOLMAN\",\"LOCALES\"],\"inLanguage\":\"es\"},{\"@type\":\"WebPage\",\"@id\":\"https:\\\/\\\/continuamosmx.com\\\/index.php\\\/2023\\\/06\\\/02\\\/alumnos-en-riesgo-por-dano-estructural-por-s-17\\\/\",\"url\":\"https:\\\/\\\/continuamosmx.com\\\/index.php\\\/2023\\\/06\\\/02\\\/alumnos-en-riesgo-por-dano-estructural-por-s-17\\\/\",\"name\":\"ALUMNOS EN RIESGO POR DA\u00d1O ESTRUCTURAL POR S-17 -\",\"isPartOf\":{\"@id\":\"https:\\\/\\\/continuamosmx.com\\\/#website\"},\"primaryImageOfPage\":{\"@id\":\"https:\\\/\\\/continuamosmx.com\\\/index.php\\\/2023\\\/06\\\/02\\\/alumnos-en-riesgo-por-dano-estructural-por-s-17\\\/#primaryimage\"},\"image\":{\"@id\":\"https:\\\/\\\/continuamosmx.com\\\/index.php\\\/2023\\\/06\\\/02\\\/alumnos-en-riesgo-por-dano-estructural-por-s-17\\\/#primaryimage\"},\"thumbnailUrl\":\"https:\\\/\\\/continuamosmx.com\\\/wp-content\\\/uploads\\\/2023\\\/06\\\/ninos.jpg\",\"datePublished\":\"2023-06-02T23:46:01+00:00\",\"dateModified\":\"2023-06-02T23:46:02+00:00\",\"breadcrumb\":{\"@id\":\"https:\\\/\\\/continuamosmx.com\\\/index.php\\\/2023\\\/06\\\/02\\\/alumnos-en-riesgo-por-dano-estructural-por-s-17\\\/#breadcrumb\"},\"inLanguage\":\"es\",\"potentialAction\":[{\"@type\":\"ReadAction\",\"target\":[\"https:\\\/\\\/continuamosmx.com\\\/index.php\\\/2023\\\/06\\\/02\\\/alumnos-en-riesgo-por-dano-estructural-por-s-17\\\/\"]}]},{\"@type\":\"ImageObject\",\"inLanguage\":\"es\",\"@id\":\"https:\\\/\\\/continuamosmx.com\\\/index.php\\\/2023\\\/06\\\/02\\\/alumnos-en-riesgo-por-dano-estructural-por-s-17\\\/#primaryimage\",\"url\":\"https:\\\/\\\/continuamosmx.com\\\/wp-content\\\/uploads\\\/2023\\\/06\\\/ninos.jpg\",\"contentUrl\":\"https:\\\/\\\/continuamosmx.com\\\/wp-content\\\/uploads\\\/2023\\\/06\\\/ninos.jpg\",\"width\":720,\"height\":540},{\"@type\":\"BreadcrumbList\",\"@id\":\"https:\\\/\\\/continuamosmx.com\\\/index.php\\\/2023\\\/06\\\/02\\\/alumnos-en-riesgo-por-dano-estructural-por-s-17\\\/#breadcrumb\",\"itemListElement\":[{\"@type\":\"ListItem\",\"position\":1,\"name\":\"Inicio\",\"item\":\"https:\\\/\\\/continuamosmx.com\\\/\"},{\"@type\":\"ListItem\",\"position\":2,\"name\":\"ALUMNOS EN RIESGO POR DA\u00d1O ESTRUCTURAL POR S-17\"}]},{\"@type\":\"WebSite\",\"@id\":\"https:\\\/\\\/continuamosmx.com\\\/#website\",\"url\":\"https:\\\/\\\/continuamosmx.com\\\/\",\"name\":\"www.continuamosmx.com\",\"description\":\"\",\"publisher\":{\"@id\":\"https:\\\/\\\/continuamosmx.com\\\/#organization\"},\"potentialAction\":[{\"@type\":\"SearchAction\",\"target\":{\"@type\":\"EntryPoint\",\"urlTemplate\":\"https:\\\/\\\/continuamosmx.com\\\/?s={search_term_string}\"},\"query-input\":{\"@type\":\"PropertyValueSpecification\",\"valueRequired\":true,\"valueName\":\"search_term_string\"}}],\"inLanguage\":\"es\"},{\"@type\":\"Organization\",\"@id\":\"https:\\\/\\\/continuamosmx.com\\\/#organization\",\"name\":\"ContinuamosMX\",\"url\":\"https:\\\/\\\/continuamosmx.com\\\/\",\"logo\":{\"@type\":\"ImageObject\",\"inLanguage\":\"es\",\"@id\":\"https:\\\/\\\/continuamosmx.com\\\/#\\\/schema\\\/logo\\\/image\\\/\",\"url\":\"https:\\\/\\\/continuamosmx.com\\\/wp-content\\\/uploads\\\/2023\\\/04\\\/cropped-LOGO-CONTI-NUEVO.png\",\"contentUrl\":\"https:\\\/\\\/continuamosmx.com\\\/wp-content\\\/uploads\\\/2023\\\/04\\\/cropped-LOGO-CONTI-NUEVO.png\",\"width\":1257,\"height\":430,\"caption\":\"ContinuamosMX\"},\"image\":{\"@id\":\"https:\\\/\\\/continuamosmx.com\\\/#\\\/schema\\\/logo\\\/image\\\/\"}},{\"@type\":\"Person\",\"@id\":\"https:\\\/\\\/continuamosmx.com\\\/#\\\/schema\\\/person\\\/5eb5356acb1fad784da407d14f0e8d89\",\"name\":\"Continuamos MX\",\"image\":{\"@type\":\"ImageObject\",\"inLanguage\":\"es\",\"@id\":\"https:\\\/\\\/secure.gravatar.com\\\/avatar\\\/30d4f9723476a15f4da34d35fb3501f08d2357016c76051c6a85c354c7489589?s=96&d=mm&r=g\",\"url\":\"https:\\\/\\\/secure.gravatar.com\\\/avatar\\\/30d4f9723476a15f4da34d35fb3501f08d2357016c76051c6a85c354c7489589?s=96&d=mm&r=g\",\"contentUrl\":\"https:\\\/\\\/secure.gravatar.com\\\/avatar\\\/30d4f9723476a15f4da34d35fb3501f08d2357016c76051c6a85c354c7489589?s=96&d=mm&r=g\",\"caption\":\"Continuamos MX\"},\"sameAs\":[\"http:\\\/\\\/www.continuamos.mx\"],\"url\":\"https:\\\/\\\/continuamosmx.com\\\/index.php\\\/author\\\/continuamos\\\/\"}]}<\/script>\n<!-- \/ Yoast SEO plugin. -->","yoast_head_json":{"title":"ALUMNOS EN RIESGO POR DA\u00d1O ESTRUCTURAL POR S-17 -","robots":{"index":"index","follow":"follow","max-snippet":"max-snippet:-1","max-image-preview":"max-image-preview:large","max-video-preview":"max-video-preview:-1"},"canonical":"https:\/\/continuamosmx.com\/index.php\/2023\/06\/02\/alumnos-en-riesgo-por-dano-estructural-por-s-17\/","og_locale":"es_ES","og_type":"article","og_title":"ALUMNOS EN RIESGO POR DA\u00d1O ESTRUCTURAL POR S-17 -","og_description":"Padres de familia se manifestaron porque IMIFE, en cinco a\u00f1os no ha sido concluyente en sus estudios y proyectos por lo que temen una tragedia. REDACCI\u00d3N. ACOLMAN, M\u00e9x.- Padres de familia de la primaria Wenceslao S\u00e1nchez de la Barquera, ubicada en la comunidad de Tepexpan en el municipio de Acolman, salieron a las calles para [&hellip;]","og_url":"https:\/\/continuamosmx.com\/index.php\/2023\/06\/02\/alumnos-en-riesgo-por-dano-estructural-por-s-17\/","article_published_time":"2023-06-02T23:46:01+00:00","article_modified_time":"2023-06-02T23:46:02+00:00","og_image":[{"width":720,"height":540,"url":"https:\/\/continuamosmx.com\/wp-content\/uploads\/2023\/06\/ninos.jpg","type":"image\/jpeg"}],"author":"Continuamos MX","twitter_card":"summary_large_image","twitter_misc":{"Escrito por":"Continuamos MX","Tiempo de lectura":"3 minutos"},"schema":{"@context":"https:\/\/schema.org","@graph":[{"@type":"Article","@id":"https:\/\/continuamosmx.com\/index.php\/2023\/06\/02\/alumnos-en-riesgo-por-dano-estructural-por-s-17\/#article","isPartOf":{"@id":"https:\/\/continuamosmx.com\/index.php\/2023\/06\/02\/alumnos-en-riesgo-por-dano-estructural-por-s-17\/"},"author":{"name":"Continuamos MX","@id":"https:\/\/continuamosmx.com\/#\/schema\/person\/5eb5356acb1fad784da407d14f0e8d89"},"headline":"ALUMNOS EN RIESGO POR DA\u00d1O ESTRUCTURAL POR S-17","datePublished":"2023-06-02T23:46:01+00:00","dateModified":"2023-06-02T23:46:02+00:00","mainEntityOfPage":{"@id":"https:\/\/continuamosmx.com\/index.php\/2023\/06\/02\/alumnos-en-riesgo-por-dano-estructural-por-s-17\/"},"wordCount":535,"commentCount":0,"publisher":{"@id":"https:\/\/continuamosmx.com\/#organization"},"image":{"@id":"https:\/\/continuamosmx.com\/index.php\/2023\/06\/02\/alumnos-en-riesgo-por-dano-estructural-por-s-17\/#primaryimage"},"thumbnailUrl":"https:\/\/continuamosmx.com\/wp-content\/uploads\/2023\/06\/ninos.jpg","articleSection":["ACOLMAN","LOCALES"],"inLanguage":"es"},{"@type":"WebPage","@id":"https:\/\/continuamosmx.com\/index.php\/2023\/06\/02\/alumnos-en-riesgo-por-dano-estructural-por-s-17\/","url":"https:\/\/continuamosmx.com\/index.php\/2023\/06\/02\/alumnos-en-riesgo-por-dano-estructural-por-s-17\/","name":"ALUMNOS EN RIESGO POR DA\u00d1O ESTRUCTURAL POR S-17 -","isPartOf":{"@id":"https:\/\/continuamosmx.com\/#website"},"primaryImageOfPage":{"@id":"https:\/\/continuamosmx.com\/index.php\/2023\/06\/02\/alumnos-en-riesgo-por-dano-estructural-por-s-17\/#primaryimage"},"image":{"@id":"https:\/\/continuamosmx.com\/index.php\/2023\/06\/02\/alumnos-en-riesgo-por-dano-estructural-por-s-17\/#primaryimage"},"thumbnailUrl":"https:\/\/continuamosmx.com\/wp-content\/uploads\/2023\/06\/ninos.jpg","datePublished":"2023-06-02T23:46:01+00:00","dateModified":"2023-06-02T23:46:02+00:00","breadcrumb":{"@id":"https:\/\/continuamosmx.com\/index.php\/2023\/06\/02\/alumnos-en-riesgo-por-dano-estructural-por-s-17\/#breadcrumb"},"inLanguage":"es","potentialAction":[{"@type":"ReadAction","target":["https:\/\/continuamosmx.com\/index.php\/2023\/06\/02\/alumnos-en-riesgo-por-dano-estructural-por-s-17\/"]}]},{"@type":"ImageObject","inLanguage":"es","@id":"https:\/\/continuamosmx.com\/index.php\/2023\/06\/02\/alumnos-en-riesgo-por-dano-estructural-por-s-17\/#primaryimage","url":"https:\/\/continuamosmx.com\/wp-content\/uploads\/2023\/06\/ninos.jpg","contentUrl":"https:\/\/continuamosmx.com\/wp-content\/uploads\/2023\/06\/ninos.jpg","width":720,"height":540},{"@type":"BreadcrumbList","@id":"https:\/\/continuamosmx.com\/index.php\/2023\/06\/02\/alumnos-en-riesgo-por-dano-estructural-por-s-17\/#breadcrumb","itemListElement":[{"@type":"ListItem","position":1,"name":"Inicio","item":"https:\/\/continuamosmx.com\/"},{"@type":"ListItem","position":2,"name":"ALUMNOS EN RIESGO POR DA\u00d1O ESTRUCTURAL POR S-17"}]},{"@type":"WebSite","@id":"https:\/\/continuamosmx.com\/#website","url":"https:\/\/continuamosmx.com\/","name":"www.continuamosmx.com","description":"","publisher":{"@id":"https:\/\/continuamosmx.com\/#organization"},"potentialAction":[{"@type":"SearchAction","target":{"@type":"EntryPoint","urlTemplate":"https:\/\/continuamosmx.com\/?s={search_term_string}"},"query-input":{"@type":"PropertyValueSpecification","valueRequired":true,"valueName":"search_term_string"}}],"inLanguage":"es"},{"@type":"Organization","@id":"https:\/\/continuamosmx.com\/#organization","name":"ContinuamosMX","url":"https:\/\/continuamosmx.com\/","logo":{"@type":"ImageObject","inLanguage":"es","@id":"https:\/\/continuamosmx.com\/#\/schema\/logo\/image\/","url":"https:\/\/continuamosmx.com\/wp-content\/uploads\/2023\/04\/cropped-LOGO-CONTI-NUEVO.png","contentUrl":"https:\/\/continuamosmx.com\/wp-content\/uploads\/2023\/04\/cropped-LOGO-CONTI-NUEVO.png","width":1257,"height":430,"caption":"ContinuamosMX"},"image":{"@id":"https:\/\/continuamosmx.com\/#\/schema\/logo\/image\/"}},{"@type":"Person","@id":"https:\/\/continuamosmx.com\/#\/schema\/person\/5eb5356acb1fad784da407d14f0e8d89","name":"Continuamos MX","image":{"@type":"ImageObject","inLanguage":"es","@id":"https:\/\/secure.gravatar.com\/avatar\/30d4f9723476a15f4da34d35fb3501f08d2357016c76051c6a85c354c7489589?s=96&d=mm&r=g","url":"https:\/\/secure.gravatar.com\/avatar\/30d4f9723476a15f4da34d35fb3501f08d2357016c76051c6a85c354c7489589?s=96&d=mm&r=g","contentUrl":"https:\/\/secure.gravatar.com\/avatar\/30d4f9723476a15f4da34d35fb3501f08d2357016c76051c6a85c354c7489589?s=96&d=mm&r=g","caption":"Continuamos MX"},"sameAs":["http:\/\/www.continuamos.mx"],"url":"https:\/\/continuamosmx.com\/index.php\/author\/continuamos\/"}]}},"_links":{"self":[{"href":"https:\/\/continuamosmx.com\/index.php\/wp-json\/wp\/v2\/posts\/43775","targetHints":{"allow":["GET"]}}],"collection":[{"href":"https:\/\/continuamosmx.com\/index.php\/wp-json\/wp\/v2\/posts"}],"about":[{"href":"https:\/\/continuamosmx.com\/index.php\/wp-json\/wp\/v2\/types\/post"}],"author":[{"embeddable":true,"href":"https:\/\/continuamosmx.com\/index.php\/wp-json\/wp\/v2\/users\/6"}],"replies":[{"embeddable":true,"href":"https:\/\/continuamosmx.com\/index.php\/wp-json\/wp\/v2\/comments?post=43775"}],"version-history":[{"count":1,"href":"https:\/\/continuamosmx.com\/index.php\/wp-json\/wp\/v2\/posts\/43775\/revisions"}],"predecessor-version":[{"id":43777,"href":"https:\/\/continuamosmx.com\/index.php\/wp-json\/wp\/v2\/posts\/43775\/revisions\/43777"}],"wp:featuredmedia":[{"embeddable":true,"href":"https:\/\/continuamosmx.com\/index.php\/wp-json\/wp\/v2\/media\/43776"}],"wp:attachment":[{"href":"https:\/\/continuamosmx.com\/index.php\/wp-json\/wp\/v2\/media?parent=43775"}],"wp:term":[{"taxonomy":"category","embeddable":true,"href":"https:\/\/continuamosmx.com\/index.php\/wp-json\/wp\/v2\/categories?post=43775"},{"taxonomy":"post_tag","embeddable":true,"href":"https:\/\/continuamosmx.com\/index.php\/wp-json\/wp\/v2\/tags?post=43775"}],"curies":[{"name":"wp","href":"https:\/\/api.w.org\/{rel}","templated":true}]}}