{"id":43771,"date":"2023-06-02T04:57:33","date_gmt":"2023-06-02T04:57:33","guid":{"rendered":"https:\/\/continuamosmx.com\/?p=43771"},"modified":"2023-06-02T04:57:34","modified_gmt":"2023-06-02T04:57:34","slug":"habra-ley-seca-en-atizapan-de-zaragoza-con-motivo-de-la-eleccion-en-el-estado-de-mexico","status":"publish","type":"post","link":"https:\/\/continuamosmx.com\/index.php\/2023\/06\/02\/habra-ley-seca-en-atizapan-de-zaragoza-con-motivo-de-la-eleccion-en-el-estado-de-mexico\/","title":{"rendered":"HABR\u00c1 \u201cLEY SECA\u201d EN ATIZAP\u00c1N DE ZARAGOZA CON MOTIVO DE LA ELECCI\u00d3N EN EL ESTADO DE M\u00c9XICO"},"content":{"rendered":"\n<p>*Empieza a partir del 2 de junio<\/p>\n\n\n\n<p>ATIZAP\u00c1N, M\u00e9x.- Con motivo de la elecci\u00f3n constitucional a la gubernatura del Estado de M\u00e9xico, que se llevar\u00e1 a cabo este domingo, el Gobierno de Atizap\u00e1n de Zaragoza, a trav\u00e9s de la Subdirecci\u00f3n de Normatividad y Verificaci\u00f3n, adscrita a la Tesorer\u00eda Municipal, anunci\u00f3 la suspensi\u00f3n de la venta de bebidas alcoh\u00f3licas en su territorio desde el primer minuto del viernes 2 de junio, 00:01 horas, al \u00faltimo minuto del domingo 4 de junio, a las 24:00 horas.<\/p>\n\n\n\n<p>De esta forma, la Administraci\u00f3n local se apega a lo dispuesto en la Constituci\u00f3n Pol\u00edtica de los Estados Unidos Mexicanos y en la Constituci\u00f3n Pol\u00edtica del Estado Libre y Soberano de M\u00e9xico, as\u00ed como lo que marca sobre la materia el C\u00f3digo de Procedimientos Administrativos del Estado de M\u00e9xico, su Reglamento Org\u00e1nico y Bando municipales, y dem\u00e1s ordenamientos relativos y aplicables del Reglamento Municipal del Comercio, la Industria, la Prestaci\u00f3n de Servicios, Espect\u00e1culos, Anuncios y V\u00eda P\u00fablica de Atizap\u00e1n de Zaragoza con la finalidad de mantener el orden p\u00fablico y garantizar una jornada electoral libre de alteraciones.<\/p>\n\n\n\n<p>La prohibici\u00f3n ordenada es aplicable, sin excepci\u00f3n alguna, a las unidades econ\u00f3micas con actividad de restaurantes bar, bares, cantinas, discotecas, videobares, pulquer\u00edas, centros nocturnos, centros botaneros, salones de fiestas, marisquer\u00edas, taquer\u00edas, teatros, auditorios, salas de cine, clubes privados, restaurantes, loncher\u00edas, fondas, bailes p\u00fablicos, tiendas de autoservicio, tiendas, minis\u00faper y toda la actividad econ\u00f3mica an\u00e1loga a la venta y distribuci\u00f3n de bebidas alcoh\u00f3licas en todas sus modalidades.<\/p>\n\n\n\n<p>Con esta medida, se busca mantener una comunidad con paz social y crear un ambiente propicio para el libre ejercicio del voto ciudadano.<\/p>\n\n\n\n<p>De acuerdo con la Junta Local del Instituto Nacional Electoral (INE), en el Estado de M\u00e9xico, la Lista Nominal de Electores contempla un padr\u00f3n que supera los 12.5 millones de personas en los 125 municipios del Estado de M\u00e9xico.<\/p>\n","protected":false},"excerpt":{"rendered":"<p>*Empieza a partir del 2 de junio ATIZAP\u00c1N, M\u00e9x.- Con motivo de la elecci\u00f3n constitucional a la gubernatura del Estado de M\u00e9xico, que se llevar\u00e1 a cabo este domingo, el Gobierno de Atizap\u00e1n de Zaragoza, a trav\u00e9s de la Subdirecci\u00f3n de Normatividad y Verificaci\u00f3n, adscrita a la Tesorer\u00eda Municipal, anunci\u00f3 la suspensi\u00f3n de la venta [&hellip;]<\/p>\n","protected":false},"author":6,"featured_media":43772,"comment_status":"open","ping_status":"open","sticky":false,"template":"","format":"standard","meta":{"footnotes":""},"categories":[20,4],"tags":[],"class_list":["post-43771","post","type-post","status-publish","format-standard","has-post-thumbnail","hentry","category-atizapan-de-zaragoza","category-locales"],"yoast_head":"<!-- This site is optimized with the Yoast SEO plugin v27.5 - https:\/\/yoast.com\/product\/yoast-seo-wordpress\/ -->\n<title>HABR\u00c1 \u201cLEY SECA\u201d EN ATIZAP\u00c1N DE ZARAGOZA CON MOTIVO DE LA ELECCI\u00d3N EN EL ESTADO DE M\u00c9XICO -<\/title>\n<meta name=\"robots\" content=\"index, follow, max-snippet:-1, max-image-preview:large, max-video-preview:-1\" \/>\n<link rel=\"canonical\" href=\"https:\/\/continuamosmx.com\/index.php\/2023\/06\/02\/habra-ley-seca-en-atizapan-de-zaragoza-con-motivo-de-la-eleccion-en-el-estado-de-mexico\/\" \/>\n<meta property=\"og:locale\" content=\"es_ES\" \/>\n<meta property=\"og:type\" content=\"article\" \/>\n<meta property=\"og:title\" content=\"HABR\u00c1 \u201cLEY SECA\u201d EN ATIZAP\u00c1N DE ZARAGOZA CON MOTIVO DE LA ELECCI\u00d3N EN EL ESTADO DE M\u00c9XICO -\" \/>\n<meta property=\"og:description\" content=\"*Empieza a partir del 2 de junio ATIZAP\u00c1N, M\u00e9x.- Con motivo de la elecci\u00f3n constitucional a la gubernatura del Estado de M\u00e9xico, que se llevar\u00e1 a cabo este domingo, el Gobierno de Atizap\u00e1n de Zaragoza, a trav\u00e9s de la Subdirecci\u00f3n de Normatividad y Verificaci\u00f3n, adscrita a la Tesorer\u00eda Municipal, anunci\u00f3 la suspensi\u00f3n de la venta [&hellip;]\" \/>\n<meta property=\"og:url\" content=\"https:\/\/continuamosmx.com\/index.php\/2023\/06\/02\/habra-ley-seca-en-atizapan-de-zaragoza-con-motivo-de-la-eleccion-en-el-estado-de-mexico\/\" \/>\n<meta property=\"article:published_time\" content=\"2023-06-02T04:57:33+00:00\" \/>\n<meta property=\"article:modified_time\" content=\"2023-06-02T04:57:34+00:00\" \/>\n<meta property=\"og:image\" content=\"https:\/\/continuamosmx.com\/wp-content\/uploads\/2023\/06\/ley-seca.jpg\" \/>\n\t<meta property=\"og:image:width\" content=\"300\" \/>\n\t<meta property=\"og:image:height\" content=\"168\" \/>\n\t<meta property=\"og:image:type\" content=\"image\/jpeg\" \/>\n<meta name=\"author\" content=\"Continuamos MX\" \/>\n<meta name=\"twitter:card\" content=\"summary_large_image\" \/>\n<meta name=\"twitter:label1\" content=\"Escrito por\" \/>\n\t<meta name=\"twitter:data1\" content=\"Continuamos MX\" \/>\n\t<meta name=\"twitter:label2\" content=\"Tiempo de lectura\" \/>\n\t<meta name=\"twitter:data2\" content=\"2 minutos\" \/>\n<script type=\"application\/ld+json\" class=\"yoast-schema-graph\">{\"@context\":\"https:\\\/\\\/schema.org\",\"@graph\":[{\"@type\":\"Article\",\"@id\":\"https:\\\/\\\/continuamosmx.com\\\/index.php\\\/2023\\\/06\\\/02\\\/habra-ley-seca-en-atizapan-de-zaragoza-con-motivo-de-la-eleccion-en-el-estado-de-mexico\\\/#article\",\"isPartOf\":{\"@id\":\"https:\\\/\\\/continuamosmx.com\\\/index.php\\\/2023\\\/06\\\/02\\\/habra-ley-seca-en-atizapan-de-zaragoza-con-motivo-de-la-eleccion-en-el-estado-de-mexico\\\/\"},\"author\":{\"name\":\"Continuamos MX\",\"@id\":\"https:\\\/\\\/continuamosmx.com\\\/#\\\/schema\\\/person\\\/5eb5356acb1fad784da407d14f0e8d89\"},\"headline\":\"HABR\u00c1 \u201cLEY SECA\u201d EN ATIZAP\u00c1N DE ZARAGOZA CON MOTIVO DE LA ELECCI\u00d3N EN EL ESTADO DE M\u00c9XICO\",\"datePublished\":\"2023-06-02T04:57:33+00:00\",\"dateModified\":\"2023-06-02T04:57:34+00:00\",\"mainEntityOfPage\":{\"@id\":\"https:\\\/\\\/continuamosmx.com\\\/index.php\\\/2023\\\/06\\\/02\\\/habra-ley-seca-en-atizapan-de-zaragoza-con-motivo-de-la-eleccion-en-el-estado-de-mexico\\\/\"},\"wordCount\":366,\"commentCount\":0,\"publisher\":{\"@id\":\"https:\\\/\\\/continuamosmx.com\\\/#organization\"},\"image\":{\"@id\":\"https:\\\/\\\/continuamosmx.com\\\/index.php\\\/2023\\\/06\\\/02\\\/habra-ley-seca-en-atizapan-de-zaragoza-con-motivo-de-la-eleccion-en-el-estado-de-mexico\\\/#primaryimage\"},\"thumbnailUrl\":\"https:\\\/\\\/continuamosmx.com\\\/wp-content\\\/uploads\\\/2023\\\/06\\\/ley-seca.jpg\",\"articleSection\":[\"ATIZAPAN DE ZARAGOZA\",\"LOCALES\"],\"inLanguage\":\"es\"},{\"@type\":\"WebPage\",\"@id\":\"https:\\\/\\\/continuamosmx.com\\\/index.php\\\/2023\\\/06\\\/02\\\/habra-ley-seca-en-atizapan-de-zaragoza-con-motivo-de-la-eleccion-en-el-estado-de-mexico\\\/\",\"url\":\"https:\\\/\\\/continuamosmx.com\\\/index.php\\\/2023\\\/06\\\/02\\\/habra-ley-seca-en-atizapan-de-zaragoza-con-motivo-de-la-eleccion-en-el-estado-de-mexico\\\/\",\"name\":\"HABR\u00c1 \u201cLEY SECA\u201d EN ATIZAP\u00c1N DE ZARAGOZA CON MOTIVO DE LA ELECCI\u00d3N EN EL ESTADO DE M\u00c9XICO -\",\"isPartOf\":{\"@id\":\"https:\\\/\\\/continuamosmx.com\\\/#website\"},\"primaryImageOfPage\":{\"@id\":\"https:\\\/\\\/continuamosmx.com\\\/index.php\\\/2023\\\/06\\\/02\\\/habra-ley-seca-en-atizapan-de-zaragoza-con-motivo-de-la-eleccion-en-el-estado-de-mexico\\\/#primaryimage\"},\"image\":{\"@id\":\"https:\\\/\\\/continuamosmx.com\\\/index.php\\\/2023\\\/06\\\/02\\\/habra-ley-seca-en-atizapan-de-zaragoza-con-motivo-de-la-eleccion-en-el-estado-de-mexico\\\/#primaryimage\"},\"thumbnailUrl\":\"https:\\\/\\\/continuamosmx.com\\\/wp-content\\\/uploads\\\/2023\\\/06\\\/ley-seca.jpg\",\"datePublished\":\"2023-06-02T04:57:33+00:00\",\"dateModified\":\"2023-06-02T04:57:34+00:00\",\"breadcrumb\":{\"@id\":\"https:\\\/\\\/continuamosmx.com\\\/index.php\\\/2023\\\/06\\\/02\\\/habra-ley-seca-en-atizapan-de-zaragoza-con-motivo-de-la-eleccion-en-el-estado-de-mexico\\\/#breadcrumb\"},\"inLanguage\":\"es\",\"potentialAction\":[{\"@type\":\"ReadAction\",\"target\":[\"https:\\\/\\\/continuamosmx.com\\\/index.php\\\/2023\\\/06\\\/02\\\/habra-ley-seca-en-atizapan-de-zaragoza-con-motivo-de-la-eleccion-en-el-estado-de-mexico\\\/\"]}]},{\"@type\":\"ImageObject\",\"inLanguage\":\"es\",\"@id\":\"https:\\\/\\\/continuamosmx.com\\\/index.php\\\/2023\\\/06\\\/02\\\/habra-ley-seca-en-atizapan-de-zaragoza-con-motivo-de-la-eleccion-en-el-estado-de-mexico\\\/#primaryimage\",\"url\":\"https:\\\/\\\/continuamosmx.com\\\/wp-content\\\/uploads\\\/2023\\\/06\\\/ley-seca.jpg\",\"contentUrl\":\"https:\\\/\\\/continuamosmx.com\\\/wp-content\\\/uploads\\\/2023\\\/06\\\/ley-seca.jpg\",\"width\":300,\"height\":168},{\"@type\":\"BreadcrumbList\",\"@id\":\"https:\\\/\\\/continuamosmx.com\\\/index.php\\\/2023\\\/06\\\/02\\\/habra-ley-seca-en-atizapan-de-zaragoza-con-motivo-de-la-eleccion-en-el-estado-de-mexico\\\/#breadcrumb\",\"itemListElement\":[{\"@type\":\"ListItem\",\"position\":1,\"name\":\"Inicio\",\"item\":\"https:\\\/\\\/continuamosmx.com\\\/\"},{\"@type\":\"ListItem\",\"position\":2,\"name\":\"HABR\u00c1 \u201cLEY SECA\u201d EN ATIZAP\u00c1N DE ZARAGOZA CON MOTIVO DE LA ELECCI\u00d3N EN EL ESTADO DE M\u00c9XICO\"}]},{\"@type\":\"WebSite\",\"@id\":\"https:\\\/\\\/continuamosmx.com\\\/#website\",\"url\":\"https:\\\/\\\/continuamosmx.com\\\/\",\"name\":\"www.continuamosmx.com\",\"description\":\"\",\"publisher\":{\"@id\":\"https:\\\/\\\/continuamosmx.com\\\/#organization\"},\"potentialAction\":[{\"@type\":\"SearchAction\",\"target\":{\"@type\":\"EntryPoint\",\"urlTemplate\":\"https:\\\/\\\/continuamosmx.com\\\/?s={search_term_string}\"},\"query-input\":{\"@type\":\"PropertyValueSpecification\",\"valueRequired\":true,\"valueName\":\"search_term_string\"}}],\"inLanguage\":\"es\"},{\"@type\":\"Organization\",\"@id\":\"https:\\\/\\\/continuamosmx.com\\\/#organization\",\"name\":\"ContinuamosMX\",\"url\":\"https:\\\/\\\/continuamosmx.com\\\/\",\"logo\":{\"@type\":\"ImageObject\",\"inLanguage\":\"es\",\"@id\":\"https:\\\/\\\/continuamosmx.com\\\/#\\\/schema\\\/logo\\\/image\\\/\",\"url\":\"https:\\\/\\\/continuamosmx.com\\\/wp-content\\\/uploads\\\/2023\\\/04\\\/cropped-LOGO-CONTI-NUEVO.png\",\"contentUrl\":\"https:\\\/\\\/continuamosmx.com\\\/wp-content\\\/uploads\\\/2023\\\/04\\\/cropped-LOGO-CONTI-NUEVO.png\",\"width\":1257,\"height\":430,\"caption\":\"ContinuamosMX\"},\"image\":{\"@id\":\"https:\\\/\\\/continuamosmx.com\\\/#\\\/schema\\\/logo\\\/image\\\/\"}},{\"@type\":\"Person\",\"@id\":\"https:\\\/\\\/continuamosmx.com\\\/#\\\/schema\\\/person\\\/5eb5356acb1fad784da407d14f0e8d89\",\"name\":\"Continuamos MX\",\"image\":{\"@type\":\"ImageObject\",\"inLanguage\":\"es\",\"@id\":\"https:\\\/\\\/secure.gravatar.com\\\/avatar\\\/30d4f9723476a15f4da34d35fb3501f08d2357016c76051c6a85c354c7489589?s=96&d=mm&r=g\",\"url\":\"https:\\\/\\\/secure.gravatar.com\\\/avatar\\\/30d4f9723476a15f4da34d35fb3501f08d2357016c76051c6a85c354c7489589?s=96&d=mm&r=g\",\"contentUrl\":\"https:\\\/\\\/secure.gravatar.com\\\/avatar\\\/30d4f9723476a15f4da34d35fb3501f08d2357016c76051c6a85c354c7489589?s=96&d=mm&r=g\",\"caption\":\"Continuamos MX\"},\"sameAs\":[\"http:\\\/\\\/www.continuamos.mx\"],\"url\":\"https:\\\/\\\/continuamosmx.com\\\/index.php\\\/author\\\/continuamos\\\/\"}]}<\/script>\n<!-- \/ Yoast SEO plugin. -->","yoast_head_json":{"title":"HABR\u00c1 \u201cLEY SECA\u201d EN ATIZAP\u00c1N DE ZARAGOZA CON MOTIVO DE LA ELECCI\u00d3N EN EL ESTADO DE M\u00c9XICO -","robots":{"index":"index","follow":"follow","max-snippet":"max-snippet:-1","max-image-preview":"max-image-preview:large","max-video-preview":"max-video-preview:-1"},"canonical":"https:\/\/continuamosmx.com\/index.php\/2023\/06\/02\/habra-ley-seca-en-atizapan-de-zaragoza-con-motivo-de-la-eleccion-en-el-estado-de-mexico\/","og_locale":"es_ES","og_type":"article","og_title":"HABR\u00c1 \u201cLEY SECA\u201d EN ATIZAP\u00c1N DE ZARAGOZA CON MOTIVO DE LA ELECCI\u00d3N EN EL ESTADO DE M\u00c9XICO -","og_description":"*Empieza a partir del 2 de junio ATIZAP\u00c1N, M\u00e9x.- Con motivo de la elecci\u00f3n constitucional a la gubernatura del Estado de M\u00e9xico, que se llevar\u00e1 a cabo este domingo, el Gobierno de Atizap\u00e1n de Zaragoza, a trav\u00e9s de la Subdirecci\u00f3n de Normatividad y Verificaci\u00f3n, adscrita a la Tesorer\u00eda Municipal, anunci\u00f3 la suspensi\u00f3n de la venta [&hellip;]","og_url":"https:\/\/continuamosmx.com\/index.php\/2023\/06\/02\/habra-ley-seca-en-atizapan-de-zaragoza-con-motivo-de-la-eleccion-en-el-estado-de-mexico\/","article_published_time":"2023-06-02T04:57:33+00:00","article_modified_time":"2023-06-02T04:57:34+00:00","og_image":[{"width":300,"height":168,"url":"https:\/\/continuamosmx.com\/wp-content\/uploads\/2023\/06\/ley-seca.jpg","type":"image\/jpeg"}],"author":"Continuamos MX","twitter_card":"summary_large_image","twitter_misc":{"Escrito por":"Continuamos MX","Tiempo de lectura":"2 minutos"},"schema":{"@context":"https:\/\/schema.org","@graph":[{"@type":"Article","@id":"https:\/\/continuamosmx.com\/index.php\/2023\/06\/02\/habra-ley-seca-en-atizapan-de-zaragoza-con-motivo-de-la-eleccion-en-el-estado-de-mexico\/#article","isPartOf":{"@id":"https:\/\/continuamosmx.com\/index.php\/2023\/06\/02\/habra-ley-seca-en-atizapan-de-zaragoza-con-motivo-de-la-eleccion-en-el-estado-de-mexico\/"},"author":{"name":"Continuamos MX","@id":"https:\/\/continuamosmx.com\/#\/schema\/person\/5eb5356acb1fad784da407d14f0e8d89"},"headline":"HABR\u00c1 \u201cLEY SECA\u201d EN ATIZAP\u00c1N DE ZARAGOZA CON MOTIVO DE LA ELECCI\u00d3N EN EL ESTADO DE M\u00c9XICO","datePublished":"2023-06-02T04:57:33+00:00","dateModified":"2023-06-02T04:57:34+00:00","mainEntityOfPage":{"@id":"https:\/\/continuamosmx.com\/index.php\/2023\/06\/02\/habra-ley-seca-en-atizapan-de-zaragoza-con-motivo-de-la-eleccion-en-el-estado-de-mexico\/"},"wordCount":366,"commentCount":0,"publisher":{"@id":"https:\/\/continuamosmx.com\/#organization"},"image":{"@id":"https:\/\/continuamosmx.com\/index.php\/2023\/06\/02\/habra-ley-seca-en-atizapan-de-zaragoza-con-motivo-de-la-eleccion-en-el-estado-de-mexico\/#primaryimage"},"thumbnailUrl":"https:\/\/continuamosmx.com\/wp-content\/uploads\/2023\/06\/ley-seca.jpg","articleSection":["ATIZAPAN DE ZARAGOZA","LOCALES"],"inLanguage":"es"},{"@type":"WebPage","@id":"https:\/\/continuamosmx.com\/index.php\/2023\/06\/02\/habra-ley-seca-en-atizapan-de-zaragoza-con-motivo-de-la-eleccion-en-el-estado-de-mexico\/","url":"https:\/\/continuamosmx.com\/index.php\/2023\/06\/02\/habra-ley-seca-en-atizapan-de-zaragoza-con-motivo-de-la-eleccion-en-el-estado-de-mexico\/","name":"HABR\u00c1 \u201cLEY SECA\u201d EN ATIZAP\u00c1N DE ZARAGOZA CON MOTIVO DE LA ELECCI\u00d3N EN EL ESTADO DE M\u00c9XICO -","isPartOf":{"@id":"https:\/\/continuamosmx.com\/#website"},"primaryImageOfPage":{"@id":"https:\/\/continuamosmx.com\/index.php\/2023\/06\/02\/habra-ley-seca-en-atizapan-de-zaragoza-con-motivo-de-la-eleccion-en-el-estado-de-mexico\/#primaryimage"},"image":{"@id":"https:\/\/continuamosmx.com\/index.php\/2023\/06\/02\/habra-ley-seca-en-atizapan-de-zaragoza-con-motivo-de-la-eleccion-en-el-estado-de-mexico\/#primaryimage"},"thumbnailUrl":"https:\/\/continuamosmx.com\/wp-content\/uploads\/2023\/06\/ley-seca.jpg","datePublished":"2023-06-02T04:57:33+00:00","dateModified":"2023-06-02T04:57:34+00:00","breadcrumb":{"@id":"https:\/\/continuamosmx.com\/index.php\/2023\/06\/02\/habra-ley-seca-en-atizapan-de-zaragoza-con-motivo-de-la-eleccion-en-el-estado-de-mexico\/#breadcrumb"},"inLanguage":"es","potentialAction":[{"@type":"ReadAction","target":["https:\/\/continuamosmx.com\/index.php\/2023\/06\/02\/habra-ley-seca-en-atizapan-de-zaragoza-con-motivo-de-la-eleccion-en-el-estado-de-mexico\/"]}]},{"@type":"ImageObject","inLanguage":"es","@id":"https:\/\/continuamosmx.com\/index.php\/2023\/06\/02\/habra-ley-seca-en-atizapan-de-zaragoza-con-motivo-de-la-eleccion-en-el-estado-de-mexico\/#primaryimage","url":"https:\/\/continuamosmx.com\/wp-content\/uploads\/2023\/06\/ley-seca.jpg","contentUrl":"https:\/\/continuamosmx.com\/wp-content\/uploads\/2023\/06\/ley-seca.jpg","width":300,"height":168},{"@type":"BreadcrumbList","@id":"https:\/\/continuamosmx.com\/index.php\/2023\/06\/02\/habra-ley-seca-en-atizapan-de-zaragoza-con-motivo-de-la-eleccion-en-el-estado-de-mexico\/#breadcrumb","itemListElement":[{"@type":"ListItem","position":1,"name":"Inicio","item":"https:\/\/continuamosmx.com\/"},{"@type":"ListItem","position":2,"name":"HABR\u00c1 \u201cLEY SECA\u201d EN ATIZAP\u00c1N DE ZARAGOZA CON MOTIVO DE LA ELECCI\u00d3N EN EL ESTADO DE M\u00c9XICO"}]},{"@type":"WebSite","@id":"https:\/\/continuamosmx.com\/#website","url":"https:\/\/continuamosmx.com\/","name":"www.continuamosmx.com","description":"","publisher":{"@id":"https:\/\/continuamosmx.com\/#organization"},"potentialAction":[{"@type":"SearchAction","target":{"@type":"EntryPoint","urlTemplate":"https:\/\/continuamosmx.com\/?s={search_term_string}"},"query-input":{"@type":"PropertyValueSpecification","valueRequired":true,"valueName":"search_term_string"}}],"inLanguage":"es"},{"@type":"Organization","@id":"https:\/\/continuamosmx.com\/#organization","name":"ContinuamosMX","url":"https:\/\/continuamosmx.com\/","logo":{"@type":"ImageObject","inLanguage":"es","@id":"https:\/\/continuamosmx.com\/#\/schema\/logo\/image\/","url":"https:\/\/continuamosmx.com\/wp-content\/uploads\/2023\/04\/cropped-LOGO-CONTI-NUEVO.png","contentUrl":"https:\/\/continuamosmx.com\/wp-content\/uploads\/2023\/04\/cropped-LOGO-CONTI-NUEVO.png","width":1257,"height":430,"caption":"ContinuamosMX"},"image":{"@id":"https:\/\/continuamosmx.com\/#\/schema\/logo\/image\/"}},{"@type":"Person","@id":"https:\/\/continuamosmx.com\/#\/schema\/person\/5eb5356acb1fad784da407d14f0e8d89","name":"Continuamos MX","image":{"@type":"ImageObject","inLanguage":"es","@id":"https:\/\/secure.gravatar.com\/avatar\/30d4f9723476a15f4da34d35fb3501f08d2357016c76051c6a85c354c7489589?s=96&d=mm&r=g","url":"https:\/\/secure.gravatar.com\/avatar\/30d4f9723476a15f4da34d35fb3501f08d2357016c76051c6a85c354c7489589?s=96&d=mm&r=g","contentUrl":"https:\/\/secure.gravatar.com\/avatar\/30d4f9723476a15f4da34d35fb3501f08d2357016c76051c6a85c354c7489589?s=96&d=mm&r=g","caption":"Continuamos MX"},"sameAs":["http:\/\/www.continuamos.mx"],"url":"https:\/\/continuamosmx.com\/index.php\/author\/continuamos\/"}]}},"_links":{"self":[{"href":"https:\/\/continuamosmx.com\/index.php\/wp-json\/wp\/v2\/posts\/43771","targetHints":{"allow":["GET"]}}],"collection":[{"href":"https:\/\/continuamosmx.com\/index.php\/wp-json\/wp\/v2\/posts"}],"about":[{"href":"https:\/\/continuamosmx.com\/index.php\/wp-json\/wp\/v2\/types\/post"}],"author":[{"embeddable":true,"href":"https:\/\/continuamosmx.com\/index.php\/wp-json\/wp\/v2\/users\/6"}],"replies":[{"embeddable":true,"href":"https:\/\/continuamosmx.com\/index.php\/wp-json\/wp\/v2\/comments?post=43771"}],"version-history":[{"count":1,"href":"https:\/\/continuamosmx.com\/index.php\/wp-json\/wp\/v2\/posts\/43771\/revisions"}],"predecessor-version":[{"id":43773,"href":"https:\/\/continuamosmx.com\/index.php\/wp-json\/wp\/v2\/posts\/43771\/revisions\/43773"}],"wp:featuredmedia":[{"embeddable":true,"href":"https:\/\/continuamosmx.com\/index.php\/wp-json\/wp\/v2\/media\/43772"}],"wp:attachment":[{"href":"https:\/\/continuamosmx.com\/index.php\/wp-json\/wp\/v2\/media?parent=43771"}],"wp:term":[{"taxonomy":"category","embeddable":true,"href":"https:\/\/continuamosmx.com\/index.php\/wp-json\/wp\/v2\/categories?post=43771"},{"taxonomy":"post_tag","embeddable":true,"href":"https:\/\/continuamosmx.com\/index.php\/wp-json\/wp\/v2\/tags?post=43771"}],"curies":[{"name":"wp","href":"https:\/\/api.w.org\/{rel}","templated":true}]}}