{"id":43758,"date":"2023-05-31T13:02:00","date_gmt":"2023-05-31T13:02:00","guid":{"rendered":"https:\/\/continuamosmx.com\/?p=43758"},"modified":"2023-06-01T01:05:23","modified_gmt":"2023-06-01T01:05:23","slug":"el-ser-y-la-nada-8","status":"publish","type":"post","link":"https:\/\/continuamosmx.com\/index.php\/2023\/05\/31\/el-ser-y-la-nada-8\/","title":{"rendered":"EL SER Y LA NADA"},"content":{"rendered":"\n<p>Por: Fernando Lira Flores *<\/p>\n\n\n\n<p><em><strong>Y, EN EL ESTADO DE M\u00c9XICO\u2026 \u00bfD\u00d3NDE ESTA EL INTER\u00c9S POR EL PUEBLO MEXIQUENSE?<\/strong><\/em><\/p>\n\n\n\n<p>Hoy, en este art\u00edculo del <strong><u>Ser y la Nada<\/u><\/strong>, les saludo, y espero y deseo que se encuentren bien. Algunas veces, nos olvidamos de las personas que conforman una entidad federativa, municipio y hasta del pa\u00eds; y este es el caso del Estado de M\u00e9xico.<\/p>\n\n\n\n<p>Hoy d\u00eda, con las fumarolas, ceniza y consecuencias que el volc\u00e1n Popocatepetl est\u00e1 causando a los mexiquenses y los poblanos, nos damos cuenta de que lo principal son los dineros (presupuesto), y no los seres humanos que habitan en las inmediaciones del volc\u00e1n y de la poblaci\u00f3n en general del Estado de M\u00e9xico.<\/p>\n\n\n\n<p>S\u00e9 que las candidatas no han podido, ni podr\u00e1n hacer acto de presencia en esta circunstancia; sin embargo, como versa la propaganda del partido oficial mexiquense (DEFENDAMOS AL ESTADO DE M\u00c9XICO). Si, pero de los malos gobiernos como el actual que no se ve, y donde como muchos le han llamado al gobernador actual, Gasparin el fantasmita feliz, porque no aparece en escena, ni para bien ni para mal, y mucho menos en esta circunstancias tan apremiante como lo del volc\u00e1n.<\/p>\n\n\n\n<p>Entonces, si, mexiquenses hay que defender al Estado de M\u00e9xico de este tipo de gobernantes y partidos perpetuos y sistemas caducos de gobierno.<\/p>\n\n\n\n<p>Continuamos\u2026<\/p>\n\n\n\n<p>Respecto de las elecciones en el Estado de M\u00e9xico, podemos indicar que: se dijo por ah\u00ed que caballo que alcanza gana\u2026 pero, los partidos valientes no han logrado alcanzar a los morenos, ni al menos en intenci\u00f3n del voto, y mucho menos en las encuestas respecto de lo que opina la poblaci\u00f3n mexiquense de cada candidata. Recuerden que las tendencias electorales han cambiado, no se vota por un partido, se vota por la persona que representa a este partido.<\/p>\n\n\n\n<p>Evoque lector que: en 2017 al participar Juan Zepeda, el gobernador Del Mazo y Delfina G\u00f3mez fue un buen ardid del partido que representaba Zepeda para quitar votos a la morenista Delfina; sin embargo, hoy que no se distraen los votos, los partidos valientes con su candidata est\u00e1n en una situaci\u00f3n de incertidumbre.<\/p>\n\n\n\n<p>Por las encuestas, sabemos de la intensi\u00f3n del voto, pero los indecisos. \u00bfD\u00f3nde quedar\u00e1n?<\/p>\n\n\n\n<p>Me atrevo a comentar -lo que he le\u00eddo (mucho o poco)-, de lo que opinan diferentes medios, escritos y entrevistas con expertos que he escuchado lo siguiente: Ellos indican que ser\u00e1, sea despu\u00e9s de las d\u00e1divas del partido oficial, o sea como las promesas de mantener a la poblaci\u00f3n con un salario familiar -EL CUAL PAGAMOS LOS TRABAJADORES MEXIQUENSES CON NUESTROS IMPUESTOS-, la decisi\u00f3n del voto para una u otra candidata.<\/p>\n\n\n\n<p>As\u00ed que muy valiente lo es la candidata de la coalici\u00f3n por ofrecer lo que todos pagaremos a lo largo de 6 a\u00f1os y m\u00e1s. \u201cUsted ofrezca candidata. que el ofrecer no le empobrece, pero al pueblo mexiquense si lo empobrecer\u00e1\u201d.<\/p>\n\n\n\n<p>\u00a1Ah!, Pero no me llamen tendencioso solo por hablar de los valientes. Que la maestra tambi\u00e9n tiene sus bemoles.<\/p>\n\n\n\n<p>Y bueno, en la propaganda de la oposici\u00f3n, los -como llamarles\u2026 por lo que dicen en su propaganda-, los rockwilder amarillos, indican que ella les rob\u00f3 a los trabajadores, acab\u00f3 con las escuelas de tiempo completo, ha tra\u00eddo desgracia \u201cseg\u00fan dicen estos fieles seguidores del partido oficial que quieren sobrevivir a costa de los otros 2 partidos m\u00e1s grandes\u201d, y recordemos que, si el amo te manda a ladrar o morder, tu ladras y muerdes.<\/p>\n\n\n\n<p>\u00bfHasta d\u00f3nde ha llegado este partido?, es una pena, \u00bfqu\u00e9 pensar\u00e1 el ingeniero C\u00e1rdenas de esto?<\/p>\n\n\n\n<p>Y aqu\u00ed, maestra, usted fue fiel y no aclar\u00f3 nada al respecto.<\/p>\n\n\n\n<p>Sin embargo, usted teniendo ese puesto clave, y bajo las \u00f3rdenes de alguien superior, tuvo que apoquinar dinero como se le indic\u00f3, sin embargo, lo hizo muy muy mal.<\/p>\n\n\n\n<p>Y respecto de las escuelas de tiempo completo, dicen: \u201cdonde manda capit\u00e1n no gobierna marinero\u201d, usted ha demostrado estoicismo y lealtad, al recibir indicaciones e instrucciones de sus superiores, o de quienes realmente orquestaron el fin de las escuelas de tiempo completo.<\/p>\n\n\n\n<p>Aunque esto le haya dado una mala imagen ante los mexiquenses. Ahora do\u00f1a Delfis -con respeto-, posiblemente tenga el poder, -lo sabremos despu\u00e9s de las elecciones-, pero recuerde que se lo otorgar\u00eda NO un ser supremo o un posicionado, sino el pueblo mexiquense, al cual debe entregar sus esfuerzos gubernamentales, y si as\u00ed lo hiciere, que el pueblo se lo premie, y si no, que se lo demande y castigue, dejando fuera de toda posibilidad al partido que le apoya en estas elecciones.<\/p>\n\n\n\n<p>Pues, no me queda m\u00e1s que indicar que el fin de semana hay elecciones para gobernador en nuestro Estado de M\u00e9xico. Voten porque por el abstencionismo puede quedar alguien que tal vez no satisfaga nuestras necesidades como ciudadanos mexiquenses.<\/p>\n\n\n\n<p>Les dejo con las siguientes reflexiones:<\/p>\n\n\n\n<p>\u00bfQui\u00e9n ganara las elecciones? \u00bfGanar\u00e1 la estrategia caduca y oportunista? \u00bfGanar\u00e1 la sinergia morenista? Y, \u00bfSi no voto?, y, \u00bfsi voto?<\/p>\n\n\n\n<p>Y, por \u00faltimo, a ambas candidatas les recuerdo que los mexiquenses ya no somos tan ignorantes como anta\u00f1o, ni sin conocimiento de causas o memoria hist\u00f3rica. Poco a poco va cambiando nuestro Estado en este aspecto, sin embargo, quieren seguirnos trat\u00e1ndonos igual que hace ya decenas de a\u00f1os atr\u00e1s.<\/p>\n\n\n\n<p>Mexiquenses, voten.<\/p>\n\n\n\n<p>Hasta el siguiente comentario <strong><u>del Ser y la Nada.<\/u><\/strong><\/p>\n","protected":false},"excerpt":{"rendered":"<p>Por: Fernando Lira Flores * Y, EN EL ESTADO DE M\u00c9XICO\u2026 \u00bfD\u00d3NDE ESTA EL INTER\u00c9S POR EL PUEBLO MEXIQUENSE? Hoy, en este art\u00edculo del Ser y la Nada, les saludo, y espero y deseo que se encuentren bien. Algunas veces, nos olvidamos de las personas que conforman una entidad federativa, municipio y hasta del pa\u00eds; [&hellip;]<\/p>\n","protected":false},"author":6,"featured_media":32972,"comment_status":"open","ping_status":"open","sticky":false,"template":"","format":"standard","meta":{"footnotes":""},"categories":[10,9],"tags":[],"class_list":["post-43758","post","type-post","status-publish","format-standard","has-post-thumbnail","hentry","category-articulo-de-contenido","category-columnas"],"yoast_head":"<!-- This site is optimized with the Yoast SEO plugin v27.5 - https:\/\/yoast.com\/product\/yoast-seo-wordpress\/ -->\n<title>EL SER Y LA NADA -<\/title>\n<meta name=\"robots\" content=\"index, follow, max-snippet:-1, max-image-preview:large, max-video-preview:-1\" \/>\n<link rel=\"canonical\" href=\"https:\/\/continuamosmx.com\/index.php\/2023\/05\/31\/el-ser-y-la-nada-8\/\" \/>\n<meta property=\"og:locale\" content=\"es_ES\" \/>\n<meta property=\"og:type\" content=\"article\" \/>\n<meta property=\"og:title\" content=\"EL SER Y LA NADA -\" \/>\n<meta property=\"og:description\" content=\"Por: Fernando Lira Flores * Y, EN EL ESTADO DE M\u00c9XICO\u2026 \u00bfD\u00d3NDE ESTA EL INTER\u00c9S POR EL PUEBLO MEXIQUENSE? Hoy, en este art\u00edculo del Ser y la Nada, les saludo, y espero y deseo que se encuentren bien. Algunas veces, nos olvidamos de las personas que conforman una entidad federativa, municipio y hasta del pa\u00eds; [&hellip;]\" \/>\n<meta property=\"og:url\" content=\"https:\/\/continuamosmx.com\/index.php\/2023\/05\/31\/el-ser-y-la-nada-8\/\" \/>\n<meta property=\"article:published_time\" content=\"2023-05-31T13:02:00+00:00\" \/>\n<meta property=\"article:modified_time\" content=\"2023-06-01T01:05:23+00:00\" \/>\n<meta property=\"og:image\" content=\"https:\/\/continuamosmx.com\/wp-content\/uploads\/2023\/03\/lira.jpg\" \/>\n\t<meta property=\"og:image:width\" content=\"1200\" \/>\n\t<meta property=\"og:image:height\" content=\"1600\" \/>\n\t<meta property=\"og:image:type\" content=\"image\/jpeg\" \/>\n<meta name=\"author\" content=\"Continuamos MX\" \/>\n<meta name=\"twitter:card\" content=\"summary_large_image\" \/>\n<meta name=\"twitter:label1\" content=\"Escrito por\" \/>\n\t<meta name=\"twitter:data1\" content=\"Continuamos MX\" \/>\n\t<meta name=\"twitter:label2\" content=\"Tiempo de lectura\" \/>\n\t<meta name=\"twitter:data2\" content=\"5 minutos\" \/>\n<script type=\"application\/ld+json\" class=\"yoast-schema-graph\">{\"@context\":\"https:\\\/\\\/schema.org\",\"@graph\":[{\"@type\":\"Article\",\"@id\":\"https:\\\/\\\/continuamosmx.com\\\/index.php\\\/2023\\\/05\\\/31\\\/el-ser-y-la-nada-8\\\/#article\",\"isPartOf\":{\"@id\":\"https:\\\/\\\/continuamosmx.com\\\/index.php\\\/2023\\\/05\\\/31\\\/el-ser-y-la-nada-8\\\/\"},\"author\":{\"name\":\"Continuamos MX\",\"@id\":\"https:\\\/\\\/continuamosmx.com\\\/#\\\/schema\\\/person\\\/5eb5356acb1fad784da407d14f0e8d89\"},\"headline\":\"EL SER Y LA NADA\",\"datePublished\":\"2023-05-31T13:02:00+00:00\",\"dateModified\":\"2023-06-01T01:05:23+00:00\",\"mainEntityOfPage\":{\"@id\":\"https:\\\/\\\/continuamosmx.com\\\/index.php\\\/2023\\\/05\\\/31\\\/el-ser-y-la-nada-8\\\/\"},\"wordCount\":935,\"commentCount\":0,\"publisher\":{\"@id\":\"https:\\\/\\\/continuamosmx.com\\\/#organization\"},\"image\":{\"@id\":\"https:\\\/\\\/continuamosmx.com\\\/index.php\\\/2023\\\/05\\\/31\\\/el-ser-y-la-nada-8\\\/#primaryimage\"},\"thumbnailUrl\":\"https:\\\/\\\/continuamosmx.com\\\/wp-content\\\/uploads\\\/2023\\\/03\\\/lira.jpg\",\"articleSection\":[\"ART\u00cdCULO DE CONTENIDO\",\"COLUMNAS\"],\"inLanguage\":\"es\"},{\"@type\":\"WebPage\",\"@id\":\"https:\\\/\\\/continuamosmx.com\\\/index.php\\\/2023\\\/05\\\/31\\\/el-ser-y-la-nada-8\\\/\",\"url\":\"https:\\\/\\\/continuamosmx.com\\\/index.php\\\/2023\\\/05\\\/31\\\/el-ser-y-la-nada-8\\\/\",\"name\":\"EL SER Y LA NADA -\",\"isPartOf\":{\"@id\":\"https:\\\/\\\/continuamosmx.com\\\/#website\"},\"primaryImageOfPage\":{\"@id\":\"https:\\\/\\\/continuamosmx.com\\\/index.php\\\/2023\\\/05\\\/31\\\/el-ser-y-la-nada-8\\\/#primaryimage\"},\"image\":{\"@id\":\"https:\\\/\\\/continuamosmx.com\\\/index.php\\\/2023\\\/05\\\/31\\\/el-ser-y-la-nada-8\\\/#primaryimage\"},\"thumbnailUrl\":\"https:\\\/\\\/continuamosmx.com\\\/wp-content\\\/uploads\\\/2023\\\/03\\\/lira.jpg\",\"datePublished\":\"2023-05-31T13:02:00+00:00\",\"dateModified\":\"2023-06-01T01:05:23+00:00\",\"breadcrumb\":{\"@id\":\"https:\\\/\\\/continuamosmx.com\\\/index.php\\\/2023\\\/05\\\/31\\\/el-ser-y-la-nada-8\\\/#breadcrumb\"},\"inLanguage\":\"es\",\"potentialAction\":[{\"@type\":\"ReadAction\",\"target\":[\"https:\\\/\\\/continuamosmx.com\\\/index.php\\\/2023\\\/05\\\/31\\\/el-ser-y-la-nada-8\\\/\"]}]},{\"@type\":\"ImageObject\",\"inLanguage\":\"es\",\"@id\":\"https:\\\/\\\/continuamosmx.com\\\/index.php\\\/2023\\\/05\\\/31\\\/el-ser-y-la-nada-8\\\/#primaryimage\",\"url\":\"https:\\\/\\\/continuamosmx.com\\\/wp-content\\\/uploads\\\/2023\\\/03\\\/lira.jpg\",\"contentUrl\":\"https:\\\/\\\/continuamosmx.com\\\/wp-content\\\/uploads\\\/2023\\\/03\\\/lira.jpg\",\"width\":1200,\"height\":1600},{\"@type\":\"BreadcrumbList\",\"@id\":\"https:\\\/\\\/continuamosmx.com\\\/index.php\\\/2023\\\/05\\\/31\\\/el-ser-y-la-nada-8\\\/#breadcrumb\",\"itemListElement\":[{\"@type\":\"ListItem\",\"position\":1,\"name\":\"Inicio\",\"item\":\"https:\\\/\\\/continuamosmx.com\\\/\"},{\"@type\":\"ListItem\",\"position\":2,\"name\":\"EL SER Y LA NADA\"}]},{\"@type\":\"WebSite\",\"@id\":\"https:\\\/\\\/continuamosmx.com\\\/#website\",\"url\":\"https:\\\/\\\/continuamosmx.com\\\/\",\"name\":\"www.continuamosmx.com\",\"description\":\"\",\"publisher\":{\"@id\":\"https:\\\/\\\/continuamosmx.com\\\/#organization\"},\"potentialAction\":[{\"@type\":\"SearchAction\",\"target\":{\"@type\":\"EntryPoint\",\"urlTemplate\":\"https:\\\/\\\/continuamosmx.com\\\/?s={search_term_string}\"},\"query-input\":{\"@type\":\"PropertyValueSpecification\",\"valueRequired\":true,\"valueName\":\"search_term_string\"}}],\"inLanguage\":\"es\"},{\"@type\":\"Organization\",\"@id\":\"https:\\\/\\\/continuamosmx.com\\\/#organization\",\"name\":\"ContinuamosMX\",\"url\":\"https:\\\/\\\/continuamosmx.com\\\/\",\"logo\":{\"@type\":\"ImageObject\",\"inLanguage\":\"es\",\"@id\":\"https:\\\/\\\/continuamosmx.com\\\/#\\\/schema\\\/logo\\\/image\\\/\",\"url\":\"https:\\\/\\\/continuamosmx.com\\\/wp-content\\\/uploads\\\/2023\\\/04\\\/cropped-LOGO-CONTI-NUEVO.png\",\"contentUrl\":\"https:\\\/\\\/continuamosmx.com\\\/wp-content\\\/uploads\\\/2023\\\/04\\\/cropped-LOGO-CONTI-NUEVO.png\",\"width\":1257,\"height\":430,\"caption\":\"ContinuamosMX\"},\"image\":{\"@id\":\"https:\\\/\\\/continuamosmx.com\\\/#\\\/schema\\\/logo\\\/image\\\/\"}},{\"@type\":\"Person\",\"@id\":\"https:\\\/\\\/continuamosmx.com\\\/#\\\/schema\\\/person\\\/5eb5356acb1fad784da407d14f0e8d89\",\"name\":\"Continuamos MX\",\"image\":{\"@type\":\"ImageObject\",\"inLanguage\":\"es\",\"@id\":\"https:\\\/\\\/secure.gravatar.com\\\/avatar\\\/30d4f9723476a15f4da34d35fb3501f08d2357016c76051c6a85c354c7489589?s=96&d=mm&r=g\",\"url\":\"https:\\\/\\\/secure.gravatar.com\\\/avatar\\\/30d4f9723476a15f4da34d35fb3501f08d2357016c76051c6a85c354c7489589?s=96&d=mm&r=g\",\"contentUrl\":\"https:\\\/\\\/secure.gravatar.com\\\/avatar\\\/30d4f9723476a15f4da34d35fb3501f08d2357016c76051c6a85c354c7489589?s=96&d=mm&r=g\",\"caption\":\"Continuamos MX\"},\"sameAs\":[\"http:\\\/\\\/www.continuamos.mx\"],\"url\":\"https:\\\/\\\/continuamosmx.com\\\/index.php\\\/author\\\/continuamos\\\/\"}]}<\/script>\n<!-- \/ Yoast SEO plugin. -->","yoast_head_json":{"title":"EL SER Y LA NADA -","robots":{"index":"index","follow":"follow","max-snippet":"max-snippet:-1","max-image-preview":"max-image-preview:large","max-video-preview":"max-video-preview:-1"},"canonical":"https:\/\/continuamosmx.com\/index.php\/2023\/05\/31\/el-ser-y-la-nada-8\/","og_locale":"es_ES","og_type":"article","og_title":"EL SER Y LA NADA -","og_description":"Por: Fernando Lira Flores * Y, EN EL ESTADO DE M\u00c9XICO\u2026 \u00bfD\u00d3NDE ESTA EL INTER\u00c9S POR EL PUEBLO MEXIQUENSE? Hoy, en este art\u00edculo del Ser y la Nada, les saludo, y espero y deseo que se encuentren bien. Algunas veces, nos olvidamos de las personas que conforman una entidad federativa, municipio y hasta del pa\u00eds; [&hellip;]","og_url":"https:\/\/continuamosmx.com\/index.php\/2023\/05\/31\/el-ser-y-la-nada-8\/","article_published_time":"2023-05-31T13:02:00+00:00","article_modified_time":"2023-06-01T01:05:23+00:00","og_image":[{"width":1200,"height":1600,"url":"https:\/\/continuamosmx.com\/wp-content\/uploads\/2023\/03\/lira.jpg","type":"image\/jpeg"}],"author":"Continuamos MX","twitter_card":"summary_large_image","twitter_misc":{"Escrito por":"Continuamos MX","Tiempo de lectura":"5 minutos"},"schema":{"@context":"https:\/\/schema.org","@graph":[{"@type":"Article","@id":"https:\/\/continuamosmx.com\/index.php\/2023\/05\/31\/el-ser-y-la-nada-8\/#article","isPartOf":{"@id":"https:\/\/continuamosmx.com\/index.php\/2023\/05\/31\/el-ser-y-la-nada-8\/"},"author":{"name":"Continuamos MX","@id":"https:\/\/continuamosmx.com\/#\/schema\/person\/5eb5356acb1fad784da407d14f0e8d89"},"headline":"EL SER Y LA NADA","datePublished":"2023-05-31T13:02:00+00:00","dateModified":"2023-06-01T01:05:23+00:00","mainEntityOfPage":{"@id":"https:\/\/continuamosmx.com\/index.php\/2023\/05\/31\/el-ser-y-la-nada-8\/"},"wordCount":935,"commentCount":0,"publisher":{"@id":"https:\/\/continuamosmx.com\/#organization"},"image":{"@id":"https:\/\/continuamosmx.com\/index.php\/2023\/05\/31\/el-ser-y-la-nada-8\/#primaryimage"},"thumbnailUrl":"https:\/\/continuamosmx.com\/wp-content\/uploads\/2023\/03\/lira.jpg","articleSection":["ART\u00cdCULO DE CONTENIDO","COLUMNAS"],"inLanguage":"es"},{"@type":"WebPage","@id":"https:\/\/continuamosmx.com\/index.php\/2023\/05\/31\/el-ser-y-la-nada-8\/","url":"https:\/\/continuamosmx.com\/index.php\/2023\/05\/31\/el-ser-y-la-nada-8\/","name":"EL SER Y LA NADA -","isPartOf":{"@id":"https:\/\/continuamosmx.com\/#website"},"primaryImageOfPage":{"@id":"https:\/\/continuamosmx.com\/index.php\/2023\/05\/31\/el-ser-y-la-nada-8\/#primaryimage"},"image":{"@id":"https:\/\/continuamosmx.com\/index.php\/2023\/05\/31\/el-ser-y-la-nada-8\/#primaryimage"},"thumbnailUrl":"https:\/\/continuamosmx.com\/wp-content\/uploads\/2023\/03\/lira.jpg","datePublished":"2023-05-31T13:02:00+00:00","dateModified":"2023-06-01T01:05:23+00:00","breadcrumb":{"@id":"https:\/\/continuamosmx.com\/index.php\/2023\/05\/31\/el-ser-y-la-nada-8\/#breadcrumb"},"inLanguage":"es","potentialAction":[{"@type":"ReadAction","target":["https:\/\/continuamosmx.com\/index.php\/2023\/05\/31\/el-ser-y-la-nada-8\/"]}]},{"@type":"ImageObject","inLanguage":"es","@id":"https:\/\/continuamosmx.com\/index.php\/2023\/05\/31\/el-ser-y-la-nada-8\/#primaryimage","url":"https:\/\/continuamosmx.com\/wp-content\/uploads\/2023\/03\/lira.jpg","contentUrl":"https:\/\/continuamosmx.com\/wp-content\/uploads\/2023\/03\/lira.jpg","width":1200,"height":1600},{"@type":"BreadcrumbList","@id":"https:\/\/continuamosmx.com\/index.php\/2023\/05\/31\/el-ser-y-la-nada-8\/#breadcrumb","itemListElement":[{"@type":"ListItem","position":1,"name":"Inicio","item":"https:\/\/continuamosmx.com\/"},{"@type":"ListItem","position":2,"name":"EL SER Y LA NADA"}]},{"@type":"WebSite","@id":"https:\/\/continuamosmx.com\/#website","url":"https:\/\/continuamosmx.com\/","name":"www.continuamosmx.com","description":"","publisher":{"@id":"https:\/\/continuamosmx.com\/#organization"},"potentialAction":[{"@type":"SearchAction","target":{"@type":"EntryPoint","urlTemplate":"https:\/\/continuamosmx.com\/?s={search_term_string}"},"query-input":{"@type":"PropertyValueSpecification","valueRequired":true,"valueName":"search_term_string"}}],"inLanguage":"es"},{"@type":"Organization","@id":"https:\/\/continuamosmx.com\/#organization","name":"ContinuamosMX","url":"https:\/\/continuamosmx.com\/","logo":{"@type":"ImageObject","inLanguage":"es","@id":"https:\/\/continuamosmx.com\/#\/schema\/logo\/image\/","url":"https:\/\/continuamosmx.com\/wp-content\/uploads\/2023\/04\/cropped-LOGO-CONTI-NUEVO.png","contentUrl":"https:\/\/continuamosmx.com\/wp-content\/uploads\/2023\/04\/cropped-LOGO-CONTI-NUEVO.png","width":1257,"height":430,"caption":"ContinuamosMX"},"image":{"@id":"https:\/\/continuamosmx.com\/#\/schema\/logo\/image\/"}},{"@type":"Person","@id":"https:\/\/continuamosmx.com\/#\/schema\/person\/5eb5356acb1fad784da407d14f0e8d89","name":"Continuamos MX","image":{"@type":"ImageObject","inLanguage":"es","@id":"https:\/\/secure.gravatar.com\/avatar\/30d4f9723476a15f4da34d35fb3501f08d2357016c76051c6a85c354c7489589?s=96&d=mm&r=g","url":"https:\/\/secure.gravatar.com\/avatar\/30d4f9723476a15f4da34d35fb3501f08d2357016c76051c6a85c354c7489589?s=96&d=mm&r=g","contentUrl":"https:\/\/secure.gravatar.com\/avatar\/30d4f9723476a15f4da34d35fb3501f08d2357016c76051c6a85c354c7489589?s=96&d=mm&r=g","caption":"Continuamos MX"},"sameAs":["http:\/\/www.continuamos.mx"],"url":"https:\/\/continuamosmx.com\/index.php\/author\/continuamos\/"}]}},"_links":{"self":[{"href":"https:\/\/continuamosmx.com\/index.php\/wp-json\/wp\/v2\/posts\/43758","targetHints":{"allow":["GET"]}}],"collection":[{"href":"https:\/\/continuamosmx.com\/index.php\/wp-json\/wp\/v2\/posts"}],"about":[{"href":"https:\/\/continuamosmx.com\/index.php\/wp-json\/wp\/v2\/types\/post"}],"author":[{"embeddable":true,"href":"https:\/\/continuamosmx.com\/index.php\/wp-json\/wp\/v2\/users\/6"}],"replies":[{"embeddable":true,"href":"https:\/\/continuamosmx.com\/index.php\/wp-json\/wp\/v2\/comments?post=43758"}],"version-history":[{"count":1,"href":"https:\/\/continuamosmx.com\/index.php\/wp-json\/wp\/v2\/posts\/43758\/revisions"}],"predecessor-version":[{"id":43759,"href":"https:\/\/continuamosmx.com\/index.php\/wp-json\/wp\/v2\/posts\/43758\/revisions\/43759"}],"wp:featuredmedia":[{"embeddable":true,"href":"https:\/\/continuamosmx.com\/index.php\/wp-json\/wp\/v2\/media\/32972"}],"wp:attachment":[{"href":"https:\/\/continuamosmx.com\/index.php\/wp-json\/wp\/v2\/media?parent=43758"}],"wp:term":[{"taxonomy":"category","embeddable":true,"href":"https:\/\/continuamosmx.com\/index.php\/wp-json\/wp\/v2\/categories?post=43758"},{"taxonomy":"post_tag","embeddable":true,"href":"https:\/\/continuamosmx.com\/index.php\/wp-json\/wp\/v2\/tags?post=43758"}],"curies":[{"name":"wp","href":"https:\/\/api.w.org\/{rel}","templated":true}]}}