{"id":43737,"date":"2023-05-30T06:22:38","date_gmt":"2023-05-30T06:22:38","guid":{"rendered":"https:\/\/continuamosmx.com\/?p=43737"},"modified":"2023-05-30T06:22:39","modified_gmt":"2023-05-30T06:22:39","slug":"huixquilucan-es-azul-y-el-4-junio-vamos-arrasar-enrique-vargas","status":"publish","type":"post","link":"https:\/\/continuamosmx.com\/index.php\/2023\/05\/30\/huixquilucan-es-azul-y-el-4-junio-vamos-arrasar-enrique-vargas\/","title":{"rendered":"HUIXQUILUCAN ES AZUL Y EL 4 JUNIO VAMOS ARRASAR: ENRIQUE VARGAS"},"content":{"rendered":"\n<p>*<strong>Junto a la marea rosa, volantearon en la zona de Interlomas<\/strong><\/p>\n\n\n\n<p>\u00d8 En el 2021 Acci\u00f3n Nacional se alz\u00f3 con el triunfo y lo volver\u00e1 a hacer con Ale Del Moral el 4 de junio pr\u00f3ximo.<\/p>\n\n\n\n<p>HUIXQUILUCAN, M\u00e9x.- El coordinador nacional de diputados locales del Partido Acci\u00f3n Nacional, Enrique Vargas del Villar, junto con militantes, simpatizantes y la llamada marea rosa, reparti\u00f3 volantes para que m\u00e1s mexiquenses conozcan las propuestas de Alejandra del Moral al gobierno del estado de M\u00e9xico.<\/p>\n\n\n\n<p>Con la presencia de Carlos X. Gonz\u00e1lez, as\u00ed como de Romina Contreras, Vargas del Villar, dialog\u00f3 con automovilistas y los invit\u00f3 a salir a votar el pr\u00f3ximo domingo por la candidata de Acci\u00f3n Nacional, Alejandra Del Moral.<\/p>\n\n\n\n<p>Con el claxon en se\u00f1al de apoyo y aceptando los volantes con las propuestas de la candidata aliancista, los automovilistas con los que se encontr\u00f3 mostraron su respaldo para Acci\u00f3n Nacional, ya que Huixquilucan se ha destacado por los buenos gobiernos municipales encabezados por el PAN.<\/p>\n\n\n\n<p>Cabe recordar que el actual diputado local, Enrique Vargas del Villar, encabez\u00f3 los destinos de Huixquilucan por dos trienios consecutivos, en donde la ciudadan\u00eda le reconoci\u00f3 su labor al colocarlo como el alcalde mejor calificado en la entidad, calificaci\u00f3n que ha mantenido la actual alcaldesa, Romina Contreras.<\/p>\n","protected":false},"excerpt":{"rendered":"<p>*Junto a la marea rosa, volantearon en la zona de Interlomas \u00d8 En el 2021 Acci\u00f3n Nacional se alz\u00f3 con el triunfo y lo volver\u00e1 a hacer con Ale Del Moral el 4 de junio pr\u00f3ximo. HUIXQUILUCAN, M\u00e9x.- El coordinador nacional de diputados locales del Partido Acci\u00f3n Nacional, Enrique Vargas del Villar, junto con militantes, [&hellip;]<\/p>\n","protected":false},"author":6,"featured_media":43738,"comment_status":"open","ping_status":"open","sticky":false,"template":"","format":"standard","meta":{"footnotes":""},"categories":[2,5,4],"tags":[],"class_list":["post-43737","post","type-post","status-publish","format-standard","has-post-thumbnail","hentry","category-edomex","category-huixquilucan","category-locales"],"yoast_head":"<!-- This site is optimized with the Yoast SEO plugin v27.5 - https:\/\/yoast.com\/product\/yoast-seo-wordpress\/ -->\n<title>HUIXQUILUCAN ES AZUL Y EL 4 JUNIO VAMOS ARRASAR: ENRIQUE VARGAS -<\/title>\n<meta name=\"robots\" content=\"index, follow, max-snippet:-1, max-image-preview:large, max-video-preview:-1\" \/>\n<link rel=\"canonical\" href=\"https:\/\/continuamosmx.com\/index.php\/2023\/05\/30\/huixquilucan-es-azul-y-el-4-junio-vamos-arrasar-enrique-vargas\/\" \/>\n<meta property=\"og:locale\" content=\"es_ES\" \/>\n<meta property=\"og:type\" content=\"article\" \/>\n<meta property=\"og:title\" content=\"HUIXQUILUCAN ES AZUL Y EL 4 JUNIO VAMOS ARRASAR: ENRIQUE VARGAS -\" \/>\n<meta property=\"og:description\" content=\"*Junto a la marea rosa, volantearon en la zona de Interlomas \u00d8 En el 2021 Acci\u00f3n Nacional se alz\u00f3 con el triunfo y lo volver\u00e1 a hacer con Ale Del Moral el 4 de junio pr\u00f3ximo. HUIXQUILUCAN, M\u00e9x.- El coordinador nacional de diputados locales del Partido Acci\u00f3n Nacional, Enrique Vargas del Villar, junto con militantes, [&hellip;]\" \/>\n<meta property=\"og:url\" content=\"https:\/\/continuamosmx.com\/index.php\/2023\/05\/30\/huixquilucan-es-azul-y-el-4-junio-vamos-arrasar-enrique-vargas\/\" \/>\n<meta property=\"article:published_time\" content=\"2023-05-30T06:22:38+00:00\" \/>\n<meta property=\"article:modified_time\" content=\"2023-05-30T06:22:39+00:00\" \/>\n<meta property=\"og:image\" content=\"https:\/\/continuamosmx.com\/wp-content\/uploads\/2023\/05\/COMUNICADO.jpeg\" \/>\n\t<meta property=\"og:image:width\" content=\"1280\" \/>\n\t<meta property=\"og:image:height\" content=\"720\" \/>\n\t<meta property=\"og:image:type\" content=\"image\/jpeg\" \/>\n<meta name=\"author\" content=\"Continuamos MX\" \/>\n<meta name=\"twitter:card\" content=\"summary_large_image\" \/>\n<meta name=\"twitter:label1\" content=\"Escrito por\" \/>\n\t<meta name=\"twitter:data1\" content=\"Continuamos MX\" \/>\n\t<meta name=\"twitter:label2\" content=\"Tiempo de lectura\" \/>\n\t<meta name=\"twitter:data2\" content=\"1 minuto\" \/>\n<script type=\"application\/ld+json\" class=\"yoast-schema-graph\">{\"@context\":\"https:\\\/\\\/schema.org\",\"@graph\":[{\"@type\":\"Article\",\"@id\":\"https:\\\/\\\/continuamosmx.com\\\/index.php\\\/2023\\\/05\\\/30\\\/huixquilucan-es-azul-y-el-4-junio-vamos-arrasar-enrique-vargas\\\/#article\",\"isPartOf\":{\"@id\":\"https:\\\/\\\/continuamosmx.com\\\/index.php\\\/2023\\\/05\\\/30\\\/huixquilucan-es-azul-y-el-4-junio-vamos-arrasar-enrique-vargas\\\/\"},\"author\":{\"name\":\"Continuamos MX\",\"@id\":\"https:\\\/\\\/continuamosmx.com\\\/#\\\/schema\\\/person\\\/5eb5356acb1fad784da407d14f0e8d89\"},\"headline\":\"HUIXQUILUCAN ES AZUL Y EL 4 JUNIO VAMOS ARRASAR: ENRIQUE VARGAS\",\"datePublished\":\"2023-05-30T06:22:38+00:00\",\"dateModified\":\"2023-05-30T06:22:39+00:00\",\"mainEntityOfPage\":{\"@id\":\"https:\\\/\\\/continuamosmx.com\\\/index.php\\\/2023\\\/05\\\/30\\\/huixquilucan-es-azul-y-el-4-junio-vamos-arrasar-enrique-vargas\\\/\"},\"wordCount\":231,\"commentCount\":0,\"publisher\":{\"@id\":\"https:\\\/\\\/continuamosmx.com\\\/#organization\"},\"image\":{\"@id\":\"https:\\\/\\\/continuamosmx.com\\\/index.php\\\/2023\\\/05\\\/30\\\/huixquilucan-es-azul-y-el-4-junio-vamos-arrasar-enrique-vargas\\\/#primaryimage\"},\"thumbnailUrl\":\"https:\\\/\\\/continuamosmx.com\\\/wp-content\\\/uploads\\\/2023\\\/05\\\/COMUNICADO.jpeg\",\"articleSection\":[\"EDOMEX\",\"HUIXQUILUCAN\",\"LOCALES\"],\"inLanguage\":\"es\"},{\"@type\":\"WebPage\",\"@id\":\"https:\\\/\\\/continuamosmx.com\\\/index.php\\\/2023\\\/05\\\/30\\\/huixquilucan-es-azul-y-el-4-junio-vamos-arrasar-enrique-vargas\\\/\",\"url\":\"https:\\\/\\\/continuamosmx.com\\\/index.php\\\/2023\\\/05\\\/30\\\/huixquilucan-es-azul-y-el-4-junio-vamos-arrasar-enrique-vargas\\\/\",\"name\":\"HUIXQUILUCAN ES AZUL Y EL 4 JUNIO VAMOS ARRASAR: ENRIQUE VARGAS -\",\"isPartOf\":{\"@id\":\"https:\\\/\\\/continuamosmx.com\\\/#website\"},\"primaryImageOfPage\":{\"@id\":\"https:\\\/\\\/continuamosmx.com\\\/index.php\\\/2023\\\/05\\\/30\\\/huixquilucan-es-azul-y-el-4-junio-vamos-arrasar-enrique-vargas\\\/#primaryimage\"},\"image\":{\"@id\":\"https:\\\/\\\/continuamosmx.com\\\/index.php\\\/2023\\\/05\\\/30\\\/huixquilucan-es-azul-y-el-4-junio-vamos-arrasar-enrique-vargas\\\/#primaryimage\"},\"thumbnailUrl\":\"https:\\\/\\\/continuamosmx.com\\\/wp-content\\\/uploads\\\/2023\\\/05\\\/COMUNICADO.jpeg\",\"datePublished\":\"2023-05-30T06:22:38+00:00\",\"dateModified\":\"2023-05-30T06:22:39+00:00\",\"breadcrumb\":{\"@id\":\"https:\\\/\\\/continuamosmx.com\\\/index.php\\\/2023\\\/05\\\/30\\\/huixquilucan-es-azul-y-el-4-junio-vamos-arrasar-enrique-vargas\\\/#breadcrumb\"},\"inLanguage\":\"es\",\"potentialAction\":[{\"@type\":\"ReadAction\",\"target\":[\"https:\\\/\\\/continuamosmx.com\\\/index.php\\\/2023\\\/05\\\/30\\\/huixquilucan-es-azul-y-el-4-junio-vamos-arrasar-enrique-vargas\\\/\"]}]},{\"@type\":\"ImageObject\",\"inLanguage\":\"es\",\"@id\":\"https:\\\/\\\/continuamosmx.com\\\/index.php\\\/2023\\\/05\\\/30\\\/huixquilucan-es-azul-y-el-4-junio-vamos-arrasar-enrique-vargas\\\/#primaryimage\",\"url\":\"https:\\\/\\\/continuamosmx.com\\\/wp-content\\\/uploads\\\/2023\\\/05\\\/COMUNICADO.jpeg\",\"contentUrl\":\"https:\\\/\\\/continuamosmx.com\\\/wp-content\\\/uploads\\\/2023\\\/05\\\/COMUNICADO.jpeg\",\"width\":1280,\"height\":720},{\"@type\":\"BreadcrumbList\",\"@id\":\"https:\\\/\\\/continuamosmx.com\\\/index.php\\\/2023\\\/05\\\/30\\\/huixquilucan-es-azul-y-el-4-junio-vamos-arrasar-enrique-vargas\\\/#breadcrumb\",\"itemListElement\":[{\"@type\":\"ListItem\",\"position\":1,\"name\":\"Inicio\",\"item\":\"https:\\\/\\\/continuamosmx.com\\\/\"},{\"@type\":\"ListItem\",\"position\":2,\"name\":\"HUIXQUILUCAN ES AZUL Y EL 4 JUNIO VAMOS ARRASAR: ENRIQUE VARGAS\"}]},{\"@type\":\"WebSite\",\"@id\":\"https:\\\/\\\/continuamosmx.com\\\/#website\",\"url\":\"https:\\\/\\\/continuamosmx.com\\\/\",\"name\":\"www.continuamosmx.com\",\"description\":\"\",\"publisher\":{\"@id\":\"https:\\\/\\\/continuamosmx.com\\\/#organization\"},\"potentialAction\":[{\"@type\":\"SearchAction\",\"target\":{\"@type\":\"EntryPoint\",\"urlTemplate\":\"https:\\\/\\\/continuamosmx.com\\\/?s={search_term_string}\"},\"query-input\":{\"@type\":\"PropertyValueSpecification\",\"valueRequired\":true,\"valueName\":\"search_term_string\"}}],\"inLanguage\":\"es\"},{\"@type\":\"Organization\",\"@id\":\"https:\\\/\\\/continuamosmx.com\\\/#organization\",\"name\":\"ContinuamosMX\",\"url\":\"https:\\\/\\\/continuamosmx.com\\\/\",\"logo\":{\"@type\":\"ImageObject\",\"inLanguage\":\"es\",\"@id\":\"https:\\\/\\\/continuamosmx.com\\\/#\\\/schema\\\/logo\\\/image\\\/\",\"url\":\"https:\\\/\\\/continuamosmx.com\\\/wp-content\\\/uploads\\\/2023\\\/04\\\/cropped-LOGO-CONTI-NUEVO.png\",\"contentUrl\":\"https:\\\/\\\/continuamosmx.com\\\/wp-content\\\/uploads\\\/2023\\\/04\\\/cropped-LOGO-CONTI-NUEVO.png\",\"width\":1257,\"height\":430,\"caption\":\"ContinuamosMX\"},\"image\":{\"@id\":\"https:\\\/\\\/continuamosmx.com\\\/#\\\/schema\\\/logo\\\/image\\\/\"}},{\"@type\":\"Person\",\"@id\":\"https:\\\/\\\/continuamosmx.com\\\/#\\\/schema\\\/person\\\/5eb5356acb1fad784da407d14f0e8d89\",\"name\":\"Continuamos MX\",\"image\":{\"@type\":\"ImageObject\",\"inLanguage\":\"es\",\"@id\":\"https:\\\/\\\/secure.gravatar.com\\\/avatar\\\/30d4f9723476a15f4da34d35fb3501f08d2357016c76051c6a85c354c7489589?s=96&d=mm&r=g\",\"url\":\"https:\\\/\\\/secure.gravatar.com\\\/avatar\\\/30d4f9723476a15f4da34d35fb3501f08d2357016c76051c6a85c354c7489589?s=96&d=mm&r=g\",\"contentUrl\":\"https:\\\/\\\/secure.gravatar.com\\\/avatar\\\/30d4f9723476a15f4da34d35fb3501f08d2357016c76051c6a85c354c7489589?s=96&d=mm&r=g\",\"caption\":\"Continuamos MX\"},\"sameAs\":[\"http:\\\/\\\/www.continuamos.mx\"],\"url\":\"https:\\\/\\\/continuamosmx.com\\\/index.php\\\/author\\\/continuamos\\\/\"}]}<\/script>\n<!-- \/ Yoast SEO plugin. -->","yoast_head_json":{"title":"HUIXQUILUCAN ES AZUL Y EL 4 JUNIO VAMOS ARRASAR: ENRIQUE VARGAS -","robots":{"index":"index","follow":"follow","max-snippet":"max-snippet:-1","max-image-preview":"max-image-preview:large","max-video-preview":"max-video-preview:-1"},"canonical":"https:\/\/continuamosmx.com\/index.php\/2023\/05\/30\/huixquilucan-es-azul-y-el-4-junio-vamos-arrasar-enrique-vargas\/","og_locale":"es_ES","og_type":"article","og_title":"HUIXQUILUCAN ES AZUL Y EL 4 JUNIO VAMOS ARRASAR: ENRIQUE VARGAS -","og_description":"*Junto a la marea rosa, volantearon en la zona de Interlomas \u00d8 En el 2021 Acci\u00f3n Nacional se alz\u00f3 con el triunfo y lo volver\u00e1 a hacer con Ale Del Moral el 4 de junio pr\u00f3ximo. HUIXQUILUCAN, M\u00e9x.- El coordinador nacional de diputados locales del Partido Acci\u00f3n Nacional, Enrique Vargas del Villar, junto con militantes, [&hellip;]","og_url":"https:\/\/continuamosmx.com\/index.php\/2023\/05\/30\/huixquilucan-es-azul-y-el-4-junio-vamos-arrasar-enrique-vargas\/","article_published_time":"2023-05-30T06:22:38+00:00","article_modified_time":"2023-05-30T06:22:39+00:00","og_image":[{"width":1280,"height":720,"url":"https:\/\/continuamosmx.com\/wp-content\/uploads\/2023\/05\/COMUNICADO.jpeg","type":"image\/jpeg"}],"author":"Continuamos MX","twitter_card":"summary_large_image","twitter_misc":{"Escrito por":"Continuamos MX","Tiempo de lectura":"1 minuto"},"schema":{"@context":"https:\/\/schema.org","@graph":[{"@type":"Article","@id":"https:\/\/continuamosmx.com\/index.php\/2023\/05\/30\/huixquilucan-es-azul-y-el-4-junio-vamos-arrasar-enrique-vargas\/#article","isPartOf":{"@id":"https:\/\/continuamosmx.com\/index.php\/2023\/05\/30\/huixquilucan-es-azul-y-el-4-junio-vamos-arrasar-enrique-vargas\/"},"author":{"name":"Continuamos MX","@id":"https:\/\/continuamosmx.com\/#\/schema\/person\/5eb5356acb1fad784da407d14f0e8d89"},"headline":"HUIXQUILUCAN ES AZUL Y EL 4 JUNIO VAMOS ARRASAR: ENRIQUE VARGAS","datePublished":"2023-05-30T06:22:38+00:00","dateModified":"2023-05-30T06:22:39+00:00","mainEntityOfPage":{"@id":"https:\/\/continuamosmx.com\/index.php\/2023\/05\/30\/huixquilucan-es-azul-y-el-4-junio-vamos-arrasar-enrique-vargas\/"},"wordCount":231,"commentCount":0,"publisher":{"@id":"https:\/\/continuamosmx.com\/#organization"},"image":{"@id":"https:\/\/continuamosmx.com\/index.php\/2023\/05\/30\/huixquilucan-es-azul-y-el-4-junio-vamos-arrasar-enrique-vargas\/#primaryimage"},"thumbnailUrl":"https:\/\/continuamosmx.com\/wp-content\/uploads\/2023\/05\/COMUNICADO.jpeg","articleSection":["EDOMEX","HUIXQUILUCAN","LOCALES"],"inLanguage":"es"},{"@type":"WebPage","@id":"https:\/\/continuamosmx.com\/index.php\/2023\/05\/30\/huixquilucan-es-azul-y-el-4-junio-vamos-arrasar-enrique-vargas\/","url":"https:\/\/continuamosmx.com\/index.php\/2023\/05\/30\/huixquilucan-es-azul-y-el-4-junio-vamos-arrasar-enrique-vargas\/","name":"HUIXQUILUCAN ES AZUL Y EL 4 JUNIO VAMOS ARRASAR: ENRIQUE VARGAS -","isPartOf":{"@id":"https:\/\/continuamosmx.com\/#website"},"primaryImageOfPage":{"@id":"https:\/\/continuamosmx.com\/index.php\/2023\/05\/30\/huixquilucan-es-azul-y-el-4-junio-vamos-arrasar-enrique-vargas\/#primaryimage"},"image":{"@id":"https:\/\/continuamosmx.com\/index.php\/2023\/05\/30\/huixquilucan-es-azul-y-el-4-junio-vamos-arrasar-enrique-vargas\/#primaryimage"},"thumbnailUrl":"https:\/\/continuamosmx.com\/wp-content\/uploads\/2023\/05\/COMUNICADO.jpeg","datePublished":"2023-05-30T06:22:38+00:00","dateModified":"2023-05-30T06:22:39+00:00","breadcrumb":{"@id":"https:\/\/continuamosmx.com\/index.php\/2023\/05\/30\/huixquilucan-es-azul-y-el-4-junio-vamos-arrasar-enrique-vargas\/#breadcrumb"},"inLanguage":"es","potentialAction":[{"@type":"ReadAction","target":["https:\/\/continuamosmx.com\/index.php\/2023\/05\/30\/huixquilucan-es-azul-y-el-4-junio-vamos-arrasar-enrique-vargas\/"]}]},{"@type":"ImageObject","inLanguage":"es","@id":"https:\/\/continuamosmx.com\/index.php\/2023\/05\/30\/huixquilucan-es-azul-y-el-4-junio-vamos-arrasar-enrique-vargas\/#primaryimage","url":"https:\/\/continuamosmx.com\/wp-content\/uploads\/2023\/05\/COMUNICADO.jpeg","contentUrl":"https:\/\/continuamosmx.com\/wp-content\/uploads\/2023\/05\/COMUNICADO.jpeg","width":1280,"height":720},{"@type":"BreadcrumbList","@id":"https:\/\/continuamosmx.com\/index.php\/2023\/05\/30\/huixquilucan-es-azul-y-el-4-junio-vamos-arrasar-enrique-vargas\/#breadcrumb","itemListElement":[{"@type":"ListItem","position":1,"name":"Inicio","item":"https:\/\/continuamosmx.com\/"},{"@type":"ListItem","position":2,"name":"HUIXQUILUCAN ES AZUL Y EL 4 JUNIO VAMOS ARRASAR: ENRIQUE VARGAS"}]},{"@type":"WebSite","@id":"https:\/\/continuamosmx.com\/#website","url":"https:\/\/continuamosmx.com\/","name":"www.continuamosmx.com","description":"","publisher":{"@id":"https:\/\/continuamosmx.com\/#organization"},"potentialAction":[{"@type":"SearchAction","target":{"@type":"EntryPoint","urlTemplate":"https:\/\/continuamosmx.com\/?s={search_term_string}"},"query-input":{"@type":"PropertyValueSpecification","valueRequired":true,"valueName":"search_term_string"}}],"inLanguage":"es"},{"@type":"Organization","@id":"https:\/\/continuamosmx.com\/#organization","name":"ContinuamosMX","url":"https:\/\/continuamosmx.com\/","logo":{"@type":"ImageObject","inLanguage":"es","@id":"https:\/\/continuamosmx.com\/#\/schema\/logo\/image\/","url":"https:\/\/continuamosmx.com\/wp-content\/uploads\/2023\/04\/cropped-LOGO-CONTI-NUEVO.png","contentUrl":"https:\/\/continuamosmx.com\/wp-content\/uploads\/2023\/04\/cropped-LOGO-CONTI-NUEVO.png","width":1257,"height":430,"caption":"ContinuamosMX"},"image":{"@id":"https:\/\/continuamosmx.com\/#\/schema\/logo\/image\/"}},{"@type":"Person","@id":"https:\/\/continuamosmx.com\/#\/schema\/person\/5eb5356acb1fad784da407d14f0e8d89","name":"Continuamos MX","image":{"@type":"ImageObject","inLanguage":"es","@id":"https:\/\/secure.gravatar.com\/avatar\/30d4f9723476a15f4da34d35fb3501f08d2357016c76051c6a85c354c7489589?s=96&d=mm&r=g","url":"https:\/\/secure.gravatar.com\/avatar\/30d4f9723476a15f4da34d35fb3501f08d2357016c76051c6a85c354c7489589?s=96&d=mm&r=g","contentUrl":"https:\/\/secure.gravatar.com\/avatar\/30d4f9723476a15f4da34d35fb3501f08d2357016c76051c6a85c354c7489589?s=96&d=mm&r=g","caption":"Continuamos MX"},"sameAs":["http:\/\/www.continuamos.mx"],"url":"https:\/\/continuamosmx.com\/index.php\/author\/continuamos\/"}]}},"_links":{"self":[{"href":"https:\/\/continuamosmx.com\/index.php\/wp-json\/wp\/v2\/posts\/43737","targetHints":{"allow":["GET"]}}],"collection":[{"href":"https:\/\/continuamosmx.com\/index.php\/wp-json\/wp\/v2\/posts"}],"about":[{"href":"https:\/\/continuamosmx.com\/index.php\/wp-json\/wp\/v2\/types\/post"}],"author":[{"embeddable":true,"href":"https:\/\/continuamosmx.com\/index.php\/wp-json\/wp\/v2\/users\/6"}],"replies":[{"embeddable":true,"href":"https:\/\/continuamosmx.com\/index.php\/wp-json\/wp\/v2\/comments?post=43737"}],"version-history":[{"count":1,"href":"https:\/\/continuamosmx.com\/index.php\/wp-json\/wp\/v2\/posts\/43737\/revisions"}],"predecessor-version":[{"id":43739,"href":"https:\/\/continuamosmx.com\/index.php\/wp-json\/wp\/v2\/posts\/43737\/revisions\/43739"}],"wp:featuredmedia":[{"embeddable":true,"href":"https:\/\/continuamosmx.com\/index.php\/wp-json\/wp\/v2\/media\/43738"}],"wp:attachment":[{"href":"https:\/\/continuamosmx.com\/index.php\/wp-json\/wp\/v2\/media?parent=43737"}],"wp:term":[{"taxonomy":"category","embeddable":true,"href":"https:\/\/continuamosmx.com\/index.php\/wp-json\/wp\/v2\/categories?post=43737"},{"taxonomy":"post_tag","embeddable":true,"href":"https:\/\/continuamosmx.com\/index.php\/wp-json\/wp\/v2\/tags?post=43737"}],"curies":[{"name":"wp","href":"https:\/\/api.w.org\/{rel}","templated":true}]}}