{"id":43706,"date":"2023-05-26T20:55:00","date_gmt":"2023-05-26T20:55:00","guid":{"rendered":"https:\/\/continuamosmx.com\/?p=43706"},"modified":"2023-05-26T20:55:01","modified_gmt":"2023-05-26T20:55:01","slug":"omar-tapia-informa-6","status":"publish","type":"post","link":"https:\/\/continuamosmx.com\/index.php\/2023\/05\/26\/omar-tapia-informa-6\/","title":{"rendered":"OMAR TAPIA INFORMA"},"content":{"rendered":"\n<p>&nbsp; Antes de otra cosa y a toro pasado, perm\u00edtanme preguntarles \u00bfQU\u00c9 les dije? Luego del segundo DEBATE entre las CANDIDATAS al gobierno del Estado de M\u00e9xico, los defensores \u201csolovinos\u201d de Delfina G\u00f3mez, aseguran (juran y perjuran) que ella fue quien \u201cgan\u00f3 el DEBATE\u201d. Pero indudablemente eso NO ocurri\u00f3. La pura percha, la manera de conducirse, de saber hablar (fuerte, claro, con excelente dicci\u00f3n), el conocimiento de nuestro estado, sus parlamentos bien estudiados y medidos; y los compromisos explicados de forma correcta para que cualquiera los entendamos, hacen sin duda una MEJOR candidata a ALEJANDRA DEL MORAL.<\/p>\n\n\n\n<p>&nbsp;&nbsp;&nbsp;&nbsp;&nbsp;&nbsp;&nbsp;&nbsp;&nbsp;&nbsp;&nbsp; Que los VOTOS le favorezcan o no, ese ya es otro cantar. Esperemos que s\u00ed. Pero al menos los de la otra coalici\u00f3n deber\u00edan reconocer que tienen a una P\u00c9SIMA abanderada, que se nota con s\u00f3lo verla y se reafirma al escucharla hablar. La moneda sigue en el aire, faltan 9 d\u00edas para el desenlace de este proceso electoral tan importante (al menos para quienes vivimos en el Estado de M\u00e9xico) y el triunfo de una u otra candidata depender\u00e1 del VOTO que les demos nosotros los ciudadanos. A los radicales de Morena no hay qui\u00e9n los haga entrar en raz\u00f3n; y al VOTO DURO de los Partidos que conforman la ALIANZA, como sea nos tienen convencidos si no de que Alejandra es la mejor, por lo menos s\u00ed que Delfina es mucho PEOR. Por eso la definici\u00f3n de esta elecci\u00f3n sin duda la tienen en sus manos todos aquellos INDECISOS que yo espero al menos salgan a emitir su VOTO y que lo hagan razonadamente. Ese es el mejor de los deseos.<\/p>\n\n\n\n<p>&nbsp;&nbsp;&nbsp;&nbsp;&nbsp;&nbsp;&nbsp;&nbsp;&nbsp;&nbsp;&nbsp; Concretamente a los IZCALLENSES, recordarles que ALEJANDRA es de Izcalli. Que ciertamente como TODOS los pol\u00edticos que han pasado por AQU\u00cd nos han quedado a deber, o al menos eso pensamos y nos sentimos ofendidos, aunque tampoco tenemos datos duros, pruebas o denuncias que avalen de lo que ahora la acusan. Y por el contrario s\u00ed existe la gran posibilidad de que -de ganar- le vaya muy bien a este municipio, teniendo adem\u00e1s a otra MUJER en la presente Administraci\u00f3n, que lleg\u00f3 igualmente por la ALIANZA y est\u00e1 haciendo buen trabajo, por lo que eso puede favorecerle con m\u00e1s APOYOS. Cuando por el otro lado, de ganar Delfina (que Dios NO lo quiera), por l\u00f3gica no va a favorecer a los municipios que sean de sus contrarios, como lo estamos viendo en CDMX con otra radical morenista que trae asoleadas a ciertas alcald\u00edas que no son afines a ella. Es un buen ejemplo para reflexionar.<\/p>\n\n\n\n<p>&nbsp;&nbsp;&nbsp;&nbsp;&nbsp;&nbsp;&nbsp;&nbsp;&nbsp;&nbsp;&nbsp; Adem\u00e1s, claro, que de ganar Morena el estado, concretamente en Cuautitl\u00e1n Izcalli se fortalecer\u00e1n esas \u201cfuerzas obscuras\u201d que conocemos y a NADIE le son gratas. Me refiero desde luego a gente como \u00c1xel Garc\u00eda y Jafet S\u00e1inz, quienes abiertamente han proclamado su apoyo a Morena, sabiendo que esas personas no dan paso sin huarache. Y por si eso fuera poco, otro al que se fortalecer\u00e1 es al sujeto de ATIZAP\u00c1N que a la de a\u2026 fuerza quiere ser Presidente de Izcalli por Morena: me refiero desde luego al insoportable de Daniel Serrano. Esto es lo que tendremos que aguantar en nuestro municipio si gana Morena en el Estado de M\u00e9xico, as\u00ed es de que pensemos tres veces por QUI\u00c9N emitir nuestro VOTO de este DOMINGO en ocho d\u00edas.<\/p>\n\n\n\n<p>&nbsp;&nbsp;&nbsp;&nbsp;&nbsp;&nbsp;&nbsp;&nbsp;&nbsp;&nbsp;&nbsp; Por cierto, ma\u00f1ana S\u00c1BADO ser\u00e1 justamente AQU\u00cd, en Cuautitl\u00e1n Izcalli, en la explanada del Palacio municipal, uno de los CIERRES de CAMPA\u00d1A de ALEJANDRA DEL MORAL, a las 10 de la ma\u00f1ana e iremos a quien se nos d\u00e9 la gana. Si hay acarreados o no, es asunto que no vamos a discutir, pero la INVITACI\u00d3N es para TODOS los que deseen estar en esta su tierra, record\u00e1ndonos que es el primer y \u00fanico personaje de este lugar que ha llegado tan alto, siendo candidata al gobierno de nuestro estado y solicitando el APOYO de la ciudadan\u00eda para que eso se realice. Por all\u00e1 nos vemos entonces y ojal\u00e1 que pudieran ir muchos de esos que a estas alturas todav\u00eda no est\u00e1n convencidos de por qui\u00e9n VOTAR. Quiz\u00e1 escuch\u00e1ndola en vivo, les caiga el veinte de que se requiere a alguien de ese calibre, para gobernar el estado m\u00e1s importante de todo nuestro pa\u00eds.<\/p>\n\n\n\n<p>&nbsp;&nbsp;&nbsp;&nbsp;&nbsp;&nbsp;&nbsp;&nbsp;&nbsp;&nbsp;&nbsp; Y bueno, en esta ocasi\u00f3n que ya es el \u00daLTIMO viernes de mayo, porque ya la siguiente semana estaremos en el mes m\u00e1s bonito del a\u00f1o, quiero cerrar con DOS textos que me compartieron y me parecen muy adecuados previo a la jornada ELECTORAL que est\u00e1 por venir. El primero dice as\u00ed:<\/p>\n\n\n\n<p>&nbsp;&nbsp;&nbsp;&nbsp;&nbsp;&nbsp;&nbsp;&nbsp;&nbsp;&nbsp;&nbsp; \u201cUn seguidor de Morena me pregunt\u00f3 que si nosotros quer\u00edamos que volviera el PRIAN, con toda su corrupci\u00f3n, nuevamente al poder. Y mi respuesta fue la siguiente: en ning\u00fan momento voy a defender a ning\u00fan pol\u00edtico CORRUPTO de ning\u00fan Partido pol\u00edtico. Sin embargo, ahora son la \u00fanica opci\u00f3n que tenemos para que NO desaparezca el PA\u00cdS DE TODOS y se convierta en el \u2018pa\u00eds de un solo hombre\u2019.<\/p>\n\n\n\n<p>&nbsp;&nbsp;&nbsp;&nbsp;&nbsp;&nbsp;&nbsp;&nbsp;&nbsp;&nbsp;&nbsp; No es un VOTO por un Partido pol\u00edtico, es un VOTO por la libertad. El PRI, el PAN, MC y el PRD tienen muchas fallas y no los pienso defender. Pero ellos tuvieron una gran VIRTUD, permitieron la FISCALIZACI\u00d3N CIUDADANA para que los podamos denunciar. As\u00ed naci\u00f3 el INE, el INAI, la CNDH, la ASF, los fideicomisos para personas vulnerables. Las REGLAS estaban claras para todos los Partidos. Si te equivocas y te corrompes, te vas.<\/p>\n\n\n\n<p>&nbsp;&nbsp;&nbsp;&nbsp;&nbsp;&nbsp;&nbsp;&nbsp;&nbsp;&nbsp;&nbsp; As\u00ed sali\u00f3 el PRI en el 2000 y entr\u00f3 el PAN. En 2012 sali\u00f3 el PAN y volvi\u00f3 el PRI; y en 2018 sali\u00f3 el PRI y entr\u00f3 Morena.<\/p>\n\n\n\n<p>&nbsp;&nbsp;&nbsp;&nbsp;&nbsp;&nbsp;&nbsp;&nbsp;&nbsp;&nbsp;&nbsp; Esas Instituciones que no son perfectas, pero nos permitieron ver y denunciar toda la CORRUPTELA de los gobiernos como las toallas caras de Fox para Los Pinos; el sobre precio de la \u2018Estela de Luz\u2019 de Calder\u00f3n; la \u2018Casa Blanca\u2019 y la \u2018Estafa Maestra\u2019&nbsp; de pe\u00f1a Nieto. Los contratos de Felipa con Pemex, los DESFALCOS de las cu\u00f1adas de L\u00f3pez Obrador en Veracruz y Tabasco, as\u00ed como los 50,000 mdp en gastos SIN COMPROBAR de Andr\u00e9s Manuel en el 2020.<\/p>\n\n\n\n<p>&nbsp;&nbsp;&nbsp;&nbsp;&nbsp;&nbsp;&nbsp;&nbsp;&nbsp;&nbsp;&nbsp; Toda esa conquista por saber la VERDAD de los manejos p\u00fablicos de cada gobierno (ganada a trav\u00e9s de muchos a\u00f1os), ahora est\u00e1 en PELIGRO y con ello nuestra libertad de elegir.<\/p>\n\n\n\n<p>&nbsp;&nbsp;&nbsp;&nbsp;&nbsp;&nbsp;&nbsp;&nbsp;&nbsp;&nbsp;&nbsp; L\u00f3pez se declar\u00f3 ENEMIGO de todas esas Instituciones. Si gana el Congreso, desaparecen. Ya lo advirti\u00f3 con Salgado Macedonio. \u00c9sta no es una lucha de Partidos pol\u00edticos, es una lucha por nuestra LIBERTAD. Libertad para DENUNCIAR la corrupci\u00f3n; libertad para educar a nuestros hijos y nietos, libertad para expresar libremente las ideas. La lucha es entre los que AMAMOS a M\u00e9xico contra los que aman a L\u00f3pez nadam\u00e1s\u201d.<\/p>\n\n\n\n<p>&nbsp;&nbsp;&nbsp;&nbsp;&nbsp;&nbsp;&nbsp;&nbsp;&nbsp;&nbsp;&nbsp; Obviamente que esto les caer\u00e1 como patada de mula a todos esos \u201cseguidores\u201d a ultranza de L\u00f3pez Obrador, PERO a quienes no nos tiene cegados sabemos que hay mucho de verdad en esta carta que nos debe hacer REFLEXIONAR hacia qui\u00e9n emitir nuestro VOTO, desde luego que el a\u00f1o entrante donde se elegir\u00e1n MILES de cargos de elecci\u00f3n popular (Presidentes municipales, Diputados Locales y Federales, Senadores y el nuevo Presidente de la Rep\u00fablica), pero antes de llegar all\u00e1, es preciso pasar por la elecci\u00f3n de este 4 de JUNIO, en el Estado de M\u00e9xico y por eso la importancia de reflexionar todav\u00eda m\u00e1s nuestro VOTO para que podamos ser una especie de \u201ccontenedor\u201d del DESGOBIERNO que estamos viendo en estados como Zacatecas, Colima, Guerrero, Michoac\u00e1n y ahora hasta Oaxaca, todos ellos gobernados por Morena, y lo que menos queremos, eso s\u00ed estoy bien seguro, es que nuestro estado, donde vivimos, tenemos nuestra familia y trabajo se convierta en algo parecido a eso \u00bfO poco si?<\/p>\n\n\n\n<p>&nbsp;&nbsp;&nbsp;&nbsp;&nbsp;&nbsp;&nbsp;&nbsp;&nbsp;&nbsp;&nbsp; Finalmente, un texto que le\u00ed el mi\u00e9rcoles pasado antes de realizar la entrevista que hice en Facebook Live, publicado por Daniel Camargo en su portal de noticias llamado \u201cCuesti\u00f3n de Pol\u00e9mica\u201d:<\/p>\n\n\n\n<p>&nbsp;&nbsp;&nbsp;&nbsp;&nbsp;&nbsp;&nbsp;&nbsp;&nbsp;&nbsp;&nbsp; \u201cINTELIGENCIA ARTIFICIAL PROYECTA RESULTADO DEL 4 DE JUNIO EN EDOMEX<\/p>\n\n\n\n<p>&nbsp;&nbsp;&nbsp;&nbsp;&nbsp;&nbsp;&nbsp;&nbsp;&nbsp;&nbsp;&nbsp; De acuerdo con un modelo construido con l\u00edneas de regresi\u00f3n, proyectadas hacia el domingo 4 de junio, ALEJANDRA DEL MORAL, candidata de la coalici\u00f3n \u2018Va por el estado de M\u00e9xico\u2019, GANAR\u00c1 la elecci\u00f3n por la gubernatura con el 52.7% obteniendo algo as\u00ed como 3 MILLONES 616 mil 254 VOTOS.<\/p>\n\n\n\n<p>&nbsp;&nbsp;&nbsp;&nbsp;&nbsp;&nbsp;&nbsp;&nbsp;&nbsp;&nbsp;&nbsp; El mismo ejercicio revel\u00f3 que la candidata de \u2018Juntos hacemos historia\u2019, Delfina G\u00f3mez, se quedar\u00e1 con el 47.3% de los VOTOS, lo que representa cerca de 3 millones 241 mil 135 votos\u201d. Concluye la nota.<\/p>\n\n\n\n<p>&nbsp;&nbsp;&nbsp;&nbsp;&nbsp;&nbsp;&nbsp;&nbsp;&nbsp;&nbsp;&nbsp;&nbsp;&nbsp;&nbsp;&nbsp; Ese sin duda es el deseo de MUCHOS de nosotros, pero algo nos debe quedar bien claro: los resultados REALES que arroje la votaci\u00f3n deberemos aceptarla y respetarla TODOS, porque desde hace unos d\u00edas ya ven que los de Morena andan diciendo que \u201cse est\u00e1 preparando un FRAUDE\u201d, cuando se supone que ellos est\u00e1n tan seguros de su \u201ctriunfo\u201d con tantas encuestas pagadas que hicieron. Y eso s\u00ed, tengan por seguro que quienes apoyamos a ALEJANDRA DEL MORAL, no vamos a hacer una mama\u2026rrachada como las que acostumbra Morena, o eso de declararla \u201cGobernadora LEG\u00cdTIMA\u201d, si es que perdiera la elecci\u00f3n.&nbsp; MUCHAS GRACIAS.&nbsp;<\/p>\n","protected":false},"excerpt":{"rendered":"<p>&nbsp; Antes de otra cosa y a toro pasado, perm\u00edtanme preguntarles \u00bfQU\u00c9 les dije? Luego del segundo DEBATE entre las CANDIDATAS al gobierno del Estado de M\u00e9xico, los defensores \u201csolovinos\u201d de Delfina G\u00f3mez, aseguran (juran y perjuran) que ella fue quien \u201cgan\u00f3 el DEBATE\u201d. Pero indudablemente eso NO ocurri\u00f3. La pura percha, la manera de [&hellip;]<\/p>\n","protected":false},"author":6,"featured_media":12739,"comment_status":"open","ping_status":"open","sticky":false,"template":"","format":"standard","meta":{"footnotes":""},"categories":[10,9],"tags":[],"class_list":["post-43706","post","type-post","status-publish","format-standard","has-post-thumbnail","hentry","category-articulo-de-contenido","category-columnas"],"yoast_head":"<!-- This site is optimized with the Yoast SEO plugin v27.5 - https:\/\/yoast.com\/product\/yoast-seo-wordpress\/ -->\n<title>OMAR TAPIA INFORMA -<\/title>\n<meta name=\"robots\" content=\"index, follow, max-snippet:-1, max-image-preview:large, max-video-preview:-1\" \/>\n<link rel=\"canonical\" href=\"https:\/\/continuamosmx.com\/index.php\/2023\/05\/26\/omar-tapia-informa-6\/\" \/>\n<meta property=\"og:locale\" content=\"es_ES\" \/>\n<meta property=\"og:type\" content=\"article\" \/>\n<meta property=\"og:title\" content=\"OMAR TAPIA INFORMA -\" \/>\n<meta property=\"og:description\" content=\"&nbsp; Antes de otra cosa y a toro pasado, perm\u00edtanme preguntarles \u00bfQU\u00c9 les dije? Luego del segundo DEBATE entre las CANDIDATAS al gobierno del Estado de M\u00e9xico, los defensores \u201csolovinos\u201d de Delfina G\u00f3mez, aseguran (juran y perjuran) que ella fue quien \u201cgan\u00f3 el DEBATE\u201d. Pero indudablemente eso NO ocurri\u00f3. La pura percha, la manera de [&hellip;]\" \/>\n<meta property=\"og:url\" content=\"https:\/\/continuamosmx.com\/index.php\/2023\/05\/26\/omar-tapia-informa-6\/\" \/>\n<meta property=\"article:published_time\" content=\"2023-05-26T20:55:00+00:00\" \/>\n<meta property=\"article:modified_time\" content=\"2023-05-26T20:55:01+00:00\" \/>\n<meta property=\"og:image\" content=\"https:\/\/continuamosmx.com\/wp-content\/uploads\/2021\/02\/OMAR-OK.png\" \/>\n\t<meta property=\"og:image:width\" content=\"2051\" \/>\n\t<meta property=\"og:image:height\" content=\"1155\" \/>\n\t<meta property=\"og:image:type\" content=\"image\/png\" \/>\n<meta name=\"author\" content=\"Continuamos MX\" \/>\n<meta name=\"twitter:card\" content=\"summary_large_image\" \/>\n<meta name=\"twitter:label1\" content=\"Escrito por\" \/>\n\t<meta name=\"twitter:data1\" content=\"Continuamos MX\" \/>\n\t<meta name=\"twitter:label2\" content=\"Tiempo de lectura\" \/>\n\t<meta name=\"twitter:data2\" content=\"7 minutos\" \/>\n<script type=\"application\/ld+json\" class=\"yoast-schema-graph\">{\"@context\":\"https:\\\/\\\/schema.org\",\"@graph\":[{\"@type\":\"Article\",\"@id\":\"https:\\\/\\\/continuamosmx.com\\\/index.php\\\/2023\\\/05\\\/26\\\/omar-tapia-informa-6\\\/#article\",\"isPartOf\":{\"@id\":\"https:\\\/\\\/continuamosmx.com\\\/index.php\\\/2023\\\/05\\\/26\\\/omar-tapia-informa-6\\\/\"},\"author\":{\"name\":\"Continuamos MX\",\"@id\":\"https:\\\/\\\/continuamosmx.com\\\/#\\\/schema\\\/person\\\/5eb5356acb1fad784da407d14f0e8d89\"},\"headline\":\"OMAR TAPIA INFORMA\",\"datePublished\":\"2023-05-26T20:55:00+00:00\",\"dateModified\":\"2023-05-26T20:55:01+00:00\",\"mainEntityOfPage\":{\"@id\":\"https:\\\/\\\/continuamosmx.com\\\/index.php\\\/2023\\\/05\\\/26\\\/omar-tapia-informa-6\\\/\"},\"wordCount\":1781,\"commentCount\":0,\"publisher\":{\"@id\":\"https:\\\/\\\/continuamosmx.com\\\/#organization\"},\"image\":{\"@id\":\"https:\\\/\\\/continuamosmx.com\\\/index.php\\\/2023\\\/05\\\/26\\\/omar-tapia-informa-6\\\/#primaryimage\"},\"thumbnailUrl\":\"https:\\\/\\\/continuamosmx.com\\\/wp-content\\\/uploads\\\/2021\\\/02\\\/OMAR-OK.png\",\"articleSection\":[\"ART\u00cdCULO DE CONTENIDO\",\"COLUMNAS\"],\"inLanguage\":\"es\"},{\"@type\":\"WebPage\",\"@id\":\"https:\\\/\\\/continuamosmx.com\\\/index.php\\\/2023\\\/05\\\/26\\\/omar-tapia-informa-6\\\/\",\"url\":\"https:\\\/\\\/continuamosmx.com\\\/index.php\\\/2023\\\/05\\\/26\\\/omar-tapia-informa-6\\\/\",\"name\":\"OMAR TAPIA INFORMA -\",\"isPartOf\":{\"@id\":\"https:\\\/\\\/continuamosmx.com\\\/#website\"},\"primaryImageOfPage\":{\"@id\":\"https:\\\/\\\/continuamosmx.com\\\/index.php\\\/2023\\\/05\\\/26\\\/omar-tapia-informa-6\\\/#primaryimage\"},\"image\":{\"@id\":\"https:\\\/\\\/continuamosmx.com\\\/index.php\\\/2023\\\/05\\\/26\\\/omar-tapia-informa-6\\\/#primaryimage\"},\"thumbnailUrl\":\"https:\\\/\\\/continuamosmx.com\\\/wp-content\\\/uploads\\\/2021\\\/02\\\/OMAR-OK.png\",\"datePublished\":\"2023-05-26T20:55:00+00:00\",\"dateModified\":\"2023-05-26T20:55:01+00:00\",\"breadcrumb\":{\"@id\":\"https:\\\/\\\/continuamosmx.com\\\/index.php\\\/2023\\\/05\\\/26\\\/omar-tapia-informa-6\\\/#breadcrumb\"},\"inLanguage\":\"es\",\"potentialAction\":[{\"@type\":\"ReadAction\",\"target\":[\"https:\\\/\\\/continuamosmx.com\\\/index.php\\\/2023\\\/05\\\/26\\\/omar-tapia-informa-6\\\/\"]}]},{\"@type\":\"ImageObject\",\"inLanguage\":\"es\",\"@id\":\"https:\\\/\\\/continuamosmx.com\\\/index.php\\\/2023\\\/05\\\/26\\\/omar-tapia-informa-6\\\/#primaryimage\",\"url\":\"https:\\\/\\\/continuamosmx.com\\\/wp-content\\\/uploads\\\/2021\\\/02\\\/OMAR-OK.png\",\"contentUrl\":\"https:\\\/\\\/continuamosmx.com\\\/wp-content\\\/uploads\\\/2021\\\/02\\\/OMAR-OK.png\",\"width\":2051,\"height\":1155},{\"@type\":\"BreadcrumbList\",\"@id\":\"https:\\\/\\\/continuamosmx.com\\\/index.php\\\/2023\\\/05\\\/26\\\/omar-tapia-informa-6\\\/#breadcrumb\",\"itemListElement\":[{\"@type\":\"ListItem\",\"position\":1,\"name\":\"Inicio\",\"item\":\"https:\\\/\\\/continuamosmx.com\\\/\"},{\"@type\":\"ListItem\",\"position\":2,\"name\":\"OMAR TAPIA INFORMA\"}]},{\"@type\":\"WebSite\",\"@id\":\"https:\\\/\\\/continuamosmx.com\\\/#website\",\"url\":\"https:\\\/\\\/continuamosmx.com\\\/\",\"name\":\"www.continuamosmx.com\",\"description\":\"\",\"publisher\":{\"@id\":\"https:\\\/\\\/continuamosmx.com\\\/#organization\"},\"potentialAction\":[{\"@type\":\"SearchAction\",\"target\":{\"@type\":\"EntryPoint\",\"urlTemplate\":\"https:\\\/\\\/continuamosmx.com\\\/?s={search_term_string}\"},\"query-input\":{\"@type\":\"PropertyValueSpecification\",\"valueRequired\":true,\"valueName\":\"search_term_string\"}}],\"inLanguage\":\"es\"},{\"@type\":\"Organization\",\"@id\":\"https:\\\/\\\/continuamosmx.com\\\/#organization\",\"name\":\"ContinuamosMX\",\"url\":\"https:\\\/\\\/continuamosmx.com\\\/\",\"logo\":{\"@type\":\"ImageObject\",\"inLanguage\":\"es\",\"@id\":\"https:\\\/\\\/continuamosmx.com\\\/#\\\/schema\\\/logo\\\/image\\\/\",\"url\":\"https:\\\/\\\/continuamosmx.com\\\/wp-content\\\/uploads\\\/2023\\\/04\\\/cropped-LOGO-CONTI-NUEVO.png\",\"contentUrl\":\"https:\\\/\\\/continuamosmx.com\\\/wp-content\\\/uploads\\\/2023\\\/04\\\/cropped-LOGO-CONTI-NUEVO.png\",\"width\":1257,\"height\":430,\"caption\":\"ContinuamosMX\"},\"image\":{\"@id\":\"https:\\\/\\\/continuamosmx.com\\\/#\\\/schema\\\/logo\\\/image\\\/\"}},{\"@type\":\"Person\",\"@id\":\"https:\\\/\\\/continuamosmx.com\\\/#\\\/schema\\\/person\\\/5eb5356acb1fad784da407d14f0e8d89\",\"name\":\"Continuamos MX\",\"image\":{\"@type\":\"ImageObject\",\"inLanguage\":\"es\",\"@id\":\"https:\\\/\\\/secure.gravatar.com\\\/avatar\\\/30d4f9723476a15f4da34d35fb3501f08d2357016c76051c6a85c354c7489589?s=96&d=mm&r=g\",\"url\":\"https:\\\/\\\/secure.gravatar.com\\\/avatar\\\/30d4f9723476a15f4da34d35fb3501f08d2357016c76051c6a85c354c7489589?s=96&d=mm&r=g\",\"contentUrl\":\"https:\\\/\\\/secure.gravatar.com\\\/avatar\\\/30d4f9723476a15f4da34d35fb3501f08d2357016c76051c6a85c354c7489589?s=96&d=mm&r=g\",\"caption\":\"Continuamos MX\"},\"sameAs\":[\"http:\\\/\\\/www.continuamos.mx\"],\"url\":\"https:\\\/\\\/continuamosmx.com\\\/index.php\\\/author\\\/continuamos\\\/\"}]}<\/script>\n<!-- \/ Yoast SEO plugin. -->","yoast_head_json":{"title":"OMAR TAPIA INFORMA -","robots":{"index":"index","follow":"follow","max-snippet":"max-snippet:-1","max-image-preview":"max-image-preview:large","max-video-preview":"max-video-preview:-1"},"canonical":"https:\/\/continuamosmx.com\/index.php\/2023\/05\/26\/omar-tapia-informa-6\/","og_locale":"es_ES","og_type":"article","og_title":"OMAR TAPIA INFORMA -","og_description":"&nbsp; Antes de otra cosa y a toro pasado, perm\u00edtanme preguntarles \u00bfQU\u00c9 les dije? Luego del segundo DEBATE entre las CANDIDATAS al gobierno del Estado de M\u00e9xico, los defensores \u201csolovinos\u201d de Delfina G\u00f3mez, aseguran (juran y perjuran) que ella fue quien \u201cgan\u00f3 el DEBATE\u201d. Pero indudablemente eso NO ocurri\u00f3. La pura percha, la manera de [&hellip;]","og_url":"https:\/\/continuamosmx.com\/index.php\/2023\/05\/26\/omar-tapia-informa-6\/","article_published_time":"2023-05-26T20:55:00+00:00","article_modified_time":"2023-05-26T20:55:01+00:00","og_image":[{"width":2051,"height":1155,"url":"https:\/\/continuamosmx.com\/wp-content\/uploads\/2021\/02\/OMAR-OK.png","type":"image\/png"}],"author":"Continuamos MX","twitter_card":"summary_large_image","twitter_misc":{"Escrito por":"Continuamos MX","Tiempo de lectura":"7 minutos"},"schema":{"@context":"https:\/\/schema.org","@graph":[{"@type":"Article","@id":"https:\/\/continuamosmx.com\/index.php\/2023\/05\/26\/omar-tapia-informa-6\/#article","isPartOf":{"@id":"https:\/\/continuamosmx.com\/index.php\/2023\/05\/26\/omar-tapia-informa-6\/"},"author":{"name":"Continuamos MX","@id":"https:\/\/continuamosmx.com\/#\/schema\/person\/5eb5356acb1fad784da407d14f0e8d89"},"headline":"OMAR TAPIA INFORMA","datePublished":"2023-05-26T20:55:00+00:00","dateModified":"2023-05-26T20:55:01+00:00","mainEntityOfPage":{"@id":"https:\/\/continuamosmx.com\/index.php\/2023\/05\/26\/omar-tapia-informa-6\/"},"wordCount":1781,"commentCount":0,"publisher":{"@id":"https:\/\/continuamosmx.com\/#organization"},"image":{"@id":"https:\/\/continuamosmx.com\/index.php\/2023\/05\/26\/omar-tapia-informa-6\/#primaryimage"},"thumbnailUrl":"https:\/\/continuamosmx.com\/wp-content\/uploads\/2021\/02\/OMAR-OK.png","articleSection":["ART\u00cdCULO DE CONTENIDO","COLUMNAS"],"inLanguage":"es"},{"@type":"WebPage","@id":"https:\/\/continuamosmx.com\/index.php\/2023\/05\/26\/omar-tapia-informa-6\/","url":"https:\/\/continuamosmx.com\/index.php\/2023\/05\/26\/omar-tapia-informa-6\/","name":"OMAR TAPIA INFORMA -","isPartOf":{"@id":"https:\/\/continuamosmx.com\/#website"},"primaryImageOfPage":{"@id":"https:\/\/continuamosmx.com\/index.php\/2023\/05\/26\/omar-tapia-informa-6\/#primaryimage"},"image":{"@id":"https:\/\/continuamosmx.com\/index.php\/2023\/05\/26\/omar-tapia-informa-6\/#primaryimage"},"thumbnailUrl":"https:\/\/continuamosmx.com\/wp-content\/uploads\/2021\/02\/OMAR-OK.png","datePublished":"2023-05-26T20:55:00+00:00","dateModified":"2023-05-26T20:55:01+00:00","breadcrumb":{"@id":"https:\/\/continuamosmx.com\/index.php\/2023\/05\/26\/omar-tapia-informa-6\/#breadcrumb"},"inLanguage":"es","potentialAction":[{"@type":"ReadAction","target":["https:\/\/continuamosmx.com\/index.php\/2023\/05\/26\/omar-tapia-informa-6\/"]}]},{"@type":"ImageObject","inLanguage":"es","@id":"https:\/\/continuamosmx.com\/index.php\/2023\/05\/26\/omar-tapia-informa-6\/#primaryimage","url":"https:\/\/continuamosmx.com\/wp-content\/uploads\/2021\/02\/OMAR-OK.png","contentUrl":"https:\/\/continuamosmx.com\/wp-content\/uploads\/2021\/02\/OMAR-OK.png","width":2051,"height":1155},{"@type":"BreadcrumbList","@id":"https:\/\/continuamosmx.com\/index.php\/2023\/05\/26\/omar-tapia-informa-6\/#breadcrumb","itemListElement":[{"@type":"ListItem","position":1,"name":"Inicio","item":"https:\/\/continuamosmx.com\/"},{"@type":"ListItem","position":2,"name":"OMAR TAPIA INFORMA"}]},{"@type":"WebSite","@id":"https:\/\/continuamosmx.com\/#website","url":"https:\/\/continuamosmx.com\/","name":"www.continuamosmx.com","description":"","publisher":{"@id":"https:\/\/continuamosmx.com\/#organization"},"potentialAction":[{"@type":"SearchAction","target":{"@type":"EntryPoint","urlTemplate":"https:\/\/continuamosmx.com\/?s={search_term_string}"},"query-input":{"@type":"PropertyValueSpecification","valueRequired":true,"valueName":"search_term_string"}}],"inLanguage":"es"},{"@type":"Organization","@id":"https:\/\/continuamosmx.com\/#organization","name":"ContinuamosMX","url":"https:\/\/continuamosmx.com\/","logo":{"@type":"ImageObject","inLanguage":"es","@id":"https:\/\/continuamosmx.com\/#\/schema\/logo\/image\/","url":"https:\/\/continuamosmx.com\/wp-content\/uploads\/2023\/04\/cropped-LOGO-CONTI-NUEVO.png","contentUrl":"https:\/\/continuamosmx.com\/wp-content\/uploads\/2023\/04\/cropped-LOGO-CONTI-NUEVO.png","width":1257,"height":430,"caption":"ContinuamosMX"},"image":{"@id":"https:\/\/continuamosmx.com\/#\/schema\/logo\/image\/"}},{"@type":"Person","@id":"https:\/\/continuamosmx.com\/#\/schema\/person\/5eb5356acb1fad784da407d14f0e8d89","name":"Continuamos MX","image":{"@type":"ImageObject","inLanguage":"es","@id":"https:\/\/secure.gravatar.com\/avatar\/30d4f9723476a15f4da34d35fb3501f08d2357016c76051c6a85c354c7489589?s=96&d=mm&r=g","url":"https:\/\/secure.gravatar.com\/avatar\/30d4f9723476a15f4da34d35fb3501f08d2357016c76051c6a85c354c7489589?s=96&d=mm&r=g","contentUrl":"https:\/\/secure.gravatar.com\/avatar\/30d4f9723476a15f4da34d35fb3501f08d2357016c76051c6a85c354c7489589?s=96&d=mm&r=g","caption":"Continuamos MX"},"sameAs":["http:\/\/www.continuamos.mx"],"url":"https:\/\/continuamosmx.com\/index.php\/author\/continuamos\/"}]}},"_links":{"self":[{"href":"https:\/\/continuamosmx.com\/index.php\/wp-json\/wp\/v2\/posts\/43706","targetHints":{"allow":["GET"]}}],"collection":[{"href":"https:\/\/continuamosmx.com\/index.php\/wp-json\/wp\/v2\/posts"}],"about":[{"href":"https:\/\/continuamosmx.com\/index.php\/wp-json\/wp\/v2\/types\/post"}],"author":[{"embeddable":true,"href":"https:\/\/continuamosmx.com\/index.php\/wp-json\/wp\/v2\/users\/6"}],"replies":[{"embeddable":true,"href":"https:\/\/continuamosmx.com\/index.php\/wp-json\/wp\/v2\/comments?post=43706"}],"version-history":[{"count":1,"href":"https:\/\/continuamosmx.com\/index.php\/wp-json\/wp\/v2\/posts\/43706\/revisions"}],"predecessor-version":[{"id":43707,"href":"https:\/\/continuamosmx.com\/index.php\/wp-json\/wp\/v2\/posts\/43706\/revisions\/43707"}],"wp:featuredmedia":[{"embeddable":true,"href":"https:\/\/continuamosmx.com\/index.php\/wp-json\/wp\/v2\/media\/12739"}],"wp:attachment":[{"href":"https:\/\/continuamosmx.com\/index.php\/wp-json\/wp\/v2\/media?parent=43706"}],"wp:term":[{"taxonomy":"category","embeddable":true,"href":"https:\/\/continuamosmx.com\/index.php\/wp-json\/wp\/v2\/categories?post=43706"},{"taxonomy":"post_tag","embeddable":true,"href":"https:\/\/continuamosmx.com\/index.php\/wp-json\/wp\/v2\/tags?post=43706"}],"curies":[{"name":"wp","href":"https:\/\/api.w.org\/{rel}","templated":true}]}}