{"id":43659,"date":"2023-05-23T05:36:18","date_gmt":"2023-05-23T05:36:18","guid":{"rendered":"https:\/\/continuamosmx.com\/?p=43659"},"modified":"2023-05-23T05:36:19","modified_gmt":"2023-05-23T05:36:19","slug":"alejandra-del-moral-hace-llamado-a-jovenes-mexiquenses","status":"publish","type":"post","link":"https:\/\/continuamosmx.com\/index.php\/2023\/05\/23\/alejandra-del-moral-hace-llamado-a-jovenes-mexiquenses\/","title":{"rendered":"ALEJANDRA DEL MORAL HACE LLAMADO A J\u00d3VENES MEXIQUENSES"},"content":{"rendered":"\n<p>*<strong>Los j\u00f3venes cuentan con una aliada para trabajar por su futuro en el Estado de M\u00e9xico, dijo la candidata durante el Foro de Decisi\u00f3n 2023, luego de asegurar que requieren de oportunidades y buenos empleos.<\/strong><\/p>\n\n\n\n<p>REDACCI\u00d3N.<\/p>\n\n\n\n<p>HUIXQUILUCAN, M\u00e9x.- Alejandra Del Moral Vela, candidata de la coalici\u00f3n Va por el Estado de M\u00e9xico, asegur\u00f3 que ganando la elecci\u00f3n el 4 de junio los m\u00e1s beneficiados ser\u00e1n los j\u00f3venes, ya que contar\u00e1n con m\u00e1s y mejores oportunidades, adem\u00e1s de una educaci\u00f3n de calidad y buenos empleos.<\/p>\n\n\n\n<p>Durante el encuentro de j\u00f3venes de la Universidad Panamericana, sostuvo que la juventud no est\u00e1 peleada con la capacidad y mucho menos con la responsabilidad, \u201cnosotros somos los protagonistas de esta elecci\u00f3n, ustedes lleven este mensaje y rompan la apat\u00eda\u201d.<\/p>\n\n\n\n<p>Dijo que durante su sexenio, el Estado de M\u00e9xico tendr\u00e1 un gobierno de puertas abiertas, de participaci\u00f3n ciudadana y que escuche a todas y todos, pues es tiempo de renovarse o morir, \u201cese ser\u00e1 el gran reto y lo vamos a lograr por el bienestar de las y los mexiquenses\u201d.<\/p>\n\n\n\n<p>Los j\u00f3venes cuentan con una aliada para trabajar por su futuro en el Estado de M\u00e9xico, dijo la candidata durante el Foro de Decisi\u00f3n 2023, luego de asegurar que los j\u00f3venes requieren de oportunidades y buenos empleos.<\/p>\n\n\n\n<p>La abanderada del PRI, PAN, PRD y Nueva Alianza present\u00f3 sus 10 compromisos con las juventudes mexiquenses, \u201cporque los j\u00f3venes no solo quieren becas, quieren ser productivos y quieren una oportunidad\u201d.<\/p>\n\n\n\n<p>Los programas a implementar ser\u00e1n: \u201cRespaldo joven\u201d, un est\u00edmulo para los j\u00f3venes que realizan su servicio social y pr\u00e1cticas profesionales, adem\u00e1s de \u201cLomitos y mishis valientes\u201d, porque nuestras mascotas forman parte de nuestra familia y deben ser prioridad.<\/p>\n\n\n\n<p>Otro programa ser\u00e1 \u201cj\u00f3venes facturando\u201d, que brindar\u00e1 cr\u00e9ditos para generar m\u00e1s oportunidades, con capacitaci\u00f3n y talleres, mientras que el \u201cPrimer empleo joven\u201d incluir\u00e1 est\u00edmulos fiscales para que las empresas los contraten, aunado a la apertura en espacios al servicio p\u00fablico en la entidad.<\/p>\n\n\n\n<p>Del Moral Vela present\u00f3 tambi\u00e9n \u201cUn mismo equipo\u201d, programa que fomentar\u00e1 el voluntariado y la recuperaci\u00f3n de espacios p\u00fablicos. \u201cTransporte Universitario\u201d, que ayudar\u00e1 a los alumnos de universidades mexiquenses con transporte m\u00e1s barato, seguro y m\u00e1s sustentable.<\/p>\n\n\n\n<p>As\u00ed como: \u201cBecas para Estudiantes Imparables\u201d y \u201cCartilla Joven\u201d, que ser\u00e1 para apoyo en materia de salud; \u201cCanasta Tecnol\u00f3gica\u201d, para que todos los j\u00f3venes mexiquenses accedan a las nuevas tecnolog\u00edas y \u201cVivienda Joven\u201d que servir\u00e1 para que obtengan su primer cr\u00e9dito para construir su patrimonio.<\/p>\n\n\n\n<p>Mejor educaci\u00f3n para las y los mexiquenses: Alejandra Del Moral<\/p>\n\n\n\n<p>Previamente, Del Moral Vela sostuvo un encuentro con directivos de escuelas privadas del Valle de M\u00e9xico, donde dej\u00f3 en claro que, con trabajo y compromiso, entregar\u00e1 buenos resultados por la educaci\u00f3n de las y los mexiquenses.<\/p>\n\n\n\n<p>\u201cConozco muy bien cu\u00e1les son las necesidades de nuestro estado, tengo la capacidad de unir los problemas con las soluciones, tengo la experiencia para enfrentar los problemas de la entidad, tengo el car\u00e1cter para enfrente las cosas m\u00e1s dif\u00edciles y tengo la capacidad para tomas las decisiones\u201d, agreg\u00f3.<\/p>\n\n\n\n<p>Dijo que implementar\u00e1 el programa \u201cEscuelas seguras\u201d, para ampliar el sistema de video vigilancia alrededor de las instituciones educativas e instalar botones de p\u00e1nico, adem\u00e1s de que se incrementar\u00e1 el patrullaje a sus alrededores, \u201cse pondr\u00e1 mano dura, cero tolerancia, el que la hace que la pague\u201d.<\/p>\n\n\n\n<p>Se reconocer\u00e1 a los maestros con excelencia educativa, durante el primer a\u00f1o de gobierno implementaremos acciones de simplificaci\u00f3n administrativa, subsidios y tr\u00e1mites para permisos escolares.<\/p>\n\n\n\n<p>Sin menoscabo en la seguridad de los estudiantes y la integridad de los planteles que es lo m\u00e1s importante, haremos un gobierno que no estorbe, tendremos un gobierno que sea facilitador de las inversiones y de las pr\u00f3ximas generaciones en materia educativa.<\/p>\n\n\n\n<p>Se implementar\u00e1 y crecer\u00e1 el programa de \u00fatiles escolares y se crear\u00e1 un fideicomiso promotor de la competitividad del desarrollo, ya que \u201cqueremos que este gobierno sea un facilitador de las inversiones y generar mejores empleos\u201d.<\/p>\n\n\n\n<p>La candidata record\u00f3 el compromiso de crear un mill\u00f3n de empleos durante el sexenio y trabajar para que el desarrollo tecnol\u00f3gico que generan universidades y centros tecnol\u00f3gicos aporte a la competitividad en el Estado de M\u00e9xico, es decir, Educaci\u00f3n dual.<\/p>\n","protected":false},"excerpt":{"rendered":"<p>*Los j\u00f3venes cuentan con una aliada para trabajar por su futuro en el Estado de M\u00e9xico, dijo la candidata durante el Foro de Decisi\u00f3n 2023, luego de asegurar que requieren de oportunidades y buenos empleos. REDACCI\u00d3N. HUIXQUILUCAN, M\u00e9x.- Alejandra Del Moral Vela, candidata de la coalici\u00f3n Va por el Estado de M\u00e9xico, asegur\u00f3 que ganando [&hellip;]<\/p>\n","protected":false},"author":6,"featured_media":43660,"comment_status":"open","ping_status":"open","sticky":false,"template":"","format":"standard","meta":{"footnotes":""},"categories":[2,3],"tags":[],"class_list":["post-43659","post","type-post","status-publish","format-standard","has-post-thumbnail","hentry","category-edomex","category-politica"],"yoast_head":"<!-- This site is optimized with the Yoast SEO plugin v27.5 - https:\/\/yoast.com\/product\/yoast-seo-wordpress\/ -->\n<title>ALEJANDRA DEL MORAL HACE LLAMADO A J\u00d3VENES MEXIQUENSES -<\/title>\n<meta name=\"robots\" content=\"index, follow, max-snippet:-1, max-image-preview:large, max-video-preview:-1\" \/>\n<link rel=\"canonical\" href=\"https:\/\/continuamosmx.com\/index.php\/2023\/05\/23\/alejandra-del-moral-hace-llamado-a-jovenes-mexiquenses\/\" \/>\n<meta property=\"og:locale\" content=\"es_ES\" \/>\n<meta property=\"og:type\" content=\"article\" \/>\n<meta property=\"og:title\" content=\"ALEJANDRA DEL MORAL HACE LLAMADO A J\u00d3VENES MEXIQUENSES -\" \/>\n<meta property=\"og:description\" content=\"*Los j\u00f3venes cuentan con una aliada para trabajar por su futuro en el Estado de M\u00e9xico, dijo la candidata durante el Foro de Decisi\u00f3n 2023, luego de asegurar que requieren de oportunidades y buenos empleos. REDACCI\u00d3N. HUIXQUILUCAN, M\u00e9x.- Alejandra Del Moral Vela, candidata de la coalici\u00f3n Va por el Estado de M\u00e9xico, asegur\u00f3 que ganando [&hellip;]\" \/>\n<meta property=\"og:url\" content=\"https:\/\/continuamosmx.com\/index.php\/2023\/05\/23\/alejandra-del-moral-hace-llamado-a-jovenes-mexiquenses\/\" \/>\n<meta property=\"article:published_time\" content=\"2023-05-23T05:36:18+00:00\" \/>\n<meta property=\"article:modified_time\" content=\"2023-05-23T05:36:19+00:00\" \/>\n<meta property=\"og:image\" content=\"https:\/\/continuamosmx.com\/wp-content\/uploads\/2023\/05\/a1.jpg\" \/>\n\t<meta property=\"og:image:width\" content=\"1024\" \/>\n\t<meta property=\"og:image:height\" content=\"616\" \/>\n\t<meta property=\"og:image:type\" content=\"image\/jpeg\" \/>\n<meta name=\"author\" content=\"Continuamos MX\" \/>\n<meta name=\"twitter:card\" content=\"summary_large_image\" \/>\n<meta name=\"twitter:label1\" content=\"Escrito por\" \/>\n\t<meta name=\"twitter:data1\" content=\"Continuamos MX\" \/>\n\t<meta name=\"twitter:label2\" content=\"Tiempo de lectura\" \/>\n\t<meta name=\"twitter:data2\" content=\"4 minutos\" \/>\n<script type=\"application\/ld+json\" class=\"yoast-schema-graph\">{\"@context\":\"https:\\\/\\\/schema.org\",\"@graph\":[{\"@type\":\"Article\",\"@id\":\"https:\\\/\\\/continuamosmx.com\\\/index.php\\\/2023\\\/05\\\/23\\\/alejandra-del-moral-hace-llamado-a-jovenes-mexiquenses\\\/#article\",\"isPartOf\":{\"@id\":\"https:\\\/\\\/continuamosmx.com\\\/index.php\\\/2023\\\/05\\\/23\\\/alejandra-del-moral-hace-llamado-a-jovenes-mexiquenses\\\/\"},\"author\":{\"name\":\"Continuamos MX\",\"@id\":\"https:\\\/\\\/continuamosmx.com\\\/#\\\/schema\\\/person\\\/5eb5356acb1fad784da407d14f0e8d89\"},\"headline\":\"ALEJANDRA DEL MORAL HACE LLAMADO A J\u00d3VENES MEXIQUENSES\",\"datePublished\":\"2023-05-23T05:36:18+00:00\",\"dateModified\":\"2023-05-23T05:36:19+00:00\",\"mainEntityOfPage\":{\"@id\":\"https:\\\/\\\/continuamosmx.com\\\/index.php\\\/2023\\\/05\\\/23\\\/alejandra-del-moral-hace-llamado-a-jovenes-mexiquenses\\\/\"},\"wordCount\":759,\"commentCount\":0,\"publisher\":{\"@id\":\"https:\\\/\\\/continuamosmx.com\\\/#organization\"},\"image\":{\"@id\":\"https:\\\/\\\/continuamosmx.com\\\/index.php\\\/2023\\\/05\\\/23\\\/alejandra-del-moral-hace-llamado-a-jovenes-mexiquenses\\\/#primaryimage\"},\"thumbnailUrl\":\"https:\\\/\\\/continuamosmx.com\\\/wp-content\\\/uploads\\\/2023\\\/05\\\/a1.jpg\",\"articleSection\":[\"EDOMEX\",\"POL\u00cdTICA\"],\"inLanguage\":\"es\"},{\"@type\":\"WebPage\",\"@id\":\"https:\\\/\\\/continuamosmx.com\\\/index.php\\\/2023\\\/05\\\/23\\\/alejandra-del-moral-hace-llamado-a-jovenes-mexiquenses\\\/\",\"url\":\"https:\\\/\\\/continuamosmx.com\\\/index.php\\\/2023\\\/05\\\/23\\\/alejandra-del-moral-hace-llamado-a-jovenes-mexiquenses\\\/\",\"name\":\"ALEJANDRA DEL MORAL HACE LLAMADO A J\u00d3VENES MEXIQUENSES -\",\"isPartOf\":{\"@id\":\"https:\\\/\\\/continuamosmx.com\\\/#website\"},\"primaryImageOfPage\":{\"@id\":\"https:\\\/\\\/continuamosmx.com\\\/index.php\\\/2023\\\/05\\\/23\\\/alejandra-del-moral-hace-llamado-a-jovenes-mexiquenses\\\/#primaryimage\"},\"image\":{\"@id\":\"https:\\\/\\\/continuamosmx.com\\\/index.php\\\/2023\\\/05\\\/23\\\/alejandra-del-moral-hace-llamado-a-jovenes-mexiquenses\\\/#primaryimage\"},\"thumbnailUrl\":\"https:\\\/\\\/continuamosmx.com\\\/wp-content\\\/uploads\\\/2023\\\/05\\\/a1.jpg\",\"datePublished\":\"2023-05-23T05:36:18+00:00\",\"dateModified\":\"2023-05-23T05:36:19+00:00\",\"breadcrumb\":{\"@id\":\"https:\\\/\\\/continuamosmx.com\\\/index.php\\\/2023\\\/05\\\/23\\\/alejandra-del-moral-hace-llamado-a-jovenes-mexiquenses\\\/#breadcrumb\"},\"inLanguage\":\"es\",\"potentialAction\":[{\"@type\":\"ReadAction\",\"target\":[\"https:\\\/\\\/continuamosmx.com\\\/index.php\\\/2023\\\/05\\\/23\\\/alejandra-del-moral-hace-llamado-a-jovenes-mexiquenses\\\/\"]}]},{\"@type\":\"ImageObject\",\"inLanguage\":\"es\",\"@id\":\"https:\\\/\\\/continuamosmx.com\\\/index.php\\\/2023\\\/05\\\/23\\\/alejandra-del-moral-hace-llamado-a-jovenes-mexiquenses\\\/#primaryimage\",\"url\":\"https:\\\/\\\/continuamosmx.com\\\/wp-content\\\/uploads\\\/2023\\\/05\\\/a1.jpg\",\"contentUrl\":\"https:\\\/\\\/continuamosmx.com\\\/wp-content\\\/uploads\\\/2023\\\/05\\\/a1.jpg\",\"width\":1024,\"height\":616},{\"@type\":\"BreadcrumbList\",\"@id\":\"https:\\\/\\\/continuamosmx.com\\\/index.php\\\/2023\\\/05\\\/23\\\/alejandra-del-moral-hace-llamado-a-jovenes-mexiquenses\\\/#breadcrumb\",\"itemListElement\":[{\"@type\":\"ListItem\",\"position\":1,\"name\":\"Inicio\",\"item\":\"https:\\\/\\\/continuamosmx.com\\\/\"},{\"@type\":\"ListItem\",\"position\":2,\"name\":\"ALEJANDRA DEL MORAL HACE LLAMADO A J\u00d3VENES MEXIQUENSES\"}]},{\"@type\":\"WebSite\",\"@id\":\"https:\\\/\\\/continuamosmx.com\\\/#website\",\"url\":\"https:\\\/\\\/continuamosmx.com\\\/\",\"name\":\"www.continuamosmx.com\",\"description\":\"\",\"publisher\":{\"@id\":\"https:\\\/\\\/continuamosmx.com\\\/#organization\"},\"potentialAction\":[{\"@type\":\"SearchAction\",\"target\":{\"@type\":\"EntryPoint\",\"urlTemplate\":\"https:\\\/\\\/continuamosmx.com\\\/?s={search_term_string}\"},\"query-input\":{\"@type\":\"PropertyValueSpecification\",\"valueRequired\":true,\"valueName\":\"search_term_string\"}}],\"inLanguage\":\"es\"},{\"@type\":\"Organization\",\"@id\":\"https:\\\/\\\/continuamosmx.com\\\/#organization\",\"name\":\"ContinuamosMX\",\"url\":\"https:\\\/\\\/continuamosmx.com\\\/\",\"logo\":{\"@type\":\"ImageObject\",\"inLanguage\":\"es\",\"@id\":\"https:\\\/\\\/continuamosmx.com\\\/#\\\/schema\\\/logo\\\/image\\\/\",\"url\":\"https:\\\/\\\/continuamosmx.com\\\/wp-content\\\/uploads\\\/2023\\\/04\\\/cropped-LOGO-CONTI-NUEVO.png\",\"contentUrl\":\"https:\\\/\\\/continuamosmx.com\\\/wp-content\\\/uploads\\\/2023\\\/04\\\/cropped-LOGO-CONTI-NUEVO.png\",\"width\":1257,\"height\":430,\"caption\":\"ContinuamosMX\"},\"image\":{\"@id\":\"https:\\\/\\\/continuamosmx.com\\\/#\\\/schema\\\/logo\\\/image\\\/\"}},{\"@type\":\"Person\",\"@id\":\"https:\\\/\\\/continuamosmx.com\\\/#\\\/schema\\\/person\\\/5eb5356acb1fad784da407d14f0e8d89\",\"name\":\"Continuamos MX\",\"image\":{\"@type\":\"ImageObject\",\"inLanguage\":\"es\",\"@id\":\"https:\\\/\\\/secure.gravatar.com\\\/avatar\\\/30d4f9723476a15f4da34d35fb3501f08d2357016c76051c6a85c354c7489589?s=96&d=mm&r=g\",\"url\":\"https:\\\/\\\/secure.gravatar.com\\\/avatar\\\/30d4f9723476a15f4da34d35fb3501f08d2357016c76051c6a85c354c7489589?s=96&d=mm&r=g\",\"contentUrl\":\"https:\\\/\\\/secure.gravatar.com\\\/avatar\\\/30d4f9723476a15f4da34d35fb3501f08d2357016c76051c6a85c354c7489589?s=96&d=mm&r=g\",\"caption\":\"Continuamos MX\"},\"sameAs\":[\"http:\\\/\\\/www.continuamos.mx\"],\"url\":\"https:\\\/\\\/continuamosmx.com\\\/index.php\\\/author\\\/continuamos\\\/\"}]}<\/script>\n<!-- \/ Yoast SEO plugin. -->","yoast_head_json":{"title":"ALEJANDRA DEL MORAL HACE LLAMADO A J\u00d3VENES MEXIQUENSES -","robots":{"index":"index","follow":"follow","max-snippet":"max-snippet:-1","max-image-preview":"max-image-preview:large","max-video-preview":"max-video-preview:-1"},"canonical":"https:\/\/continuamosmx.com\/index.php\/2023\/05\/23\/alejandra-del-moral-hace-llamado-a-jovenes-mexiquenses\/","og_locale":"es_ES","og_type":"article","og_title":"ALEJANDRA DEL MORAL HACE LLAMADO A J\u00d3VENES MEXIQUENSES -","og_description":"*Los j\u00f3venes cuentan con una aliada para trabajar por su futuro en el Estado de M\u00e9xico, dijo la candidata durante el Foro de Decisi\u00f3n 2023, luego de asegurar que requieren de oportunidades y buenos empleos. REDACCI\u00d3N. HUIXQUILUCAN, M\u00e9x.- Alejandra Del Moral Vela, candidata de la coalici\u00f3n Va por el Estado de M\u00e9xico, asegur\u00f3 que ganando [&hellip;]","og_url":"https:\/\/continuamosmx.com\/index.php\/2023\/05\/23\/alejandra-del-moral-hace-llamado-a-jovenes-mexiquenses\/","article_published_time":"2023-05-23T05:36:18+00:00","article_modified_time":"2023-05-23T05:36:19+00:00","og_image":[{"width":1024,"height":616,"url":"https:\/\/continuamosmx.com\/wp-content\/uploads\/2023\/05\/a1.jpg","type":"image\/jpeg"}],"author":"Continuamos MX","twitter_card":"summary_large_image","twitter_misc":{"Escrito por":"Continuamos MX","Tiempo de lectura":"4 minutos"},"schema":{"@context":"https:\/\/schema.org","@graph":[{"@type":"Article","@id":"https:\/\/continuamosmx.com\/index.php\/2023\/05\/23\/alejandra-del-moral-hace-llamado-a-jovenes-mexiquenses\/#article","isPartOf":{"@id":"https:\/\/continuamosmx.com\/index.php\/2023\/05\/23\/alejandra-del-moral-hace-llamado-a-jovenes-mexiquenses\/"},"author":{"name":"Continuamos MX","@id":"https:\/\/continuamosmx.com\/#\/schema\/person\/5eb5356acb1fad784da407d14f0e8d89"},"headline":"ALEJANDRA DEL MORAL HACE LLAMADO A J\u00d3VENES MEXIQUENSES","datePublished":"2023-05-23T05:36:18+00:00","dateModified":"2023-05-23T05:36:19+00:00","mainEntityOfPage":{"@id":"https:\/\/continuamosmx.com\/index.php\/2023\/05\/23\/alejandra-del-moral-hace-llamado-a-jovenes-mexiquenses\/"},"wordCount":759,"commentCount":0,"publisher":{"@id":"https:\/\/continuamosmx.com\/#organization"},"image":{"@id":"https:\/\/continuamosmx.com\/index.php\/2023\/05\/23\/alejandra-del-moral-hace-llamado-a-jovenes-mexiquenses\/#primaryimage"},"thumbnailUrl":"https:\/\/continuamosmx.com\/wp-content\/uploads\/2023\/05\/a1.jpg","articleSection":["EDOMEX","POL\u00cdTICA"],"inLanguage":"es"},{"@type":"WebPage","@id":"https:\/\/continuamosmx.com\/index.php\/2023\/05\/23\/alejandra-del-moral-hace-llamado-a-jovenes-mexiquenses\/","url":"https:\/\/continuamosmx.com\/index.php\/2023\/05\/23\/alejandra-del-moral-hace-llamado-a-jovenes-mexiquenses\/","name":"ALEJANDRA DEL MORAL HACE LLAMADO A J\u00d3VENES MEXIQUENSES -","isPartOf":{"@id":"https:\/\/continuamosmx.com\/#website"},"primaryImageOfPage":{"@id":"https:\/\/continuamosmx.com\/index.php\/2023\/05\/23\/alejandra-del-moral-hace-llamado-a-jovenes-mexiquenses\/#primaryimage"},"image":{"@id":"https:\/\/continuamosmx.com\/index.php\/2023\/05\/23\/alejandra-del-moral-hace-llamado-a-jovenes-mexiquenses\/#primaryimage"},"thumbnailUrl":"https:\/\/continuamosmx.com\/wp-content\/uploads\/2023\/05\/a1.jpg","datePublished":"2023-05-23T05:36:18+00:00","dateModified":"2023-05-23T05:36:19+00:00","breadcrumb":{"@id":"https:\/\/continuamosmx.com\/index.php\/2023\/05\/23\/alejandra-del-moral-hace-llamado-a-jovenes-mexiquenses\/#breadcrumb"},"inLanguage":"es","potentialAction":[{"@type":"ReadAction","target":["https:\/\/continuamosmx.com\/index.php\/2023\/05\/23\/alejandra-del-moral-hace-llamado-a-jovenes-mexiquenses\/"]}]},{"@type":"ImageObject","inLanguage":"es","@id":"https:\/\/continuamosmx.com\/index.php\/2023\/05\/23\/alejandra-del-moral-hace-llamado-a-jovenes-mexiquenses\/#primaryimage","url":"https:\/\/continuamosmx.com\/wp-content\/uploads\/2023\/05\/a1.jpg","contentUrl":"https:\/\/continuamosmx.com\/wp-content\/uploads\/2023\/05\/a1.jpg","width":1024,"height":616},{"@type":"BreadcrumbList","@id":"https:\/\/continuamosmx.com\/index.php\/2023\/05\/23\/alejandra-del-moral-hace-llamado-a-jovenes-mexiquenses\/#breadcrumb","itemListElement":[{"@type":"ListItem","position":1,"name":"Inicio","item":"https:\/\/continuamosmx.com\/"},{"@type":"ListItem","position":2,"name":"ALEJANDRA DEL MORAL HACE LLAMADO A J\u00d3VENES MEXIQUENSES"}]},{"@type":"WebSite","@id":"https:\/\/continuamosmx.com\/#website","url":"https:\/\/continuamosmx.com\/","name":"www.continuamosmx.com","description":"","publisher":{"@id":"https:\/\/continuamosmx.com\/#organization"},"potentialAction":[{"@type":"SearchAction","target":{"@type":"EntryPoint","urlTemplate":"https:\/\/continuamosmx.com\/?s={search_term_string}"},"query-input":{"@type":"PropertyValueSpecification","valueRequired":true,"valueName":"search_term_string"}}],"inLanguage":"es"},{"@type":"Organization","@id":"https:\/\/continuamosmx.com\/#organization","name":"ContinuamosMX","url":"https:\/\/continuamosmx.com\/","logo":{"@type":"ImageObject","inLanguage":"es","@id":"https:\/\/continuamosmx.com\/#\/schema\/logo\/image\/","url":"https:\/\/continuamosmx.com\/wp-content\/uploads\/2023\/04\/cropped-LOGO-CONTI-NUEVO.png","contentUrl":"https:\/\/continuamosmx.com\/wp-content\/uploads\/2023\/04\/cropped-LOGO-CONTI-NUEVO.png","width":1257,"height":430,"caption":"ContinuamosMX"},"image":{"@id":"https:\/\/continuamosmx.com\/#\/schema\/logo\/image\/"}},{"@type":"Person","@id":"https:\/\/continuamosmx.com\/#\/schema\/person\/5eb5356acb1fad784da407d14f0e8d89","name":"Continuamos MX","image":{"@type":"ImageObject","inLanguage":"es","@id":"https:\/\/secure.gravatar.com\/avatar\/30d4f9723476a15f4da34d35fb3501f08d2357016c76051c6a85c354c7489589?s=96&d=mm&r=g","url":"https:\/\/secure.gravatar.com\/avatar\/30d4f9723476a15f4da34d35fb3501f08d2357016c76051c6a85c354c7489589?s=96&d=mm&r=g","contentUrl":"https:\/\/secure.gravatar.com\/avatar\/30d4f9723476a15f4da34d35fb3501f08d2357016c76051c6a85c354c7489589?s=96&d=mm&r=g","caption":"Continuamos MX"},"sameAs":["http:\/\/www.continuamos.mx"],"url":"https:\/\/continuamosmx.com\/index.php\/author\/continuamos\/"}]}},"_links":{"self":[{"href":"https:\/\/continuamosmx.com\/index.php\/wp-json\/wp\/v2\/posts\/43659","targetHints":{"allow":["GET"]}}],"collection":[{"href":"https:\/\/continuamosmx.com\/index.php\/wp-json\/wp\/v2\/posts"}],"about":[{"href":"https:\/\/continuamosmx.com\/index.php\/wp-json\/wp\/v2\/types\/post"}],"author":[{"embeddable":true,"href":"https:\/\/continuamosmx.com\/index.php\/wp-json\/wp\/v2\/users\/6"}],"replies":[{"embeddable":true,"href":"https:\/\/continuamosmx.com\/index.php\/wp-json\/wp\/v2\/comments?post=43659"}],"version-history":[{"count":1,"href":"https:\/\/continuamosmx.com\/index.php\/wp-json\/wp\/v2\/posts\/43659\/revisions"}],"predecessor-version":[{"id":43661,"href":"https:\/\/continuamosmx.com\/index.php\/wp-json\/wp\/v2\/posts\/43659\/revisions\/43661"}],"wp:featuredmedia":[{"embeddable":true,"href":"https:\/\/continuamosmx.com\/index.php\/wp-json\/wp\/v2\/media\/43660"}],"wp:attachment":[{"href":"https:\/\/continuamosmx.com\/index.php\/wp-json\/wp\/v2\/media?parent=43659"}],"wp:term":[{"taxonomy":"category","embeddable":true,"href":"https:\/\/continuamosmx.com\/index.php\/wp-json\/wp\/v2\/categories?post=43659"},{"taxonomy":"post_tag","embeddable":true,"href":"https:\/\/continuamosmx.com\/index.php\/wp-json\/wp\/v2\/tags?post=43659"}],"curies":[{"name":"wp","href":"https:\/\/api.w.org\/{rel}","templated":true}]}}