{"id":43610,"date":"2023-05-18T07:33:12","date_gmt":"2023-05-18T07:33:12","guid":{"rendered":"https:\/\/continuamosmx.com\/?p=43610"},"modified":"2023-05-18T07:33:13","modified_gmt":"2023-05-18T07:33:13","slug":"necesario-mas-y-mejor-transporte-enrique-vargas","status":"publish","type":"post","link":"https:\/\/continuamosmx.com\/index.php\/2023\/05\/18\/necesario-mas-y-mejor-transporte-enrique-vargas\/","title":{"rendered":"NECESARIO M\u00c1S Y MEJOR TRANSPORTE: ENRIQUE VARGAS"},"content":{"rendered":"\n<p>*<strong>Se re\u00fane con integrantes de AMOTAC para escuchar sus demandas<\/strong><\/p>\n\n\n\n<p>TOLUCA, M\u00e9x.- \u00abNecesitamos que haya m\u00e1s y mejor transporte\u00bb, se\u00f1al\u00f3 Enrique Vargas del Villar al reunirse con integrantes de la Alianza Mexicana de Organizaci\u00f3n de Transportistas, Asociaci\u00f3n Civil (AMOTAC), en el Valle de Toluca.<\/p>\n\n\n\n<p>En este encuentro, el tambi\u00e9n diputado local de Acci\u00f3n Nacional, Enrique Vargas del Villar, mencion\u00f3 que con el triunfo de Alejandra del Moral, el pr\u00f3ximo 4 junio, habr\u00e1 un gobierno de coalici\u00f3n en donde el PAN ser\u00e1 una parte activa en las acciones de gobierno. \u00abAcci\u00f3n Nacional estar\u00e1 muy atento a las pol\u00edticas que implemente Alejandra del Moral, en especial en lo que se refiere a Seguridad, Salud y Desarrollo Econ\u00f3mico\u00bb.<\/p>\n\n\n\n<p>Precis\u00f3 que en el caso de la seguridad, se debe tener voluntad pol\u00edtica para atender esta demanda ciudadana y estar las 24 horas atendiendo el tema. Asegur\u00f3 que la petici\u00f3n de Acci\u00f3n Nacional ser\u00e1 que haya m\u00e1s patrullas y elementos de seguridad, adem\u00e1s invertir en inteligencia, capacitaci\u00f3n y en las necesidades de los polic\u00edas.<\/p>\n\n\n\n<p>Ante los integrantes de AMOTAC, record\u00f3 que el gobierno federal quit\u00f3 el seguro popular y cre\u00f3 el INSABI con la promesa de tener un sistema de salud de primer mundo, que result\u00f3 un fracaso, ya que tan solo el a\u00f1o pasado se dejaron de surtir m\u00e1s de 40 millones de recetas m\u00e9dicas, por lo que ante la incapacidad para operarlo, desapareci\u00f3.<\/p>\n\n\n\n<p>En relaci\u00f3n al Desarrollo econ\u00f3mico, Vargas del Villar, se pronunci\u00f3 porque haya m\u00e1s y mejores plazas laborales para todos, ya que se necesitan empleos bien pagados, principalmente para j\u00f3venes quienes no deben esperar \u00fanicamente a recibir un programa social para sobrevivir.<\/p>\n\n\n\n<p>Tras escuchar al Vicepresidente de AMOTAC, Carlos Garc\u00eda, el coordinador parlamentario de los diputados mexiquenses, coincidi\u00f3 que la inseguridad, las malas carreteras y la competencia desleal, ponen en riesgo a las empresas dedicadas al transporte, por ello insisti\u00f3 en trabajar de la mano con los transportistas, ya que a partir de ellos se mueve al pa\u00eds.<\/p>\n","protected":false},"excerpt":{"rendered":"<p>*Se re\u00fane con integrantes de AMOTAC para escuchar sus demandas TOLUCA, M\u00e9x.- \u00abNecesitamos que haya m\u00e1s y mejor transporte\u00bb, se\u00f1al\u00f3 Enrique Vargas del Villar al reunirse con integrantes de la Alianza Mexicana de Organizaci\u00f3n de Transportistas, Asociaci\u00f3n Civil (AMOTAC), en el Valle de Toluca. En este encuentro, el tambi\u00e9n diputado local de Acci\u00f3n Nacional, Enrique [&hellip;]<\/p>\n","protected":false},"author":6,"featured_media":43611,"comment_status":"open","ping_status":"open","sticky":false,"template":"","format":"standard","meta":{"footnotes":""},"categories":[2,3],"tags":[],"class_list":["post-43610","post","type-post","status-publish","format-standard","has-post-thumbnail","hentry","category-edomex","category-politica"],"yoast_head":"<!-- This site is optimized with the Yoast SEO plugin v27.5 - https:\/\/yoast.com\/product\/yoast-seo-wordpress\/ -->\n<title>NECESARIO M\u00c1S Y MEJOR TRANSPORTE: ENRIQUE VARGAS -<\/title>\n<meta name=\"robots\" content=\"index, follow, max-snippet:-1, max-image-preview:large, max-video-preview:-1\" \/>\n<link rel=\"canonical\" href=\"https:\/\/continuamosmx.com\/index.php\/2023\/05\/18\/necesario-mas-y-mejor-transporte-enrique-vargas\/\" \/>\n<meta property=\"og:locale\" content=\"es_ES\" \/>\n<meta property=\"og:type\" content=\"article\" \/>\n<meta property=\"og:title\" content=\"NECESARIO M\u00c1S Y MEJOR TRANSPORTE: ENRIQUE VARGAS -\" \/>\n<meta property=\"og:description\" content=\"*Se re\u00fane con integrantes de AMOTAC para escuchar sus demandas TOLUCA, M\u00e9x.- \u00abNecesitamos que haya m\u00e1s y mejor transporte\u00bb, se\u00f1al\u00f3 Enrique Vargas del Villar al reunirse con integrantes de la Alianza Mexicana de Organizaci\u00f3n de Transportistas, Asociaci\u00f3n Civil (AMOTAC), en el Valle de Toluca. En este encuentro, el tambi\u00e9n diputado local de Acci\u00f3n Nacional, Enrique [&hellip;]\" \/>\n<meta property=\"og:url\" content=\"https:\/\/continuamosmx.com\/index.php\/2023\/05\/18\/necesario-mas-y-mejor-transporte-enrique-vargas\/\" \/>\n<meta property=\"article:published_time\" content=\"2023-05-18T07:33:12+00:00\" \/>\n<meta property=\"article:modified_time\" content=\"2023-05-18T07:33:13+00:00\" \/>\n<meta property=\"og:image\" content=\"https:\/\/continuamosmx.com\/wp-content\/uploads\/2023\/05\/en.jpg\" \/>\n\t<meta property=\"og:image:width\" content=\"1044\" \/>\n\t<meta property=\"og:image:height\" content=\"1280\" \/>\n\t<meta property=\"og:image:type\" content=\"image\/jpeg\" \/>\n<meta name=\"author\" content=\"Continuamos MX\" \/>\n<meta name=\"twitter:card\" content=\"summary_large_image\" \/>\n<meta name=\"twitter:label1\" content=\"Escrito por\" \/>\n\t<meta name=\"twitter:data1\" content=\"Continuamos MX\" \/>\n\t<meta name=\"twitter:label2\" content=\"Tiempo de lectura\" \/>\n\t<meta name=\"twitter:data2\" content=\"2 minutos\" \/>\n<script type=\"application\/ld+json\" class=\"yoast-schema-graph\">{\"@context\":\"https:\\\/\\\/schema.org\",\"@graph\":[{\"@type\":\"Article\",\"@id\":\"https:\\\/\\\/continuamosmx.com\\\/index.php\\\/2023\\\/05\\\/18\\\/necesario-mas-y-mejor-transporte-enrique-vargas\\\/#article\",\"isPartOf\":{\"@id\":\"https:\\\/\\\/continuamosmx.com\\\/index.php\\\/2023\\\/05\\\/18\\\/necesario-mas-y-mejor-transporte-enrique-vargas\\\/\"},\"author\":{\"name\":\"Continuamos MX\",\"@id\":\"https:\\\/\\\/continuamosmx.com\\\/#\\\/schema\\\/person\\\/5eb5356acb1fad784da407d14f0e8d89\"},\"headline\":\"NECESARIO M\u00c1S Y MEJOR TRANSPORTE: ENRIQUE VARGAS\",\"datePublished\":\"2023-05-18T07:33:12+00:00\",\"dateModified\":\"2023-05-18T07:33:13+00:00\",\"mainEntityOfPage\":{\"@id\":\"https:\\\/\\\/continuamosmx.com\\\/index.php\\\/2023\\\/05\\\/18\\\/necesario-mas-y-mejor-transporte-enrique-vargas\\\/\"},\"wordCount\":362,\"commentCount\":0,\"publisher\":{\"@id\":\"https:\\\/\\\/continuamosmx.com\\\/#organization\"},\"image\":{\"@id\":\"https:\\\/\\\/continuamosmx.com\\\/index.php\\\/2023\\\/05\\\/18\\\/necesario-mas-y-mejor-transporte-enrique-vargas\\\/#primaryimage\"},\"thumbnailUrl\":\"https:\\\/\\\/continuamosmx.com\\\/wp-content\\\/uploads\\\/2023\\\/05\\\/en.jpg\",\"articleSection\":[\"EDOMEX\",\"POL\u00cdTICA\"],\"inLanguage\":\"es\"},{\"@type\":\"WebPage\",\"@id\":\"https:\\\/\\\/continuamosmx.com\\\/index.php\\\/2023\\\/05\\\/18\\\/necesario-mas-y-mejor-transporte-enrique-vargas\\\/\",\"url\":\"https:\\\/\\\/continuamosmx.com\\\/index.php\\\/2023\\\/05\\\/18\\\/necesario-mas-y-mejor-transporte-enrique-vargas\\\/\",\"name\":\"NECESARIO M\u00c1S Y MEJOR TRANSPORTE: ENRIQUE VARGAS -\",\"isPartOf\":{\"@id\":\"https:\\\/\\\/continuamosmx.com\\\/#website\"},\"primaryImageOfPage\":{\"@id\":\"https:\\\/\\\/continuamosmx.com\\\/index.php\\\/2023\\\/05\\\/18\\\/necesario-mas-y-mejor-transporte-enrique-vargas\\\/#primaryimage\"},\"image\":{\"@id\":\"https:\\\/\\\/continuamosmx.com\\\/index.php\\\/2023\\\/05\\\/18\\\/necesario-mas-y-mejor-transporte-enrique-vargas\\\/#primaryimage\"},\"thumbnailUrl\":\"https:\\\/\\\/continuamosmx.com\\\/wp-content\\\/uploads\\\/2023\\\/05\\\/en.jpg\",\"datePublished\":\"2023-05-18T07:33:12+00:00\",\"dateModified\":\"2023-05-18T07:33:13+00:00\",\"breadcrumb\":{\"@id\":\"https:\\\/\\\/continuamosmx.com\\\/index.php\\\/2023\\\/05\\\/18\\\/necesario-mas-y-mejor-transporte-enrique-vargas\\\/#breadcrumb\"},\"inLanguage\":\"es\",\"potentialAction\":[{\"@type\":\"ReadAction\",\"target\":[\"https:\\\/\\\/continuamosmx.com\\\/index.php\\\/2023\\\/05\\\/18\\\/necesario-mas-y-mejor-transporte-enrique-vargas\\\/\"]}]},{\"@type\":\"ImageObject\",\"inLanguage\":\"es\",\"@id\":\"https:\\\/\\\/continuamosmx.com\\\/index.php\\\/2023\\\/05\\\/18\\\/necesario-mas-y-mejor-transporte-enrique-vargas\\\/#primaryimage\",\"url\":\"https:\\\/\\\/continuamosmx.com\\\/wp-content\\\/uploads\\\/2023\\\/05\\\/en.jpg\",\"contentUrl\":\"https:\\\/\\\/continuamosmx.com\\\/wp-content\\\/uploads\\\/2023\\\/05\\\/en.jpg\",\"width\":1044,\"height\":1280},{\"@type\":\"BreadcrumbList\",\"@id\":\"https:\\\/\\\/continuamosmx.com\\\/index.php\\\/2023\\\/05\\\/18\\\/necesario-mas-y-mejor-transporte-enrique-vargas\\\/#breadcrumb\",\"itemListElement\":[{\"@type\":\"ListItem\",\"position\":1,\"name\":\"Inicio\",\"item\":\"https:\\\/\\\/continuamosmx.com\\\/\"},{\"@type\":\"ListItem\",\"position\":2,\"name\":\"NECESARIO M\u00c1S Y MEJOR TRANSPORTE: ENRIQUE VARGAS\"}]},{\"@type\":\"WebSite\",\"@id\":\"https:\\\/\\\/continuamosmx.com\\\/#website\",\"url\":\"https:\\\/\\\/continuamosmx.com\\\/\",\"name\":\"www.continuamosmx.com\",\"description\":\"\",\"publisher\":{\"@id\":\"https:\\\/\\\/continuamosmx.com\\\/#organization\"},\"potentialAction\":[{\"@type\":\"SearchAction\",\"target\":{\"@type\":\"EntryPoint\",\"urlTemplate\":\"https:\\\/\\\/continuamosmx.com\\\/?s={search_term_string}\"},\"query-input\":{\"@type\":\"PropertyValueSpecification\",\"valueRequired\":true,\"valueName\":\"search_term_string\"}}],\"inLanguage\":\"es\"},{\"@type\":\"Organization\",\"@id\":\"https:\\\/\\\/continuamosmx.com\\\/#organization\",\"name\":\"ContinuamosMX\",\"url\":\"https:\\\/\\\/continuamosmx.com\\\/\",\"logo\":{\"@type\":\"ImageObject\",\"inLanguage\":\"es\",\"@id\":\"https:\\\/\\\/continuamosmx.com\\\/#\\\/schema\\\/logo\\\/image\\\/\",\"url\":\"https:\\\/\\\/continuamosmx.com\\\/wp-content\\\/uploads\\\/2023\\\/04\\\/cropped-LOGO-CONTI-NUEVO.png\",\"contentUrl\":\"https:\\\/\\\/continuamosmx.com\\\/wp-content\\\/uploads\\\/2023\\\/04\\\/cropped-LOGO-CONTI-NUEVO.png\",\"width\":1257,\"height\":430,\"caption\":\"ContinuamosMX\"},\"image\":{\"@id\":\"https:\\\/\\\/continuamosmx.com\\\/#\\\/schema\\\/logo\\\/image\\\/\"}},{\"@type\":\"Person\",\"@id\":\"https:\\\/\\\/continuamosmx.com\\\/#\\\/schema\\\/person\\\/5eb5356acb1fad784da407d14f0e8d89\",\"name\":\"Continuamos MX\",\"image\":{\"@type\":\"ImageObject\",\"inLanguage\":\"es\",\"@id\":\"https:\\\/\\\/secure.gravatar.com\\\/avatar\\\/30d4f9723476a15f4da34d35fb3501f08d2357016c76051c6a85c354c7489589?s=96&d=mm&r=g\",\"url\":\"https:\\\/\\\/secure.gravatar.com\\\/avatar\\\/30d4f9723476a15f4da34d35fb3501f08d2357016c76051c6a85c354c7489589?s=96&d=mm&r=g\",\"contentUrl\":\"https:\\\/\\\/secure.gravatar.com\\\/avatar\\\/30d4f9723476a15f4da34d35fb3501f08d2357016c76051c6a85c354c7489589?s=96&d=mm&r=g\",\"caption\":\"Continuamos MX\"},\"sameAs\":[\"http:\\\/\\\/www.continuamos.mx\"],\"url\":\"https:\\\/\\\/continuamosmx.com\\\/index.php\\\/author\\\/continuamos\\\/\"}]}<\/script>\n<!-- \/ Yoast SEO plugin. -->","yoast_head_json":{"title":"NECESARIO M\u00c1S Y MEJOR TRANSPORTE: ENRIQUE VARGAS -","robots":{"index":"index","follow":"follow","max-snippet":"max-snippet:-1","max-image-preview":"max-image-preview:large","max-video-preview":"max-video-preview:-1"},"canonical":"https:\/\/continuamosmx.com\/index.php\/2023\/05\/18\/necesario-mas-y-mejor-transporte-enrique-vargas\/","og_locale":"es_ES","og_type":"article","og_title":"NECESARIO M\u00c1S Y MEJOR TRANSPORTE: ENRIQUE VARGAS -","og_description":"*Se re\u00fane con integrantes de AMOTAC para escuchar sus demandas TOLUCA, M\u00e9x.- \u00abNecesitamos que haya m\u00e1s y mejor transporte\u00bb, se\u00f1al\u00f3 Enrique Vargas del Villar al reunirse con integrantes de la Alianza Mexicana de Organizaci\u00f3n de Transportistas, Asociaci\u00f3n Civil (AMOTAC), en el Valle de Toluca. En este encuentro, el tambi\u00e9n diputado local de Acci\u00f3n Nacional, Enrique [&hellip;]","og_url":"https:\/\/continuamosmx.com\/index.php\/2023\/05\/18\/necesario-mas-y-mejor-transporte-enrique-vargas\/","article_published_time":"2023-05-18T07:33:12+00:00","article_modified_time":"2023-05-18T07:33:13+00:00","og_image":[{"width":1044,"height":1280,"url":"https:\/\/continuamosmx.com\/wp-content\/uploads\/2023\/05\/en.jpg","type":"image\/jpeg"}],"author":"Continuamos MX","twitter_card":"summary_large_image","twitter_misc":{"Escrito por":"Continuamos MX","Tiempo de lectura":"2 minutos"},"schema":{"@context":"https:\/\/schema.org","@graph":[{"@type":"Article","@id":"https:\/\/continuamosmx.com\/index.php\/2023\/05\/18\/necesario-mas-y-mejor-transporte-enrique-vargas\/#article","isPartOf":{"@id":"https:\/\/continuamosmx.com\/index.php\/2023\/05\/18\/necesario-mas-y-mejor-transporte-enrique-vargas\/"},"author":{"name":"Continuamos MX","@id":"https:\/\/continuamosmx.com\/#\/schema\/person\/5eb5356acb1fad784da407d14f0e8d89"},"headline":"NECESARIO M\u00c1S Y MEJOR TRANSPORTE: ENRIQUE VARGAS","datePublished":"2023-05-18T07:33:12+00:00","dateModified":"2023-05-18T07:33:13+00:00","mainEntityOfPage":{"@id":"https:\/\/continuamosmx.com\/index.php\/2023\/05\/18\/necesario-mas-y-mejor-transporte-enrique-vargas\/"},"wordCount":362,"commentCount":0,"publisher":{"@id":"https:\/\/continuamosmx.com\/#organization"},"image":{"@id":"https:\/\/continuamosmx.com\/index.php\/2023\/05\/18\/necesario-mas-y-mejor-transporte-enrique-vargas\/#primaryimage"},"thumbnailUrl":"https:\/\/continuamosmx.com\/wp-content\/uploads\/2023\/05\/en.jpg","articleSection":["EDOMEX","POL\u00cdTICA"],"inLanguage":"es"},{"@type":"WebPage","@id":"https:\/\/continuamosmx.com\/index.php\/2023\/05\/18\/necesario-mas-y-mejor-transporte-enrique-vargas\/","url":"https:\/\/continuamosmx.com\/index.php\/2023\/05\/18\/necesario-mas-y-mejor-transporte-enrique-vargas\/","name":"NECESARIO M\u00c1S Y MEJOR TRANSPORTE: ENRIQUE VARGAS -","isPartOf":{"@id":"https:\/\/continuamosmx.com\/#website"},"primaryImageOfPage":{"@id":"https:\/\/continuamosmx.com\/index.php\/2023\/05\/18\/necesario-mas-y-mejor-transporte-enrique-vargas\/#primaryimage"},"image":{"@id":"https:\/\/continuamosmx.com\/index.php\/2023\/05\/18\/necesario-mas-y-mejor-transporte-enrique-vargas\/#primaryimage"},"thumbnailUrl":"https:\/\/continuamosmx.com\/wp-content\/uploads\/2023\/05\/en.jpg","datePublished":"2023-05-18T07:33:12+00:00","dateModified":"2023-05-18T07:33:13+00:00","breadcrumb":{"@id":"https:\/\/continuamosmx.com\/index.php\/2023\/05\/18\/necesario-mas-y-mejor-transporte-enrique-vargas\/#breadcrumb"},"inLanguage":"es","potentialAction":[{"@type":"ReadAction","target":["https:\/\/continuamosmx.com\/index.php\/2023\/05\/18\/necesario-mas-y-mejor-transporte-enrique-vargas\/"]}]},{"@type":"ImageObject","inLanguage":"es","@id":"https:\/\/continuamosmx.com\/index.php\/2023\/05\/18\/necesario-mas-y-mejor-transporte-enrique-vargas\/#primaryimage","url":"https:\/\/continuamosmx.com\/wp-content\/uploads\/2023\/05\/en.jpg","contentUrl":"https:\/\/continuamosmx.com\/wp-content\/uploads\/2023\/05\/en.jpg","width":1044,"height":1280},{"@type":"BreadcrumbList","@id":"https:\/\/continuamosmx.com\/index.php\/2023\/05\/18\/necesario-mas-y-mejor-transporte-enrique-vargas\/#breadcrumb","itemListElement":[{"@type":"ListItem","position":1,"name":"Inicio","item":"https:\/\/continuamosmx.com\/"},{"@type":"ListItem","position":2,"name":"NECESARIO M\u00c1S Y MEJOR TRANSPORTE: ENRIQUE VARGAS"}]},{"@type":"WebSite","@id":"https:\/\/continuamosmx.com\/#website","url":"https:\/\/continuamosmx.com\/","name":"www.continuamosmx.com","description":"","publisher":{"@id":"https:\/\/continuamosmx.com\/#organization"},"potentialAction":[{"@type":"SearchAction","target":{"@type":"EntryPoint","urlTemplate":"https:\/\/continuamosmx.com\/?s={search_term_string}"},"query-input":{"@type":"PropertyValueSpecification","valueRequired":true,"valueName":"search_term_string"}}],"inLanguage":"es"},{"@type":"Organization","@id":"https:\/\/continuamosmx.com\/#organization","name":"ContinuamosMX","url":"https:\/\/continuamosmx.com\/","logo":{"@type":"ImageObject","inLanguage":"es","@id":"https:\/\/continuamosmx.com\/#\/schema\/logo\/image\/","url":"https:\/\/continuamosmx.com\/wp-content\/uploads\/2023\/04\/cropped-LOGO-CONTI-NUEVO.png","contentUrl":"https:\/\/continuamosmx.com\/wp-content\/uploads\/2023\/04\/cropped-LOGO-CONTI-NUEVO.png","width":1257,"height":430,"caption":"ContinuamosMX"},"image":{"@id":"https:\/\/continuamosmx.com\/#\/schema\/logo\/image\/"}},{"@type":"Person","@id":"https:\/\/continuamosmx.com\/#\/schema\/person\/5eb5356acb1fad784da407d14f0e8d89","name":"Continuamos MX","image":{"@type":"ImageObject","inLanguage":"es","@id":"https:\/\/secure.gravatar.com\/avatar\/30d4f9723476a15f4da34d35fb3501f08d2357016c76051c6a85c354c7489589?s=96&d=mm&r=g","url":"https:\/\/secure.gravatar.com\/avatar\/30d4f9723476a15f4da34d35fb3501f08d2357016c76051c6a85c354c7489589?s=96&d=mm&r=g","contentUrl":"https:\/\/secure.gravatar.com\/avatar\/30d4f9723476a15f4da34d35fb3501f08d2357016c76051c6a85c354c7489589?s=96&d=mm&r=g","caption":"Continuamos MX"},"sameAs":["http:\/\/www.continuamos.mx"],"url":"https:\/\/continuamosmx.com\/index.php\/author\/continuamos\/"}]}},"_links":{"self":[{"href":"https:\/\/continuamosmx.com\/index.php\/wp-json\/wp\/v2\/posts\/43610","targetHints":{"allow":["GET"]}}],"collection":[{"href":"https:\/\/continuamosmx.com\/index.php\/wp-json\/wp\/v2\/posts"}],"about":[{"href":"https:\/\/continuamosmx.com\/index.php\/wp-json\/wp\/v2\/types\/post"}],"author":[{"embeddable":true,"href":"https:\/\/continuamosmx.com\/index.php\/wp-json\/wp\/v2\/users\/6"}],"replies":[{"embeddable":true,"href":"https:\/\/continuamosmx.com\/index.php\/wp-json\/wp\/v2\/comments?post=43610"}],"version-history":[{"count":1,"href":"https:\/\/continuamosmx.com\/index.php\/wp-json\/wp\/v2\/posts\/43610\/revisions"}],"predecessor-version":[{"id":43612,"href":"https:\/\/continuamosmx.com\/index.php\/wp-json\/wp\/v2\/posts\/43610\/revisions\/43612"}],"wp:featuredmedia":[{"embeddable":true,"href":"https:\/\/continuamosmx.com\/index.php\/wp-json\/wp\/v2\/media\/43611"}],"wp:attachment":[{"href":"https:\/\/continuamosmx.com\/index.php\/wp-json\/wp\/v2\/media?parent=43610"}],"wp:term":[{"taxonomy":"category","embeddable":true,"href":"https:\/\/continuamosmx.com\/index.php\/wp-json\/wp\/v2\/categories?post=43610"},{"taxonomy":"post_tag","embeddable":true,"href":"https:\/\/continuamosmx.com\/index.php\/wp-json\/wp\/v2\/tags?post=43610"}],"curies":[{"name":"wp","href":"https:\/\/api.w.org\/{rel}","templated":true}]}}