{"id":43594,"date":"2023-05-17T06:58:03","date_gmt":"2023-05-17T06:58:03","guid":{"rendered":"https:\/\/continuamosmx.com\/?p=43594"},"modified":"2023-05-17T06:58:04","modified_gmt":"2023-05-17T06:58:04","slug":"desde-accion-nacional-vamos-a-seguir-legislando-a-favor-de-la-familia-evv","status":"publish","type":"post","link":"https:\/\/continuamosmx.com\/index.php\/2023\/05\/17\/desde-accion-nacional-vamos-a-seguir-legislando-a-favor-de-la-familia-evv\/","title":{"rendered":"DESDE ACCI\u00d3N NACIONAL VAMOS A SEGUIR LEGISLANDO A FAVOR DE LA FAMILIA: EVV"},"content":{"rendered":"\n<p>*<strong>La familia, dijo, es el eje principal para tener una mejor sociedad<\/strong><\/p>\n\n\n\n<p>TOLUCA, M\u00e9x.- Al asistir a la inauguraci\u00f3n del Foro \u201cLa familia, el alma de M\u00e9xico\u201d, el coordinador Parlamentario de Partido Acci\u00f3n Nacional en la LXI Legislatura mexiquense, Enrique Vargas del Villar, se\u00f1al\u00f3 la importancia de legislar con perspectiva de familia.<\/p>\n\n\n\n<p>El diputado panista, se\u00f1al\u00f3 que desde su partido, seguir\u00e1n defendiendo la vida y la familia, ya que todo lo que acontece en el pa\u00eds, les afecta directamente, toda vez que al no haber una vida en armon\u00eda, la sociedad tiene grandes cambios y en ocasiones se vuelve violenta.<\/p>\n\n\n\n<p>La familia, dijo, es el eje principal para tener una mejor sociedad, pese a la polarizaci\u00f3n que se promueve desde el gobierno federal todas las ma\u00f1anas, aunado a que en las redes sociales los comentarios y posicionamientos son cada vez m\u00e1s agresivos.<\/p>\n\n\n\n<p>El coordinador Parlamentario de Acci\u00f3n Nacional en la legislatura mexiquense, asegur\u00f3 que su partido quiere para M\u00e9xico y las familias, un mejor futuro.<\/p>\n\n\n\n<p>Record\u00f3, que si no hay una sana econom\u00eda en las familias, aumenta la violencia porque los j\u00f3venes no tienen un trabajo estable que les permita salir adelante, y no solo esperar a que les entreguen un programa social.<\/p>\n\n\n\n<p>\u00abYo quiero un M\u00e9xico aspiracionista, de familia, un M\u00e9xico donde tengan un trabajo bien pagado, donde podamos decirle al mundo que vengan a invertir\u00bb, puntualiz\u00f3 Vargas del Villar, quien agradeci\u00f3 a Iniciativa Ciudadana y Mujeres de Iniciativa la invitaci\u00f3n para fortalecer las familias mexiquenses.<\/p>\n\n\n\n<p>En el Foro \u201cLa Familia, el Alma de M\u00e9xico\u201d organizado por Iniciativa Ciudadana y Mujeres de Iniciativa, tambi\u00e9n estuvieron presentes las diputadas federal y local, Teresa Castell de Oro e Ingrid Schemelensky Castro, respectivamente.<\/p>\n","protected":false},"excerpt":{"rendered":"<p>*La familia, dijo, es el eje principal para tener una mejor sociedad TOLUCA, M\u00e9x.- Al asistir a la inauguraci\u00f3n del Foro \u201cLa familia, el alma de M\u00e9xico\u201d, el coordinador Parlamentario de Partido Acci\u00f3n Nacional en la LXI Legislatura mexiquense, Enrique Vargas del Villar, se\u00f1al\u00f3 la importancia de legislar con perspectiva de familia. El diputado panista, [&hellip;]<\/p>\n","protected":false},"author":6,"featured_media":43595,"comment_status":"open","ping_status":"open","sticky":false,"template":"","format":"standard","meta":{"footnotes":""},"categories":[2,3],"tags":[],"class_list":["post-43594","post","type-post","status-publish","format-standard","has-post-thumbnail","hentry","category-edomex","category-politica"],"yoast_head":"<!-- This site is optimized with the Yoast SEO plugin v27.5 - https:\/\/yoast.com\/product\/yoast-seo-wordpress\/ -->\n<title>DESDE ACCI\u00d3N NACIONAL VAMOS A SEGUIR LEGISLANDO A FAVOR DE LA FAMILIA: EVV -<\/title>\n<meta name=\"robots\" content=\"index, follow, max-snippet:-1, max-image-preview:large, max-video-preview:-1\" \/>\n<link rel=\"canonical\" href=\"https:\/\/continuamosmx.com\/index.php\/2023\/05\/17\/desde-accion-nacional-vamos-a-seguir-legislando-a-favor-de-la-familia-evv\/\" \/>\n<meta property=\"og:locale\" content=\"es_ES\" \/>\n<meta property=\"og:type\" content=\"article\" \/>\n<meta property=\"og:title\" content=\"DESDE ACCI\u00d3N NACIONAL VAMOS A SEGUIR LEGISLANDO A FAVOR DE LA FAMILIA: EVV -\" \/>\n<meta property=\"og:description\" content=\"*La familia, dijo, es el eje principal para tener una mejor sociedad TOLUCA, M\u00e9x.- Al asistir a la inauguraci\u00f3n del Foro \u201cLa familia, el alma de M\u00e9xico\u201d, el coordinador Parlamentario de Partido Acci\u00f3n Nacional en la LXI Legislatura mexiquense, Enrique Vargas del Villar, se\u00f1al\u00f3 la importancia de legislar con perspectiva de familia. El diputado panista, [&hellip;]\" \/>\n<meta property=\"og:url\" content=\"https:\/\/continuamosmx.com\/index.php\/2023\/05\/17\/desde-accion-nacional-vamos-a-seguir-legislando-a-favor-de-la-familia-evv\/\" \/>\n<meta property=\"article:published_time\" content=\"2023-05-17T06:58:03+00:00\" \/>\n<meta property=\"article:modified_time\" content=\"2023-05-17T06:58:04+00:00\" \/>\n<meta property=\"og:image\" content=\"https:\/\/continuamosmx.com\/wp-content\/uploads\/2023\/05\/enrique.jpg\" \/>\n\t<meta property=\"og:image:width\" content=\"1280\" \/>\n\t<meta property=\"og:image:height\" content=\"796\" \/>\n\t<meta property=\"og:image:type\" content=\"image\/jpeg\" \/>\n<meta name=\"author\" content=\"Continuamos MX\" \/>\n<meta name=\"twitter:card\" content=\"summary_large_image\" \/>\n<meta name=\"twitter:label1\" content=\"Escrito por\" \/>\n\t<meta name=\"twitter:data1\" content=\"Continuamos MX\" \/>\n\t<meta name=\"twitter:label2\" content=\"Tiempo de lectura\" \/>\n\t<meta name=\"twitter:data2\" content=\"2 minutos\" \/>\n<script type=\"application\/ld+json\" class=\"yoast-schema-graph\">{\"@context\":\"https:\\\/\\\/schema.org\",\"@graph\":[{\"@type\":\"Article\",\"@id\":\"https:\\\/\\\/continuamosmx.com\\\/index.php\\\/2023\\\/05\\\/17\\\/desde-accion-nacional-vamos-a-seguir-legislando-a-favor-de-la-familia-evv\\\/#article\",\"isPartOf\":{\"@id\":\"https:\\\/\\\/continuamosmx.com\\\/index.php\\\/2023\\\/05\\\/17\\\/desde-accion-nacional-vamos-a-seguir-legislando-a-favor-de-la-familia-evv\\\/\"},\"author\":{\"name\":\"Continuamos MX\",\"@id\":\"https:\\\/\\\/continuamosmx.com\\\/#\\\/schema\\\/person\\\/5eb5356acb1fad784da407d14f0e8d89\"},\"headline\":\"DESDE ACCI\u00d3N NACIONAL VAMOS A SEGUIR LEGISLANDO A FAVOR DE LA FAMILIA: EVV\",\"datePublished\":\"2023-05-17T06:58:03+00:00\",\"dateModified\":\"2023-05-17T06:58:04+00:00\",\"mainEntityOfPage\":{\"@id\":\"https:\\\/\\\/continuamosmx.com\\\/index.php\\\/2023\\\/05\\\/17\\\/desde-accion-nacional-vamos-a-seguir-legislando-a-favor-de-la-familia-evv\\\/\"},\"wordCount\":317,\"commentCount\":0,\"publisher\":{\"@id\":\"https:\\\/\\\/continuamosmx.com\\\/#organization\"},\"image\":{\"@id\":\"https:\\\/\\\/continuamosmx.com\\\/index.php\\\/2023\\\/05\\\/17\\\/desde-accion-nacional-vamos-a-seguir-legislando-a-favor-de-la-familia-evv\\\/#primaryimage\"},\"thumbnailUrl\":\"https:\\\/\\\/continuamosmx.com\\\/wp-content\\\/uploads\\\/2023\\\/05\\\/enrique.jpg\",\"articleSection\":[\"EDOMEX\",\"POL\u00cdTICA\"],\"inLanguage\":\"es\"},{\"@type\":\"WebPage\",\"@id\":\"https:\\\/\\\/continuamosmx.com\\\/index.php\\\/2023\\\/05\\\/17\\\/desde-accion-nacional-vamos-a-seguir-legislando-a-favor-de-la-familia-evv\\\/\",\"url\":\"https:\\\/\\\/continuamosmx.com\\\/index.php\\\/2023\\\/05\\\/17\\\/desde-accion-nacional-vamos-a-seguir-legislando-a-favor-de-la-familia-evv\\\/\",\"name\":\"DESDE ACCI\u00d3N NACIONAL VAMOS A SEGUIR LEGISLANDO A FAVOR DE LA FAMILIA: EVV -\",\"isPartOf\":{\"@id\":\"https:\\\/\\\/continuamosmx.com\\\/#website\"},\"primaryImageOfPage\":{\"@id\":\"https:\\\/\\\/continuamosmx.com\\\/index.php\\\/2023\\\/05\\\/17\\\/desde-accion-nacional-vamos-a-seguir-legislando-a-favor-de-la-familia-evv\\\/#primaryimage\"},\"image\":{\"@id\":\"https:\\\/\\\/continuamosmx.com\\\/index.php\\\/2023\\\/05\\\/17\\\/desde-accion-nacional-vamos-a-seguir-legislando-a-favor-de-la-familia-evv\\\/#primaryimage\"},\"thumbnailUrl\":\"https:\\\/\\\/continuamosmx.com\\\/wp-content\\\/uploads\\\/2023\\\/05\\\/enrique.jpg\",\"datePublished\":\"2023-05-17T06:58:03+00:00\",\"dateModified\":\"2023-05-17T06:58:04+00:00\",\"breadcrumb\":{\"@id\":\"https:\\\/\\\/continuamosmx.com\\\/index.php\\\/2023\\\/05\\\/17\\\/desde-accion-nacional-vamos-a-seguir-legislando-a-favor-de-la-familia-evv\\\/#breadcrumb\"},\"inLanguage\":\"es\",\"potentialAction\":[{\"@type\":\"ReadAction\",\"target\":[\"https:\\\/\\\/continuamosmx.com\\\/index.php\\\/2023\\\/05\\\/17\\\/desde-accion-nacional-vamos-a-seguir-legislando-a-favor-de-la-familia-evv\\\/\"]}]},{\"@type\":\"ImageObject\",\"inLanguage\":\"es\",\"@id\":\"https:\\\/\\\/continuamosmx.com\\\/index.php\\\/2023\\\/05\\\/17\\\/desde-accion-nacional-vamos-a-seguir-legislando-a-favor-de-la-familia-evv\\\/#primaryimage\",\"url\":\"https:\\\/\\\/continuamosmx.com\\\/wp-content\\\/uploads\\\/2023\\\/05\\\/enrique.jpg\",\"contentUrl\":\"https:\\\/\\\/continuamosmx.com\\\/wp-content\\\/uploads\\\/2023\\\/05\\\/enrique.jpg\",\"width\":1280,\"height\":796},{\"@type\":\"BreadcrumbList\",\"@id\":\"https:\\\/\\\/continuamosmx.com\\\/index.php\\\/2023\\\/05\\\/17\\\/desde-accion-nacional-vamos-a-seguir-legislando-a-favor-de-la-familia-evv\\\/#breadcrumb\",\"itemListElement\":[{\"@type\":\"ListItem\",\"position\":1,\"name\":\"Inicio\",\"item\":\"https:\\\/\\\/continuamosmx.com\\\/\"},{\"@type\":\"ListItem\",\"position\":2,\"name\":\"DESDE ACCI\u00d3N NACIONAL VAMOS A SEGUIR LEGISLANDO A FAVOR DE LA FAMILIA: EVV\"}]},{\"@type\":\"WebSite\",\"@id\":\"https:\\\/\\\/continuamosmx.com\\\/#website\",\"url\":\"https:\\\/\\\/continuamosmx.com\\\/\",\"name\":\"www.continuamosmx.com\",\"description\":\"\",\"publisher\":{\"@id\":\"https:\\\/\\\/continuamosmx.com\\\/#organization\"},\"potentialAction\":[{\"@type\":\"SearchAction\",\"target\":{\"@type\":\"EntryPoint\",\"urlTemplate\":\"https:\\\/\\\/continuamosmx.com\\\/?s={search_term_string}\"},\"query-input\":{\"@type\":\"PropertyValueSpecification\",\"valueRequired\":true,\"valueName\":\"search_term_string\"}}],\"inLanguage\":\"es\"},{\"@type\":\"Organization\",\"@id\":\"https:\\\/\\\/continuamosmx.com\\\/#organization\",\"name\":\"ContinuamosMX\",\"url\":\"https:\\\/\\\/continuamosmx.com\\\/\",\"logo\":{\"@type\":\"ImageObject\",\"inLanguage\":\"es\",\"@id\":\"https:\\\/\\\/continuamosmx.com\\\/#\\\/schema\\\/logo\\\/image\\\/\",\"url\":\"https:\\\/\\\/continuamosmx.com\\\/wp-content\\\/uploads\\\/2023\\\/04\\\/cropped-LOGO-CONTI-NUEVO.png\",\"contentUrl\":\"https:\\\/\\\/continuamosmx.com\\\/wp-content\\\/uploads\\\/2023\\\/04\\\/cropped-LOGO-CONTI-NUEVO.png\",\"width\":1257,\"height\":430,\"caption\":\"ContinuamosMX\"},\"image\":{\"@id\":\"https:\\\/\\\/continuamosmx.com\\\/#\\\/schema\\\/logo\\\/image\\\/\"}},{\"@type\":\"Person\",\"@id\":\"https:\\\/\\\/continuamosmx.com\\\/#\\\/schema\\\/person\\\/5eb5356acb1fad784da407d14f0e8d89\",\"name\":\"Continuamos MX\",\"image\":{\"@type\":\"ImageObject\",\"inLanguage\":\"es\",\"@id\":\"https:\\\/\\\/secure.gravatar.com\\\/avatar\\\/30d4f9723476a15f4da34d35fb3501f08d2357016c76051c6a85c354c7489589?s=96&d=mm&r=g\",\"url\":\"https:\\\/\\\/secure.gravatar.com\\\/avatar\\\/30d4f9723476a15f4da34d35fb3501f08d2357016c76051c6a85c354c7489589?s=96&d=mm&r=g\",\"contentUrl\":\"https:\\\/\\\/secure.gravatar.com\\\/avatar\\\/30d4f9723476a15f4da34d35fb3501f08d2357016c76051c6a85c354c7489589?s=96&d=mm&r=g\",\"caption\":\"Continuamos MX\"},\"sameAs\":[\"http:\\\/\\\/www.continuamos.mx\"],\"url\":\"https:\\\/\\\/continuamosmx.com\\\/index.php\\\/author\\\/continuamos\\\/\"}]}<\/script>\n<!-- \/ Yoast SEO plugin. -->","yoast_head_json":{"title":"DESDE ACCI\u00d3N NACIONAL VAMOS A SEGUIR LEGISLANDO A FAVOR DE LA FAMILIA: EVV -","robots":{"index":"index","follow":"follow","max-snippet":"max-snippet:-1","max-image-preview":"max-image-preview:large","max-video-preview":"max-video-preview:-1"},"canonical":"https:\/\/continuamosmx.com\/index.php\/2023\/05\/17\/desde-accion-nacional-vamos-a-seguir-legislando-a-favor-de-la-familia-evv\/","og_locale":"es_ES","og_type":"article","og_title":"DESDE ACCI\u00d3N NACIONAL VAMOS A SEGUIR LEGISLANDO A FAVOR DE LA FAMILIA: EVV -","og_description":"*La familia, dijo, es el eje principal para tener una mejor sociedad TOLUCA, M\u00e9x.- Al asistir a la inauguraci\u00f3n del Foro \u201cLa familia, el alma de M\u00e9xico\u201d, el coordinador Parlamentario de Partido Acci\u00f3n Nacional en la LXI Legislatura mexiquense, Enrique Vargas del Villar, se\u00f1al\u00f3 la importancia de legislar con perspectiva de familia. El diputado panista, [&hellip;]","og_url":"https:\/\/continuamosmx.com\/index.php\/2023\/05\/17\/desde-accion-nacional-vamos-a-seguir-legislando-a-favor-de-la-familia-evv\/","article_published_time":"2023-05-17T06:58:03+00:00","article_modified_time":"2023-05-17T06:58:04+00:00","og_image":[{"width":1280,"height":796,"url":"https:\/\/continuamosmx.com\/wp-content\/uploads\/2023\/05\/enrique.jpg","type":"image\/jpeg"}],"author":"Continuamos MX","twitter_card":"summary_large_image","twitter_misc":{"Escrito por":"Continuamos MX","Tiempo de lectura":"2 minutos"},"schema":{"@context":"https:\/\/schema.org","@graph":[{"@type":"Article","@id":"https:\/\/continuamosmx.com\/index.php\/2023\/05\/17\/desde-accion-nacional-vamos-a-seguir-legislando-a-favor-de-la-familia-evv\/#article","isPartOf":{"@id":"https:\/\/continuamosmx.com\/index.php\/2023\/05\/17\/desde-accion-nacional-vamos-a-seguir-legislando-a-favor-de-la-familia-evv\/"},"author":{"name":"Continuamos MX","@id":"https:\/\/continuamosmx.com\/#\/schema\/person\/5eb5356acb1fad784da407d14f0e8d89"},"headline":"DESDE ACCI\u00d3N NACIONAL VAMOS A SEGUIR LEGISLANDO A FAVOR DE LA FAMILIA: EVV","datePublished":"2023-05-17T06:58:03+00:00","dateModified":"2023-05-17T06:58:04+00:00","mainEntityOfPage":{"@id":"https:\/\/continuamosmx.com\/index.php\/2023\/05\/17\/desde-accion-nacional-vamos-a-seguir-legislando-a-favor-de-la-familia-evv\/"},"wordCount":317,"commentCount":0,"publisher":{"@id":"https:\/\/continuamosmx.com\/#organization"},"image":{"@id":"https:\/\/continuamosmx.com\/index.php\/2023\/05\/17\/desde-accion-nacional-vamos-a-seguir-legislando-a-favor-de-la-familia-evv\/#primaryimage"},"thumbnailUrl":"https:\/\/continuamosmx.com\/wp-content\/uploads\/2023\/05\/enrique.jpg","articleSection":["EDOMEX","POL\u00cdTICA"],"inLanguage":"es"},{"@type":"WebPage","@id":"https:\/\/continuamosmx.com\/index.php\/2023\/05\/17\/desde-accion-nacional-vamos-a-seguir-legislando-a-favor-de-la-familia-evv\/","url":"https:\/\/continuamosmx.com\/index.php\/2023\/05\/17\/desde-accion-nacional-vamos-a-seguir-legislando-a-favor-de-la-familia-evv\/","name":"DESDE ACCI\u00d3N NACIONAL VAMOS A SEGUIR LEGISLANDO A FAVOR DE LA FAMILIA: EVV -","isPartOf":{"@id":"https:\/\/continuamosmx.com\/#website"},"primaryImageOfPage":{"@id":"https:\/\/continuamosmx.com\/index.php\/2023\/05\/17\/desde-accion-nacional-vamos-a-seguir-legislando-a-favor-de-la-familia-evv\/#primaryimage"},"image":{"@id":"https:\/\/continuamosmx.com\/index.php\/2023\/05\/17\/desde-accion-nacional-vamos-a-seguir-legislando-a-favor-de-la-familia-evv\/#primaryimage"},"thumbnailUrl":"https:\/\/continuamosmx.com\/wp-content\/uploads\/2023\/05\/enrique.jpg","datePublished":"2023-05-17T06:58:03+00:00","dateModified":"2023-05-17T06:58:04+00:00","breadcrumb":{"@id":"https:\/\/continuamosmx.com\/index.php\/2023\/05\/17\/desde-accion-nacional-vamos-a-seguir-legislando-a-favor-de-la-familia-evv\/#breadcrumb"},"inLanguage":"es","potentialAction":[{"@type":"ReadAction","target":["https:\/\/continuamosmx.com\/index.php\/2023\/05\/17\/desde-accion-nacional-vamos-a-seguir-legislando-a-favor-de-la-familia-evv\/"]}]},{"@type":"ImageObject","inLanguage":"es","@id":"https:\/\/continuamosmx.com\/index.php\/2023\/05\/17\/desde-accion-nacional-vamos-a-seguir-legislando-a-favor-de-la-familia-evv\/#primaryimage","url":"https:\/\/continuamosmx.com\/wp-content\/uploads\/2023\/05\/enrique.jpg","contentUrl":"https:\/\/continuamosmx.com\/wp-content\/uploads\/2023\/05\/enrique.jpg","width":1280,"height":796},{"@type":"BreadcrumbList","@id":"https:\/\/continuamosmx.com\/index.php\/2023\/05\/17\/desde-accion-nacional-vamos-a-seguir-legislando-a-favor-de-la-familia-evv\/#breadcrumb","itemListElement":[{"@type":"ListItem","position":1,"name":"Inicio","item":"https:\/\/continuamosmx.com\/"},{"@type":"ListItem","position":2,"name":"DESDE ACCI\u00d3N NACIONAL VAMOS A SEGUIR LEGISLANDO A FAVOR DE LA FAMILIA: EVV"}]},{"@type":"WebSite","@id":"https:\/\/continuamosmx.com\/#website","url":"https:\/\/continuamosmx.com\/","name":"www.continuamosmx.com","description":"","publisher":{"@id":"https:\/\/continuamosmx.com\/#organization"},"potentialAction":[{"@type":"SearchAction","target":{"@type":"EntryPoint","urlTemplate":"https:\/\/continuamosmx.com\/?s={search_term_string}"},"query-input":{"@type":"PropertyValueSpecification","valueRequired":true,"valueName":"search_term_string"}}],"inLanguage":"es"},{"@type":"Organization","@id":"https:\/\/continuamosmx.com\/#organization","name":"ContinuamosMX","url":"https:\/\/continuamosmx.com\/","logo":{"@type":"ImageObject","inLanguage":"es","@id":"https:\/\/continuamosmx.com\/#\/schema\/logo\/image\/","url":"https:\/\/continuamosmx.com\/wp-content\/uploads\/2023\/04\/cropped-LOGO-CONTI-NUEVO.png","contentUrl":"https:\/\/continuamosmx.com\/wp-content\/uploads\/2023\/04\/cropped-LOGO-CONTI-NUEVO.png","width":1257,"height":430,"caption":"ContinuamosMX"},"image":{"@id":"https:\/\/continuamosmx.com\/#\/schema\/logo\/image\/"}},{"@type":"Person","@id":"https:\/\/continuamosmx.com\/#\/schema\/person\/5eb5356acb1fad784da407d14f0e8d89","name":"Continuamos MX","image":{"@type":"ImageObject","inLanguage":"es","@id":"https:\/\/secure.gravatar.com\/avatar\/30d4f9723476a15f4da34d35fb3501f08d2357016c76051c6a85c354c7489589?s=96&d=mm&r=g","url":"https:\/\/secure.gravatar.com\/avatar\/30d4f9723476a15f4da34d35fb3501f08d2357016c76051c6a85c354c7489589?s=96&d=mm&r=g","contentUrl":"https:\/\/secure.gravatar.com\/avatar\/30d4f9723476a15f4da34d35fb3501f08d2357016c76051c6a85c354c7489589?s=96&d=mm&r=g","caption":"Continuamos MX"},"sameAs":["http:\/\/www.continuamos.mx"],"url":"https:\/\/continuamosmx.com\/index.php\/author\/continuamos\/"}]}},"_links":{"self":[{"href":"https:\/\/continuamosmx.com\/index.php\/wp-json\/wp\/v2\/posts\/43594","targetHints":{"allow":["GET"]}}],"collection":[{"href":"https:\/\/continuamosmx.com\/index.php\/wp-json\/wp\/v2\/posts"}],"about":[{"href":"https:\/\/continuamosmx.com\/index.php\/wp-json\/wp\/v2\/types\/post"}],"author":[{"embeddable":true,"href":"https:\/\/continuamosmx.com\/index.php\/wp-json\/wp\/v2\/users\/6"}],"replies":[{"embeddable":true,"href":"https:\/\/continuamosmx.com\/index.php\/wp-json\/wp\/v2\/comments?post=43594"}],"version-history":[{"count":1,"href":"https:\/\/continuamosmx.com\/index.php\/wp-json\/wp\/v2\/posts\/43594\/revisions"}],"predecessor-version":[{"id":43596,"href":"https:\/\/continuamosmx.com\/index.php\/wp-json\/wp\/v2\/posts\/43594\/revisions\/43596"}],"wp:featuredmedia":[{"embeddable":true,"href":"https:\/\/continuamosmx.com\/index.php\/wp-json\/wp\/v2\/media\/43595"}],"wp:attachment":[{"href":"https:\/\/continuamosmx.com\/index.php\/wp-json\/wp\/v2\/media?parent=43594"}],"wp:term":[{"taxonomy":"category","embeddable":true,"href":"https:\/\/continuamosmx.com\/index.php\/wp-json\/wp\/v2\/categories?post=43594"},{"taxonomy":"post_tag","embeddable":true,"href":"https:\/\/continuamosmx.com\/index.php\/wp-json\/wp\/v2\/tags?post=43594"}],"curies":[{"name":"wp","href":"https:\/\/api.w.org\/{rel}","templated":true}]}}