{"id":43592,"date":"2022-01-26T04:14:55","date_gmt":"2022-01-26T04:14:55","guid":{"rendered":"https:\/\/continuamos.mx\/?p=33128"},"modified":"2022-01-26T04:14:55","modified_gmt":"2022-01-26T04:14:55","slug":"generan-alianzas-a-favor-de-la-cultura-comunitaria","status":"publish","type":"post","link":"https:\/\/continuamosmx.com\/index.php\/2022\/01\/26\/generan-alianzas-a-favor-de-la-cultura-comunitaria\/","title":{"rendered":"GENERAN ALIANZAS A FAVOR DE LA CULTURA COMUNITARIA"},"content":{"rendered":"\n<p>* <strong>La Se<\/strong>cretar\u00eda de Cultura coordina acciones con el estado de Guanajuato<\/p>\n\n\n\n<p>* <strong>Se abrir\u00e1n cuatro nuevos Semilleros creativos y se realizar\u00e1n diversas colaboraciones<\/strong><\/p>\n\n\n\n<p>M\u00c9XICO.- Con el objetivo de impulsar y fortalecer la diversidad de expresiones culturales de Guanajuato, la Secretar\u00eda de Cultura del Gobierno de M\u00e9xico, a trav\u00e9s del programa Cultura Comunitaria, en colaboraci\u00f3n con el Instituto Estatal de la Cultura de Guanajuato, realizar\u00e1 varias acciones art\u00edstico-culturales en beneficio de la poblaci\u00f3n.&nbsp;<\/p>\n\n\n\n<p>Entre ellas, se considera la puesta en marcha de cuatro nuevos Semilleros creativos -grupos de formaci\u00f3n art\u00edstica gratuita para ni\u00f1as, ni\u00f1os y j\u00f3venes-, la vinculaci\u00f3n de actividades y la realizaci\u00f3n de diferentes capacitaciones.<\/p>\n\n\n\n<p>Como parte de los acuerdos alcanzados se abrir\u00e1n cuatro nuevos Semilleros, para un total de 17, adem\u00e1s, los Semilleros enfocados a la ense\u00f1anza musical se vincular\u00e1n con el Programa Vientos Musicales de Guanajuato, con quienes comparten los mismos objetivos art\u00edsticos, culturales y sociales. Asimismo, se realizar\u00e1 diversas colaboraciones con la Escuela Itinerante de la Sierra Gorda.<\/p>\n\n\n\n<p>Con el prop\u00f3sito de sensibilizar y generar futuras actividades culturales comunitarias, se capacitar\u00e1 a autoridades municipales, promotores y agentes culturales sobre la implementaci\u00f3n de otros Semilleros creativos, Convites y Jolgorios culturales, as\u00ed como de Telar. Registro Nacional de Espacios, Pr\u00e1cticas y Agentes Culturales en las diferentes Casas de Cultura de Guanajuato.<\/p>\n\n\n\n<p>Dichos acuerdos fueron asentados en reuni\u00f3n de trabajo entre el equipo de Cultura Comunitaria de la Secretar\u00eda de Cultura federal y el Instituto Estatal de la Cultura de Guanajuato. Adem\u00e1s del encuentro, se llev\u00f3 a cabo la muestra denominada El Mitote, un intercambio art\u00edstico entre estudiantes de los talleres de bicocultura, danza y lengua materna de la Escuela Itinerante de la Sierra Gorda, que trabaja en los municipios de Tierra Blanca, Xich\u00fa, Santa Catarina, Victoria y Dr. Mora, Guanajuato.<\/p>\n\n\n\n<p>Durante esta exhibici\u00f3n estuvieron presentes la directora general de Vinculaci\u00f3n Cultural de la Secretar\u00eda de Cultura federal, Esther Hern\u00e1ndez Torres; la directora general del Instituto Estatal de la Cultura, Mar\u00eda Adriana Camarena de Obeso, el presidente municipal de Dr. Mora, Edgar Javier Res\u00e9ndiz Jacobo, y la coordinadora estatal de Casas de la Cultura, Lucila Saravia Gallart. Con acciones como estas, la Secretar\u00eda de Cultura genera alianzas estrat\u00e9gicas encaminadas a garantizar el acceso a los derechos culturales de ni\u00f1as, ni\u00f1os y j\u00f3venes de M\u00e9xico, con el objetivo de no dejar a nadie atr\u00e1s.&nbsp;<\/p>\n","protected":false},"excerpt":{"rendered":"<p>* La Secretar\u00eda de Cultura coordina acciones con el estado de Guanajuato * Se abrir\u00e1n cuatro nuevos Semilleros creativos y se realizar\u00e1n diversas colaboraciones M\u00c9XICO.- Con el objetivo de impulsar y fortalecer la diversidad de expresiones culturales de Guanajuato, la Secretar\u00eda de Cultura del Gobierno de M\u00e9xico, a trav\u00e9s del programa Cultura Comunitaria, en colaboraci\u00f3n [&hellip;]<\/p>\n","protected":false},"author":6,"featured_media":33129,"comment_status":"closed","ping_status":"open","sticky":false,"template":"","format":"standard","meta":{"footnotes":""},"categories":[15],"tags":[],"class_list":["post-43592","post","type-post","status-publish","format-standard","has-post-thumbnail","hentry","category-cultura"],"yoast_head":"<!-- This site is optimized with the Yoast SEO plugin v27.5 - https:\/\/yoast.com\/product\/yoast-seo-wordpress\/ -->\n<title>GENERAN ALIANZAS A FAVOR DE LA CULTURA COMUNITARIA -<\/title>\n<meta name=\"robots\" content=\"index, follow, max-snippet:-1, max-image-preview:large, max-video-preview:-1\" \/>\n<link rel=\"canonical\" href=\"https:\/\/continuamosmx.com\/index.php\/2022\/01\/26\/generan-alianzas-a-favor-de-la-cultura-comunitaria\/\" \/>\n<meta property=\"og:locale\" content=\"es_ES\" \/>\n<meta property=\"og:type\" content=\"article\" \/>\n<meta property=\"og:title\" content=\"GENERAN ALIANZAS A FAVOR DE LA CULTURA COMUNITARIA -\" \/>\n<meta property=\"og:description\" content=\"* La Secretar\u00eda de Cultura coordina acciones con el estado de Guanajuato * Se abrir\u00e1n cuatro nuevos Semilleros creativos y se realizar\u00e1n diversas colaboraciones M\u00c9XICO.- Con el objetivo de impulsar y fortalecer la diversidad de expresiones culturales de Guanajuato, la Secretar\u00eda de Cultura del Gobierno de M\u00e9xico, a trav\u00e9s del programa Cultura Comunitaria, en colaboraci\u00f3n [&hellip;]\" \/>\n<meta property=\"og:url\" content=\"https:\/\/continuamosmx.com\/index.php\/2022\/01\/26\/generan-alianzas-a-favor-de-la-cultura-comunitaria\/\" \/>\n<meta property=\"article:published_time\" content=\"2022-01-26T04:14:55+00:00\" \/>\n<meta name=\"author\" content=\"Continuamos MX\" \/>\n<meta name=\"twitter:card\" content=\"summary_large_image\" \/>\n<meta name=\"twitter:label1\" content=\"Escrito por\" \/>\n\t<meta name=\"twitter:data1\" content=\"Continuamos MX\" \/>\n\t<meta name=\"twitter:label2\" content=\"Tiempo de lectura\" \/>\n\t<meta name=\"twitter:data2\" content=\"2 minutos\" \/>\n<script type=\"application\/ld+json\" class=\"yoast-schema-graph\">{\"@context\":\"https:\\\/\\\/schema.org\",\"@graph\":[{\"@type\":\"Article\",\"@id\":\"https:\\\/\\\/continuamosmx.com\\\/index.php\\\/2022\\\/01\\\/26\\\/generan-alianzas-a-favor-de-la-cultura-comunitaria\\\/#article\",\"isPartOf\":{\"@id\":\"https:\\\/\\\/continuamosmx.com\\\/index.php\\\/2022\\\/01\\\/26\\\/generan-alianzas-a-favor-de-la-cultura-comunitaria\\\/\"},\"author\":{\"name\":\"Continuamos MX\",\"@id\":\"https:\\\/\\\/continuamosmx.com\\\/#\\\/schema\\\/person\\\/5eb5356acb1fad784da407d14f0e8d89\"},\"headline\":\"GENERAN ALIANZAS A FAVOR DE LA CULTURA COMUNITARIA\",\"datePublished\":\"2022-01-26T04:14:55+00:00\",\"mainEntityOfPage\":{\"@id\":\"https:\\\/\\\/continuamosmx.com\\\/index.php\\\/2022\\\/01\\\/26\\\/generan-alianzas-a-favor-de-la-cultura-comunitaria\\\/\"},\"wordCount\":434,\"publisher\":{\"@id\":\"https:\\\/\\\/continuamosmx.com\\\/#organization\"},\"image\":{\"@id\":\"https:\\\/\\\/continuamosmx.com\\\/index.php\\\/2022\\\/01\\\/26\\\/generan-alianzas-a-favor-de-la-cultura-comunitaria\\\/#primaryimage\"},\"thumbnailUrl\":\"https:\\\/\\\/continuamosmx.com\\\/wp-content\\\/uploads\\\/2022\\\/01\\\/B3D45798-57A6-4D28-815B-1727AC238E6B.jpeg\",\"articleSection\":[\"CULTURA\"],\"inLanguage\":\"es\"},{\"@type\":\"WebPage\",\"@id\":\"https:\\\/\\\/continuamosmx.com\\\/index.php\\\/2022\\\/01\\\/26\\\/generan-alianzas-a-favor-de-la-cultura-comunitaria\\\/\",\"url\":\"https:\\\/\\\/continuamosmx.com\\\/index.php\\\/2022\\\/01\\\/26\\\/generan-alianzas-a-favor-de-la-cultura-comunitaria\\\/\",\"name\":\"GENERAN ALIANZAS A FAVOR DE LA CULTURA COMUNITARIA -\",\"isPartOf\":{\"@id\":\"https:\\\/\\\/continuamosmx.com\\\/#website\"},\"primaryImageOfPage\":{\"@id\":\"https:\\\/\\\/continuamosmx.com\\\/index.php\\\/2022\\\/01\\\/26\\\/generan-alianzas-a-favor-de-la-cultura-comunitaria\\\/#primaryimage\"},\"image\":{\"@id\":\"https:\\\/\\\/continuamosmx.com\\\/index.php\\\/2022\\\/01\\\/26\\\/generan-alianzas-a-favor-de-la-cultura-comunitaria\\\/#primaryimage\"},\"thumbnailUrl\":\"https:\\\/\\\/continuamosmx.com\\\/wp-content\\\/uploads\\\/2022\\\/01\\\/B3D45798-57A6-4D28-815B-1727AC238E6B.jpeg\",\"datePublished\":\"2022-01-26T04:14:55+00:00\",\"breadcrumb\":{\"@id\":\"https:\\\/\\\/continuamosmx.com\\\/index.php\\\/2022\\\/01\\\/26\\\/generan-alianzas-a-favor-de-la-cultura-comunitaria\\\/#breadcrumb\"},\"inLanguage\":\"es\",\"potentialAction\":[{\"@type\":\"ReadAction\",\"target\":[\"https:\\\/\\\/continuamosmx.com\\\/index.php\\\/2022\\\/01\\\/26\\\/generan-alianzas-a-favor-de-la-cultura-comunitaria\\\/\"]}]},{\"@type\":\"ImageObject\",\"inLanguage\":\"es\",\"@id\":\"https:\\\/\\\/continuamosmx.com\\\/index.php\\\/2022\\\/01\\\/26\\\/generan-alianzas-a-favor-de-la-cultura-comunitaria\\\/#primaryimage\",\"url\":\"https:\\\/\\\/continuamosmx.com\\\/wp-content\\\/uploads\\\/2022\\\/01\\\/B3D45798-57A6-4D28-815B-1727AC238E6B.jpeg\",\"contentUrl\":\"https:\\\/\\\/continuamosmx.com\\\/wp-content\\\/uploads\\\/2022\\\/01\\\/B3D45798-57A6-4D28-815B-1727AC238E6B.jpeg\",\"width\":1024,\"height\":514},{\"@type\":\"BreadcrumbList\",\"@id\":\"https:\\\/\\\/continuamosmx.com\\\/index.php\\\/2022\\\/01\\\/26\\\/generan-alianzas-a-favor-de-la-cultura-comunitaria\\\/#breadcrumb\",\"itemListElement\":[{\"@type\":\"ListItem\",\"position\":1,\"name\":\"Inicio\",\"item\":\"https:\\\/\\\/continuamosmx.com\\\/\"},{\"@type\":\"ListItem\",\"position\":2,\"name\":\"GENERAN ALIANZAS A FAVOR DE LA CULTURA COMUNITARIA\"}]},{\"@type\":\"WebSite\",\"@id\":\"https:\\\/\\\/continuamosmx.com\\\/#website\",\"url\":\"https:\\\/\\\/continuamosmx.com\\\/\",\"name\":\"www.continuamosmx.com\",\"description\":\"\",\"publisher\":{\"@id\":\"https:\\\/\\\/continuamosmx.com\\\/#organization\"},\"potentialAction\":[{\"@type\":\"SearchAction\",\"target\":{\"@type\":\"EntryPoint\",\"urlTemplate\":\"https:\\\/\\\/continuamosmx.com\\\/?s={search_term_string}\"},\"query-input\":{\"@type\":\"PropertyValueSpecification\",\"valueRequired\":true,\"valueName\":\"search_term_string\"}}],\"inLanguage\":\"es\"},{\"@type\":\"Organization\",\"@id\":\"https:\\\/\\\/continuamosmx.com\\\/#organization\",\"name\":\"ContinuamosMX\",\"url\":\"https:\\\/\\\/continuamosmx.com\\\/\",\"logo\":{\"@type\":\"ImageObject\",\"inLanguage\":\"es\",\"@id\":\"https:\\\/\\\/continuamosmx.com\\\/#\\\/schema\\\/logo\\\/image\\\/\",\"url\":\"https:\\\/\\\/continuamosmx.com\\\/wp-content\\\/uploads\\\/2023\\\/04\\\/cropped-LOGO-CONTI-NUEVO.png\",\"contentUrl\":\"https:\\\/\\\/continuamosmx.com\\\/wp-content\\\/uploads\\\/2023\\\/04\\\/cropped-LOGO-CONTI-NUEVO.png\",\"width\":1257,\"height\":430,\"caption\":\"ContinuamosMX\"},\"image\":{\"@id\":\"https:\\\/\\\/continuamosmx.com\\\/#\\\/schema\\\/logo\\\/image\\\/\"}},{\"@type\":\"Person\",\"@id\":\"https:\\\/\\\/continuamosmx.com\\\/#\\\/schema\\\/person\\\/5eb5356acb1fad784da407d14f0e8d89\",\"name\":\"Continuamos MX\",\"image\":{\"@type\":\"ImageObject\",\"inLanguage\":\"es\",\"@id\":\"https:\\\/\\\/secure.gravatar.com\\\/avatar\\\/30d4f9723476a15f4da34d35fb3501f08d2357016c76051c6a85c354c7489589?s=96&d=mm&r=g\",\"url\":\"https:\\\/\\\/secure.gravatar.com\\\/avatar\\\/30d4f9723476a15f4da34d35fb3501f08d2357016c76051c6a85c354c7489589?s=96&d=mm&r=g\",\"contentUrl\":\"https:\\\/\\\/secure.gravatar.com\\\/avatar\\\/30d4f9723476a15f4da34d35fb3501f08d2357016c76051c6a85c354c7489589?s=96&d=mm&r=g\",\"caption\":\"Continuamos MX\"},\"sameAs\":[\"http:\\\/\\\/www.continuamos.mx\"],\"url\":\"https:\\\/\\\/continuamosmx.com\\\/index.php\\\/author\\\/continuamos\\\/\"}]}<\/script>\n<!-- \/ Yoast SEO plugin. -->","yoast_head_json":{"title":"GENERAN ALIANZAS A FAVOR DE LA CULTURA COMUNITARIA -","robots":{"index":"index","follow":"follow","max-snippet":"max-snippet:-1","max-image-preview":"max-image-preview:large","max-video-preview":"max-video-preview:-1"},"canonical":"https:\/\/continuamosmx.com\/index.php\/2022\/01\/26\/generan-alianzas-a-favor-de-la-cultura-comunitaria\/","og_locale":"es_ES","og_type":"article","og_title":"GENERAN ALIANZAS A FAVOR DE LA CULTURA COMUNITARIA -","og_description":"* La Secretar\u00eda de Cultura coordina acciones con el estado de Guanajuato * Se abrir\u00e1n cuatro nuevos Semilleros creativos y se realizar\u00e1n diversas colaboraciones M\u00c9XICO.- Con el objetivo de impulsar y fortalecer la diversidad de expresiones culturales de Guanajuato, la Secretar\u00eda de Cultura del Gobierno de M\u00e9xico, a trav\u00e9s del programa Cultura Comunitaria, en colaboraci\u00f3n [&hellip;]","og_url":"https:\/\/continuamosmx.com\/index.php\/2022\/01\/26\/generan-alianzas-a-favor-de-la-cultura-comunitaria\/","article_published_time":"2022-01-26T04:14:55+00:00","author":"Continuamos MX","twitter_card":"summary_large_image","twitter_misc":{"Escrito por":"Continuamos MX","Tiempo de lectura":"2 minutos"},"schema":{"@context":"https:\/\/schema.org","@graph":[{"@type":"Article","@id":"https:\/\/continuamosmx.com\/index.php\/2022\/01\/26\/generan-alianzas-a-favor-de-la-cultura-comunitaria\/#article","isPartOf":{"@id":"https:\/\/continuamosmx.com\/index.php\/2022\/01\/26\/generan-alianzas-a-favor-de-la-cultura-comunitaria\/"},"author":{"name":"Continuamos MX","@id":"https:\/\/continuamosmx.com\/#\/schema\/person\/5eb5356acb1fad784da407d14f0e8d89"},"headline":"GENERAN ALIANZAS A FAVOR DE LA CULTURA COMUNITARIA","datePublished":"2022-01-26T04:14:55+00:00","mainEntityOfPage":{"@id":"https:\/\/continuamosmx.com\/index.php\/2022\/01\/26\/generan-alianzas-a-favor-de-la-cultura-comunitaria\/"},"wordCount":434,"publisher":{"@id":"https:\/\/continuamosmx.com\/#organization"},"image":{"@id":"https:\/\/continuamosmx.com\/index.php\/2022\/01\/26\/generan-alianzas-a-favor-de-la-cultura-comunitaria\/#primaryimage"},"thumbnailUrl":"https:\/\/continuamosmx.com\/wp-content\/uploads\/2022\/01\/B3D45798-57A6-4D28-815B-1727AC238E6B.jpeg","articleSection":["CULTURA"],"inLanguage":"es"},{"@type":"WebPage","@id":"https:\/\/continuamosmx.com\/index.php\/2022\/01\/26\/generan-alianzas-a-favor-de-la-cultura-comunitaria\/","url":"https:\/\/continuamosmx.com\/index.php\/2022\/01\/26\/generan-alianzas-a-favor-de-la-cultura-comunitaria\/","name":"GENERAN ALIANZAS A FAVOR DE LA CULTURA COMUNITARIA -","isPartOf":{"@id":"https:\/\/continuamosmx.com\/#website"},"primaryImageOfPage":{"@id":"https:\/\/continuamosmx.com\/index.php\/2022\/01\/26\/generan-alianzas-a-favor-de-la-cultura-comunitaria\/#primaryimage"},"image":{"@id":"https:\/\/continuamosmx.com\/index.php\/2022\/01\/26\/generan-alianzas-a-favor-de-la-cultura-comunitaria\/#primaryimage"},"thumbnailUrl":"https:\/\/continuamosmx.com\/wp-content\/uploads\/2022\/01\/B3D45798-57A6-4D28-815B-1727AC238E6B.jpeg","datePublished":"2022-01-26T04:14:55+00:00","breadcrumb":{"@id":"https:\/\/continuamosmx.com\/index.php\/2022\/01\/26\/generan-alianzas-a-favor-de-la-cultura-comunitaria\/#breadcrumb"},"inLanguage":"es","potentialAction":[{"@type":"ReadAction","target":["https:\/\/continuamosmx.com\/index.php\/2022\/01\/26\/generan-alianzas-a-favor-de-la-cultura-comunitaria\/"]}]},{"@type":"ImageObject","inLanguage":"es","@id":"https:\/\/continuamosmx.com\/index.php\/2022\/01\/26\/generan-alianzas-a-favor-de-la-cultura-comunitaria\/#primaryimage","url":"https:\/\/continuamosmx.com\/wp-content\/uploads\/2022\/01\/B3D45798-57A6-4D28-815B-1727AC238E6B.jpeg","contentUrl":"https:\/\/continuamosmx.com\/wp-content\/uploads\/2022\/01\/B3D45798-57A6-4D28-815B-1727AC238E6B.jpeg","width":1024,"height":514},{"@type":"BreadcrumbList","@id":"https:\/\/continuamosmx.com\/index.php\/2022\/01\/26\/generan-alianzas-a-favor-de-la-cultura-comunitaria\/#breadcrumb","itemListElement":[{"@type":"ListItem","position":1,"name":"Inicio","item":"https:\/\/continuamosmx.com\/"},{"@type":"ListItem","position":2,"name":"GENERAN ALIANZAS A FAVOR DE LA CULTURA COMUNITARIA"}]},{"@type":"WebSite","@id":"https:\/\/continuamosmx.com\/#website","url":"https:\/\/continuamosmx.com\/","name":"www.continuamosmx.com","description":"","publisher":{"@id":"https:\/\/continuamosmx.com\/#organization"},"potentialAction":[{"@type":"SearchAction","target":{"@type":"EntryPoint","urlTemplate":"https:\/\/continuamosmx.com\/?s={search_term_string}"},"query-input":{"@type":"PropertyValueSpecification","valueRequired":true,"valueName":"search_term_string"}}],"inLanguage":"es"},{"@type":"Organization","@id":"https:\/\/continuamosmx.com\/#organization","name":"ContinuamosMX","url":"https:\/\/continuamosmx.com\/","logo":{"@type":"ImageObject","inLanguage":"es","@id":"https:\/\/continuamosmx.com\/#\/schema\/logo\/image\/","url":"https:\/\/continuamosmx.com\/wp-content\/uploads\/2023\/04\/cropped-LOGO-CONTI-NUEVO.png","contentUrl":"https:\/\/continuamosmx.com\/wp-content\/uploads\/2023\/04\/cropped-LOGO-CONTI-NUEVO.png","width":1257,"height":430,"caption":"ContinuamosMX"},"image":{"@id":"https:\/\/continuamosmx.com\/#\/schema\/logo\/image\/"}},{"@type":"Person","@id":"https:\/\/continuamosmx.com\/#\/schema\/person\/5eb5356acb1fad784da407d14f0e8d89","name":"Continuamos MX","image":{"@type":"ImageObject","inLanguage":"es","@id":"https:\/\/secure.gravatar.com\/avatar\/30d4f9723476a15f4da34d35fb3501f08d2357016c76051c6a85c354c7489589?s=96&d=mm&r=g","url":"https:\/\/secure.gravatar.com\/avatar\/30d4f9723476a15f4da34d35fb3501f08d2357016c76051c6a85c354c7489589?s=96&d=mm&r=g","contentUrl":"https:\/\/secure.gravatar.com\/avatar\/30d4f9723476a15f4da34d35fb3501f08d2357016c76051c6a85c354c7489589?s=96&d=mm&r=g","caption":"Continuamos MX"},"sameAs":["http:\/\/www.continuamos.mx"],"url":"https:\/\/continuamosmx.com\/index.php\/author\/continuamos\/"}]}},"_links":{"self":[{"href":"https:\/\/continuamosmx.com\/index.php\/wp-json\/wp\/v2\/posts\/43592","targetHints":{"allow":["GET"]}}],"collection":[{"href":"https:\/\/continuamosmx.com\/index.php\/wp-json\/wp\/v2\/posts"}],"about":[{"href":"https:\/\/continuamosmx.com\/index.php\/wp-json\/wp\/v2\/types\/post"}],"author":[{"embeddable":true,"href":"https:\/\/continuamosmx.com\/index.php\/wp-json\/wp\/v2\/users\/6"}],"replies":[{"embeddable":true,"href":"https:\/\/continuamosmx.com\/index.php\/wp-json\/wp\/v2\/comments?post=43592"}],"version-history":[{"count":0,"href":"https:\/\/continuamosmx.com\/index.php\/wp-json\/wp\/v2\/posts\/43592\/revisions"}],"wp:featuredmedia":[{"embeddable":true,"href":"https:\/\/continuamosmx.com\/index.php\/wp-json\/wp\/v2\/media\/33129"}],"wp:attachment":[{"href":"https:\/\/continuamosmx.com\/index.php\/wp-json\/wp\/v2\/media?parent=43592"}],"wp:term":[{"taxonomy":"category","embeddable":true,"href":"https:\/\/continuamosmx.com\/index.php\/wp-json\/wp\/v2\/categories?post=43592"},{"taxonomy":"post_tag","embeddable":true,"href":"https:\/\/continuamosmx.com\/index.php\/wp-json\/wp\/v2\/tags?post=43592"}],"curies":[{"name":"wp","href":"https:\/\/api.w.org\/{rel}","templated":true}]}}