{"id":43591,"date":"2022-01-25T19:54:49","date_gmt":"2022-01-25T19:54:49","guid":{"rendered":"https:\/\/continuamos.mx\/?p=33125"},"modified":"2022-01-25T19:54:49","modified_gmt":"2022-01-25T19:54:49","slug":"piden-no-concesionar-el-servicio-de-recoleccion-de-basura-en-cuautitlan-izcalli","status":"publish","type":"post","link":"https:\/\/continuamosmx.com\/index.php\/2022\/01\/25\/piden-no-concesionar-el-servicio-de-recoleccion-de-basura-en-cuautitlan-izcalli\/","title":{"rendered":"PIDEN NO CONCESIONAR EL SERVICIO DE RECOLECCI\u00d3N DE BASURA EN CUAUTITL\u00c1N IZCALLI"},"content":{"rendered":"\n<p><strong>.- Privilegiando el di\u00e1logo y anteponiendo el inter\u00e9s de la sociedad, ACME pospone movilizaciones y bloqueos en espera de la respuesta oficial a la demandas de los afiliados: Jafet Sainz<\/strong><\/p>\n\n\n\n<p>CUAUTITL\u00c1N IZCALLI, M\u00e9x.- Unos 800 trabajadores voluntarios del servicio de recolecci\u00f3n de residuos s\u00f3lidos dom\u00e9sticos e industriales, piden a las autoridades municipales no renovar la concesi\u00f3n del servicio p\u00fablico municipal de recolecci\u00f3n de basura por mermar sus ingresos y poner en riesgo sus fuentes de empleo.&nbsp;<\/p>\n\n\n\n<p>Los inconformes que hab\u00edan programado una manifestaci\u00f3n y bloqueos de vialidades principales de la alcald\u00eda en demanda de que el gobierno municipal que encabeza Karla Fiesco, no autorice una renovaci\u00f3n de concesi\u00f3n del servicio de recolecci\u00f3n de basura, \u201cque por seis a\u00f1os ha mermado los ingresos de los trabajadores voluntarios de recolecci\u00f3n que son vecinos de esta misma alcald\u00eda\u201d, explic\u00f3 Jafet Sainz, dirigente de la Alianza de Autotransportistas, Comerciantes y Anexas de M\u00e9xico (ACME).<\/p>\n\n\n\n<p>\u201cLa mayor\u00eda de los recolectores voluntarios son afiliados a ACME y por ello se les brinda el apoyo, y son quienes este lunes pretend\u00edan realizar una manifestaci\u00f3n y bloqueos de vialidades, no obstante se decidi\u00f3 privilegiar el di\u00e1logo y la concertaci\u00f3n con las autoridades municipales, por lo que esperaremos unos d\u00edas m\u00e1s para que nos resuelva en la petici\u00f3n de una soluci\u00f3n definitiva para que no se vuelva a concesionar el servicio de recolecci\u00f3n\u201d, explic\u00f3 el dirigente.&nbsp;<\/p>\n\n\n\n<p>Cabe mencionar que la semana anterior el segundo regidor Francisco Cahue, ingres\u00f3 en asuntos generales de la sesi\u00f3n de cabildo la solicitud de que no se concesione el servicio de recolecci\u00f3n de basura, y que con el recurso que se derog\u00f3 por ese concepto tan s\u00f3lo en 2021, se puedan adquirir de 7 a 10 unidades para uso municipal, adem\u00e1s de luminarias y mezcla asf\u00e1ltica para bacheo que necesitan las vialidades de Cuautitl\u00e1n Izcalli.<\/p>\n\n\n\n<p>Trascendi\u00f3 tambi\u00e9n que la alcaldesa Karla Fiesco ha dicho que hasta ahora el asunto de la concesi\u00f3n del servicio de recolecci\u00f3n de basura en el municipio, es un tema que no est\u00e1 resuelto a\u00fan y pidi\u00f3 a los inconformes que en su momento revisar\u00e1 el tema.&nbsp;<\/p>\n\n\n\n<p>En este municipio se generan diariamente m\u00e1s de 650 toneladas de desechos s\u00f3lidos, entre dom\u00e9sticos, del comercio y de las industrias, parte de los cuales son el sustento de m\u00e1s de 800 trabajadores que voluntariamente laboran en la recolecci\u00f3n y los cuales luchan por que no se reconcesione el servicio porque afectar\u00eda sus ingresos en propinas y la venta de materiales reciclables.&nbsp;&nbsp; &nbsp;<\/p>\n\n\n\n<p>Seg\u00fan el dirigente de ACME, Jafet Sainz los trabajadores voluntarios son afiliados a este colectivo, pero de manera particular pertenecen a organizaciones como ARVBACI, URBACI y la Asociaci\u00f3n de Boteros Voluntarios, quienes se dedican a recolecci\u00f3n y venta de materiales reciclables.<\/p>\n","protected":false},"excerpt":{"rendered":"<p>.- Privilegiando el di\u00e1logo y anteponiendo el inter\u00e9s de la sociedad, ACME pospone movilizaciones y bloqueos en espera de la respuesta oficial a la demandas de los afiliados: Jafet Sainz CUAUTITL\u00c1N IZCALLI, M\u00e9x.- Unos 800 trabajadores voluntarios del servicio de recolecci\u00f3n de residuos s\u00f3lidos dom\u00e9sticos e industriales, piden a las autoridades municipales no renovar la [&hellip;]<\/p>\n","protected":false},"author":6,"featured_media":33126,"comment_status":"closed","ping_status":"open","sticky":false,"template":"","format":"standard","meta":{"footnotes":""},"categories":[22,4],"tags":[],"class_list":["post-43591","post","type-post","status-publish","format-standard","has-post-thumbnail","hentry","category-c-izcalli","category-locales"],"yoast_head":"<!-- This site is optimized with the Yoast SEO plugin v27.5 - https:\/\/yoast.com\/product\/yoast-seo-wordpress\/ -->\n<title>PIDEN NO CONCESIONAR EL SERVICIO DE RECOLECCI\u00d3N DE BASURA EN CUAUTITL\u00c1N IZCALLI -<\/title>\n<meta name=\"robots\" content=\"index, follow, max-snippet:-1, max-image-preview:large, max-video-preview:-1\" \/>\n<link rel=\"canonical\" href=\"https:\/\/continuamosmx.com\/index.php\/2022\/01\/25\/piden-no-concesionar-el-servicio-de-recoleccion-de-basura-en-cuautitlan-izcalli\/\" \/>\n<meta property=\"og:locale\" content=\"es_ES\" \/>\n<meta property=\"og:type\" content=\"article\" \/>\n<meta property=\"og:title\" content=\"PIDEN NO CONCESIONAR EL SERVICIO DE RECOLECCI\u00d3N DE BASURA EN CUAUTITL\u00c1N IZCALLI -\" \/>\n<meta property=\"og:description\" content=\".- Privilegiando el di\u00e1logo y anteponiendo el inter\u00e9s de la sociedad, ACME pospone movilizaciones y bloqueos en espera de la respuesta oficial a la demandas de los afiliados: Jafet Sainz CUAUTITL\u00c1N IZCALLI, M\u00e9x.- Unos 800 trabajadores voluntarios del servicio de recolecci\u00f3n de residuos s\u00f3lidos dom\u00e9sticos e industriales, piden a las autoridades municipales no renovar la [&hellip;]\" \/>\n<meta property=\"og:url\" content=\"https:\/\/continuamosmx.com\/index.php\/2022\/01\/25\/piden-no-concesionar-el-servicio-de-recoleccion-de-basura-en-cuautitlan-izcalli\/\" \/>\n<meta property=\"article:published_time\" content=\"2022-01-25T19:54:49+00:00\" \/>\n<meta name=\"author\" content=\"Continuamos MX\" \/>\n<meta name=\"twitter:card\" content=\"summary_large_image\" \/>\n<meta name=\"twitter:label1\" content=\"Escrito por\" \/>\n\t<meta name=\"twitter:data1\" content=\"Continuamos MX\" \/>\n\t<meta name=\"twitter:label2\" content=\"Tiempo de lectura\" \/>\n\t<meta name=\"twitter:data2\" content=\"3 minutos\" \/>\n<script type=\"application\/ld+json\" class=\"yoast-schema-graph\">{\"@context\":\"https:\\\/\\\/schema.org\",\"@graph\":[{\"@type\":\"Article\",\"@id\":\"https:\\\/\\\/continuamosmx.com\\\/index.php\\\/2022\\\/01\\\/25\\\/piden-no-concesionar-el-servicio-de-recoleccion-de-basura-en-cuautitlan-izcalli\\\/#article\",\"isPartOf\":{\"@id\":\"https:\\\/\\\/continuamosmx.com\\\/index.php\\\/2022\\\/01\\\/25\\\/piden-no-concesionar-el-servicio-de-recoleccion-de-basura-en-cuautitlan-izcalli\\\/\"},\"author\":{\"name\":\"Continuamos MX\",\"@id\":\"https:\\\/\\\/continuamosmx.com\\\/#\\\/schema\\\/person\\\/5eb5356acb1fad784da407d14f0e8d89\"},\"headline\":\"PIDEN NO CONCESIONAR EL SERVICIO DE RECOLECCI\u00d3N DE BASURA EN CUAUTITL\u00c1N IZCALLI\",\"datePublished\":\"2022-01-25T19:54:49+00:00\",\"mainEntityOfPage\":{\"@id\":\"https:\\\/\\\/continuamosmx.com\\\/index.php\\\/2022\\\/01\\\/25\\\/piden-no-concesionar-el-servicio-de-recoleccion-de-basura-en-cuautitlan-izcalli\\\/\"},\"wordCount\":514,\"publisher\":{\"@id\":\"https:\\\/\\\/continuamosmx.com\\\/#organization\"},\"image\":{\"@id\":\"https:\\\/\\\/continuamosmx.com\\\/index.php\\\/2022\\\/01\\\/25\\\/piden-no-concesionar-el-servicio-de-recoleccion-de-basura-en-cuautitlan-izcalli\\\/#primaryimage\"},\"thumbnailUrl\":\"https:\\\/\\\/continuamosmx.com\\\/wp-content\\\/uploads\\\/2022\\\/01\\\/D92F1A91-646E-4661-B64B-B9577CA27F35.jpeg\",\"articleSection\":[\"C. IZCALLI\",\"LOCALES\"],\"inLanguage\":\"es\"},{\"@type\":\"WebPage\",\"@id\":\"https:\\\/\\\/continuamosmx.com\\\/index.php\\\/2022\\\/01\\\/25\\\/piden-no-concesionar-el-servicio-de-recoleccion-de-basura-en-cuautitlan-izcalli\\\/\",\"url\":\"https:\\\/\\\/continuamosmx.com\\\/index.php\\\/2022\\\/01\\\/25\\\/piden-no-concesionar-el-servicio-de-recoleccion-de-basura-en-cuautitlan-izcalli\\\/\",\"name\":\"PIDEN NO CONCESIONAR EL SERVICIO DE RECOLECCI\u00d3N DE BASURA EN CUAUTITL\u00c1N IZCALLI -\",\"isPartOf\":{\"@id\":\"https:\\\/\\\/continuamosmx.com\\\/#website\"},\"primaryImageOfPage\":{\"@id\":\"https:\\\/\\\/continuamosmx.com\\\/index.php\\\/2022\\\/01\\\/25\\\/piden-no-concesionar-el-servicio-de-recoleccion-de-basura-en-cuautitlan-izcalli\\\/#primaryimage\"},\"image\":{\"@id\":\"https:\\\/\\\/continuamosmx.com\\\/index.php\\\/2022\\\/01\\\/25\\\/piden-no-concesionar-el-servicio-de-recoleccion-de-basura-en-cuautitlan-izcalli\\\/#primaryimage\"},\"thumbnailUrl\":\"https:\\\/\\\/continuamosmx.com\\\/wp-content\\\/uploads\\\/2022\\\/01\\\/D92F1A91-646E-4661-B64B-B9577CA27F35.jpeg\",\"datePublished\":\"2022-01-25T19:54:49+00:00\",\"breadcrumb\":{\"@id\":\"https:\\\/\\\/continuamosmx.com\\\/index.php\\\/2022\\\/01\\\/25\\\/piden-no-concesionar-el-servicio-de-recoleccion-de-basura-en-cuautitlan-izcalli\\\/#breadcrumb\"},\"inLanguage\":\"es\",\"potentialAction\":[{\"@type\":\"ReadAction\",\"target\":[\"https:\\\/\\\/continuamosmx.com\\\/index.php\\\/2022\\\/01\\\/25\\\/piden-no-concesionar-el-servicio-de-recoleccion-de-basura-en-cuautitlan-izcalli\\\/\"]}]},{\"@type\":\"ImageObject\",\"inLanguage\":\"es\",\"@id\":\"https:\\\/\\\/continuamosmx.com\\\/index.php\\\/2022\\\/01\\\/25\\\/piden-no-concesionar-el-servicio-de-recoleccion-de-basura-en-cuautitlan-izcalli\\\/#primaryimage\",\"url\":\"https:\\\/\\\/continuamosmx.com\\\/wp-content\\\/uploads\\\/2022\\\/01\\\/D92F1A91-646E-4661-B64B-B9577CA27F35.jpeg\",\"contentUrl\":\"https:\\\/\\\/continuamosmx.com\\\/wp-content\\\/uploads\\\/2022\\\/01\\\/D92F1A91-646E-4661-B64B-B9577CA27F35.jpeg\",\"width\":1200,\"height\":630},{\"@type\":\"BreadcrumbList\",\"@id\":\"https:\\\/\\\/continuamosmx.com\\\/index.php\\\/2022\\\/01\\\/25\\\/piden-no-concesionar-el-servicio-de-recoleccion-de-basura-en-cuautitlan-izcalli\\\/#breadcrumb\",\"itemListElement\":[{\"@type\":\"ListItem\",\"position\":1,\"name\":\"Inicio\",\"item\":\"https:\\\/\\\/continuamosmx.com\\\/\"},{\"@type\":\"ListItem\",\"position\":2,\"name\":\"PIDEN NO CONCESIONAR EL SERVICIO DE RECOLECCI\u00d3N DE BASURA EN CUAUTITL\u00c1N IZCALLI\"}]},{\"@type\":\"WebSite\",\"@id\":\"https:\\\/\\\/continuamosmx.com\\\/#website\",\"url\":\"https:\\\/\\\/continuamosmx.com\\\/\",\"name\":\"www.continuamosmx.com\",\"description\":\"\",\"publisher\":{\"@id\":\"https:\\\/\\\/continuamosmx.com\\\/#organization\"},\"potentialAction\":[{\"@type\":\"SearchAction\",\"target\":{\"@type\":\"EntryPoint\",\"urlTemplate\":\"https:\\\/\\\/continuamosmx.com\\\/?s={search_term_string}\"},\"query-input\":{\"@type\":\"PropertyValueSpecification\",\"valueRequired\":true,\"valueName\":\"search_term_string\"}}],\"inLanguage\":\"es\"},{\"@type\":\"Organization\",\"@id\":\"https:\\\/\\\/continuamosmx.com\\\/#organization\",\"name\":\"ContinuamosMX\",\"url\":\"https:\\\/\\\/continuamosmx.com\\\/\",\"logo\":{\"@type\":\"ImageObject\",\"inLanguage\":\"es\",\"@id\":\"https:\\\/\\\/continuamosmx.com\\\/#\\\/schema\\\/logo\\\/image\\\/\",\"url\":\"https:\\\/\\\/continuamosmx.com\\\/wp-content\\\/uploads\\\/2023\\\/04\\\/cropped-LOGO-CONTI-NUEVO.png\",\"contentUrl\":\"https:\\\/\\\/continuamosmx.com\\\/wp-content\\\/uploads\\\/2023\\\/04\\\/cropped-LOGO-CONTI-NUEVO.png\",\"width\":1257,\"height\":430,\"caption\":\"ContinuamosMX\"},\"image\":{\"@id\":\"https:\\\/\\\/continuamosmx.com\\\/#\\\/schema\\\/logo\\\/image\\\/\"}},{\"@type\":\"Person\",\"@id\":\"https:\\\/\\\/continuamosmx.com\\\/#\\\/schema\\\/person\\\/5eb5356acb1fad784da407d14f0e8d89\",\"name\":\"Continuamos MX\",\"image\":{\"@type\":\"ImageObject\",\"inLanguage\":\"es\",\"@id\":\"https:\\\/\\\/secure.gravatar.com\\\/avatar\\\/30d4f9723476a15f4da34d35fb3501f08d2357016c76051c6a85c354c7489589?s=96&d=mm&r=g\",\"url\":\"https:\\\/\\\/secure.gravatar.com\\\/avatar\\\/30d4f9723476a15f4da34d35fb3501f08d2357016c76051c6a85c354c7489589?s=96&d=mm&r=g\",\"contentUrl\":\"https:\\\/\\\/secure.gravatar.com\\\/avatar\\\/30d4f9723476a15f4da34d35fb3501f08d2357016c76051c6a85c354c7489589?s=96&d=mm&r=g\",\"caption\":\"Continuamos MX\"},\"sameAs\":[\"http:\\\/\\\/www.continuamos.mx\"],\"url\":\"https:\\\/\\\/continuamosmx.com\\\/index.php\\\/author\\\/continuamos\\\/\"}]}<\/script>\n<!-- \/ Yoast SEO plugin. -->","yoast_head_json":{"title":"PIDEN NO CONCESIONAR EL SERVICIO DE RECOLECCI\u00d3N DE BASURA EN CUAUTITL\u00c1N IZCALLI -","robots":{"index":"index","follow":"follow","max-snippet":"max-snippet:-1","max-image-preview":"max-image-preview:large","max-video-preview":"max-video-preview:-1"},"canonical":"https:\/\/continuamosmx.com\/index.php\/2022\/01\/25\/piden-no-concesionar-el-servicio-de-recoleccion-de-basura-en-cuautitlan-izcalli\/","og_locale":"es_ES","og_type":"article","og_title":"PIDEN NO CONCESIONAR EL SERVICIO DE RECOLECCI\u00d3N DE BASURA EN CUAUTITL\u00c1N IZCALLI -","og_description":".- Privilegiando el di\u00e1logo y anteponiendo el inter\u00e9s de la sociedad, ACME pospone movilizaciones y bloqueos en espera de la respuesta oficial a la demandas de los afiliados: Jafet Sainz CUAUTITL\u00c1N IZCALLI, M\u00e9x.- Unos 800 trabajadores voluntarios del servicio de recolecci\u00f3n de residuos s\u00f3lidos dom\u00e9sticos e industriales, piden a las autoridades municipales no renovar la [&hellip;]","og_url":"https:\/\/continuamosmx.com\/index.php\/2022\/01\/25\/piden-no-concesionar-el-servicio-de-recoleccion-de-basura-en-cuautitlan-izcalli\/","article_published_time":"2022-01-25T19:54:49+00:00","author":"Continuamos MX","twitter_card":"summary_large_image","twitter_misc":{"Escrito por":"Continuamos MX","Tiempo de lectura":"3 minutos"},"schema":{"@context":"https:\/\/schema.org","@graph":[{"@type":"Article","@id":"https:\/\/continuamosmx.com\/index.php\/2022\/01\/25\/piden-no-concesionar-el-servicio-de-recoleccion-de-basura-en-cuautitlan-izcalli\/#article","isPartOf":{"@id":"https:\/\/continuamosmx.com\/index.php\/2022\/01\/25\/piden-no-concesionar-el-servicio-de-recoleccion-de-basura-en-cuautitlan-izcalli\/"},"author":{"name":"Continuamos MX","@id":"https:\/\/continuamosmx.com\/#\/schema\/person\/5eb5356acb1fad784da407d14f0e8d89"},"headline":"PIDEN NO CONCESIONAR EL SERVICIO DE RECOLECCI\u00d3N DE BASURA EN CUAUTITL\u00c1N IZCALLI","datePublished":"2022-01-25T19:54:49+00:00","mainEntityOfPage":{"@id":"https:\/\/continuamosmx.com\/index.php\/2022\/01\/25\/piden-no-concesionar-el-servicio-de-recoleccion-de-basura-en-cuautitlan-izcalli\/"},"wordCount":514,"publisher":{"@id":"https:\/\/continuamosmx.com\/#organization"},"image":{"@id":"https:\/\/continuamosmx.com\/index.php\/2022\/01\/25\/piden-no-concesionar-el-servicio-de-recoleccion-de-basura-en-cuautitlan-izcalli\/#primaryimage"},"thumbnailUrl":"https:\/\/continuamosmx.com\/wp-content\/uploads\/2022\/01\/D92F1A91-646E-4661-B64B-B9577CA27F35.jpeg","articleSection":["C. IZCALLI","LOCALES"],"inLanguage":"es"},{"@type":"WebPage","@id":"https:\/\/continuamosmx.com\/index.php\/2022\/01\/25\/piden-no-concesionar-el-servicio-de-recoleccion-de-basura-en-cuautitlan-izcalli\/","url":"https:\/\/continuamosmx.com\/index.php\/2022\/01\/25\/piden-no-concesionar-el-servicio-de-recoleccion-de-basura-en-cuautitlan-izcalli\/","name":"PIDEN NO CONCESIONAR EL SERVICIO DE RECOLECCI\u00d3N DE BASURA EN CUAUTITL\u00c1N IZCALLI -","isPartOf":{"@id":"https:\/\/continuamosmx.com\/#website"},"primaryImageOfPage":{"@id":"https:\/\/continuamosmx.com\/index.php\/2022\/01\/25\/piden-no-concesionar-el-servicio-de-recoleccion-de-basura-en-cuautitlan-izcalli\/#primaryimage"},"image":{"@id":"https:\/\/continuamosmx.com\/index.php\/2022\/01\/25\/piden-no-concesionar-el-servicio-de-recoleccion-de-basura-en-cuautitlan-izcalli\/#primaryimage"},"thumbnailUrl":"https:\/\/continuamosmx.com\/wp-content\/uploads\/2022\/01\/D92F1A91-646E-4661-B64B-B9577CA27F35.jpeg","datePublished":"2022-01-25T19:54:49+00:00","breadcrumb":{"@id":"https:\/\/continuamosmx.com\/index.php\/2022\/01\/25\/piden-no-concesionar-el-servicio-de-recoleccion-de-basura-en-cuautitlan-izcalli\/#breadcrumb"},"inLanguage":"es","potentialAction":[{"@type":"ReadAction","target":["https:\/\/continuamosmx.com\/index.php\/2022\/01\/25\/piden-no-concesionar-el-servicio-de-recoleccion-de-basura-en-cuautitlan-izcalli\/"]}]},{"@type":"ImageObject","inLanguage":"es","@id":"https:\/\/continuamosmx.com\/index.php\/2022\/01\/25\/piden-no-concesionar-el-servicio-de-recoleccion-de-basura-en-cuautitlan-izcalli\/#primaryimage","url":"https:\/\/continuamosmx.com\/wp-content\/uploads\/2022\/01\/D92F1A91-646E-4661-B64B-B9577CA27F35.jpeg","contentUrl":"https:\/\/continuamosmx.com\/wp-content\/uploads\/2022\/01\/D92F1A91-646E-4661-B64B-B9577CA27F35.jpeg","width":1200,"height":630},{"@type":"BreadcrumbList","@id":"https:\/\/continuamosmx.com\/index.php\/2022\/01\/25\/piden-no-concesionar-el-servicio-de-recoleccion-de-basura-en-cuautitlan-izcalli\/#breadcrumb","itemListElement":[{"@type":"ListItem","position":1,"name":"Inicio","item":"https:\/\/continuamosmx.com\/"},{"@type":"ListItem","position":2,"name":"PIDEN NO CONCESIONAR EL SERVICIO DE RECOLECCI\u00d3N DE BASURA EN CUAUTITL\u00c1N IZCALLI"}]},{"@type":"WebSite","@id":"https:\/\/continuamosmx.com\/#website","url":"https:\/\/continuamosmx.com\/","name":"www.continuamosmx.com","description":"","publisher":{"@id":"https:\/\/continuamosmx.com\/#organization"},"potentialAction":[{"@type":"SearchAction","target":{"@type":"EntryPoint","urlTemplate":"https:\/\/continuamosmx.com\/?s={search_term_string}"},"query-input":{"@type":"PropertyValueSpecification","valueRequired":true,"valueName":"search_term_string"}}],"inLanguage":"es"},{"@type":"Organization","@id":"https:\/\/continuamosmx.com\/#organization","name":"ContinuamosMX","url":"https:\/\/continuamosmx.com\/","logo":{"@type":"ImageObject","inLanguage":"es","@id":"https:\/\/continuamosmx.com\/#\/schema\/logo\/image\/","url":"https:\/\/continuamosmx.com\/wp-content\/uploads\/2023\/04\/cropped-LOGO-CONTI-NUEVO.png","contentUrl":"https:\/\/continuamosmx.com\/wp-content\/uploads\/2023\/04\/cropped-LOGO-CONTI-NUEVO.png","width":1257,"height":430,"caption":"ContinuamosMX"},"image":{"@id":"https:\/\/continuamosmx.com\/#\/schema\/logo\/image\/"}},{"@type":"Person","@id":"https:\/\/continuamosmx.com\/#\/schema\/person\/5eb5356acb1fad784da407d14f0e8d89","name":"Continuamos MX","image":{"@type":"ImageObject","inLanguage":"es","@id":"https:\/\/secure.gravatar.com\/avatar\/30d4f9723476a15f4da34d35fb3501f08d2357016c76051c6a85c354c7489589?s=96&d=mm&r=g","url":"https:\/\/secure.gravatar.com\/avatar\/30d4f9723476a15f4da34d35fb3501f08d2357016c76051c6a85c354c7489589?s=96&d=mm&r=g","contentUrl":"https:\/\/secure.gravatar.com\/avatar\/30d4f9723476a15f4da34d35fb3501f08d2357016c76051c6a85c354c7489589?s=96&d=mm&r=g","caption":"Continuamos MX"},"sameAs":["http:\/\/www.continuamos.mx"],"url":"https:\/\/continuamosmx.com\/index.php\/author\/continuamos\/"}]}},"_links":{"self":[{"href":"https:\/\/continuamosmx.com\/index.php\/wp-json\/wp\/v2\/posts\/43591","targetHints":{"allow":["GET"]}}],"collection":[{"href":"https:\/\/continuamosmx.com\/index.php\/wp-json\/wp\/v2\/posts"}],"about":[{"href":"https:\/\/continuamosmx.com\/index.php\/wp-json\/wp\/v2\/types\/post"}],"author":[{"embeddable":true,"href":"https:\/\/continuamosmx.com\/index.php\/wp-json\/wp\/v2\/users\/6"}],"replies":[{"embeddable":true,"href":"https:\/\/continuamosmx.com\/index.php\/wp-json\/wp\/v2\/comments?post=43591"}],"version-history":[{"count":0,"href":"https:\/\/continuamosmx.com\/index.php\/wp-json\/wp\/v2\/posts\/43591\/revisions"}],"wp:featuredmedia":[{"embeddable":true,"href":"https:\/\/continuamosmx.com\/index.php\/wp-json\/wp\/v2\/media\/33126"}],"wp:attachment":[{"href":"https:\/\/continuamosmx.com\/index.php\/wp-json\/wp\/v2\/media?parent=43591"}],"wp:term":[{"taxonomy":"category","embeddable":true,"href":"https:\/\/continuamosmx.com\/index.php\/wp-json\/wp\/v2\/categories?post=43591"},{"taxonomy":"post_tag","embeddable":true,"href":"https:\/\/continuamosmx.com\/index.php\/wp-json\/wp\/v2\/tags?post=43591"}],"curies":[{"name":"wp","href":"https:\/\/api.w.org\/{rel}","templated":true}]}}