{"id":43579,"date":"2022-01-25T06:55:55","date_gmt":"2022-01-25T06:55:55","guid":{"rendered":"https:\/\/continuamos.mx\/?p=33084"},"modified":"2022-01-25T06:55:55","modified_gmt":"2022-01-25T06:55:55","slug":"para-personas-de-50-a-59-anos-aplican-refuerzo-contra-covid-19-en-texcoco","status":"publish","type":"post","link":"https:\/\/continuamosmx.com\/index.php\/2022\/01\/25\/para-personas-de-50-a-59-anos-aplican-refuerzo-contra-covid-19-en-texcoco\/","title":{"rendered":"PARA PERSONAS DE 50 A 59 A\u00d1OS APLICAN REFUERZO CONTRA COVID-19 EN TEXCOCO"},"content":{"rendered":"\n<p>*<strong>A partir de hoy y hasta el 27 de enero se lleva a cabo la inoculaci\u00f3n<\/strong><\/p>\n\n\n\n<p>* <strong>El gobierno de Texcoco trabaja en forma coordinada con autoridades estatales y federales para que m\u00e1s texcocanos cuenten con su esquema completo de vacunaci\u00f3n<\/strong><\/p>\n\n\n\n<p>TEXCOCO, M\u00e9x.- Los d\u00edas 25, 26 y 27 de enero del 2022, en el deportivo Silverio P\u00e9rez se realizar\u00e1 la aplicaci\u00f3n de la dosis de refuerzo vacuna contra el Covid-19, para adultos de 50 A 59 a\u00f1os.<\/p>\n\n\n\n<p>La presidenta municipal de Texcoco Sandra Luz Falc\u00f3n Venegas, inform\u00f3 que el operativo es apoyado por personal de Sistema Integral para el Desarrollo Integral de la Familia (DIF) en Texcoco, de Protecci\u00f3n Civil, Bomberos y Atenci\u00f3n Prehospitalaria, as\u00ed como de Seguridad P\u00fablica y Movilidad, quienes se coordinan con personal de la Brigada Correcaminos, Regulaci\u00f3n Sanitar\u00cda de la Secretaria de Salud del Estado de M\u00e9xico y la Guardia Nacional para este operativo.<\/p>\n\n\n\n<p>Los requisitos para la aplicaci\u00f3n de la dosis de refuerzo, son: Llevar impreso el formato del expediente de vacunaci\u00f3n que se puede bajar de la p\u00e1gina mivacuna.salud.gob.mx.; presentar una identificaci\u00f3n oficial que acredite que tiene m\u00e1s de 50 a\u00f1os de edad; Un comprobante de domicilio y haber completado su esquema de dos dosis de vacunaci\u00f3n hace m\u00e1s de seis meses.<\/p>\n\n\n\n<p>Sandra Luz Falc\u00f3n Venegas, aprovech\u00f3 para hacer un llamado a quienes acudan a vacunarse para no formarse antes, porque como siempre existe la log\u00edstica y capacidad para vacunar a la ciudadan\u00eda en forma inmediata.<\/p>\n\n\n\n<p>Tambi\u00e9n deber\u00e1n acudir bien alimentados e hidratados, as\u00ed como haber tomado los medicamentos de acuerdo a sus necesidades; deber\u00e1n llevar cubrebocas y mantener el distanciamiento social recomendado en pandemia.<\/p>\n\n\n\n<p>Aprovecho para recordar a la ciudadan\u00eda que estamos en sem\u00e1foro epidemiol\u00f3gico amarillo, por lo que la ciudadan\u00eda debe reforzar sus medidas sanitarias, como el lavado frecuente de manos, el uso de cubrebocas y el distanciamiento social, de preferencia no salir de casa y en caso de s\u00edntomas de gripe aislarse y cuidarse para que no haya complicaciones.<\/p>\n\n\n\n<figure class=\"wp-block-image size-full is-resized\"><img loading=\"lazy\" decoding=\"async\" src=\"http:\/\/continuamos.mx\/wp-content\/uploads\/2022\/01\/vacuna-tex-1.jpg\" alt=\"\" class=\"wp-image-33085\" width=\"765\" height=\"782\"\/><\/figure>\n","protected":false},"excerpt":{"rendered":"<p>*A partir de hoy y hasta el 27 de enero se lleva a cabo la inoculaci\u00f3n * El gobierno de Texcoco trabaja en forma coordinada con autoridades estatales y federales para que m\u00e1s texcocanos cuenten con su esquema completo de vacunaci\u00f3n TEXCOCO, M\u00e9x.- Los d\u00edas 25, 26 y 27 de enero del 2022, en el [&hellip;]<\/p>\n","protected":false},"author":6,"featured_media":33086,"comment_status":"closed","ping_status":"open","sticky":false,"template":"","format":"standard","meta":{"footnotes":""},"categories":[4,6],"tags":[],"class_list":["post-43579","post","type-post","status-publish","format-standard","has-post-thumbnail","hentry","category-locales","category-texcoco"],"yoast_head":"<!-- This site is optimized with the Yoast SEO plugin v27.5 - https:\/\/yoast.com\/product\/yoast-seo-wordpress\/ -->\n<title>PARA PERSONAS DE 50 A 59 A\u00d1OS APLICAN REFUERZO CONTRA COVID-19 EN TEXCOCO -<\/title>\n<meta name=\"robots\" content=\"index, follow, max-snippet:-1, max-image-preview:large, max-video-preview:-1\" \/>\n<link rel=\"canonical\" href=\"https:\/\/continuamosmx.com\/index.php\/2022\/01\/25\/para-personas-de-50-a-59-anos-aplican-refuerzo-contra-covid-19-en-texcoco\/\" \/>\n<meta property=\"og:locale\" content=\"es_ES\" \/>\n<meta property=\"og:type\" content=\"article\" \/>\n<meta property=\"og:title\" content=\"PARA PERSONAS DE 50 A 59 A\u00d1OS APLICAN REFUERZO CONTRA COVID-19 EN TEXCOCO -\" \/>\n<meta property=\"og:description\" content=\"*A partir de hoy y hasta el 27 de enero se lleva a cabo la inoculaci\u00f3n * El gobierno de Texcoco trabaja en forma coordinada con autoridades estatales y federales para que m\u00e1s texcocanos cuenten con su esquema completo de vacunaci\u00f3n TEXCOCO, M\u00e9x.- Los d\u00edas 25, 26 y 27 de enero del 2022, en el [&hellip;]\" \/>\n<meta property=\"og:url\" content=\"https:\/\/continuamosmx.com\/index.php\/2022\/01\/25\/para-personas-de-50-a-59-anos-aplican-refuerzo-contra-covid-19-en-texcoco\/\" \/>\n<meta property=\"article:published_time\" content=\"2022-01-25T06:55:55+00:00\" \/>\n<meta property=\"og:image\" content=\"http:\/\/continuamos.mx\/wp-content\/uploads\/2022\/01\/vacuna-tex-1.jpg\" \/>\n<meta name=\"author\" content=\"Continuamos MX\" \/>\n<meta name=\"twitter:card\" content=\"summary_large_image\" \/>\n<meta name=\"twitter:label1\" content=\"Escrito por\" \/>\n\t<meta name=\"twitter:data1\" content=\"Continuamos MX\" \/>\n\t<meta name=\"twitter:label2\" content=\"Tiempo de lectura\" \/>\n\t<meta name=\"twitter:data2\" content=\"2 minutos\" \/>\n<script type=\"application\/ld+json\" class=\"yoast-schema-graph\">{\"@context\":\"https:\\\/\\\/schema.org\",\"@graph\":[{\"@type\":\"Article\",\"@id\":\"https:\\\/\\\/continuamosmx.com\\\/index.php\\\/2022\\\/01\\\/25\\\/para-personas-de-50-a-59-anos-aplican-refuerzo-contra-covid-19-en-texcoco\\\/#article\",\"isPartOf\":{\"@id\":\"https:\\\/\\\/continuamosmx.com\\\/index.php\\\/2022\\\/01\\\/25\\\/para-personas-de-50-a-59-anos-aplican-refuerzo-contra-covid-19-en-texcoco\\\/\"},\"author\":{\"name\":\"Continuamos MX\",\"@id\":\"https:\\\/\\\/continuamosmx.com\\\/#\\\/schema\\\/person\\\/5eb5356acb1fad784da407d14f0e8d89\"},\"headline\":\"PARA PERSONAS DE 50 A 59 A\u00d1OS APLICAN REFUERZO CONTRA COVID-19 EN TEXCOCO\",\"datePublished\":\"2022-01-25T06:55:55+00:00\",\"mainEntityOfPage\":{\"@id\":\"https:\\\/\\\/continuamosmx.com\\\/index.php\\\/2022\\\/01\\\/25\\\/para-personas-de-50-a-59-anos-aplican-refuerzo-contra-covid-19-en-texcoco\\\/\"},\"wordCount\":370,\"publisher\":{\"@id\":\"https:\\\/\\\/continuamosmx.com\\\/#organization\"},\"image\":{\"@id\":\"https:\\\/\\\/continuamosmx.com\\\/index.php\\\/2022\\\/01\\\/25\\\/para-personas-de-50-a-59-anos-aplican-refuerzo-contra-covid-19-en-texcoco\\\/#primaryimage\"},\"thumbnailUrl\":\"https:\\\/\\\/continuamosmx.com\\\/wp-content\\\/uploads\\\/2022\\\/01\\\/PRD.jpg\",\"articleSection\":[\"LOCALES\",\"TEXCOCO\"],\"inLanguage\":\"es\"},{\"@type\":\"WebPage\",\"@id\":\"https:\\\/\\\/continuamosmx.com\\\/index.php\\\/2022\\\/01\\\/25\\\/para-personas-de-50-a-59-anos-aplican-refuerzo-contra-covid-19-en-texcoco\\\/\",\"url\":\"https:\\\/\\\/continuamosmx.com\\\/index.php\\\/2022\\\/01\\\/25\\\/para-personas-de-50-a-59-anos-aplican-refuerzo-contra-covid-19-en-texcoco\\\/\",\"name\":\"PARA PERSONAS DE 50 A 59 A\u00d1OS APLICAN REFUERZO CONTRA COVID-19 EN TEXCOCO -\",\"isPartOf\":{\"@id\":\"https:\\\/\\\/continuamosmx.com\\\/#website\"},\"primaryImageOfPage\":{\"@id\":\"https:\\\/\\\/continuamosmx.com\\\/index.php\\\/2022\\\/01\\\/25\\\/para-personas-de-50-a-59-anos-aplican-refuerzo-contra-covid-19-en-texcoco\\\/#primaryimage\"},\"image\":{\"@id\":\"https:\\\/\\\/continuamosmx.com\\\/index.php\\\/2022\\\/01\\\/25\\\/para-personas-de-50-a-59-anos-aplican-refuerzo-contra-covid-19-en-texcoco\\\/#primaryimage\"},\"thumbnailUrl\":\"https:\\\/\\\/continuamosmx.com\\\/wp-content\\\/uploads\\\/2022\\\/01\\\/PRD.jpg\",\"datePublished\":\"2022-01-25T06:55:55+00:00\",\"breadcrumb\":{\"@id\":\"https:\\\/\\\/continuamosmx.com\\\/index.php\\\/2022\\\/01\\\/25\\\/para-personas-de-50-a-59-anos-aplican-refuerzo-contra-covid-19-en-texcoco\\\/#breadcrumb\"},\"inLanguage\":\"es\",\"potentialAction\":[{\"@type\":\"ReadAction\",\"target\":[\"https:\\\/\\\/continuamosmx.com\\\/index.php\\\/2022\\\/01\\\/25\\\/para-personas-de-50-a-59-anos-aplican-refuerzo-contra-covid-19-en-texcoco\\\/\"]}]},{\"@type\":\"ImageObject\",\"inLanguage\":\"es\",\"@id\":\"https:\\\/\\\/continuamosmx.com\\\/index.php\\\/2022\\\/01\\\/25\\\/para-personas-de-50-a-59-anos-aplican-refuerzo-contra-covid-19-en-texcoco\\\/#primaryimage\",\"url\":\"https:\\\/\\\/continuamosmx.com\\\/wp-content\\\/uploads\\\/2022\\\/01\\\/PRD.jpg\",\"contentUrl\":\"https:\\\/\\\/continuamosmx.com\\\/wp-content\\\/uploads\\\/2022\\\/01\\\/PRD.jpg\",\"width\":480,\"height\":319},{\"@type\":\"BreadcrumbList\",\"@id\":\"https:\\\/\\\/continuamosmx.com\\\/index.php\\\/2022\\\/01\\\/25\\\/para-personas-de-50-a-59-anos-aplican-refuerzo-contra-covid-19-en-texcoco\\\/#breadcrumb\",\"itemListElement\":[{\"@type\":\"ListItem\",\"position\":1,\"name\":\"Inicio\",\"item\":\"https:\\\/\\\/continuamosmx.com\\\/\"},{\"@type\":\"ListItem\",\"position\":2,\"name\":\"PARA PERSONAS DE 50 A 59 A\u00d1OS APLICAN REFUERZO CONTRA COVID-19 EN TEXCOCO\"}]},{\"@type\":\"WebSite\",\"@id\":\"https:\\\/\\\/continuamosmx.com\\\/#website\",\"url\":\"https:\\\/\\\/continuamosmx.com\\\/\",\"name\":\"www.continuamosmx.com\",\"description\":\"\",\"publisher\":{\"@id\":\"https:\\\/\\\/continuamosmx.com\\\/#organization\"},\"potentialAction\":[{\"@type\":\"SearchAction\",\"target\":{\"@type\":\"EntryPoint\",\"urlTemplate\":\"https:\\\/\\\/continuamosmx.com\\\/?s={search_term_string}\"},\"query-input\":{\"@type\":\"PropertyValueSpecification\",\"valueRequired\":true,\"valueName\":\"search_term_string\"}}],\"inLanguage\":\"es\"},{\"@type\":\"Organization\",\"@id\":\"https:\\\/\\\/continuamosmx.com\\\/#organization\",\"name\":\"ContinuamosMX\",\"url\":\"https:\\\/\\\/continuamosmx.com\\\/\",\"logo\":{\"@type\":\"ImageObject\",\"inLanguage\":\"es\",\"@id\":\"https:\\\/\\\/continuamosmx.com\\\/#\\\/schema\\\/logo\\\/image\\\/\",\"url\":\"https:\\\/\\\/continuamosmx.com\\\/wp-content\\\/uploads\\\/2023\\\/04\\\/cropped-LOGO-CONTI-NUEVO.png\",\"contentUrl\":\"https:\\\/\\\/continuamosmx.com\\\/wp-content\\\/uploads\\\/2023\\\/04\\\/cropped-LOGO-CONTI-NUEVO.png\",\"width\":1257,\"height\":430,\"caption\":\"ContinuamosMX\"},\"image\":{\"@id\":\"https:\\\/\\\/continuamosmx.com\\\/#\\\/schema\\\/logo\\\/image\\\/\"}},{\"@type\":\"Person\",\"@id\":\"https:\\\/\\\/continuamosmx.com\\\/#\\\/schema\\\/person\\\/5eb5356acb1fad784da407d14f0e8d89\",\"name\":\"Continuamos MX\",\"image\":{\"@type\":\"ImageObject\",\"inLanguage\":\"es\",\"@id\":\"https:\\\/\\\/secure.gravatar.com\\\/avatar\\\/30d4f9723476a15f4da34d35fb3501f08d2357016c76051c6a85c354c7489589?s=96&d=mm&r=g\",\"url\":\"https:\\\/\\\/secure.gravatar.com\\\/avatar\\\/30d4f9723476a15f4da34d35fb3501f08d2357016c76051c6a85c354c7489589?s=96&d=mm&r=g\",\"contentUrl\":\"https:\\\/\\\/secure.gravatar.com\\\/avatar\\\/30d4f9723476a15f4da34d35fb3501f08d2357016c76051c6a85c354c7489589?s=96&d=mm&r=g\",\"caption\":\"Continuamos MX\"},\"sameAs\":[\"http:\\\/\\\/www.continuamos.mx\"],\"url\":\"https:\\\/\\\/continuamosmx.com\\\/index.php\\\/author\\\/continuamos\\\/\"}]}<\/script>\n<!-- \/ Yoast SEO plugin. -->","yoast_head_json":{"title":"PARA PERSONAS DE 50 A 59 A\u00d1OS APLICAN REFUERZO CONTRA COVID-19 EN TEXCOCO -","robots":{"index":"index","follow":"follow","max-snippet":"max-snippet:-1","max-image-preview":"max-image-preview:large","max-video-preview":"max-video-preview:-1"},"canonical":"https:\/\/continuamosmx.com\/index.php\/2022\/01\/25\/para-personas-de-50-a-59-anos-aplican-refuerzo-contra-covid-19-en-texcoco\/","og_locale":"es_ES","og_type":"article","og_title":"PARA PERSONAS DE 50 A 59 A\u00d1OS APLICAN REFUERZO CONTRA COVID-19 EN TEXCOCO -","og_description":"*A partir de hoy y hasta el 27 de enero se lleva a cabo la inoculaci\u00f3n * El gobierno de Texcoco trabaja en forma coordinada con autoridades estatales y federales para que m\u00e1s texcocanos cuenten con su esquema completo de vacunaci\u00f3n TEXCOCO, M\u00e9x.- Los d\u00edas 25, 26 y 27 de enero del 2022, en el [&hellip;]","og_url":"https:\/\/continuamosmx.com\/index.php\/2022\/01\/25\/para-personas-de-50-a-59-anos-aplican-refuerzo-contra-covid-19-en-texcoco\/","article_published_time":"2022-01-25T06:55:55+00:00","og_image":[{"url":"http:\/\/continuamos.mx\/wp-content\/uploads\/2022\/01\/vacuna-tex-1.jpg","type":"","width":"","height":""}],"author":"Continuamos MX","twitter_card":"summary_large_image","twitter_misc":{"Escrito por":"Continuamos MX","Tiempo de lectura":"2 minutos"},"schema":{"@context":"https:\/\/schema.org","@graph":[{"@type":"Article","@id":"https:\/\/continuamosmx.com\/index.php\/2022\/01\/25\/para-personas-de-50-a-59-anos-aplican-refuerzo-contra-covid-19-en-texcoco\/#article","isPartOf":{"@id":"https:\/\/continuamosmx.com\/index.php\/2022\/01\/25\/para-personas-de-50-a-59-anos-aplican-refuerzo-contra-covid-19-en-texcoco\/"},"author":{"name":"Continuamos MX","@id":"https:\/\/continuamosmx.com\/#\/schema\/person\/5eb5356acb1fad784da407d14f0e8d89"},"headline":"PARA PERSONAS DE 50 A 59 A\u00d1OS APLICAN REFUERZO CONTRA COVID-19 EN TEXCOCO","datePublished":"2022-01-25T06:55:55+00:00","mainEntityOfPage":{"@id":"https:\/\/continuamosmx.com\/index.php\/2022\/01\/25\/para-personas-de-50-a-59-anos-aplican-refuerzo-contra-covid-19-en-texcoco\/"},"wordCount":370,"publisher":{"@id":"https:\/\/continuamosmx.com\/#organization"},"image":{"@id":"https:\/\/continuamosmx.com\/index.php\/2022\/01\/25\/para-personas-de-50-a-59-anos-aplican-refuerzo-contra-covid-19-en-texcoco\/#primaryimage"},"thumbnailUrl":"https:\/\/continuamosmx.com\/wp-content\/uploads\/2022\/01\/PRD.jpg","articleSection":["LOCALES","TEXCOCO"],"inLanguage":"es"},{"@type":"WebPage","@id":"https:\/\/continuamosmx.com\/index.php\/2022\/01\/25\/para-personas-de-50-a-59-anos-aplican-refuerzo-contra-covid-19-en-texcoco\/","url":"https:\/\/continuamosmx.com\/index.php\/2022\/01\/25\/para-personas-de-50-a-59-anos-aplican-refuerzo-contra-covid-19-en-texcoco\/","name":"PARA PERSONAS DE 50 A 59 A\u00d1OS APLICAN REFUERZO CONTRA COVID-19 EN TEXCOCO -","isPartOf":{"@id":"https:\/\/continuamosmx.com\/#website"},"primaryImageOfPage":{"@id":"https:\/\/continuamosmx.com\/index.php\/2022\/01\/25\/para-personas-de-50-a-59-anos-aplican-refuerzo-contra-covid-19-en-texcoco\/#primaryimage"},"image":{"@id":"https:\/\/continuamosmx.com\/index.php\/2022\/01\/25\/para-personas-de-50-a-59-anos-aplican-refuerzo-contra-covid-19-en-texcoco\/#primaryimage"},"thumbnailUrl":"https:\/\/continuamosmx.com\/wp-content\/uploads\/2022\/01\/PRD.jpg","datePublished":"2022-01-25T06:55:55+00:00","breadcrumb":{"@id":"https:\/\/continuamosmx.com\/index.php\/2022\/01\/25\/para-personas-de-50-a-59-anos-aplican-refuerzo-contra-covid-19-en-texcoco\/#breadcrumb"},"inLanguage":"es","potentialAction":[{"@type":"ReadAction","target":["https:\/\/continuamosmx.com\/index.php\/2022\/01\/25\/para-personas-de-50-a-59-anos-aplican-refuerzo-contra-covid-19-en-texcoco\/"]}]},{"@type":"ImageObject","inLanguage":"es","@id":"https:\/\/continuamosmx.com\/index.php\/2022\/01\/25\/para-personas-de-50-a-59-anos-aplican-refuerzo-contra-covid-19-en-texcoco\/#primaryimage","url":"https:\/\/continuamosmx.com\/wp-content\/uploads\/2022\/01\/PRD.jpg","contentUrl":"https:\/\/continuamosmx.com\/wp-content\/uploads\/2022\/01\/PRD.jpg","width":480,"height":319},{"@type":"BreadcrumbList","@id":"https:\/\/continuamosmx.com\/index.php\/2022\/01\/25\/para-personas-de-50-a-59-anos-aplican-refuerzo-contra-covid-19-en-texcoco\/#breadcrumb","itemListElement":[{"@type":"ListItem","position":1,"name":"Inicio","item":"https:\/\/continuamosmx.com\/"},{"@type":"ListItem","position":2,"name":"PARA PERSONAS DE 50 A 59 A\u00d1OS APLICAN REFUERZO CONTRA COVID-19 EN TEXCOCO"}]},{"@type":"WebSite","@id":"https:\/\/continuamosmx.com\/#website","url":"https:\/\/continuamosmx.com\/","name":"www.continuamosmx.com","description":"","publisher":{"@id":"https:\/\/continuamosmx.com\/#organization"},"potentialAction":[{"@type":"SearchAction","target":{"@type":"EntryPoint","urlTemplate":"https:\/\/continuamosmx.com\/?s={search_term_string}"},"query-input":{"@type":"PropertyValueSpecification","valueRequired":true,"valueName":"search_term_string"}}],"inLanguage":"es"},{"@type":"Organization","@id":"https:\/\/continuamosmx.com\/#organization","name":"ContinuamosMX","url":"https:\/\/continuamosmx.com\/","logo":{"@type":"ImageObject","inLanguage":"es","@id":"https:\/\/continuamosmx.com\/#\/schema\/logo\/image\/","url":"https:\/\/continuamosmx.com\/wp-content\/uploads\/2023\/04\/cropped-LOGO-CONTI-NUEVO.png","contentUrl":"https:\/\/continuamosmx.com\/wp-content\/uploads\/2023\/04\/cropped-LOGO-CONTI-NUEVO.png","width":1257,"height":430,"caption":"ContinuamosMX"},"image":{"@id":"https:\/\/continuamosmx.com\/#\/schema\/logo\/image\/"}},{"@type":"Person","@id":"https:\/\/continuamosmx.com\/#\/schema\/person\/5eb5356acb1fad784da407d14f0e8d89","name":"Continuamos MX","image":{"@type":"ImageObject","inLanguage":"es","@id":"https:\/\/secure.gravatar.com\/avatar\/30d4f9723476a15f4da34d35fb3501f08d2357016c76051c6a85c354c7489589?s=96&d=mm&r=g","url":"https:\/\/secure.gravatar.com\/avatar\/30d4f9723476a15f4da34d35fb3501f08d2357016c76051c6a85c354c7489589?s=96&d=mm&r=g","contentUrl":"https:\/\/secure.gravatar.com\/avatar\/30d4f9723476a15f4da34d35fb3501f08d2357016c76051c6a85c354c7489589?s=96&d=mm&r=g","caption":"Continuamos MX"},"sameAs":["http:\/\/www.continuamos.mx"],"url":"https:\/\/continuamosmx.com\/index.php\/author\/continuamos\/"}]}},"_links":{"self":[{"href":"https:\/\/continuamosmx.com\/index.php\/wp-json\/wp\/v2\/posts\/43579","targetHints":{"allow":["GET"]}}],"collection":[{"href":"https:\/\/continuamosmx.com\/index.php\/wp-json\/wp\/v2\/posts"}],"about":[{"href":"https:\/\/continuamosmx.com\/index.php\/wp-json\/wp\/v2\/types\/post"}],"author":[{"embeddable":true,"href":"https:\/\/continuamosmx.com\/index.php\/wp-json\/wp\/v2\/users\/6"}],"replies":[{"embeddable":true,"href":"https:\/\/continuamosmx.com\/index.php\/wp-json\/wp\/v2\/comments?post=43579"}],"version-history":[{"count":0,"href":"https:\/\/continuamosmx.com\/index.php\/wp-json\/wp\/v2\/posts\/43579\/revisions"}],"wp:featuredmedia":[{"embeddable":true,"href":"https:\/\/continuamosmx.com\/index.php\/wp-json\/wp\/v2\/media\/33086"}],"wp:attachment":[{"href":"https:\/\/continuamosmx.com\/index.php\/wp-json\/wp\/v2\/media?parent=43579"}],"wp:term":[{"taxonomy":"category","embeddable":true,"href":"https:\/\/continuamosmx.com\/index.php\/wp-json\/wp\/v2\/categories?post=43579"},{"taxonomy":"post_tag","embeddable":true,"href":"https:\/\/continuamosmx.com\/index.php\/wp-json\/wp\/v2\/tags?post=43579"}],"curies":[{"name":"wp","href":"https:\/\/api.w.org\/{rel}","templated":true}]}}