{"id":43577,"date":"2022-01-25T06:48:19","date_gmt":"2022-01-25T06:48:19","guid":{"rendered":"https:\/\/continuamos.mx\/?p=33075"},"modified":"2022-01-25T06:48:19","modified_gmt":"2022-01-25T06:48:19","slug":"en-marcha-programa-cobijando-acolman","status":"publish","type":"post","link":"https:\/\/continuamosmx.com\/index.php\/2022\/01\/25\/en-marcha-programa-cobijando-acolman\/","title":{"rendered":"EN MARCHA PROGRAMA \u00abCOBIJANDO ACOLMAN\u00bb"},"content":{"rendered":"\n<p>* <strong>El DIF de Acolman hace entrega de los apoyos en distintas comunidades de la demarcaci\u00f3n; tiene como objetivo proteger a las personas m\u00e1s vulnerables en temporada invernal<\/strong><\/p>\n\n\n\n<p>ACOLMAN, M\u00e9x.- Ante el intenso fr\u00edo que se ha dejado sentir en los \u00faltimos d\u00edas en el municipio, el Sistema Municipal DIF que preside Osvaldo Cort\u00e9s Contreras, puso en marcha el programa \u201cCobijando Acolman\u201d donde se realiza la entrega de cobijas entre habitantes de distintas comunidades de la demarcaci\u00f3n.<\/p>\n\n\n\n<p>Durante su mensaje, manifest\u00f3 la importancia de que chicos y grandes se mantengan bien abrigados y, con ello eviten afectaciones en su salud sobre todo ahora que las enfermedades respiratorias se intensifican.<\/p>\n\n\n\n<p>En ese sentido, se\u00f1al\u00f3 que la intenci\u00f3n es aminorar el fr\u00edo durante la actual \u00e9poca invernal entre las personas m\u00e1s vulnerables que viven en comunidades de escasos recursos.<\/p>\n\n\n\n<p>Cabe destacar que, la entrega de cobijas arranc\u00f3 esta ma\u00f1ana en los poblados altos aleda\u00f1os al Cereso, as\u00ed como Tepexpan, y San Marcos, donde el presidente del DIF, acompa\u00f1ado de la directora, Lic. F\u00e1tima Villeda Osorio y el Contralor, Lic. \u00c1ngel Enrique B. Lemus hicieron la entrega.<\/p>\n\n\n\n<p>Por su parte, los beneficiados agradecieron al DIF por el apoyo y por tomar en cuenta a estas comunidades, \u201cme va a servir mucho porque hace mucho fr\u00edo\u201d, se\u00f1al\u00f3 Rosa, vecina de la zona.<\/p>\n\n\n\n<figure class=\"wp-block-gallery columns-2 is-cropped wp-block-gallery-1 is-layout-flex wp-block-gallery-is-layout-flex\"><ul class=\"blocks-gallery-grid\"><li class=\"blocks-gallery-item\"><figure><img decoding=\"async\" src=\"http:\/\/continuamos.mx\/wp-content\/uploads\/2022\/01\/acolman-3-3.jpg\" alt=\"\" data-id=\"33078\" data-full-url=\"http:\/\/continuamos.mx\/wp-content\/uploads\/2022\/01\/acolman-3-3.jpg\" data-link=\"https:\/\/continuamos.mx\/?attachment_id=33078\" class=\"wp-image-33078\"\/><\/figure><\/li><li class=\"blocks-gallery-item\"><figure><img decoding=\"async\" src=\"http:\/\/continuamos.mx\/wp-content\/uploads\/2022\/01\/acolman-2-7.jpg\" alt=\"\" data-id=\"33077\" data-full-url=\"http:\/\/continuamos.mx\/wp-content\/uploads\/2022\/01\/acolman-2-7.jpg\" data-link=\"https:\/\/continuamos.mx\/?attachment_id=33077\" class=\"wp-image-33077\"\/><\/figure><\/li><\/ul><\/figure>\n","protected":false},"excerpt":{"rendered":"<p>* El DIF de Acolman hace entrega de los apoyos en distintas comunidades de la demarcaci\u00f3n; tiene como objetivo proteger a las personas m\u00e1s vulnerables en temporada invernal ACOLMAN, M\u00e9x.- Ante el intenso fr\u00edo que se ha dejado sentir en los \u00faltimos d\u00edas en el municipio, el Sistema Municipal DIF que preside Osvaldo Cort\u00e9s Contreras, [&hellip;]<\/p>\n","protected":false},"author":6,"featured_media":33076,"comment_status":"closed","ping_status":"open","sticky":false,"template":"","format":"standard","meta":{"footnotes":""},"categories":[13,4],"tags":[],"class_list":["post-43577","post","type-post","status-publish","format-standard","has-post-thumbnail","hentry","category-acolman","category-locales"],"yoast_head":"<!-- This site is optimized with the Yoast SEO plugin v27.5 - https:\/\/yoast.com\/product\/yoast-seo-wordpress\/ -->\n<title>EN MARCHA PROGRAMA &quot;COBIJANDO ACOLMAN&quot; -<\/title>\n<meta name=\"robots\" content=\"index, follow, max-snippet:-1, max-image-preview:large, max-video-preview:-1\" \/>\n<link rel=\"canonical\" href=\"https:\/\/continuamosmx.com\/index.php\/2022\/01\/25\/en-marcha-programa-cobijando-acolman\/\" \/>\n<meta property=\"og:locale\" content=\"es_ES\" \/>\n<meta property=\"og:type\" content=\"article\" \/>\n<meta property=\"og:title\" content=\"EN MARCHA PROGRAMA &quot;COBIJANDO ACOLMAN&quot; -\" \/>\n<meta property=\"og:description\" content=\"* El DIF de Acolman hace entrega de los apoyos en distintas comunidades de la demarcaci\u00f3n; tiene como objetivo proteger a las personas m\u00e1s vulnerables en temporada invernal ACOLMAN, M\u00e9x.- Ante el intenso fr\u00edo que se ha dejado sentir en los \u00faltimos d\u00edas en el municipio, el Sistema Municipal DIF que preside Osvaldo Cort\u00e9s Contreras, [&hellip;]\" \/>\n<meta property=\"og:url\" content=\"https:\/\/continuamosmx.com\/index.php\/2022\/01\/25\/en-marcha-programa-cobijando-acolman\/\" \/>\n<meta property=\"article:published_time\" content=\"2022-01-25T06:48:19+00:00\" \/>\n<meta property=\"og:image\" content=\"http:\/\/continuamos.mx\/wp-content\/uploads\/2022\/01\/acolman-3-3.jpg\" \/>\n<meta name=\"author\" content=\"Continuamos MX\" \/>\n<meta name=\"twitter:card\" content=\"summary_large_image\" \/>\n<meta name=\"twitter:label1\" content=\"Escrito por\" \/>\n\t<meta name=\"twitter:data1\" content=\"Continuamos MX\" \/>\n\t<meta name=\"twitter:label2\" content=\"Tiempo de lectura\" \/>\n\t<meta name=\"twitter:data2\" content=\"1 minuto\" \/>\n<script type=\"application\/ld+json\" class=\"yoast-schema-graph\">{\"@context\":\"https:\\\/\\\/schema.org\",\"@graph\":[{\"@type\":\"Article\",\"@id\":\"https:\\\/\\\/continuamosmx.com\\\/index.php\\\/2022\\\/01\\\/25\\\/en-marcha-programa-cobijando-acolman\\\/#article\",\"isPartOf\":{\"@id\":\"https:\\\/\\\/continuamosmx.com\\\/index.php\\\/2022\\\/01\\\/25\\\/en-marcha-programa-cobijando-acolman\\\/\"},\"author\":{\"name\":\"Continuamos MX\",\"@id\":\"https:\\\/\\\/continuamosmx.com\\\/#\\\/schema\\\/person\\\/5eb5356acb1fad784da407d14f0e8d89\"},\"headline\":\"EN MARCHA PROGRAMA \u00abCOBIJANDO ACOLMAN\u00bb\",\"datePublished\":\"2022-01-25T06:48:19+00:00\",\"mainEntityOfPage\":{\"@id\":\"https:\\\/\\\/continuamosmx.com\\\/index.php\\\/2022\\\/01\\\/25\\\/en-marcha-programa-cobijando-acolman\\\/\"},\"wordCount\":240,\"publisher\":{\"@id\":\"https:\\\/\\\/continuamosmx.com\\\/#organization\"},\"image\":{\"@id\":\"https:\\\/\\\/continuamosmx.com\\\/index.php\\\/2022\\\/01\\\/25\\\/en-marcha-programa-cobijando-acolman\\\/#primaryimage\"},\"thumbnailUrl\":\"https:\\\/\\\/continuamosmx.com\\\/wp-content\\\/uploads\\\/2022\\\/01\\\/7FC453DE-ABE1-4362-A5C0-64C152FD7B1D.jpeg\",\"articleSection\":[\"ACOLMAN\",\"LOCALES\"],\"inLanguage\":\"es\"},{\"@type\":\"WebPage\",\"@id\":\"https:\\\/\\\/continuamosmx.com\\\/index.php\\\/2022\\\/01\\\/25\\\/en-marcha-programa-cobijando-acolman\\\/\",\"url\":\"https:\\\/\\\/continuamosmx.com\\\/index.php\\\/2022\\\/01\\\/25\\\/en-marcha-programa-cobijando-acolman\\\/\",\"name\":\"EN MARCHA PROGRAMA \\\"COBIJANDO ACOLMAN\\\" -\",\"isPartOf\":{\"@id\":\"https:\\\/\\\/continuamosmx.com\\\/#website\"},\"primaryImageOfPage\":{\"@id\":\"https:\\\/\\\/continuamosmx.com\\\/index.php\\\/2022\\\/01\\\/25\\\/en-marcha-programa-cobijando-acolman\\\/#primaryimage\"},\"image\":{\"@id\":\"https:\\\/\\\/continuamosmx.com\\\/index.php\\\/2022\\\/01\\\/25\\\/en-marcha-programa-cobijando-acolman\\\/#primaryimage\"},\"thumbnailUrl\":\"https:\\\/\\\/continuamosmx.com\\\/wp-content\\\/uploads\\\/2022\\\/01\\\/7FC453DE-ABE1-4362-A5C0-64C152FD7B1D.jpeg\",\"datePublished\":\"2022-01-25T06:48:19+00:00\",\"breadcrumb\":{\"@id\":\"https:\\\/\\\/continuamosmx.com\\\/index.php\\\/2022\\\/01\\\/25\\\/en-marcha-programa-cobijando-acolman\\\/#breadcrumb\"},\"inLanguage\":\"es\",\"potentialAction\":[{\"@type\":\"ReadAction\",\"target\":[\"https:\\\/\\\/continuamosmx.com\\\/index.php\\\/2022\\\/01\\\/25\\\/en-marcha-programa-cobijando-acolman\\\/\"]}]},{\"@type\":\"ImageObject\",\"inLanguage\":\"es\",\"@id\":\"https:\\\/\\\/continuamosmx.com\\\/index.php\\\/2022\\\/01\\\/25\\\/en-marcha-programa-cobijando-acolman\\\/#primaryimage\",\"url\":\"https:\\\/\\\/continuamosmx.com\\\/wp-content\\\/uploads\\\/2022\\\/01\\\/7FC453DE-ABE1-4362-A5C0-64C152FD7B1D.jpeg\",\"contentUrl\":\"https:\\\/\\\/continuamosmx.com\\\/wp-content\\\/uploads\\\/2022\\\/01\\\/7FC453DE-ABE1-4362-A5C0-64C152FD7B1D.jpeg\",\"width\":1140,\"height\":712},{\"@type\":\"BreadcrumbList\",\"@id\":\"https:\\\/\\\/continuamosmx.com\\\/index.php\\\/2022\\\/01\\\/25\\\/en-marcha-programa-cobijando-acolman\\\/#breadcrumb\",\"itemListElement\":[{\"@type\":\"ListItem\",\"position\":1,\"name\":\"Inicio\",\"item\":\"https:\\\/\\\/continuamosmx.com\\\/\"},{\"@type\":\"ListItem\",\"position\":2,\"name\":\"EN MARCHA PROGRAMA &#8220;COBIJANDO ACOLMAN&#8221;\"}]},{\"@type\":\"WebSite\",\"@id\":\"https:\\\/\\\/continuamosmx.com\\\/#website\",\"url\":\"https:\\\/\\\/continuamosmx.com\\\/\",\"name\":\"www.continuamosmx.com\",\"description\":\"\",\"publisher\":{\"@id\":\"https:\\\/\\\/continuamosmx.com\\\/#organization\"},\"potentialAction\":[{\"@type\":\"SearchAction\",\"target\":{\"@type\":\"EntryPoint\",\"urlTemplate\":\"https:\\\/\\\/continuamosmx.com\\\/?s={search_term_string}\"},\"query-input\":{\"@type\":\"PropertyValueSpecification\",\"valueRequired\":true,\"valueName\":\"search_term_string\"}}],\"inLanguage\":\"es\"},{\"@type\":\"Organization\",\"@id\":\"https:\\\/\\\/continuamosmx.com\\\/#organization\",\"name\":\"ContinuamosMX\",\"url\":\"https:\\\/\\\/continuamosmx.com\\\/\",\"logo\":{\"@type\":\"ImageObject\",\"inLanguage\":\"es\",\"@id\":\"https:\\\/\\\/continuamosmx.com\\\/#\\\/schema\\\/logo\\\/image\\\/\",\"url\":\"https:\\\/\\\/continuamosmx.com\\\/wp-content\\\/uploads\\\/2023\\\/04\\\/cropped-LOGO-CONTI-NUEVO.png\",\"contentUrl\":\"https:\\\/\\\/continuamosmx.com\\\/wp-content\\\/uploads\\\/2023\\\/04\\\/cropped-LOGO-CONTI-NUEVO.png\",\"width\":1257,\"height\":430,\"caption\":\"ContinuamosMX\"},\"image\":{\"@id\":\"https:\\\/\\\/continuamosmx.com\\\/#\\\/schema\\\/logo\\\/image\\\/\"}},{\"@type\":\"Person\",\"@id\":\"https:\\\/\\\/continuamosmx.com\\\/#\\\/schema\\\/person\\\/5eb5356acb1fad784da407d14f0e8d89\",\"name\":\"Continuamos MX\",\"image\":{\"@type\":\"ImageObject\",\"inLanguage\":\"es\",\"@id\":\"https:\\\/\\\/secure.gravatar.com\\\/avatar\\\/30d4f9723476a15f4da34d35fb3501f08d2357016c76051c6a85c354c7489589?s=96&d=mm&r=g\",\"url\":\"https:\\\/\\\/secure.gravatar.com\\\/avatar\\\/30d4f9723476a15f4da34d35fb3501f08d2357016c76051c6a85c354c7489589?s=96&d=mm&r=g\",\"contentUrl\":\"https:\\\/\\\/secure.gravatar.com\\\/avatar\\\/30d4f9723476a15f4da34d35fb3501f08d2357016c76051c6a85c354c7489589?s=96&d=mm&r=g\",\"caption\":\"Continuamos MX\"},\"sameAs\":[\"http:\\\/\\\/www.continuamos.mx\"],\"url\":\"https:\\\/\\\/continuamosmx.com\\\/index.php\\\/author\\\/continuamos\\\/\"}]}<\/script>\n<!-- \/ Yoast SEO plugin. -->","yoast_head_json":{"title":"EN MARCHA PROGRAMA \"COBIJANDO ACOLMAN\" -","robots":{"index":"index","follow":"follow","max-snippet":"max-snippet:-1","max-image-preview":"max-image-preview:large","max-video-preview":"max-video-preview:-1"},"canonical":"https:\/\/continuamosmx.com\/index.php\/2022\/01\/25\/en-marcha-programa-cobijando-acolman\/","og_locale":"es_ES","og_type":"article","og_title":"EN MARCHA PROGRAMA \"COBIJANDO ACOLMAN\" -","og_description":"* El DIF de Acolman hace entrega de los apoyos en distintas comunidades de la demarcaci\u00f3n; tiene como objetivo proteger a las personas m\u00e1s vulnerables en temporada invernal ACOLMAN, M\u00e9x.- Ante el intenso fr\u00edo que se ha dejado sentir en los \u00faltimos d\u00edas en el municipio, el Sistema Municipal DIF que preside Osvaldo Cort\u00e9s Contreras, [&hellip;]","og_url":"https:\/\/continuamosmx.com\/index.php\/2022\/01\/25\/en-marcha-programa-cobijando-acolman\/","article_published_time":"2022-01-25T06:48:19+00:00","og_image":[{"url":"http:\/\/continuamos.mx\/wp-content\/uploads\/2022\/01\/acolman-3-3.jpg","type":"","width":"","height":""}],"author":"Continuamos MX","twitter_card":"summary_large_image","twitter_misc":{"Escrito por":"Continuamos MX","Tiempo de lectura":"1 minuto"},"schema":{"@context":"https:\/\/schema.org","@graph":[{"@type":"Article","@id":"https:\/\/continuamosmx.com\/index.php\/2022\/01\/25\/en-marcha-programa-cobijando-acolman\/#article","isPartOf":{"@id":"https:\/\/continuamosmx.com\/index.php\/2022\/01\/25\/en-marcha-programa-cobijando-acolman\/"},"author":{"name":"Continuamos MX","@id":"https:\/\/continuamosmx.com\/#\/schema\/person\/5eb5356acb1fad784da407d14f0e8d89"},"headline":"EN MARCHA PROGRAMA \u00abCOBIJANDO ACOLMAN\u00bb","datePublished":"2022-01-25T06:48:19+00:00","mainEntityOfPage":{"@id":"https:\/\/continuamosmx.com\/index.php\/2022\/01\/25\/en-marcha-programa-cobijando-acolman\/"},"wordCount":240,"publisher":{"@id":"https:\/\/continuamosmx.com\/#organization"},"image":{"@id":"https:\/\/continuamosmx.com\/index.php\/2022\/01\/25\/en-marcha-programa-cobijando-acolman\/#primaryimage"},"thumbnailUrl":"https:\/\/continuamosmx.com\/wp-content\/uploads\/2022\/01\/7FC453DE-ABE1-4362-A5C0-64C152FD7B1D.jpeg","articleSection":["ACOLMAN","LOCALES"],"inLanguage":"es"},{"@type":"WebPage","@id":"https:\/\/continuamosmx.com\/index.php\/2022\/01\/25\/en-marcha-programa-cobijando-acolman\/","url":"https:\/\/continuamosmx.com\/index.php\/2022\/01\/25\/en-marcha-programa-cobijando-acolman\/","name":"EN MARCHA PROGRAMA \"COBIJANDO ACOLMAN\" -","isPartOf":{"@id":"https:\/\/continuamosmx.com\/#website"},"primaryImageOfPage":{"@id":"https:\/\/continuamosmx.com\/index.php\/2022\/01\/25\/en-marcha-programa-cobijando-acolman\/#primaryimage"},"image":{"@id":"https:\/\/continuamosmx.com\/index.php\/2022\/01\/25\/en-marcha-programa-cobijando-acolman\/#primaryimage"},"thumbnailUrl":"https:\/\/continuamosmx.com\/wp-content\/uploads\/2022\/01\/7FC453DE-ABE1-4362-A5C0-64C152FD7B1D.jpeg","datePublished":"2022-01-25T06:48:19+00:00","breadcrumb":{"@id":"https:\/\/continuamosmx.com\/index.php\/2022\/01\/25\/en-marcha-programa-cobijando-acolman\/#breadcrumb"},"inLanguage":"es","potentialAction":[{"@type":"ReadAction","target":["https:\/\/continuamosmx.com\/index.php\/2022\/01\/25\/en-marcha-programa-cobijando-acolman\/"]}]},{"@type":"ImageObject","inLanguage":"es","@id":"https:\/\/continuamosmx.com\/index.php\/2022\/01\/25\/en-marcha-programa-cobijando-acolman\/#primaryimage","url":"https:\/\/continuamosmx.com\/wp-content\/uploads\/2022\/01\/7FC453DE-ABE1-4362-A5C0-64C152FD7B1D.jpeg","contentUrl":"https:\/\/continuamosmx.com\/wp-content\/uploads\/2022\/01\/7FC453DE-ABE1-4362-A5C0-64C152FD7B1D.jpeg","width":1140,"height":712},{"@type":"BreadcrumbList","@id":"https:\/\/continuamosmx.com\/index.php\/2022\/01\/25\/en-marcha-programa-cobijando-acolman\/#breadcrumb","itemListElement":[{"@type":"ListItem","position":1,"name":"Inicio","item":"https:\/\/continuamosmx.com\/"},{"@type":"ListItem","position":2,"name":"EN MARCHA PROGRAMA &#8220;COBIJANDO ACOLMAN&#8221;"}]},{"@type":"WebSite","@id":"https:\/\/continuamosmx.com\/#website","url":"https:\/\/continuamosmx.com\/","name":"www.continuamosmx.com","description":"","publisher":{"@id":"https:\/\/continuamosmx.com\/#organization"},"potentialAction":[{"@type":"SearchAction","target":{"@type":"EntryPoint","urlTemplate":"https:\/\/continuamosmx.com\/?s={search_term_string}"},"query-input":{"@type":"PropertyValueSpecification","valueRequired":true,"valueName":"search_term_string"}}],"inLanguage":"es"},{"@type":"Organization","@id":"https:\/\/continuamosmx.com\/#organization","name":"ContinuamosMX","url":"https:\/\/continuamosmx.com\/","logo":{"@type":"ImageObject","inLanguage":"es","@id":"https:\/\/continuamosmx.com\/#\/schema\/logo\/image\/","url":"https:\/\/continuamosmx.com\/wp-content\/uploads\/2023\/04\/cropped-LOGO-CONTI-NUEVO.png","contentUrl":"https:\/\/continuamosmx.com\/wp-content\/uploads\/2023\/04\/cropped-LOGO-CONTI-NUEVO.png","width":1257,"height":430,"caption":"ContinuamosMX"},"image":{"@id":"https:\/\/continuamosmx.com\/#\/schema\/logo\/image\/"}},{"@type":"Person","@id":"https:\/\/continuamosmx.com\/#\/schema\/person\/5eb5356acb1fad784da407d14f0e8d89","name":"Continuamos MX","image":{"@type":"ImageObject","inLanguage":"es","@id":"https:\/\/secure.gravatar.com\/avatar\/30d4f9723476a15f4da34d35fb3501f08d2357016c76051c6a85c354c7489589?s=96&d=mm&r=g","url":"https:\/\/secure.gravatar.com\/avatar\/30d4f9723476a15f4da34d35fb3501f08d2357016c76051c6a85c354c7489589?s=96&d=mm&r=g","contentUrl":"https:\/\/secure.gravatar.com\/avatar\/30d4f9723476a15f4da34d35fb3501f08d2357016c76051c6a85c354c7489589?s=96&d=mm&r=g","caption":"Continuamos MX"},"sameAs":["http:\/\/www.continuamos.mx"],"url":"https:\/\/continuamosmx.com\/index.php\/author\/continuamos\/"}]}},"_links":{"self":[{"href":"https:\/\/continuamosmx.com\/index.php\/wp-json\/wp\/v2\/posts\/43577","targetHints":{"allow":["GET"]}}],"collection":[{"href":"https:\/\/continuamosmx.com\/index.php\/wp-json\/wp\/v2\/posts"}],"about":[{"href":"https:\/\/continuamosmx.com\/index.php\/wp-json\/wp\/v2\/types\/post"}],"author":[{"embeddable":true,"href":"https:\/\/continuamosmx.com\/index.php\/wp-json\/wp\/v2\/users\/6"}],"replies":[{"embeddable":true,"href":"https:\/\/continuamosmx.com\/index.php\/wp-json\/wp\/v2\/comments?post=43577"}],"version-history":[{"count":0,"href":"https:\/\/continuamosmx.com\/index.php\/wp-json\/wp\/v2\/posts\/43577\/revisions"}],"wp:featuredmedia":[{"embeddable":true,"href":"https:\/\/continuamosmx.com\/index.php\/wp-json\/wp\/v2\/media\/33076"}],"wp:attachment":[{"href":"https:\/\/continuamosmx.com\/index.php\/wp-json\/wp\/v2\/media?parent=43577"}],"wp:term":[{"taxonomy":"category","embeddable":true,"href":"https:\/\/continuamosmx.com\/index.php\/wp-json\/wp\/v2\/categories?post=43577"},{"taxonomy":"post_tag","embeddable":true,"href":"https:\/\/continuamosmx.com\/index.php\/wp-json\/wp\/v2\/tags?post=43577"}],"curies":[{"name":"wp","href":"https:\/\/api.w.org\/{rel}","templated":true}]}}