{"id":43576,"date":"2022-01-25T06:43:47","date_gmt":"2022-01-25T06:43:47","guid":{"rendered":"https:\/\/continuamos.mx\/?p=33070"},"modified":"2022-01-25T06:43:47","modified_gmt":"2022-01-25T06:43:47","slug":"rescatan-a-traves-de-talleres-la-lengua-nahuatl-en-tlalmanalco","status":"publish","type":"post","link":"https:\/\/continuamosmx.com\/index.php\/2022\/01\/25\/rescatan-a-traves-de-talleres-la-lengua-nahuatl-en-tlalmanalco\/","title":{"rendered":"RESCATAN A TRAV\u00c9S DE TALLERES LA LENGUA N\u00c1HUATL EN TLALMANALCO"},"content":{"rendered":"\n<blockquote class=\"wp-block-quote is-layout-flow wp-block-quote-is-layout-flow\"><p>.- Es una manera de preservar nuestra identidad, se\u00f1ala el Cronista Municipal, Jos\u00e9 Alberto Zea Dom\u00ednguez<\/p><\/blockquote>\n\n\n\n<p>TLALMANALCO, M\u00e9x.- El Ayuntamiento que preside Luis Enrique S\u00e1nchez Reyes, a trav\u00e9s de la coordinaci\u00f3n de Cultura, establecer\u00e1 talleres para la preservaci\u00f3n de la lengua materna, (El Nahuatl), el cual lo impartir\u00e1 el Cronista Municipal de \u00e9sta localidad e iniciar\u00e1 en el mes de febrero.<\/p>\n\n\n\n<p>Gerardo P\u00e1ez P\u00e1ez, coordinador de cultura explic\u00f3 que al alcalde est\u00e1 muy interesado en la preservaci\u00f3n de la cultura, y muy en especial en la lengua Nahuatl, que se est\u00e1 perdiendo en la zona de los volcanes.<\/p>\n\n\n\n<p>\u00abEs muy triste que nuestra lengua que nos llegaron nuestros antepasados se vaya borrando de las memorias de los mexicanos, es por eso que nuestro presidente municipal, Luis Enrique S\u00e1nchez Reyes, no s\u00f3lo se preocupe sino se ocupe en preservar la lengua madre\u00bb, dijo.<\/p>\n\n\n\n<p>As\u00ed mismo los talleres en lengua Nahuatl, lo realizar\u00e1 los viernes de 4:00 a 6:00 P.M, ser\u00e1 impartido por el Cronista Municipal, Jos\u00e9 Alberto Zea Dom\u00ednguez, el cual se invitar\u00e1 a los distintos centros educativos para que los estudiantes aprendan esta lengua que para muchos mexicanos se les ha olvidado, se\u00f1al\u00f3 el coordinador de cultura, P\u00e1ez P\u00e1ez.<\/p>\n\n\n\n<p>Por su parte, el historiador Jos\u00e9 Alberto Zea Dom\u00ednguez, dijo que es un gusto y honor que lo hayan invitado para impartir el taller de la lengua Nahuatl, y que sea el alcalde, Luis Enrique S\u00e1nchez Reyes, que no s\u00f3lo se preocupe sino que est\u00e1 en la mejor disposici\u00f3n que nuestra lengua madre, todav\u00eda se hable en Tlalmanalco.<\/p>\n\n\n\n<p>Destac\u00f3 la importancia que por primera vez una administraci\u00f3n p\u00fablica municipal, como la es de Tlalmanalco, un presidente municipal, tenga esa visi\u00f3n de preservar y ense\u00f1ar un idioma que se niega a morir, por lo que agradeci\u00f3 al alcalde, Luis Enrique S\u00e1nchez Reyes, por la invitaci\u00f3n hecha a su persona como Cronista Municipal.<\/p>\n\n\n\n<figure class=\"wp-block-image size-full is-resized\"><img loading=\"lazy\" decoding=\"async\" src=\"http:\/\/continuamos.mx\/wp-content\/uploads\/2022\/01\/tlalma-1-2.jpg\" alt=\"\" class=\"wp-image-33072\" width=\"833\" height=\"625\"\/><\/figure>\n","protected":false},"excerpt":{"rendered":"<p>.- Es una manera de preservar nuestra identidad, se\u00f1ala el Cronista Municipal, Jos\u00e9 Alberto Zea Dom\u00ednguez TLALMANALCO, M\u00e9x.- El Ayuntamiento que preside Luis Enrique S\u00e1nchez Reyes, a trav\u00e9s de la coordinaci\u00f3n de Cultura, establecer\u00e1 talleres para la preservaci\u00f3n de la lengua materna, (El Nahuatl), el cual lo impartir\u00e1 el Cronista Municipal de \u00e9sta localidad e [&hellip;]<\/p>\n","protected":false},"author":6,"featured_media":33073,"comment_status":"closed","ping_status":"open","sticky":false,"template":"","format":"standard","meta":{"footnotes":""},"categories":[4,58],"tags":[],"class_list":["post-43576","post","type-post","status-publish","format-standard","has-post-thumbnail","hentry","category-locales","category-tlalmanalco"],"yoast_head":"<!-- This site is optimized with the Yoast SEO plugin v27.5 - https:\/\/yoast.com\/product\/yoast-seo-wordpress\/ -->\n<title>RESCATAN A TRAV\u00c9S DE TALLERES LA LENGUA N\u00c1HUATL EN TLALMANALCO -<\/title>\n<meta name=\"robots\" content=\"index, follow, max-snippet:-1, max-image-preview:large, max-video-preview:-1\" \/>\n<link rel=\"canonical\" href=\"https:\/\/continuamosmx.com\/index.php\/2022\/01\/25\/rescatan-a-traves-de-talleres-la-lengua-nahuatl-en-tlalmanalco\/\" \/>\n<meta property=\"og:locale\" content=\"es_ES\" \/>\n<meta property=\"og:type\" content=\"article\" \/>\n<meta property=\"og:title\" content=\"RESCATAN A TRAV\u00c9S DE TALLERES LA LENGUA N\u00c1HUATL EN TLALMANALCO -\" \/>\n<meta property=\"og:description\" content=\".- Es una manera de preservar nuestra identidad, se\u00f1ala el Cronista Municipal, Jos\u00e9 Alberto Zea Dom\u00ednguez TLALMANALCO, M\u00e9x.- El Ayuntamiento que preside Luis Enrique S\u00e1nchez Reyes, a trav\u00e9s de la coordinaci\u00f3n de Cultura, establecer\u00e1 talleres para la preservaci\u00f3n de la lengua materna, (El Nahuatl), el cual lo impartir\u00e1 el Cronista Municipal de \u00e9sta localidad e [&hellip;]\" \/>\n<meta property=\"og:url\" content=\"https:\/\/continuamosmx.com\/index.php\/2022\/01\/25\/rescatan-a-traves-de-talleres-la-lengua-nahuatl-en-tlalmanalco\/\" \/>\n<meta property=\"article:published_time\" content=\"2022-01-25T06:43:47+00:00\" \/>\n<meta property=\"og:image\" content=\"http:\/\/continuamos.mx\/wp-content\/uploads\/2022\/01\/tlalma-1-2.jpg\" \/>\n<meta name=\"author\" content=\"Continuamos MX\" \/>\n<meta name=\"twitter:card\" content=\"summary_large_image\" \/>\n<meta name=\"twitter:label1\" content=\"Escrito por\" \/>\n\t<meta name=\"twitter:data1\" content=\"Continuamos MX\" \/>\n\t<meta name=\"twitter:label2\" content=\"Tiempo de lectura\" \/>\n\t<meta name=\"twitter:data2\" content=\"2 minutos\" \/>\n<script type=\"application\/ld+json\" class=\"yoast-schema-graph\">{\"@context\":\"https:\\\/\\\/schema.org\",\"@graph\":[{\"@type\":\"Article\",\"@id\":\"https:\\\/\\\/continuamosmx.com\\\/index.php\\\/2022\\\/01\\\/25\\\/rescatan-a-traves-de-talleres-la-lengua-nahuatl-en-tlalmanalco\\\/#article\",\"isPartOf\":{\"@id\":\"https:\\\/\\\/continuamosmx.com\\\/index.php\\\/2022\\\/01\\\/25\\\/rescatan-a-traves-de-talleres-la-lengua-nahuatl-en-tlalmanalco\\\/\"},\"author\":{\"name\":\"Continuamos MX\",\"@id\":\"https:\\\/\\\/continuamosmx.com\\\/#\\\/schema\\\/person\\\/5eb5356acb1fad784da407d14f0e8d89\"},\"headline\":\"RESCATAN A TRAV\u00c9S DE TALLERES LA LENGUA N\u00c1HUATL EN TLALMANALCO\",\"datePublished\":\"2022-01-25T06:43:47+00:00\",\"mainEntityOfPage\":{\"@id\":\"https:\\\/\\\/continuamosmx.com\\\/index.php\\\/2022\\\/01\\\/25\\\/rescatan-a-traves-de-talleres-la-lengua-nahuatl-en-tlalmanalco\\\/\"},\"wordCount\":349,\"publisher\":{\"@id\":\"https:\\\/\\\/continuamosmx.com\\\/#organization\"},\"image\":{\"@id\":\"https:\\\/\\\/continuamosmx.com\\\/index.php\\\/2022\\\/01\\\/25\\\/rescatan-a-traves-de-talleres-la-lengua-nahuatl-en-tlalmanalco\\\/#primaryimage\"},\"thumbnailUrl\":\"https:\\\/\\\/continuamosmx.com\\\/wp-content\\\/uploads\\\/2022\\\/01\\\/BE4A020F-0460-4A45-90F0-9E7CEE13181D.jpeg\",\"articleSection\":[\"LOCALES\",\"TLALMANALCO\"],\"inLanguage\":\"es\"},{\"@type\":\"WebPage\",\"@id\":\"https:\\\/\\\/continuamosmx.com\\\/index.php\\\/2022\\\/01\\\/25\\\/rescatan-a-traves-de-talleres-la-lengua-nahuatl-en-tlalmanalco\\\/\",\"url\":\"https:\\\/\\\/continuamosmx.com\\\/index.php\\\/2022\\\/01\\\/25\\\/rescatan-a-traves-de-talleres-la-lengua-nahuatl-en-tlalmanalco\\\/\",\"name\":\"RESCATAN A TRAV\u00c9S DE TALLERES LA LENGUA N\u00c1HUATL EN TLALMANALCO -\",\"isPartOf\":{\"@id\":\"https:\\\/\\\/continuamosmx.com\\\/#website\"},\"primaryImageOfPage\":{\"@id\":\"https:\\\/\\\/continuamosmx.com\\\/index.php\\\/2022\\\/01\\\/25\\\/rescatan-a-traves-de-talleres-la-lengua-nahuatl-en-tlalmanalco\\\/#primaryimage\"},\"image\":{\"@id\":\"https:\\\/\\\/continuamosmx.com\\\/index.php\\\/2022\\\/01\\\/25\\\/rescatan-a-traves-de-talleres-la-lengua-nahuatl-en-tlalmanalco\\\/#primaryimage\"},\"thumbnailUrl\":\"https:\\\/\\\/continuamosmx.com\\\/wp-content\\\/uploads\\\/2022\\\/01\\\/BE4A020F-0460-4A45-90F0-9E7CEE13181D.jpeg\",\"datePublished\":\"2022-01-25T06:43:47+00:00\",\"breadcrumb\":{\"@id\":\"https:\\\/\\\/continuamosmx.com\\\/index.php\\\/2022\\\/01\\\/25\\\/rescatan-a-traves-de-talleres-la-lengua-nahuatl-en-tlalmanalco\\\/#breadcrumb\"},\"inLanguage\":\"es\",\"potentialAction\":[{\"@type\":\"ReadAction\",\"target\":[\"https:\\\/\\\/continuamosmx.com\\\/index.php\\\/2022\\\/01\\\/25\\\/rescatan-a-traves-de-talleres-la-lengua-nahuatl-en-tlalmanalco\\\/\"]}]},{\"@type\":\"ImageObject\",\"inLanguage\":\"es\",\"@id\":\"https:\\\/\\\/continuamosmx.com\\\/index.php\\\/2022\\\/01\\\/25\\\/rescatan-a-traves-de-talleres-la-lengua-nahuatl-en-tlalmanalco\\\/#primaryimage\",\"url\":\"https:\\\/\\\/continuamosmx.com\\\/wp-content\\\/uploads\\\/2022\\\/01\\\/BE4A020F-0460-4A45-90F0-9E7CEE13181D.jpeg\",\"contentUrl\":\"https:\\\/\\\/continuamosmx.com\\\/wp-content\\\/uploads\\\/2022\\\/01\\\/BE4A020F-0460-4A45-90F0-9E7CEE13181D.jpeg\",\"width\":1280,\"height\":853},{\"@type\":\"BreadcrumbList\",\"@id\":\"https:\\\/\\\/continuamosmx.com\\\/index.php\\\/2022\\\/01\\\/25\\\/rescatan-a-traves-de-talleres-la-lengua-nahuatl-en-tlalmanalco\\\/#breadcrumb\",\"itemListElement\":[{\"@type\":\"ListItem\",\"position\":1,\"name\":\"Inicio\",\"item\":\"https:\\\/\\\/continuamosmx.com\\\/\"},{\"@type\":\"ListItem\",\"position\":2,\"name\":\"RESCATAN A TRAV\u00c9S DE TALLERES LA LENGUA N\u00c1HUATL EN TLALMANALCO\"}]},{\"@type\":\"WebSite\",\"@id\":\"https:\\\/\\\/continuamosmx.com\\\/#website\",\"url\":\"https:\\\/\\\/continuamosmx.com\\\/\",\"name\":\"www.continuamosmx.com\",\"description\":\"\",\"publisher\":{\"@id\":\"https:\\\/\\\/continuamosmx.com\\\/#organization\"},\"potentialAction\":[{\"@type\":\"SearchAction\",\"target\":{\"@type\":\"EntryPoint\",\"urlTemplate\":\"https:\\\/\\\/continuamosmx.com\\\/?s={search_term_string}\"},\"query-input\":{\"@type\":\"PropertyValueSpecification\",\"valueRequired\":true,\"valueName\":\"search_term_string\"}}],\"inLanguage\":\"es\"},{\"@type\":\"Organization\",\"@id\":\"https:\\\/\\\/continuamosmx.com\\\/#organization\",\"name\":\"ContinuamosMX\",\"url\":\"https:\\\/\\\/continuamosmx.com\\\/\",\"logo\":{\"@type\":\"ImageObject\",\"inLanguage\":\"es\",\"@id\":\"https:\\\/\\\/continuamosmx.com\\\/#\\\/schema\\\/logo\\\/image\\\/\",\"url\":\"https:\\\/\\\/continuamosmx.com\\\/wp-content\\\/uploads\\\/2023\\\/04\\\/cropped-LOGO-CONTI-NUEVO.png\",\"contentUrl\":\"https:\\\/\\\/continuamosmx.com\\\/wp-content\\\/uploads\\\/2023\\\/04\\\/cropped-LOGO-CONTI-NUEVO.png\",\"width\":1257,\"height\":430,\"caption\":\"ContinuamosMX\"},\"image\":{\"@id\":\"https:\\\/\\\/continuamosmx.com\\\/#\\\/schema\\\/logo\\\/image\\\/\"}},{\"@type\":\"Person\",\"@id\":\"https:\\\/\\\/continuamosmx.com\\\/#\\\/schema\\\/person\\\/5eb5356acb1fad784da407d14f0e8d89\",\"name\":\"Continuamos MX\",\"image\":{\"@type\":\"ImageObject\",\"inLanguage\":\"es\",\"@id\":\"https:\\\/\\\/secure.gravatar.com\\\/avatar\\\/30d4f9723476a15f4da34d35fb3501f08d2357016c76051c6a85c354c7489589?s=96&d=mm&r=g\",\"url\":\"https:\\\/\\\/secure.gravatar.com\\\/avatar\\\/30d4f9723476a15f4da34d35fb3501f08d2357016c76051c6a85c354c7489589?s=96&d=mm&r=g\",\"contentUrl\":\"https:\\\/\\\/secure.gravatar.com\\\/avatar\\\/30d4f9723476a15f4da34d35fb3501f08d2357016c76051c6a85c354c7489589?s=96&d=mm&r=g\",\"caption\":\"Continuamos MX\"},\"sameAs\":[\"http:\\\/\\\/www.continuamos.mx\"],\"url\":\"https:\\\/\\\/continuamosmx.com\\\/index.php\\\/author\\\/continuamos\\\/\"}]}<\/script>\n<!-- \/ Yoast SEO plugin. -->","yoast_head_json":{"title":"RESCATAN A TRAV\u00c9S DE TALLERES LA LENGUA N\u00c1HUATL EN TLALMANALCO -","robots":{"index":"index","follow":"follow","max-snippet":"max-snippet:-1","max-image-preview":"max-image-preview:large","max-video-preview":"max-video-preview:-1"},"canonical":"https:\/\/continuamosmx.com\/index.php\/2022\/01\/25\/rescatan-a-traves-de-talleres-la-lengua-nahuatl-en-tlalmanalco\/","og_locale":"es_ES","og_type":"article","og_title":"RESCATAN A TRAV\u00c9S DE TALLERES LA LENGUA N\u00c1HUATL EN TLALMANALCO -","og_description":".- Es una manera de preservar nuestra identidad, se\u00f1ala el Cronista Municipal, Jos\u00e9 Alberto Zea Dom\u00ednguez TLALMANALCO, M\u00e9x.- El Ayuntamiento que preside Luis Enrique S\u00e1nchez Reyes, a trav\u00e9s de la coordinaci\u00f3n de Cultura, establecer\u00e1 talleres para la preservaci\u00f3n de la lengua materna, (El Nahuatl), el cual lo impartir\u00e1 el Cronista Municipal de \u00e9sta localidad e [&hellip;]","og_url":"https:\/\/continuamosmx.com\/index.php\/2022\/01\/25\/rescatan-a-traves-de-talleres-la-lengua-nahuatl-en-tlalmanalco\/","article_published_time":"2022-01-25T06:43:47+00:00","og_image":[{"url":"http:\/\/continuamos.mx\/wp-content\/uploads\/2022\/01\/tlalma-1-2.jpg","type":"","width":"","height":""}],"author":"Continuamos MX","twitter_card":"summary_large_image","twitter_misc":{"Escrito por":"Continuamos MX","Tiempo de lectura":"2 minutos"},"schema":{"@context":"https:\/\/schema.org","@graph":[{"@type":"Article","@id":"https:\/\/continuamosmx.com\/index.php\/2022\/01\/25\/rescatan-a-traves-de-talleres-la-lengua-nahuatl-en-tlalmanalco\/#article","isPartOf":{"@id":"https:\/\/continuamosmx.com\/index.php\/2022\/01\/25\/rescatan-a-traves-de-talleres-la-lengua-nahuatl-en-tlalmanalco\/"},"author":{"name":"Continuamos MX","@id":"https:\/\/continuamosmx.com\/#\/schema\/person\/5eb5356acb1fad784da407d14f0e8d89"},"headline":"RESCATAN A TRAV\u00c9S DE TALLERES LA LENGUA N\u00c1HUATL EN TLALMANALCO","datePublished":"2022-01-25T06:43:47+00:00","mainEntityOfPage":{"@id":"https:\/\/continuamosmx.com\/index.php\/2022\/01\/25\/rescatan-a-traves-de-talleres-la-lengua-nahuatl-en-tlalmanalco\/"},"wordCount":349,"publisher":{"@id":"https:\/\/continuamosmx.com\/#organization"},"image":{"@id":"https:\/\/continuamosmx.com\/index.php\/2022\/01\/25\/rescatan-a-traves-de-talleres-la-lengua-nahuatl-en-tlalmanalco\/#primaryimage"},"thumbnailUrl":"https:\/\/continuamosmx.com\/wp-content\/uploads\/2022\/01\/BE4A020F-0460-4A45-90F0-9E7CEE13181D.jpeg","articleSection":["LOCALES","TLALMANALCO"],"inLanguage":"es"},{"@type":"WebPage","@id":"https:\/\/continuamosmx.com\/index.php\/2022\/01\/25\/rescatan-a-traves-de-talleres-la-lengua-nahuatl-en-tlalmanalco\/","url":"https:\/\/continuamosmx.com\/index.php\/2022\/01\/25\/rescatan-a-traves-de-talleres-la-lengua-nahuatl-en-tlalmanalco\/","name":"RESCATAN A TRAV\u00c9S DE TALLERES LA LENGUA N\u00c1HUATL EN TLALMANALCO -","isPartOf":{"@id":"https:\/\/continuamosmx.com\/#website"},"primaryImageOfPage":{"@id":"https:\/\/continuamosmx.com\/index.php\/2022\/01\/25\/rescatan-a-traves-de-talleres-la-lengua-nahuatl-en-tlalmanalco\/#primaryimage"},"image":{"@id":"https:\/\/continuamosmx.com\/index.php\/2022\/01\/25\/rescatan-a-traves-de-talleres-la-lengua-nahuatl-en-tlalmanalco\/#primaryimage"},"thumbnailUrl":"https:\/\/continuamosmx.com\/wp-content\/uploads\/2022\/01\/BE4A020F-0460-4A45-90F0-9E7CEE13181D.jpeg","datePublished":"2022-01-25T06:43:47+00:00","breadcrumb":{"@id":"https:\/\/continuamosmx.com\/index.php\/2022\/01\/25\/rescatan-a-traves-de-talleres-la-lengua-nahuatl-en-tlalmanalco\/#breadcrumb"},"inLanguage":"es","potentialAction":[{"@type":"ReadAction","target":["https:\/\/continuamosmx.com\/index.php\/2022\/01\/25\/rescatan-a-traves-de-talleres-la-lengua-nahuatl-en-tlalmanalco\/"]}]},{"@type":"ImageObject","inLanguage":"es","@id":"https:\/\/continuamosmx.com\/index.php\/2022\/01\/25\/rescatan-a-traves-de-talleres-la-lengua-nahuatl-en-tlalmanalco\/#primaryimage","url":"https:\/\/continuamosmx.com\/wp-content\/uploads\/2022\/01\/BE4A020F-0460-4A45-90F0-9E7CEE13181D.jpeg","contentUrl":"https:\/\/continuamosmx.com\/wp-content\/uploads\/2022\/01\/BE4A020F-0460-4A45-90F0-9E7CEE13181D.jpeg","width":1280,"height":853},{"@type":"BreadcrumbList","@id":"https:\/\/continuamosmx.com\/index.php\/2022\/01\/25\/rescatan-a-traves-de-talleres-la-lengua-nahuatl-en-tlalmanalco\/#breadcrumb","itemListElement":[{"@type":"ListItem","position":1,"name":"Inicio","item":"https:\/\/continuamosmx.com\/"},{"@type":"ListItem","position":2,"name":"RESCATAN A TRAV\u00c9S DE TALLERES LA LENGUA N\u00c1HUATL EN TLALMANALCO"}]},{"@type":"WebSite","@id":"https:\/\/continuamosmx.com\/#website","url":"https:\/\/continuamosmx.com\/","name":"www.continuamosmx.com","description":"","publisher":{"@id":"https:\/\/continuamosmx.com\/#organization"},"potentialAction":[{"@type":"SearchAction","target":{"@type":"EntryPoint","urlTemplate":"https:\/\/continuamosmx.com\/?s={search_term_string}"},"query-input":{"@type":"PropertyValueSpecification","valueRequired":true,"valueName":"search_term_string"}}],"inLanguage":"es"},{"@type":"Organization","@id":"https:\/\/continuamosmx.com\/#organization","name":"ContinuamosMX","url":"https:\/\/continuamosmx.com\/","logo":{"@type":"ImageObject","inLanguage":"es","@id":"https:\/\/continuamosmx.com\/#\/schema\/logo\/image\/","url":"https:\/\/continuamosmx.com\/wp-content\/uploads\/2023\/04\/cropped-LOGO-CONTI-NUEVO.png","contentUrl":"https:\/\/continuamosmx.com\/wp-content\/uploads\/2023\/04\/cropped-LOGO-CONTI-NUEVO.png","width":1257,"height":430,"caption":"ContinuamosMX"},"image":{"@id":"https:\/\/continuamosmx.com\/#\/schema\/logo\/image\/"}},{"@type":"Person","@id":"https:\/\/continuamosmx.com\/#\/schema\/person\/5eb5356acb1fad784da407d14f0e8d89","name":"Continuamos MX","image":{"@type":"ImageObject","inLanguage":"es","@id":"https:\/\/secure.gravatar.com\/avatar\/30d4f9723476a15f4da34d35fb3501f08d2357016c76051c6a85c354c7489589?s=96&d=mm&r=g","url":"https:\/\/secure.gravatar.com\/avatar\/30d4f9723476a15f4da34d35fb3501f08d2357016c76051c6a85c354c7489589?s=96&d=mm&r=g","contentUrl":"https:\/\/secure.gravatar.com\/avatar\/30d4f9723476a15f4da34d35fb3501f08d2357016c76051c6a85c354c7489589?s=96&d=mm&r=g","caption":"Continuamos MX"},"sameAs":["http:\/\/www.continuamos.mx"],"url":"https:\/\/continuamosmx.com\/index.php\/author\/continuamos\/"}]}},"_links":{"self":[{"href":"https:\/\/continuamosmx.com\/index.php\/wp-json\/wp\/v2\/posts\/43576","targetHints":{"allow":["GET"]}}],"collection":[{"href":"https:\/\/continuamosmx.com\/index.php\/wp-json\/wp\/v2\/posts"}],"about":[{"href":"https:\/\/continuamosmx.com\/index.php\/wp-json\/wp\/v2\/types\/post"}],"author":[{"embeddable":true,"href":"https:\/\/continuamosmx.com\/index.php\/wp-json\/wp\/v2\/users\/6"}],"replies":[{"embeddable":true,"href":"https:\/\/continuamosmx.com\/index.php\/wp-json\/wp\/v2\/comments?post=43576"}],"version-history":[{"count":0,"href":"https:\/\/continuamosmx.com\/index.php\/wp-json\/wp\/v2\/posts\/43576\/revisions"}],"wp:featuredmedia":[{"embeddable":true,"href":"https:\/\/continuamosmx.com\/index.php\/wp-json\/wp\/v2\/media\/33073"}],"wp:attachment":[{"href":"https:\/\/continuamosmx.com\/index.php\/wp-json\/wp\/v2\/media?parent=43576"}],"wp:term":[{"taxonomy":"category","embeddable":true,"href":"https:\/\/continuamosmx.com\/index.php\/wp-json\/wp\/v2\/categories?post=43576"},{"taxonomy":"post_tag","embeddable":true,"href":"https:\/\/continuamosmx.com\/index.php\/wp-json\/wp\/v2\/tags?post=43576"}],"curies":[{"name":"wp","href":"https:\/\/api.w.org\/{rel}","templated":true}]}}