{"id":43571,"date":"2022-01-24T13:55:29","date_gmt":"2022-01-24T13:55:29","guid":{"rendered":"https:\/\/continuamos.mx\/?p=33050"},"modified":"2022-01-24T13:55:29","modified_gmt":"2022-01-24T13:55:29","slug":"semaforo-amarillo-edomex-y-presupuesto-2022","status":"publish","type":"post","link":"https:\/\/continuamosmx.com\/index.php\/2022\/01\/24\/semaforo-amarillo-edomex-y-presupuesto-2022\/","title":{"rendered":"SEM\u00c1FORO AMARILLO EDOMEX Y PRESUPUESTO 2022"},"content":{"rendered":"\n<figure class=\"wp-block-pullquote\"><blockquote><p><strong>Muy muy, para tan tan\u00a0<\/strong><\/p><cite>Por Oscar Solorzano\u00a0<\/cite><\/blockquote><\/figure>\n\n\n\n<p><strong><em>El COVID, la salud del presidente y el presupuesto del Estado de M\u00e9xico.<\/em><\/strong><\/p>\n\n\n\n<p>Vuelve a ser el coronavirus un tema prioritario en el pa\u00eds, parece que \u00f3micron, la variante m\u00e1s reciente del virus, tiene una capacidad infecciosa superior a sus antecesoras, y que algunos comparan con otras enfermedades como el sarampi\u00f3n. En nuestro M\u00e9xico y en el mundo, esta variante ha dejado estragos que se nos antojaban ya bastante lejanos.<\/p>\n\n\n\n<p>Algunos de los estados del pa\u00eds han vuelto nuevamente al sem\u00e1foro amarillo y con ello todo lo que implica: cierres de escuelas, limitaci\u00f3n de los aforos, retenes activos de revisi\u00f3n y dem\u00e1s. &nbsp;<\/p>\n\n\n\n<p>En esta ocasi\u00f3n, adem\u00e1s, varios gobernadores han pescado el contagio, la buena fortuna los asiste, pues parece que ha sido por \u00f3micron, que junto con las vacunas no parece dejar estragos demasiado serios; as\u00ed Enrique Alfaro de Jalisco, Miguel Barbosa de Puebla y Alfredo del Mazo del Estado de M\u00e9xico, por mencionar algunos, han anunciado su enfermedad, pero sin mayor afectaci\u00f3n en su salud, esperemos que as\u00ed siga.<\/p>\n\n\n\n<p>Por otro lado, se anunci\u00f3 dentro del mismo tema de salud, que el presidente L\u00f3pez Obrador fue internado en el Hospital Militar este viernes, seg\u00fan el comunicado del secretario de gobernaci\u00f3n, Ad\u00e1n Augusto L\u00f3pez, fue una revisi\u00f3n de rutina que buscaba confirmar que la salud del presidente es buena y estable.<\/p>\n\n\n\n<p>Aparentemente cada seis meses se hace esta misma revisi\u00f3n, sin embargo, sorprende que en esta ocasi\u00f3n se tuviera que quedar internado el presidente, justamente despu\u00e9s de tener COVID.<\/p>\n\n\n\n<p>Supuestamente este internamiento se debe a un cateterismo que a juicio de sus m\u00e9dicos fue necesario realizar para conocer la situaci\u00f3n de las arterias del presidente, el estudio permite reforzar o desechar los diagn\u00f3sticos hechos a partir de otras pruebas, en este caso, parece que los resultados han sido positivos, igualmente espero que as\u00ed contin\u00fae y que la salud del presidente se fortalezca y no sea necesario usar su \u201cTestamento Pol\u00edtico\u201d que supongo ser\u00e1 una copia fiel de la constituci\u00f3n mexicana.<\/p>\n\n\n\n<p>Quien parece \u201cgoza\u201d de muy buena salud es Emilio Lozoya, quien ayer recibi\u00f3 el fallo de un juez quien ordena que sea liberado de la medida cautelar de prisi\u00f3n preventiva por el caso de&nbsp;<strong>Agronitrogenados<\/strong>, sin embargo, siguen los juicios por Odebrecht, por lo que no podr\u00e1 salir del reclusorio.<\/p>\n\n\n\n<p>Desde luego la Unidad de Inteligencia Financiera de la Secretar\u00eda de Hacienda impugn\u00f3 dicha resoluci\u00f3n a trav\u00e9s de un recurso de amparo, donde somete a una revisi\u00f3n de la constitucionalidad de dicha decisi\u00f3n, por lo que seguramente en las pr\u00f3ximas semanas estaremos viendo dimes y diretes, as\u00ed como leyendo nuevas resoluciones a favor y en contra.<\/p>\n\n\n\n<p>Quien s\u00ed no goza de buena salud, al menos en cuanto al presupuesto se refiere, es el Estado de M\u00e9xico pues a\u00fan no se ha aprobado la Miscel\u00e1nea Fiscal para el a\u00f1o 2022. Esto en t\u00e9rminos esto en t\u00e9rminos espec\u00edficos significa que, aunque ya empez\u00f3 el 2022, a\u00fan no est\u00e1 el presupuesto que va a ejercer la entidad en este a\u00f1o, si para el \u00faltimo d\u00eda de enero no existe un presupuesto aprobado, de acuerdo a la ley, se aplicar\u00e1 el presupuesto del a\u00f1o pasado lo cual ser\u00eda catastr\u00f3fico.<\/p>\n\n\n\n<p>Durante 2021 el presupuesto de la entidad mexiquense fue de 303,120 millones, para el ejercicio 2022 se solicitaron 326,000 millones, de los cuales nueve y medio estaban destinados para deuda a ocuparse en m\u00e1s de 73 obras de car\u00e1cter estatal y del sistema aeroportuario, lo que significar\u00eda que habr\u00eda 26.000 millones de pesos menos, es decir algo terrible.<\/p>\n\n\n\n<p>Lo que algunos diputados no quieren aprobar son precisamente esos nueve mil millones y medio de deuda, a pesar de que con eso se afectar\u00edan obras tan importantes como las relacionadas con el Nuevo Aeropuerto Felipe \u00c1ngeles y las necesarias adecuaciones del aeropuerto de Toluca para que funcionen como un sistema; esto significa que afectar\u00edan directamente en los intereses del presidente, lo que hace pensar que hay un plan oculto, que no se puede ver desde aqu\u00ed, para financiar estos proyectos prioritarios del gobierno federal.<\/p>\n\n\n\n<p>En los pr\u00f3ximos d\u00edas tendremos el desenlace final de esta novela que parece de ficci\u00f3n pero que son casos de la vida real, as\u00ed que ya saben, en eso quedamos.<\/p>\n\n\n\n<p>S\u00edgueme en mis redes sociales: @OscarSolorzanoMx<\/p>\n","protected":false},"excerpt":{"rendered":"<p>Muy muy, para tan tan\u00a0 Por Oscar Solorzano\u00a0 El COVID, la salud del presidente y el presupuesto del Estado de M\u00e9xico. Vuelve a ser el coronavirus un tema prioritario en el pa\u00eds, parece que \u00f3micron, la variante m\u00e1s reciente del virus, tiene una capacidad infecciosa superior a sus antecesoras, y que algunos comparan con otras [&hellip;]<\/p>\n","protected":false},"author":6,"featured_media":33051,"comment_status":"closed","ping_status":"open","sticky":false,"template":"","format":"standard","meta":{"footnotes":""},"categories":[10,9,2],"tags":[],"class_list":["post-43571","post","type-post","status-publish","format-standard","has-post-thumbnail","hentry","category-articulo-de-contenido","category-columnas","category-edomex"],"yoast_head":"<!-- This site is optimized with the Yoast SEO plugin v27.5 - https:\/\/yoast.com\/product\/yoast-seo-wordpress\/ -->\n<title>SEM\u00c1FORO AMARILLO EDOMEX Y PRESUPUESTO 2022 -<\/title>\n<meta name=\"robots\" content=\"index, follow, max-snippet:-1, max-image-preview:large, max-video-preview:-1\" \/>\n<link rel=\"canonical\" href=\"https:\/\/continuamosmx.com\/index.php\/2022\/01\/24\/semaforo-amarillo-edomex-y-presupuesto-2022\/\" \/>\n<meta property=\"og:locale\" content=\"es_ES\" \/>\n<meta property=\"og:type\" content=\"article\" \/>\n<meta property=\"og:title\" content=\"SEM\u00c1FORO AMARILLO EDOMEX Y PRESUPUESTO 2022 -\" \/>\n<meta property=\"og:description\" content=\"Muy muy, para tan tan\u00a0 Por Oscar Solorzano\u00a0 El COVID, la salud del presidente y el presupuesto del Estado de M\u00e9xico. Vuelve a ser el coronavirus un tema prioritario en el pa\u00eds, parece que \u00f3micron, la variante m\u00e1s reciente del virus, tiene una capacidad infecciosa superior a sus antecesoras, y que algunos comparan con otras [&hellip;]\" \/>\n<meta property=\"og:url\" content=\"https:\/\/continuamosmx.com\/index.php\/2022\/01\/24\/semaforo-amarillo-edomex-y-presupuesto-2022\/\" \/>\n<meta property=\"article:published_time\" content=\"2022-01-24T13:55:29+00:00\" \/>\n<meta name=\"author\" content=\"Continuamos MX\" \/>\n<meta name=\"twitter:card\" content=\"summary_large_image\" \/>\n<meta name=\"twitter:label1\" content=\"Escrito por\" \/>\n\t<meta name=\"twitter:data1\" content=\"Continuamos MX\" \/>\n\t<meta name=\"twitter:label2\" content=\"Tiempo de lectura\" \/>\n\t<meta name=\"twitter:data2\" content=\"4 minutos\" \/>\n<script type=\"application\/ld+json\" class=\"yoast-schema-graph\">{\"@context\":\"https:\\\/\\\/schema.org\",\"@graph\":[{\"@type\":\"Article\",\"@id\":\"https:\\\/\\\/continuamosmx.com\\\/index.php\\\/2022\\\/01\\\/24\\\/semaforo-amarillo-edomex-y-presupuesto-2022\\\/#article\",\"isPartOf\":{\"@id\":\"https:\\\/\\\/continuamosmx.com\\\/index.php\\\/2022\\\/01\\\/24\\\/semaforo-amarillo-edomex-y-presupuesto-2022\\\/\"},\"author\":{\"name\":\"Continuamos MX\",\"@id\":\"https:\\\/\\\/continuamosmx.com\\\/#\\\/schema\\\/person\\\/5eb5356acb1fad784da407d14f0e8d89\"},\"headline\":\"SEM\u00c1FORO AMARILLO EDOMEX Y PRESUPUESTO 2022\",\"datePublished\":\"2022-01-24T13:55:29+00:00\",\"mainEntityOfPage\":{\"@id\":\"https:\\\/\\\/continuamosmx.com\\\/index.php\\\/2022\\\/01\\\/24\\\/semaforo-amarillo-edomex-y-presupuesto-2022\\\/\"},\"wordCount\":771,\"publisher\":{\"@id\":\"https:\\\/\\\/continuamosmx.com\\\/#organization\"},\"image\":{\"@id\":\"https:\\\/\\\/continuamosmx.com\\\/index.php\\\/2022\\\/01\\\/24\\\/semaforo-amarillo-edomex-y-presupuesto-2022\\\/#primaryimage\"},\"thumbnailUrl\":\"\",\"articleSection\":[\"ART\u00cdCULO DE CONTENIDO\",\"COLUMNAS\",\"EDOMEX\"],\"inLanguage\":\"es\"},{\"@type\":\"WebPage\",\"@id\":\"https:\\\/\\\/continuamosmx.com\\\/index.php\\\/2022\\\/01\\\/24\\\/semaforo-amarillo-edomex-y-presupuesto-2022\\\/\",\"url\":\"https:\\\/\\\/continuamosmx.com\\\/index.php\\\/2022\\\/01\\\/24\\\/semaforo-amarillo-edomex-y-presupuesto-2022\\\/\",\"name\":\"SEM\u00c1FORO AMARILLO EDOMEX Y PRESUPUESTO 2022 -\",\"isPartOf\":{\"@id\":\"https:\\\/\\\/continuamosmx.com\\\/#website\"},\"primaryImageOfPage\":{\"@id\":\"https:\\\/\\\/continuamosmx.com\\\/index.php\\\/2022\\\/01\\\/24\\\/semaforo-amarillo-edomex-y-presupuesto-2022\\\/#primaryimage\"},\"image\":{\"@id\":\"https:\\\/\\\/continuamosmx.com\\\/index.php\\\/2022\\\/01\\\/24\\\/semaforo-amarillo-edomex-y-presupuesto-2022\\\/#primaryimage\"},\"thumbnailUrl\":\"\",\"datePublished\":\"2022-01-24T13:55:29+00:00\",\"breadcrumb\":{\"@id\":\"https:\\\/\\\/continuamosmx.com\\\/index.php\\\/2022\\\/01\\\/24\\\/semaforo-amarillo-edomex-y-presupuesto-2022\\\/#breadcrumb\"},\"inLanguage\":\"es\",\"potentialAction\":[{\"@type\":\"ReadAction\",\"target\":[\"https:\\\/\\\/continuamosmx.com\\\/index.php\\\/2022\\\/01\\\/24\\\/semaforo-amarillo-edomex-y-presupuesto-2022\\\/\"]}]},{\"@type\":\"ImageObject\",\"inLanguage\":\"es\",\"@id\":\"https:\\\/\\\/continuamosmx.com\\\/index.php\\\/2022\\\/01\\\/24\\\/semaforo-amarillo-edomex-y-presupuesto-2022\\\/#primaryimage\",\"url\":\"\",\"contentUrl\":\"\"},{\"@type\":\"BreadcrumbList\",\"@id\":\"https:\\\/\\\/continuamosmx.com\\\/index.php\\\/2022\\\/01\\\/24\\\/semaforo-amarillo-edomex-y-presupuesto-2022\\\/#breadcrumb\",\"itemListElement\":[{\"@type\":\"ListItem\",\"position\":1,\"name\":\"Inicio\",\"item\":\"https:\\\/\\\/continuamosmx.com\\\/\"},{\"@type\":\"ListItem\",\"position\":2,\"name\":\"SEM\u00c1FORO AMARILLO EDOMEX Y PRESUPUESTO 2022\"}]},{\"@type\":\"WebSite\",\"@id\":\"https:\\\/\\\/continuamosmx.com\\\/#website\",\"url\":\"https:\\\/\\\/continuamosmx.com\\\/\",\"name\":\"www.continuamosmx.com\",\"description\":\"\",\"publisher\":{\"@id\":\"https:\\\/\\\/continuamosmx.com\\\/#organization\"},\"potentialAction\":[{\"@type\":\"SearchAction\",\"target\":{\"@type\":\"EntryPoint\",\"urlTemplate\":\"https:\\\/\\\/continuamosmx.com\\\/?s={search_term_string}\"},\"query-input\":{\"@type\":\"PropertyValueSpecification\",\"valueRequired\":true,\"valueName\":\"search_term_string\"}}],\"inLanguage\":\"es\"},{\"@type\":\"Organization\",\"@id\":\"https:\\\/\\\/continuamosmx.com\\\/#organization\",\"name\":\"ContinuamosMX\",\"url\":\"https:\\\/\\\/continuamosmx.com\\\/\",\"logo\":{\"@type\":\"ImageObject\",\"inLanguage\":\"es\",\"@id\":\"https:\\\/\\\/continuamosmx.com\\\/#\\\/schema\\\/logo\\\/image\\\/\",\"url\":\"https:\\\/\\\/continuamosmx.com\\\/wp-content\\\/uploads\\\/2023\\\/04\\\/cropped-LOGO-CONTI-NUEVO.png\",\"contentUrl\":\"https:\\\/\\\/continuamosmx.com\\\/wp-content\\\/uploads\\\/2023\\\/04\\\/cropped-LOGO-CONTI-NUEVO.png\",\"width\":1257,\"height\":430,\"caption\":\"ContinuamosMX\"},\"image\":{\"@id\":\"https:\\\/\\\/continuamosmx.com\\\/#\\\/schema\\\/logo\\\/image\\\/\"}},{\"@type\":\"Person\",\"@id\":\"https:\\\/\\\/continuamosmx.com\\\/#\\\/schema\\\/person\\\/5eb5356acb1fad784da407d14f0e8d89\",\"name\":\"Continuamos MX\",\"image\":{\"@type\":\"ImageObject\",\"inLanguage\":\"es\",\"@id\":\"https:\\\/\\\/secure.gravatar.com\\\/avatar\\\/30d4f9723476a15f4da34d35fb3501f08d2357016c76051c6a85c354c7489589?s=96&d=mm&r=g\",\"url\":\"https:\\\/\\\/secure.gravatar.com\\\/avatar\\\/30d4f9723476a15f4da34d35fb3501f08d2357016c76051c6a85c354c7489589?s=96&d=mm&r=g\",\"contentUrl\":\"https:\\\/\\\/secure.gravatar.com\\\/avatar\\\/30d4f9723476a15f4da34d35fb3501f08d2357016c76051c6a85c354c7489589?s=96&d=mm&r=g\",\"caption\":\"Continuamos MX\"},\"sameAs\":[\"http:\\\/\\\/www.continuamos.mx\"],\"url\":\"https:\\\/\\\/continuamosmx.com\\\/index.php\\\/author\\\/continuamos\\\/\"}]}<\/script>\n<!-- \/ Yoast SEO plugin. -->","yoast_head_json":{"title":"SEM\u00c1FORO AMARILLO EDOMEX Y PRESUPUESTO 2022 -","robots":{"index":"index","follow":"follow","max-snippet":"max-snippet:-1","max-image-preview":"max-image-preview:large","max-video-preview":"max-video-preview:-1"},"canonical":"https:\/\/continuamosmx.com\/index.php\/2022\/01\/24\/semaforo-amarillo-edomex-y-presupuesto-2022\/","og_locale":"es_ES","og_type":"article","og_title":"SEM\u00c1FORO AMARILLO EDOMEX Y PRESUPUESTO 2022 -","og_description":"Muy muy, para tan tan\u00a0 Por Oscar Solorzano\u00a0 El COVID, la salud del presidente y el presupuesto del Estado de M\u00e9xico. Vuelve a ser el coronavirus un tema prioritario en el pa\u00eds, parece que \u00f3micron, la variante m\u00e1s reciente del virus, tiene una capacidad infecciosa superior a sus antecesoras, y que algunos comparan con otras [&hellip;]","og_url":"https:\/\/continuamosmx.com\/index.php\/2022\/01\/24\/semaforo-amarillo-edomex-y-presupuesto-2022\/","article_published_time":"2022-01-24T13:55:29+00:00","author":"Continuamos MX","twitter_card":"summary_large_image","twitter_misc":{"Escrito por":"Continuamos MX","Tiempo de lectura":"4 minutos"},"schema":{"@context":"https:\/\/schema.org","@graph":[{"@type":"Article","@id":"https:\/\/continuamosmx.com\/index.php\/2022\/01\/24\/semaforo-amarillo-edomex-y-presupuesto-2022\/#article","isPartOf":{"@id":"https:\/\/continuamosmx.com\/index.php\/2022\/01\/24\/semaforo-amarillo-edomex-y-presupuesto-2022\/"},"author":{"name":"Continuamos MX","@id":"https:\/\/continuamosmx.com\/#\/schema\/person\/5eb5356acb1fad784da407d14f0e8d89"},"headline":"SEM\u00c1FORO AMARILLO EDOMEX Y PRESUPUESTO 2022","datePublished":"2022-01-24T13:55:29+00:00","mainEntityOfPage":{"@id":"https:\/\/continuamosmx.com\/index.php\/2022\/01\/24\/semaforo-amarillo-edomex-y-presupuesto-2022\/"},"wordCount":771,"publisher":{"@id":"https:\/\/continuamosmx.com\/#organization"},"image":{"@id":"https:\/\/continuamosmx.com\/index.php\/2022\/01\/24\/semaforo-amarillo-edomex-y-presupuesto-2022\/#primaryimage"},"thumbnailUrl":"","articleSection":["ART\u00cdCULO DE CONTENIDO","COLUMNAS","EDOMEX"],"inLanguage":"es"},{"@type":"WebPage","@id":"https:\/\/continuamosmx.com\/index.php\/2022\/01\/24\/semaforo-amarillo-edomex-y-presupuesto-2022\/","url":"https:\/\/continuamosmx.com\/index.php\/2022\/01\/24\/semaforo-amarillo-edomex-y-presupuesto-2022\/","name":"SEM\u00c1FORO AMARILLO EDOMEX Y PRESUPUESTO 2022 -","isPartOf":{"@id":"https:\/\/continuamosmx.com\/#website"},"primaryImageOfPage":{"@id":"https:\/\/continuamosmx.com\/index.php\/2022\/01\/24\/semaforo-amarillo-edomex-y-presupuesto-2022\/#primaryimage"},"image":{"@id":"https:\/\/continuamosmx.com\/index.php\/2022\/01\/24\/semaforo-amarillo-edomex-y-presupuesto-2022\/#primaryimage"},"thumbnailUrl":"","datePublished":"2022-01-24T13:55:29+00:00","breadcrumb":{"@id":"https:\/\/continuamosmx.com\/index.php\/2022\/01\/24\/semaforo-amarillo-edomex-y-presupuesto-2022\/#breadcrumb"},"inLanguage":"es","potentialAction":[{"@type":"ReadAction","target":["https:\/\/continuamosmx.com\/index.php\/2022\/01\/24\/semaforo-amarillo-edomex-y-presupuesto-2022\/"]}]},{"@type":"ImageObject","inLanguage":"es","@id":"https:\/\/continuamosmx.com\/index.php\/2022\/01\/24\/semaforo-amarillo-edomex-y-presupuesto-2022\/#primaryimage","url":"","contentUrl":""},{"@type":"BreadcrumbList","@id":"https:\/\/continuamosmx.com\/index.php\/2022\/01\/24\/semaforo-amarillo-edomex-y-presupuesto-2022\/#breadcrumb","itemListElement":[{"@type":"ListItem","position":1,"name":"Inicio","item":"https:\/\/continuamosmx.com\/"},{"@type":"ListItem","position":2,"name":"SEM\u00c1FORO AMARILLO EDOMEX Y PRESUPUESTO 2022"}]},{"@type":"WebSite","@id":"https:\/\/continuamosmx.com\/#website","url":"https:\/\/continuamosmx.com\/","name":"www.continuamosmx.com","description":"","publisher":{"@id":"https:\/\/continuamosmx.com\/#organization"},"potentialAction":[{"@type":"SearchAction","target":{"@type":"EntryPoint","urlTemplate":"https:\/\/continuamosmx.com\/?s={search_term_string}"},"query-input":{"@type":"PropertyValueSpecification","valueRequired":true,"valueName":"search_term_string"}}],"inLanguage":"es"},{"@type":"Organization","@id":"https:\/\/continuamosmx.com\/#organization","name":"ContinuamosMX","url":"https:\/\/continuamosmx.com\/","logo":{"@type":"ImageObject","inLanguage":"es","@id":"https:\/\/continuamosmx.com\/#\/schema\/logo\/image\/","url":"https:\/\/continuamosmx.com\/wp-content\/uploads\/2023\/04\/cropped-LOGO-CONTI-NUEVO.png","contentUrl":"https:\/\/continuamosmx.com\/wp-content\/uploads\/2023\/04\/cropped-LOGO-CONTI-NUEVO.png","width":1257,"height":430,"caption":"ContinuamosMX"},"image":{"@id":"https:\/\/continuamosmx.com\/#\/schema\/logo\/image\/"}},{"@type":"Person","@id":"https:\/\/continuamosmx.com\/#\/schema\/person\/5eb5356acb1fad784da407d14f0e8d89","name":"Continuamos MX","image":{"@type":"ImageObject","inLanguage":"es","@id":"https:\/\/secure.gravatar.com\/avatar\/30d4f9723476a15f4da34d35fb3501f08d2357016c76051c6a85c354c7489589?s=96&d=mm&r=g","url":"https:\/\/secure.gravatar.com\/avatar\/30d4f9723476a15f4da34d35fb3501f08d2357016c76051c6a85c354c7489589?s=96&d=mm&r=g","contentUrl":"https:\/\/secure.gravatar.com\/avatar\/30d4f9723476a15f4da34d35fb3501f08d2357016c76051c6a85c354c7489589?s=96&d=mm&r=g","caption":"Continuamos MX"},"sameAs":["http:\/\/www.continuamos.mx"],"url":"https:\/\/continuamosmx.com\/index.php\/author\/continuamos\/"}]}},"_links":{"self":[{"href":"https:\/\/continuamosmx.com\/index.php\/wp-json\/wp\/v2\/posts\/43571","targetHints":{"allow":["GET"]}}],"collection":[{"href":"https:\/\/continuamosmx.com\/index.php\/wp-json\/wp\/v2\/posts"}],"about":[{"href":"https:\/\/continuamosmx.com\/index.php\/wp-json\/wp\/v2\/types\/post"}],"author":[{"embeddable":true,"href":"https:\/\/continuamosmx.com\/index.php\/wp-json\/wp\/v2\/users\/6"}],"replies":[{"embeddable":true,"href":"https:\/\/continuamosmx.com\/index.php\/wp-json\/wp\/v2\/comments?post=43571"}],"version-history":[{"count":0,"href":"https:\/\/continuamosmx.com\/index.php\/wp-json\/wp\/v2\/posts\/43571\/revisions"}],"wp:featuredmedia":[{"embeddable":true,"href":"https:\/\/continuamosmx.com\/index.php\/wp-json\/wp\/v2\/menu-items\/33051"}],"wp:attachment":[{"href":"https:\/\/continuamosmx.com\/index.php\/wp-json\/wp\/v2\/media?parent=43571"}],"wp:term":[{"taxonomy":"category","embeddable":true,"href":"https:\/\/continuamosmx.com\/index.php\/wp-json\/wp\/v2\/categories?post=43571"},{"taxonomy":"post_tag","embeddable":true,"href":"https:\/\/continuamosmx.com\/index.php\/wp-json\/wp\/v2\/tags?post=43571"}],"curies":[{"name":"wp","href":"https:\/\/api.w.org\/{rel}","templated":true}]}}