{"id":43570,"date":"2022-01-24T13:52:00","date_gmt":"2022-01-24T13:52:00","guid":{"rendered":"https:\/\/continuamos.mx\/?p=33047"},"modified":"2022-01-24T13:52:00","modified_gmt":"2022-01-24T13:52:00","slug":"se-mantienen-clases-presenciales-en-atizapan-de-zaragoza","status":"publish","type":"post","link":"https:\/\/continuamosmx.com\/index.php\/2022\/01\/24\/se-mantienen-clases-presenciales-en-atizapan-de-zaragoza\/","title":{"rendered":"SE MANTIENEN CLASES PRESENCIALES EN ATIZAP\u00c1N DE ZARAGOZA"},"content":{"rendered":"\n<p>.- <strong>Tras el cambio de Sem\u00e1foro Epidemiol\u00f3gico a Amarillo, el Gobierno de Atizap\u00e1n de Zaragoza informa que se apegar\u00e1 a la estrategia de operaci\u00f3n del ciclo escolar 2021-2022 impulsada por la Secretar\u00eda de Educaci\u00f3n del Estado de M\u00e9xico.<\/strong><\/p>\n\n\n\n<p>ATIZAP\u00c1N DE ZARAGOZA, M\u00e9x.- En Atizap\u00e1n de Zaragoza se mantendr\u00e1n las clases presenciales en las instituciones educativas, inform\u00f3 el Alcalde Pedro Rodr\u00edguez Villegas.<\/p>\n\n\n\n<p>Para hacer frente al cambio de Sem\u00e1foro Epidemiol\u00f3gico, el Gobierno Municipal de Atizap\u00e1n de Zaragoza hace un llamado a padres de familia y autoridades escolares a reforzar las medidas sanitarias.&nbsp;<\/p>\n\n\n\n<p>El uso de cubrebocas ser\u00e1 obligatorio, el lavado de manos, el uso de gel antibacterial, el estornudo de etiqueta, y el respeto a la sana distancia ser\u00e1n permanentes.&nbsp;<\/p>\n\n\n\n<p>Como lo ha instruido el Gobernador del Estado de M\u00e9xico, Alfredo del Mazo, los Gobiernos Municipales trabajar\u00e1n de manera coordinada con las Jurisdicciones Sanitarias Estatales para atender casos sospechosos de COVID-19 al interior de las escuelas.<\/p>\n","protected":false},"excerpt":{"rendered":"<p>.- Tras el cambio de Sem\u00e1foro Epidemiol\u00f3gico a Amarillo, el Gobierno de Atizap\u00e1n de Zaragoza informa que se apegar\u00e1 a la estrategia de operaci\u00f3n del ciclo escolar 2021-2022 impulsada por la Secretar\u00eda de Educaci\u00f3n del Estado de M\u00e9xico. ATIZAP\u00c1N DE ZARAGOZA, M\u00e9x.- En Atizap\u00e1n de Zaragoza se mantendr\u00e1n las clases presenciales en las instituciones educativas, [&hellip;]<\/p>\n","protected":false},"author":6,"featured_media":33048,"comment_status":"closed","ping_status":"open","sticky":false,"template":"","format":"standard","meta":{"footnotes":""},"categories":[20,4],"tags":[],"class_list":["post-43570","post","type-post","status-publish","format-standard","has-post-thumbnail","hentry","category-atizapan-de-zaragoza","category-locales"],"yoast_head":"<!-- This site is optimized with the Yoast SEO plugin v27.5 - https:\/\/yoast.com\/product\/yoast-seo-wordpress\/ -->\n<title>SE MANTIENEN CLASES PRESENCIALES EN ATIZAP\u00c1N DE ZARAGOZA -<\/title>\n<meta name=\"robots\" content=\"index, follow, max-snippet:-1, max-image-preview:large, max-video-preview:-1\" \/>\n<link rel=\"canonical\" href=\"https:\/\/continuamosmx.com\/index.php\/2022\/01\/24\/se-mantienen-clases-presenciales-en-atizapan-de-zaragoza\/\" \/>\n<meta property=\"og:locale\" content=\"es_ES\" \/>\n<meta property=\"og:type\" content=\"article\" \/>\n<meta property=\"og:title\" content=\"SE MANTIENEN CLASES PRESENCIALES EN ATIZAP\u00c1N DE ZARAGOZA -\" \/>\n<meta property=\"og:description\" content=\".- Tras el cambio de Sem\u00e1foro Epidemiol\u00f3gico a Amarillo, el Gobierno de Atizap\u00e1n de Zaragoza informa que se apegar\u00e1 a la estrategia de operaci\u00f3n del ciclo escolar 2021-2022 impulsada por la Secretar\u00eda de Educaci\u00f3n del Estado de M\u00e9xico. ATIZAP\u00c1N DE ZARAGOZA, M\u00e9x.- En Atizap\u00e1n de Zaragoza se mantendr\u00e1n las clases presenciales en las instituciones educativas, [&hellip;]\" \/>\n<meta property=\"og:url\" content=\"https:\/\/continuamosmx.com\/index.php\/2022\/01\/24\/se-mantienen-clases-presenciales-en-atizapan-de-zaragoza\/\" \/>\n<meta property=\"article:published_time\" content=\"2022-01-24T13:52:00+00:00\" \/>\n<meta name=\"author\" content=\"Continuamos MX\" \/>\n<meta name=\"twitter:card\" content=\"summary_large_image\" \/>\n<meta name=\"twitter:label1\" content=\"Escrito por\" \/>\n\t<meta name=\"twitter:data1\" content=\"Continuamos MX\" \/>\n\t<meta name=\"twitter:label2\" content=\"Tiempo de lectura\" \/>\n\t<meta name=\"twitter:data2\" content=\"1 minuto\" \/>\n<script type=\"application\/ld+json\" class=\"yoast-schema-graph\">{\"@context\":\"https:\\\/\\\/schema.org\",\"@graph\":[{\"@type\":\"Article\",\"@id\":\"https:\\\/\\\/continuamosmx.com\\\/index.php\\\/2022\\\/01\\\/24\\\/se-mantienen-clases-presenciales-en-atizapan-de-zaragoza\\\/#article\",\"isPartOf\":{\"@id\":\"https:\\\/\\\/continuamosmx.com\\\/index.php\\\/2022\\\/01\\\/24\\\/se-mantienen-clases-presenciales-en-atizapan-de-zaragoza\\\/\"},\"author\":{\"name\":\"Continuamos MX\",\"@id\":\"https:\\\/\\\/continuamosmx.com\\\/#\\\/schema\\\/person\\\/5eb5356acb1fad784da407d14f0e8d89\"},\"headline\":\"SE MANTIENEN CLASES PRESENCIALES EN ATIZAP\u00c1N DE ZARAGOZA\",\"datePublished\":\"2022-01-24T13:52:00+00:00\",\"mainEntityOfPage\":{\"@id\":\"https:\\\/\\\/continuamosmx.com\\\/index.php\\\/2022\\\/01\\\/24\\\/se-mantienen-clases-presenciales-en-atizapan-de-zaragoza\\\/\"},\"wordCount\":185,\"publisher\":{\"@id\":\"https:\\\/\\\/continuamosmx.com\\\/#organization\"},\"image\":{\"@id\":\"https:\\\/\\\/continuamosmx.com\\\/index.php\\\/2022\\\/01\\\/24\\\/se-mantienen-clases-presenciales-en-atizapan-de-zaragoza\\\/#primaryimage\"},\"thumbnailUrl\":\"\",\"articleSection\":[\"ATIZAPAN DE ZARAGOZA\",\"LOCALES\"],\"inLanguage\":\"es\"},{\"@type\":\"WebPage\",\"@id\":\"https:\\\/\\\/continuamosmx.com\\\/index.php\\\/2022\\\/01\\\/24\\\/se-mantienen-clases-presenciales-en-atizapan-de-zaragoza\\\/\",\"url\":\"https:\\\/\\\/continuamosmx.com\\\/index.php\\\/2022\\\/01\\\/24\\\/se-mantienen-clases-presenciales-en-atizapan-de-zaragoza\\\/\",\"name\":\"SE MANTIENEN CLASES PRESENCIALES EN ATIZAP\u00c1N DE ZARAGOZA -\",\"isPartOf\":{\"@id\":\"https:\\\/\\\/continuamosmx.com\\\/#website\"},\"primaryImageOfPage\":{\"@id\":\"https:\\\/\\\/continuamosmx.com\\\/index.php\\\/2022\\\/01\\\/24\\\/se-mantienen-clases-presenciales-en-atizapan-de-zaragoza\\\/#primaryimage\"},\"image\":{\"@id\":\"https:\\\/\\\/continuamosmx.com\\\/index.php\\\/2022\\\/01\\\/24\\\/se-mantienen-clases-presenciales-en-atizapan-de-zaragoza\\\/#primaryimage\"},\"thumbnailUrl\":\"\",\"datePublished\":\"2022-01-24T13:52:00+00:00\",\"breadcrumb\":{\"@id\":\"https:\\\/\\\/continuamosmx.com\\\/index.php\\\/2022\\\/01\\\/24\\\/se-mantienen-clases-presenciales-en-atizapan-de-zaragoza\\\/#breadcrumb\"},\"inLanguage\":\"es\",\"potentialAction\":[{\"@type\":\"ReadAction\",\"target\":[\"https:\\\/\\\/continuamosmx.com\\\/index.php\\\/2022\\\/01\\\/24\\\/se-mantienen-clases-presenciales-en-atizapan-de-zaragoza\\\/\"]}]},{\"@type\":\"ImageObject\",\"inLanguage\":\"es\",\"@id\":\"https:\\\/\\\/continuamosmx.com\\\/index.php\\\/2022\\\/01\\\/24\\\/se-mantienen-clases-presenciales-en-atizapan-de-zaragoza\\\/#primaryimage\",\"url\":\"\",\"contentUrl\":\"\"},{\"@type\":\"BreadcrumbList\",\"@id\":\"https:\\\/\\\/continuamosmx.com\\\/index.php\\\/2022\\\/01\\\/24\\\/se-mantienen-clases-presenciales-en-atizapan-de-zaragoza\\\/#breadcrumb\",\"itemListElement\":[{\"@type\":\"ListItem\",\"position\":1,\"name\":\"Inicio\",\"item\":\"https:\\\/\\\/continuamosmx.com\\\/\"},{\"@type\":\"ListItem\",\"position\":2,\"name\":\"SE MANTIENEN CLASES PRESENCIALES EN ATIZAP\u00c1N DE ZARAGOZA\"}]},{\"@type\":\"WebSite\",\"@id\":\"https:\\\/\\\/continuamosmx.com\\\/#website\",\"url\":\"https:\\\/\\\/continuamosmx.com\\\/\",\"name\":\"www.continuamosmx.com\",\"description\":\"\",\"publisher\":{\"@id\":\"https:\\\/\\\/continuamosmx.com\\\/#organization\"},\"potentialAction\":[{\"@type\":\"SearchAction\",\"target\":{\"@type\":\"EntryPoint\",\"urlTemplate\":\"https:\\\/\\\/continuamosmx.com\\\/?s={search_term_string}\"},\"query-input\":{\"@type\":\"PropertyValueSpecification\",\"valueRequired\":true,\"valueName\":\"search_term_string\"}}],\"inLanguage\":\"es\"},{\"@type\":\"Organization\",\"@id\":\"https:\\\/\\\/continuamosmx.com\\\/#organization\",\"name\":\"ContinuamosMX\",\"url\":\"https:\\\/\\\/continuamosmx.com\\\/\",\"logo\":{\"@type\":\"ImageObject\",\"inLanguage\":\"es\",\"@id\":\"https:\\\/\\\/continuamosmx.com\\\/#\\\/schema\\\/logo\\\/image\\\/\",\"url\":\"https:\\\/\\\/continuamosmx.com\\\/wp-content\\\/uploads\\\/2023\\\/04\\\/cropped-LOGO-CONTI-NUEVO.png\",\"contentUrl\":\"https:\\\/\\\/continuamosmx.com\\\/wp-content\\\/uploads\\\/2023\\\/04\\\/cropped-LOGO-CONTI-NUEVO.png\",\"width\":1257,\"height\":430,\"caption\":\"ContinuamosMX\"},\"image\":{\"@id\":\"https:\\\/\\\/continuamosmx.com\\\/#\\\/schema\\\/logo\\\/image\\\/\"}},{\"@type\":\"Person\",\"@id\":\"https:\\\/\\\/continuamosmx.com\\\/#\\\/schema\\\/person\\\/5eb5356acb1fad784da407d14f0e8d89\",\"name\":\"Continuamos MX\",\"image\":{\"@type\":\"ImageObject\",\"inLanguage\":\"es\",\"@id\":\"https:\\\/\\\/secure.gravatar.com\\\/avatar\\\/30d4f9723476a15f4da34d35fb3501f08d2357016c76051c6a85c354c7489589?s=96&d=mm&r=g\",\"url\":\"https:\\\/\\\/secure.gravatar.com\\\/avatar\\\/30d4f9723476a15f4da34d35fb3501f08d2357016c76051c6a85c354c7489589?s=96&d=mm&r=g\",\"contentUrl\":\"https:\\\/\\\/secure.gravatar.com\\\/avatar\\\/30d4f9723476a15f4da34d35fb3501f08d2357016c76051c6a85c354c7489589?s=96&d=mm&r=g\",\"caption\":\"Continuamos MX\"},\"sameAs\":[\"http:\\\/\\\/www.continuamos.mx\"],\"url\":\"https:\\\/\\\/continuamosmx.com\\\/index.php\\\/author\\\/continuamos\\\/\"}]}<\/script>\n<!-- \/ Yoast SEO plugin. -->","yoast_head_json":{"title":"SE MANTIENEN CLASES PRESENCIALES EN ATIZAP\u00c1N DE ZARAGOZA -","robots":{"index":"index","follow":"follow","max-snippet":"max-snippet:-1","max-image-preview":"max-image-preview:large","max-video-preview":"max-video-preview:-1"},"canonical":"https:\/\/continuamosmx.com\/index.php\/2022\/01\/24\/se-mantienen-clases-presenciales-en-atizapan-de-zaragoza\/","og_locale":"es_ES","og_type":"article","og_title":"SE MANTIENEN CLASES PRESENCIALES EN ATIZAP\u00c1N DE ZARAGOZA -","og_description":".- Tras el cambio de Sem\u00e1foro Epidemiol\u00f3gico a Amarillo, el Gobierno de Atizap\u00e1n de Zaragoza informa que se apegar\u00e1 a la estrategia de operaci\u00f3n del ciclo escolar 2021-2022 impulsada por la Secretar\u00eda de Educaci\u00f3n del Estado de M\u00e9xico. ATIZAP\u00c1N DE ZARAGOZA, M\u00e9x.- En Atizap\u00e1n de Zaragoza se mantendr\u00e1n las clases presenciales en las instituciones educativas, [&hellip;]","og_url":"https:\/\/continuamosmx.com\/index.php\/2022\/01\/24\/se-mantienen-clases-presenciales-en-atizapan-de-zaragoza\/","article_published_time":"2022-01-24T13:52:00+00:00","author":"Continuamos MX","twitter_card":"summary_large_image","twitter_misc":{"Escrito por":"Continuamos MX","Tiempo de lectura":"1 minuto"},"schema":{"@context":"https:\/\/schema.org","@graph":[{"@type":"Article","@id":"https:\/\/continuamosmx.com\/index.php\/2022\/01\/24\/se-mantienen-clases-presenciales-en-atizapan-de-zaragoza\/#article","isPartOf":{"@id":"https:\/\/continuamosmx.com\/index.php\/2022\/01\/24\/se-mantienen-clases-presenciales-en-atizapan-de-zaragoza\/"},"author":{"name":"Continuamos MX","@id":"https:\/\/continuamosmx.com\/#\/schema\/person\/5eb5356acb1fad784da407d14f0e8d89"},"headline":"SE MANTIENEN CLASES PRESENCIALES EN ATIZAP\u00c1N DE ZARAGOZA","datePublished":"2022-01-24T13:52:00+00:00","mainEntityOfPage":{"@id":"https:\/\/continuamosmx.com\/index.php\/2022\/01\/24\/se-mantienen-clases-presenciales-en-atizapan-de-zaragoza\/"},"wordCount":185,"publisher":{"@id":"https:\/\/continuamosmx.com\/#organization"},"image":{"@id":"https:\/\/continuamosmx.com\/index.php\/2022\/01\/24\/se-mantienen-clases-presenciales-en-atizapan-de-zaragoza\/#primaryimage"},"thumbnailUrl":"","articleSection":["ATIZAPAN DE ZARAGOZA","LOCALES"],"inLanguage":"es"},{"@type":"WebPage","@id":"https:\/\/continuamosmx.com\/index.php\/2022\/01\/24\/se-mantienen-clases-presenciales-en-atizapan-de-zaragoza\/","url":"https:\/\/continuamosmx.com\/index.php\/2022\/01\/24\/se-mantienen-clases-presenciales-en-atizapan-de-zaragoza\/","name":"SE MANTIENEN CLASES PRESENCIALES EN ATIZAP\u00c1N DE ZARAGOZA -","isPartOf":{"@id":"https:\/\/continuamosmx.com\/#website"},"primaryImageOfPage":{"@id":"https:\/\/continuamosmx.com\/index.php\/2022\/01\/24\/se-mantienen-clases-presenciales-en-atizapan-de-zaragoza\/#primaryimage"},"image":{"@id":"https:\/\/continuamosmx.com\/index.php\/2022\/01\/24\/se-mantienen-clases-presenciales-en-atizapan-de-zaragoza\/#primaryimage"},"thumbnailUrl":"","datePublished":"2022-01-24T13:52:00+00:00","breadcrumb":{"@id":"https:\/\/continuamosmx.com\/index.php\/2022\/01\/24\/se-mantienen-clases-presenciales-en-atizapan-de-zaragoza\/#breadcrumb"},"inLanguage":"es","potentialAction":[{"@type":"ReadAction","target":["https:\/\/continuamosmx.com\/index.php\/2022\/01\/24\/se-mantienen-clases-presenciales-en-atizapan-de-zaragoza\/"]}]},{"@type":"ImageObject","inLanguage":"es","@id":"https:\/\/continuamosmx.com\/index.php\/2022\/01\/24\/se-mantienen-clases-presenciales-en-atizapan-de-zaragoza\/#primaryimage","url":"","contentUrl":""},{"@type":"BreadcrumbList","@id":"https:\/\/continuamosmx.com\/index.php\/2022\/01\/24\/se-mantienen-clases-presenciales-en-atizapan-de-zaragoza\/#breadcrumb","itemListElement":[{"@type":"ListItem","position":1,"name":"Inicio","item":"https:\/\/continuamosmx.com\/"},{"@type":"ListItem","position":2,"name":"SE MANTIENEN CLASES PRESENCIALES EN ATIZAP\u00c1N DE ZARAGOZA"}]},{"@type":"WebSite","@id":"https:\/\/continuamosmx.com\/#website","url":"https:\/\/continuamosmx.com\/","name":"www.continuamosmx.com","description":"","publisher":{"@id":"https:\/\/continuamosmx.com\/#organization"},"potentialAction":[{"@type":"SearchAction","target":{"@type":"EntryPoint","urlTemplate":"https:\/\/continuamosmx.com\/?s={search_term_string}"},"query-input":{"@type":"PropertyValueSpecification","valueRequired":true,"valueName":"search_term_string"}}],"inLanguage":"es"},{"@type":"Organization","@id":"https:\/\/continuamosmx.com\/#organization","name":"ContinuamosMX","url":"https:\/\/continuamosmx.com\/","logo":{"@type":"ImageObject","inLanguage":"es","@id":"https:\/\/continuamosmx.com\/#\/schema\/logo\/image\/","url":"https:\/\/continuamosmx.com\/wp-content\/uploads\/2023\/04\/cropped-LOGO-CONTI-NUEVO.png","contentUrl":"https:\/\/continuamosmx.com\/wp-content\/uploads\/2023\/04\/cropped-LOGO-CONTI-NUEVO.png","width":1257,"height":430,"caption":"ContinuamosMX"},"image":{"@id":"https:\/\/continuamosmx.com\/#\/schema\/logo\/image\/"}},{"@type":"Person","@id":"https:\/\/continuamosmx.com\/#\/schema\/person\/5eb5356acb1fad784da407d14f0e8d89","name":"Continuamos MX","image":{"@type":"ImageObject","inLanguage":"es","@id":"https:\/\/secure.gravatar.com\/avatar\/30d4f9723476a15f4da34d35fb3501f08d2357016c76051c6a85c354c7489589?s=96&d=mm&r=g","url":"https:\/\/secure.gravatar.com\/avatar\/30d4f9723476a15f4da34d35fb3501f08d2357016c76051c6a85c354c7489589?s=96&d=mm&r=g","contentUrl":"https:\/\/secure.gravatar.com\/avatar\/30d4f9723476a15f4da34d35fb3501f08d2357016c76051c6a85c354c7489589?s=96&d=mm&r=g","caption":"Continuamos MX"},"sameAs":["http:\/\/www.continuamos.mx"],"url":"https:\/\/continuamosmx.com\/index.php\/author\/continuamos\/"}]}},"_links":{"self":[{"href":"https:\/\/continuamosmx.com\/index.php\/wp-json\/wp\/v2\/posts\/43570","targetHints":{"allow":["GET"]}}],"collection":[{"href":"https:\/\/continuamosmx.com\/index.php\/wp-json\/wp\/v2\/posts"}],"about":[{"href":"https:\/\/continuamosmx.com\/index.php\/wp-json\/wp\/v2\/types\/post"}],"author":[{"embeddable":true,"href":"https:\/\/continuamosmx.com\/index.php\/wp-json\/wp\/v2\/users\/6"}],"replies":[{"embeddable":true,"href":"https:\/\/continuamosmx.com\/index.php\/wp-json\/wp\/v2\/comments?post=43570"}],"version-history":[{"count":0,"href":"https:\/\/continuamosmx.com\/index.php\/wp-json\/wp\/v2\/posts\/43570\/revisions"}],"wp:featuredmedia":[{"embeddable":true,"href":"https:\/\/continuamosmx.com\/index.php\/wp-json\/wp\/v2\/menu-items\/33048"}],"wp:attachment":[{"href":"https:\/\/continuamosmx.com\/index.php\/wp-json\/wp\/v2\/media?parent=43570"}],"wp:term":[{"taxonomy":"category","embeddable":true,"href":"https:\/\/continuamosmx.com\/index.php\/wp-json\/wp\/v2\/categories?post=43570"},{"taxonomy":"post_tag","embeddable":true,"href":"https:\/\/continuamosmx.com\/index.php\/wp-json\/wp\/v2\/tags?post=43570"}],"curies":[{"name":"wp","href":"https:\/\/api.w.org\/{rel}","templated":true}]}}