{"id":43567,"date":"2022-01-24T09:34:09","date_gmt":"2022-01-24T09:34:09","guid":{"rendered":"https:\/\/continuamos.mx\/?p=33038"},"modified":"2022-01-24T09:34:09","modified_gmt":"2022-01-24T09:34:09","slug":"otra-vez-a-semaforo-amarillo","status":"publish","type":"post","link":"https:\/\/continuamosmx.com\/index.php\/2022\/01\/24\/otra-vez-a-semaforo-amarillo\/","title":{"rendered":"\u00a1OTRA VEZ A SEM\u00c1FORO AMARILLO!"},"content":{"rendered":"\n<p>.- <strong>Tal retr<\/strong>oceso significa tambi\u00e9n la nula capacidad de la autoridad para reducir el problema<\/p>\n\n\n\n<p>.- .-<strong> Llama nuevamente la secretar\u00eda General de Gobierno a Municipios a cerrar filas contra contagios y eficientar protocolos<\/strong><\/p>\n\n\n\n<p>VALLE DE MEXICO.- A partir de hoy de acuerdo a lo anunciado por el gobernador Alfredo del Mazo Maza, la entidad regresar\u00e1 a sem\u00e1foro amarillo epidemiol\u00f3gico, debido al gran n\u00famero de contagios que se han dado por la pandemia, en especial por la variante \u00d3micr\u00f3n, que ha elevado tambi\u00e9n el n\u00famero de decesos a nivel nacional, donde&nbsp; de manera oficial ya se rebasan los 303 mil muertos a causa de \u00e9ste virus.<\/p>\n\n\n\n<p>Por otro lado, Ernesto Nemer, secretario de Gobierno y encargado de la pol\u00edtica interior llam\u00f3 a los ediles a cerrar filas y aplicar los protocolos de sanidad, as\u00ed como la reducci\u00f3n al 50 por ciento de los foros p\u00fablicos, algo que llama la atenci\u00f3n, porque pareciera que tales exhortos pasan de largo por parte de los ediles, que tampoco han hecho lo necesario para resguardar a la poblaci\u00f3n, ni tampoco les han dado herramientas necesarias a la sociedad para enfrentar el problema.<\/p>\n\n\n\n<p>Cabe destacar que el sector educativo tambi\u00e9n se ha pronunciado y no cerrar\u00e1 centros educativos, por lo que s\u00f3lo hicieron un llamado a aplicarse en las medidas protocolarias, aunque el apoyo para paterfamilias no suceda, dado que \u00e9stos siguen asumiendo el costo de dichos protocolos, es decir, el gel antibacterial y cubrebocas, as\u00ed como el aseo de aulas, tan s\u00f3lo por citar algunos.<\/p>\n\n\n\n<p>Aunque tambi\u00e9n resalta el hecho de que ya hay poco m\u00e1s de 50 centros escolares en la entidad que han cerrado sus puertas por los contagios y han vuelto a las clases por l\u00ednea, dado a que los padres de familia se han negado a llevar a sus hijos a las escuelas para las clases presenciales, por lo tanto, tal situaci\u00f3n se encuentra en la decisi\u00f3n de padres de familia y no precisamente de las autoridades que tampcoo hacen m\u00e1s por asistir a la poblaci\u00f3n.<\/p>\n\n\n\n<p>A la fecha no se ha hecho m\u00e1s por parte de ning\u00fan nivel de autoridad, quienes tan s\u00f3lo le siguen&nbsp; apostando a la vacunaci\u00f3n y no emplean ni aplican estrategias o acciones que ayuden a contener y enfrentar el problema, por lo tanto el regreso a sem\u00e1foro amarillo es tambi\u00e9n un regreso a esa ineptitud o insensibilidad demostrada por la autoridad que ya recarga la responsabilidad en la sociedad, sin que haga algo para fortalecer la cultura de la prevenci\u00f3n.<\/p>\n","protected":false},"excerpt":{"rendered":"<p>.- Tal retroceso significa tambi\u00e9n la nula capacidad de la autoridad para reducir el problema .- .- Llama nuevamente la secretar\u00eda General de Gobierno a Municipios a cerrar filas contra contagios y eficientar protocolos VALLE DE MEXICO.- A partir de hoy de acuerdo a lo anunciado por el gobernador Alfredo del Mazo Maza, la entidad [&hellip;]<\/p>\n","protected":false},"author":6,"featured_media":33039,"comment_status":"closed","ping_status":"open","sticky":false,"template":"","format":"standard","meta":{"footnotes":""},"categories":[2],"tags":[],"class_list":["post-43567","post","type-post","status-publish","format-standard","has-post-thumbnail","hentry","category-edomex"],"yoast_head":"<!-- This site is optimized with the Yoast SEO plugin v27.5 - https:\/\/yoast.com\/product\/yoast-seo-wordpress\/ -->\n<title>\u00a1OTRA VEZ A SEM\u00c1FORO AMARILLO! -<\/title>\n<meta name=\"robots\" content=\"index, follow, max-snippet:-1, max-image-preview:large, max-video-preview:-1\" \/>\n<link rel=\"canonical\" href=\"https:\/\/continuamosmx.com\/index.php\/2022\/01\/24\/otra-vez-a-semaforo-amarillo\/\" \/>\n<meta property=\"og:locale\" content=\"es_ES\" \/>\n<meta property=\"og:type\" content=\"article\" \/>\n<meta property=\"og:title\" content=\"\u00a1OTRA VEZ A SEM\u00c1FORO AMARILLO! -\" \/>\n<meta property=\"og:description\" content=\".- Tal retroceso significa tambi\u00e9n la nula capacidad de la autoridad para reducir el problema .- .- Llama nuevamente la secretar\u00eda General de Gobierno a Municipios a cerrar filas contra contagios y eficientar protocolos VALLE DE MEXICO.- A partir de hoy de acuerdo a lo anunciado por el gobernador Alfredo del Mazo Maza, la entidad [&hellip;]\" \/>\n<meta property=\"og:url\" content=\"https:\/\/continuamosmx.com\/index.php\/2022\/01\/24\/otra-vez-a-semaforo-amarillo\/\" \/>\n<meta property=\"article:published_time\" content=\"2022-01-24T09:34:09+00:00\" \/>\n<meta name=\"author\" content=\"Continuamos MX\" \/>\n<meta name=\"twitter:card\" content=\"summary_large_image\" \/>\n<meta name=\"twitter:label1\" content=\"Escrito por\" \/>\n\t<meta name=\"twitter:data1\" content=\"Continuamos MX\" \/>\n\t<meta name=\"twitter:label2\" content=\"Tiempo de lectura\" \/>\n\t<meta name=\"twitter:data2\" content=\"2 minutos\" \/>\n<script type=\"application\/ld+json\" class=\"yoast-schema-graph\">{\"@context\":\"https:\\\/\\\/schema.org\",\"@graph\":[{\"@type\":\"Article\",\"@id\":\"https:\\\/\\\/continuamosmx.com\\\/index.php\\\/2022\\\/01\\\/24\\\/otra-vez-a-semaforo-amarillo\\\/#article\",\"isPartOf\":{\"@id\":\"https:\\\/\\\/continuamosmx.com\\\/index.php\\\/2022\\\/01\\\/24\\\/otra-vez-a-semaforo-amarillo\\\/\"},\"author\":{\"name\":\"Continuamos MX\",\"@id\":\"https:\\\/\\\/continuamosmx.com\\\/#\\\/schema\\\/person\\\/5eb5356acb1fad784da407d14f0e8d89\"},\"headline\":\"\u00a1OTRA VEZ A SEM\u00c1FORO AMARILLO!\",\"datePublished\":\"2022-01-24T09:34:09+00:00\",\"mainEntityOfPage\":{\"@id\":\"https:\\\/\\\/continuamosmx.com\\\/index.php\\\/2022\\\/01\\\/24\\\/otra-vez-a-semaforo-amarillo\\\/\"},\"wordCount\":452,\"publisher\":{\"@id\":\"https:\\\/\\\/continuamosmx.com\\\/#organization\"},\"image\":{\"@id\":\"https:\\\/\\\/continuamosmx.com\\\/index.php\\\/2022\\\/01\\\/24\\\/otra-vez-a-semaforo-amarillo\\\/#primaryimage\"},\"thumbnailUrl\":\"\",\"articleSection\":[\"EDOMEX\"],\"inLanguage\":\"es\"},{\"@type\":\"WebPage\",\"@id\":\"https:\\\/\\\/continuamosmx.com\\\/index.php\\\/2022\\\/01\\\/24\\\/otra-vez-a-semaforo-amarillo\\\/\",\"url\":\"https:\\\/\\\/continuamosmx.com\\\/index.php\\\/2022\\\/01\\\/24\\\/otra-vez-a-semaforo-amarillo\\\/\",\"name\":\"\u00a1OTRA VEZ A SEM\u00c1FORO AMARILLO! -\",\"isPartOf\":{\"@id\":\"https:\\\/\\\/continuamosmx.com\\\/#website\"},\"primaryImageOfPage\":{\"@id\":\"https:\\\/\\\/continuamosmx.com\\\/index.php\\\/2022\\\/01\\\/24\\\/otra-vez-a-semaforo-amarillo\\\/#primaryimage\"},\"image\":{\"@id\":\"https:\\\/\\\/continuamosmx.com\\\/index.php\\\/2022\\\/01\\\/24\\\/otra-vez-a-semaforo-amarillo\\\/#primaryimage\"},\"thumbnailUrl\":\"\",\"datePublished\":\"2022-01-24T09:34:09+00:00\",\"breadcrumb\":{\"@id\":\"https:\\\/\\\/continuamosmx.com\\\/index.php\\\/2022\\\/01\\\/24\\\/otra-vez-a-semaforo-amarillo\\\/#breadcrumb\"},\"inLanguage\":\"es\",\"potentialAction\":[{\"@type\":\"ReadAction\",\"target\":[\"https:\\\/\\\/continuamosmx.com\\\/index.php\\\/2022\\\/01\\\/24\\\/otra-vez-a-semaforo-amarillo\\\/\"]}]},{\"@type\":\"ImageObject\",\"inLanguage\":\"es\",\"@id\":\"https:\\\/\\\/continuamosmx.com\\\/index.php\\\/2022\\\/01\\\/24\\\/otra-vez-a-semaforo-amarillo\\\/#primaryimage\",\"url\":\"\",\"contentUrl\":\"\"},{\"@type\":\"BreadcrumbList\",\"@id\":\"https:\\\/\\\/continuamosmx.com\\\/index.php\\\/2022\\\/01\\\/24\\\/otra-vez-a-semaforo-amarillo\\\/#breadcrumb\",\"itemListElement\":[{\"@type\":\"ListItem\",\"position\":1,\"name\":\"Inicio\",\"item\":\"https:\\\/\\\/continuamosmx.com\\\/\"},{\"@type\":\"ListItem\",\"position\":2,\"name\":\"\u00a1OTRA VEZ A SEM\u00c1FORO AMARILLO!\"}]},{\"@type\":\"WebSite\",\"@id\":\"https:\\\/\\\/continuamosmx.com\\\/#website\",\"url\":\"https:\\\/\\\/continuamosmx.com\\\/\",\"name\":\"www.continuamosmx.com\",\"description\":\"\",\"publisher\":{\"@id\":\"https:\\\/\\\/continuamosmx.com\\\/#organization\"},\"potentialAction\":[{\"@type\":\"SearchAction\",\"target\":{\"@type\":\"EntryPoint\",\"urlTemplate\":\"https:\\\/\\\/continuamosmx.com\\\/?s={search_term_string}\"},\"query-input\":{\"@type\":\"PropertyValueSpecification\",\"valueRequired\":true,\"valueName\":\"search_term_string\"}}],\"inLanguage\":\"es\"},{\"@type\":\"Organization\",\"@id\":\"https:\\\/\\\/continuamosmx.com\\\/#organization\",\"name\":\"ContinuamosMX\",\"url\":\"https:\\\/\\\/continuamosmx.com\\\/\",\"logo\":{\"@type\":\"ImageObject\",\"inLanguage\":\"es\",\"@id\":\"https:\\\/\\\/continuamosmx.com\\\/#\\\/schema\\\/logo\\\/image\\\/\",\"url\":\"https:\\\/\\\/continuamosmx.com\\\/wp-content\\\/uploads\\\/2023\\\/04\\\/cropped-LOGO-CONTI-NUEVO.png\",\"contentUrl\":\"https:\\\/\\\/continuamosmx.com\\\/wp-content\\\/uploads\\\/2023\\\/04\\\/cropped-LOGO-CONTI-NUEVO.png\",\"width\":1257,\"height\":430,\"caption\":\"ContinuamosMX\"},\"image\":{\"@id\":\"https:\\\/\\\/continuamosmx.com\\\/#\\\/schema\\\/logo\\\/image\\\/\"}},{\"@type\":\"Person\",\"@id\":\"https:\\\/\\\/continuamosmx.com\\\/#\\\/schema\\\/person\\\/5eb5356acb1fad784da407d14f0e8d89\",\"name\":\"Continuamos MX\",\"image\":{\"@type\":\"ImageObject\",\"inLanguage\":\"es\",\"@id\":\"https:\\\/\\\/secure.gravatar.com\\\/avatar\\\/30d4f9723476a15f4da34d35fb3501f08d2357016c76051c6a85c354c7489589?s=96&d=mm&r=g\",\"url\":\"https:\\\/\\\/secure.gravatar.com\\\/avatar\\\/30d4f9723476a15f4da34d35fb3501f08d2357016c76051c6a85c354c7489589?s=96&d=mm&r=g\",\"contentUrl\":\"https:\\\/\\\/secure.gravatar.com\\\/avatar\\\/30d4f9723476a15f4da34d35fb3501f08d2357016c76051c6a85c354c7489589?s=96&d=mm&r=g\",\"caption\":\"Continuamos MX\"},\"sameAs\":[\"http:\\\/\\\/www.continuamos.mx\"],\"url\":\"https:\\\/\\\/continuamosmx.com\\\/index.php\\\/author\\\/continuamos\\\/\"}]}<\/script>\n<!-- \/ Yoast SEO plugin. -->","yoast_head_json":{"title":"\u00a1OTRA VEZ A SEM\u00c1FORO AMARILLO! -","robots":{"index":"index","follow":"follow","max-snippet":"max-snippet:-1","max-image-preview":"max-image-preview:large","max-video-preview":"max-video-preview:-1"},"canonical":"https:\/\/continuamosmx.com\/index.php\/2022\/01\/24\/otra-vez-a-semaforo-amarillo\/","og_locale":"es_ES","og_type":"article","og_title":"\u00a1OTRA VEZ A SEM\u00c1FORO AMARILLO! -","og_description":".- Tal retroceso significa tambi\u00e9n la nula capacidad de la autoridad para reducir el problema .- .- Llama nuevamente la secretar\u00eda General de Gobierno a Municipios a cerrar filas contra contagios y eficientar protocolos VALLE DE MEXICO.- A partir de hoy de acuerdo a lo anunciado por el gobernador Alfredo del Mazo Maza, la entidad [&hellip;]","og_url":"https:\/\/continuamosmx.com\/index.php\/2022\/01\/24\/otra-vez-a-semaforo-amarillo\/","article_published_time":"2022-01-24T09:34:09+00:00","author":"Continuamos MX","twitter_card":"summary_large_image","twitter_misc":{"Escrito por":"Continuamos MX","Tiempo de lectura":"2 minutos"},"schema":{"@context":"https:\/\/schema.org","@graph":[{"@type":"Article","@id":"https:\/\/continuamosmx.com\/index.php\/2022\/01\/24\/otra-vez-a-semaforo-amarillo\/#article","isPartOf":{"@id":"https:\/\/continuamosmx.com\/index.php\/2022\/01\/24\/otra-vez-a-semaforo-amarillo\/"},"author":{"name":"Continuamos MX","@id":"https:\/\/continuamosmx.com\/#\/schema\/person\/5eb5356acb1fad784da407d14f0e8d89"},"headline":"\u00a1OTRA VEZ A SEM\u00c1FORO AMARILLO!","datePublished":"2022-01-24T09:34:09+00:00","mainEntityOfPage":{"@id":"https:\/\/continuamosmx.com\/index.php\/2022\/01\/24\/otra-vez-a-semaforo-amarillo\/"},"wordCount":452,"publisher":{"@id":"https:\/\/continuamosmx.com\/#organization"},"image":{"@id":"https:\/\/continuamosmx.com\/index.php\/2022\/01\/24\/otra-vez-a-semaforo-amarillo\/#primaryimage"},"thumbnailUrl":"","articleSection":["EDOMEX"],"inLanguage":"es"},{"@type":"WebPage","@id":"https:\/\/continuamosmx.com\/index.php\/2022\/01\/24\/otra-vez-a-semaforo-amarillo\/","url":"https:\/\/continuamosmx.com\/index.php\/2022\/01\/24\/otra-vez-a-semaforo-amarillo\/","name":"\u00a1OTRA VEZ A SEM\u00c1FORO AMARILLO! -","isPartOf":{"@id":"https:\/\/continuamosmx.com\/#website"},"primaryImageOfPage":{"@id":"https:\/\/continuamosmx.com\/index.php\/2022\/01\/24\/otra-vez-a-semaforo-amarillo\/#primaryimage"},"image":{"@id":"https:\/\/continuamosmx.com\/index.php\/2022\/01\/24\/otra-vez-a-semaforo-amarillo\/#primaryimage"},"thumbnailUrl":"","datePublished":"2022-01-24T09:34:09+00:00","breadcrumb":{"@id":"https:\/\/continuamosmx.com\/index.php\/2022\/01\/24\/otra-vez-a-semaforo-amarillo\/#breadcrumb"},"inLanguage":"es","potentialAction":[{"@type":"ReadAction","target":["https:\/\/continuamosmx.com\/index.php\/2022\/01\/24\/otra-vez-a-semaforo-amarillo\/"]}]},{"@type":"ImageObject","inLanguage":"es","@id":"https:\/\/continuamosmx.com\/index.php\/2022\/01\/24\/otra-vez-a-semaforo-amarillo\/#primaryimage","url":"","contentUrl":""},{"@type":"BreadcrumbList","@id":"https:\/\/continuamosmx.com\/index.php\/2022\/01\/24\/otra-vez-a-semaforo-amarillo\/#breadcrumb","itemListElement":[{"@type":"ListItem","position":1,"name":"Inicio","item":"https:\/\/continuamosmx.com\/"},{"@type":"ListItem","position":2,"name":"\u00a1OTRA VEZ A SEM\u00c1FORO AMARILLO!"}]},{"@type":"WebSite","@id":"https:\/\/continuamosmx.com\/#website","url":"https:\/\/continuamosmx.com\/","name":"www.continuamosmx.com","description":"","publisher":{"@id":"https:\/\/continuamosmx.com\/#organization"},"potentialAction":[{"@type":"SearchAction","target":{"@type":"EntryPoint","urlTemplate":"https:\/\/continuamosmx.com\/?s={search_term_string}"},"query-input":{"@type":"PropertyValueSpecification","valueRequired":true,"valueName":"search_term_string"}}],"inLanguage":"es"},{"@type":"Organization","@id":"https:\/\/continuamosmx.com\/#organization","name":"ContinuamosMX","url":"https:\/\/continuamosmx.com\/","logo":{"@type":"ImageObject","inLanguage":"es","@id":"https:\/\/continuamosmx.com\/#\/schema\/logo\/image\/","url":"https:\/\/continuamosmx.com\/wp-content\/uploads\/2023\/04\/cropped-LOGO-CONTI-NUEVO.png","contentUrl":"https:\/\/continuamosmx.com\/wp-content\/uploads\/2023\/04\/cropped-LOGO-CONTI-NUEVO.png","width":1257,"height":430,"caption":"ContinuamosMX"},"image":{"@id":"https:\/\/continuamosmx.com\/#\/schema\/logo\/image\/"}},{"@type":"Person","@id":"https:\/\/continuamosmx.com\/#\/schema\/person\/5eb5356acb1fad784da407d14f0e8d89","name":"Continuamos MX","image":{"@type":"ImageObject","inLanguage":"es","@id":"https:\/\/secure.gravatar.com\/avatar\/30d4f9723476a15f4da34d35fb3501f08d2357016c76051c6a85c354c7489589?s=96&d=mm&r=g","url":"https:\/\/secure.gravatar.com\/avatar\/30d4f9723476a15f4da34d35fb3501f08d2357016c76051c6a85c354c7489589?s=96&d=mm&r=g","contentUrl":"https:\/\/secure.gravatar.com\/avatar\/30d4f9723476a15f4da34d35fb3501f08d2357016c76051c6a85c354c7489589?s=96&d=mm&r=g","caption":"Continuamos MX"},"sameAs":["http:\/\/www.continuamos.mx"],"url":"https:\/\/continuamosmx.com\/index.php\/author\/continuamos\/"}]}},"_links":{"self":[{"href":"https:\/\/continuamosmx.com\/index.php\/wp-json\/wp\/v2\/posts\/43567","targetHints":{"allow":["GET"]}}],"collection":[{"href":"https:\/\/continuamosmx.com\/index.php\/wp-json\/wp\/v2\/posts"}],"about":[{"href":"https:\/\/continuamosmx.com\/index.php\/wp-json\/wp\/v2\/types\/post"}],"author":[{"embeddable":true,"href":"https:\/\/continuamosmx.com\/index.php\/wp-json\/wp\/v2\/users\/6"}],"replies":[{"embeddable":true,"href":"https:\/\/continuamosmx.com\/index.php\/wp-json\/wp\/v2\/comments?post=43567"}],"version-history":[{"count":0,"href":"https:\/\/continuamosmx.com\/index.php\/wp-json\/wp\/v2\/posts\/43567\/revisions"}],"wp:featuredmedia":[{"embeddable":true,"href":"https:\/\/continuamosmx.com\/index.php\/wp-json\/wp\/v2\/menu-items\/33039"}],"wp:attachment":[{"href":"https:\/\/continuamosmx.com\/index.php\/wp-json\/wp\/v2\/media?parent=43567"}],"wp:term":[{"taxonomy":"category","embeddable":true,"href":"https:\/\/continuamosmx.com\/index.php\/wp-json\/wp\/v2\/categories?post=43567"},{"taxonomy":"post_tag","embeddable":true,"href":"https:\/\/continuamosmx.com\/index.php\/wp-json\/wp\/v2\/tags?post=43567"}],"curies":[{"name":"wp","href":"https:\/\/api.w.org\/{rel}","templated":true}]}}