{"id":43562,"date":"2022-01-24T09:19:30","date_gmt":"2022-01-24T09:19:30","guid":{"rendered":"https:\/\/continuamos.mx\/?p=33018"},"modified":"2022-01-24T09:19:30","modified_gmt":"2022-01-24T09:19:30","slug":"en-amecameca-aplicaran-vacuna-de-refuerzo-contra-covid-19","status":"publish","type":"post","link":"https:\/\/continuamosmx.com\/index.php\/2022\/01\/24\/en-amecameca-aplicaran-vacuna-de-refuerzo-contra-covid-19\/","title":{"rendered":"EN AMECAMECA APLICAR\u00c1N VACUNA DE REFUERZO CONTRA COVID 19"},"content":{"rendered":"\n<p>.-<strong> A favor de personas de 50 a 59 a\u00f1os<\/strong><\/p>\n\n\n\n<p>AMECAMECA, M\u00e9x.- Este martes 25 de enero ser\u00e1 aplicada la vacuna de refuerzo contra COVID-19 para adultos de 50 a 59 a\u00f1os de edad, quienes hace m\u00e1s de seis meses completaron su esquema de inmunizaci\u00f3n o fueron vacunados con unidosis de CanSino.<\/p>\n\n\n\n<p>Como requisitos, quienes acudan a aplicarse el refuerzo deber\u00e1n mostrar una identificaci\u00f3n oficial, comprobante de domicilio y presentar el formato de vacunaci\u00f3n lleno e impreso de la plataforma <a href=\"https:\/\/mivacuna.salud.gob.mx\/\">https:\/\/mivacuna.salud.gob.mx\/<\/a>.<\/p>\n\n\n\n<p>La presidenta municipal, Ivette Topete Garc\u00eda, inform\u00f3 que el m\u00f3dulo de vacunaci\u00f3n ser\u00e1 instalado en la Unidad Deportiva Amecameca en un horario de 9 AM a 5 PM y no es necesario ayunar, incluso quienes est\u00e9n tomando alg\u00fan medicamente puede hacer en el horario habitual.<\/p>\n\n\n\n<p>Destac\u00f3 la importancia de completar el esquema de vacunaci\u00f3n entre las y los adolescentes, as\u00ed como de los mayores de edad que, por alguna raz\u00f3n, no pudieron completar su esquema el a\u00f1o pasado, a fin de seguir cuidando la salud de la poblaci\u00f3n y evitar complicaciones.<\/p>\n\n\n\n<p>En este d\u00eda estar\u00e1n apoyando personal de Protecci\u00f3n Civil y Bomberos, polic\u00eda municipal, DIF, as\u00ed como de la jurisdicci\u00f3n Sanitaria Amecameca y voluntarios de otros departamentos del Ayuntamiento, para atender y hacer fluida la atenci\u00f3n de los adultos que acudan a vacunarse, indic\u00f3 la alcaldesa.<\/p>\n\n\n\n<p>Por \u00faltimo, exhort\u00f3 a la poblaci\u00f3n en general a no bajar la guardia, a pesar de ya estar vacunada, pues el riesgo de contagio de covid-19 se mantiene, por lo que pidi\u00f3 seguir respetando la sana distancia, usar correctamente el cubrebocas, privilegiar el lavado constante de manos y evitar aglomeraciones.<\/p>\n\n\n\n<p>Destac\u00f3 que contar con el cuadro completo de vacunaci\u00f3n puede ser la diferencia entre presentar s\u00edntomas leves o graves en caso de un contagio, como lo han externado especialistas en temas de salud.<\/p>\n\n\n\n<figure class=\"wp-block-image size-full is-resized\"><img loading=\"lazy\" decoding=\"async\" src=\"http:\/\/continuamos.mx\/wp-content\/uploads\/2022\/01\/vacuna-ame.jpg\" alt=\"\" class=\"wp-image-33019\" width=\"824\" height=\"548\"\/><\/figure>\n","protected":false},"excerpt":{"rendered":"<p>.- A favor de personas de 50 a 59 a\u00f1os AMECAMECA, M\u00e9x.- Este martes 25 de enero ser\u00e1 aplicada la vacuna de refuerzo contra COVID-19 para adultos de 50 a 59 a\u00f1os de edad, quienes hace m\u00e1s de seis meses completaron su esquema de inmunizaci\u00f3n o fueron vacunados con unidosis de CanSino. Como requisitos, quienes [&hellip;]<\/p>\n","protected":false},"author":6,"featured_media":33020,"comment_status":"closed","ping_status":"open","sticky":false,"template":"","format":"standard","meta":{"footnotes":""},"categories":[18,4],"tags":[],"class_list":["post-43562","post","type-post","status-publish","format-standard","has-post-thumbnail","hentry","category-amecameca","category-locales"],"yoast_head":"<!-- This site is optimized with the Yoast SEO plugin v27.5 - https:\/\/yoast.com\/product\/yoast-seo-wordpress\/ -->\n<title>EN AMECAMECA APLICAR\u00c1N VACUNA DE REFUERZO CONTRA COVID 19 -<\/title>\n<meta name=\"robots\" content=\"index, follow, max-snippet:-1, max-image-preview:large, max-video-preview:-1\" \/>\n<link rel=\"canonical\" href=\"https:\/\/continuamosmx.com\/index.php\/2022\/01\/24\/en-amecameca-aplicaran-vacuna-de-refuerzo-contra-covid-19\/\" \/>\n<meta property=\"og:locale\" content=\"es_ES\" \/>\n<meta property=\"og:type\" content=\"article\" \/>\n<meta property=\"og:title\" content=\"EN AMECAMECA APLICAR\u00c1N VACUNA DE REFUERZO CONTRA COVID 19 -\" \/>\n<meta property=\"og:description\" content=\".- A favor de personas de 50 a 59 a\u00f1os AMECAMECA, M\u00e9x.- Este martes 25 de enero ser\u00e1 aplicada la vacuna de refuerzo contra COVID-19 para adultos de 50 a 59 a\u00f1os de edad, quienes hace m\u00e1s de seis meses completaron su esquema de inmunizaci\u00f3n o fueron vacunados con unidosis de CanSino. Como requisitos, quienes [&hellip;]\" \/>\n<meta property=\"og:url\" content=\"https:\/\/continuamosmx.com\/index.php\/2022\/01\/24\/en-amecameca-aplicaran-vacuna-de-refuerzo-contra-covid-19\/\" \/>\n<meta property=\"article:published_time\" content=\"2022-01-24T09:19:30+00:00\" \/>\n<meta property=\"og:image\" content=\"http:\/\/continuamos.mx\/wp-content\/uploads\/2022\/01\/vacuna-ame.jpg\" \/>\n<meta name=\"author\" content=\"Continuamos MX\" \/>\n<meta name=\"twitter:card\" content=\"summary_large_image\" \/>\n<meta name=\"twitter:label1\" content=\"Escrito por\" \/>\n\t<meta name=\"twitter:data1\" content=\"Continuamos MX\" \/>\n\t<meta name=\"twitter:label2\" content=\"Tiempo de lectura\" \/>\n\t<meta name=\"twitter:data2\" content=\"2 minutos\" \/>\n<script type=\"application\/ld+json\" class=\"yoast-schema-graph\">{\"@context\":\"https:\\\/\\\/schema.org\",\"@graph\":[{\"@type\":\"Article\",\"@id\":\"https:\\\/\\\/continuamosmx.com\\\/index.php\\\/2022\\\/01\\\/24\\\/en-amecameca-aplicaran-vacuna-de-refuerzo-contra-covid-19\\\/#article\",\"isPartOf\":{\"@id\":\"https:\\\/\\\/continuamosmx.com\\\/index.php\\\/2022\\\/01\\\/24\\\/en-amecameca-aplicaran-vacuna-de-refuerzo-contra-covid-19\\\/\"},\"author\":{\"name\":\"Continuamos MX\",\"@id\":\"https:\\\/\\\/continuamosmx.com\\\/#\\\/schema\\\/person\\\/5eb5356acb1fad784da407d14f0e8d89\"},\"headline\":\"EN AMECAMECA APLICAR\u00c1N VACUNA DE REFUERZO CONTRA COVID 19\",\"datePublished\":\"2022-01-24T09:19:30+00:00\",\"mainEntityOfPage\":{\"@id\":\"https:\\\/\\\/continuamosmx.com\\\/index.php\\\/2022\\\/01\\\/24\\\/en-amecameca-aplicaran-vacuna-de-refuerzo-contra-covid-19\\\/\"},\"wordCount\":333,\"publisher\":{\"@id\":\"https:\\\/\\\/continuamosmx.com\\\/#organization\"},\"image\":{\"@id\":\"https:\\\/\\\/continuamosmx.com\\\/index.php\\\/2022\\\/01\\\/24\\\/en-amecameca-aplicaran-vacuna-de-refuerzo-contra-covid-19\\\/#primaryimage\"},\"thumbnailUrl\":\"\",\"articleSection\":[\"AMECAMECA\",\"LOCALES\"],\"inLanguage\":\"es\"},{\"@type\":\"WebPage\",\"@id\":\"https:\\\/\\\/continuamosmx.com\\\/index.php\\\/2022\\\/01\\\/24\\\/en-amecameca-aplicaran-vacuna-de-refuerzo-contra-covid-19\\\/\",\"url\":\"https:\\\/\\\/continuamosmx.com\\\/index.php\\\/2022\\\/01\\\/24\\\/en-amecameca-aplicaran-vacuna-de-refuerzo-contra-covid-19\\\/\",\"name\":\"EN AMECAMECA APLICAR\u00c1N VACUNA DE REFUERZO CONTRA COVID 19 -\",\"isPartOf\":{\"@id\":\"https:\\\/\\\/continuamosmx.com\\\/#website\"},\"primaryImageOfPage\":{\"@id\":\"https:\\\/\\\/continuamosmx.com\\\/index.php\\\/2022\\\/01\\\/24\\\/en-amecameca-aplicaran-vacuna-de-refuerzo-contra-covid-19\\\/#primaryimage\"},\"image\":{\"@id\":\"https:\\\/\\\/continuamosmx.com\\\/index.php\\\/2022\\\/01\\\/24\\\/en-amecameca-aplicaran-vacuna-de-refuerzo-contra-covid-19\\\/#primaryimage\"},\"thumbnailUrl\":\"\",\"datePublished\":\"2022-01-24T09:19:30+00:00\",\"breadcrumb\":{\"@id\":\"https:\\\/\\\/continuamosmx.com\\\/index.php\\\/2022\\\/01\\\/24\\\/en-amecameca-aplicaran-vacuna-de-refuerzo-contra-covid-19\\\/#breadcrumb\"},\"inLanguage\":\"es\",\"potentialAction\":[{\"@type\":\"ReadAction\",\"target\":[\"https:\\\/\\\/continuamosmx.com\\\/index.php\\\/2022\\\/01\\\/24\\\/en-amecameca-aplicaran-vacuna-de-refuerzo-contra-covid-19\\\/\"]}]},{\"@type\":\"ImageObject\",\"inLanguage\":\"es\",\"@id\":\"https:\\\/\\\/continuamosmx.com\\\/index.php\\\/2022\\\/01\\\/24\\\/en-amecameca-aplicaran-vacuna-de-refuerzo-contra-covid-19\\\/#primaryimage\",\"url\":\"\",\"contentUrl\":\"\"},{\"@type\":\"BreadcrumbList\",\"@id\":\"https:\\\/\\\/continuamosmx.com\\\/index.php\\\/2022\\\/01\\\/24\\\/en-amecameca-aplicaran-vacuna-de-refuerzo-contra-covid-19\\\/#breadcrumb\",\"itemListElement\":[{\"@type\":\"ListItem\",\"position\":1,\"name\":\"Inicio\",\"item\":\"https:\\\/\\\/continuamosmx.com\\\/\"},{\"@type\":\"ListItem\",\"position\":2,\"name\":\"EN AMECAMECA APLICAR\u00c1N VACUNA DE REFUERZO CONTRA COVID 19\"}]},{\"@type\":\"WebSite\",\"@id\":\"https:\\\/\\\/continuamosmx.com\\\/#website\",\"url\":\"https:\\\/\\\/continuamosmx.com\\\/\",\"name\":\"www.continuamosmx.com\",\"description\":\"\",\"publisher\":{\"@id\":\"https:\\\/\\\/continuamosmx.com\\\/#organization\"},\"potentialAction\":[{\"@type\":\"SearchAction\",\"target\":{\"@type\":\"EntryPoint\",\"urlTemplate\":\"https:\\\/\\\/continuamosmx.com\\\/?s={search_term_string}\"},\"query-input\":{\"@type\":\"PropertyValueSpecification\",\"valueRequired\":true,\"valueName\":\"search_term_string\"}}],\"inLanguage\":\"es\"},{\"@type\":\"Organization\",\"@id\":\"https:\\\/\\\/continuamosmx.com\\\/#organization\",\"name\":\"ContinuamosMX\",\"url\":\"https:\\\/\\\/continuamosmx.com\\\/\",\"logo\":{\"@type\":\"ImageObject\",\"inLanguage\":\"es\",\"@id\":\"https:\\\/\\\/continuamosmx.com\\\/#\\\/schema\\\/logo\\\/image\\\/\",\"url\":\"https:\\\/\\\/continuamosmx.com\\\/wp-content\\\/uploads\\\/2023\\\/04\\\/cropped-LOGO-CONTI-NUEVO.png\",\"contentUrl\":\"https:\\\/\\\/continuamosmx.com\\\/wp-content\\\/uploads\\\/2023\\\/04\\\/cropped-LOGO-CONTI-NUEVO.png\",\"width\":1257,\"height\":430,\"caption\":\"ContinuamosMX\"},\"image\":{\"@id\":\"https:\\\/\\\/continuamosmx.com\\\/#\\\/schema\\\/logo\\\/image\\\/\"}},{\"@type\":\"Person\",\"@id\":\"https:\\\/\\\/continuamosmx.com\\\/#\\\/schema\\\/person\\\/5eb5356acb1fad784da407d14f0e8d89\",\"name\":\"Continuamos MX\",\"image\":{\"@type\":\"ImageObject\",\"inLanguage\":\"es\",\"@id\":\"https:\\\/\\\/secure.gravatar.com\\\/avatar\\\/30d4f9723476a15f4da34d35fb3501f08d2357016c76051c6a85c354c7489589?s=96&d=mm&r=g\",\"url\":\"https:\\\/\\\/secure.gravatar.com\\\/avatar\\\/30d4f9723476a15f4da34d35fb3501f08d2357016c76051c6a85c354c7489589?s=96&d=mm&r=g\",\"contentUrl\":\"https:\\\/\\\/secure.gravatar.com\\\/avatar\\\/30d4f9723476a15f4da34d35fb3501f08d2357016c76051c6a85c354c7489589?s=96&d=mm&r=g\",\"caption\":\"Continuamos MX\"},\"sameAs\":[\"http:\\\/\\\/www.continuamos.mx\"],\"url\":\"https:\\\/\\\/continuamosmx.com\\\/index.php\\\/author\\\/continuamos\\\/\"}]}<\/script>\n<!-- \/ Yoast SEO plugin. -->","yoast_head_json":{"title":"EN AMECAMECA APLICAR\u00c1N VACUNA DE REFUERZO CONTRA COVID 19 -","robots":{"index":"index","follow":"follow","max-snippet":"max-snippet:-1","max-image-preview":"max-image-preview:large","max-video-preview":"max-video-preview:-1"},"canonical":"https:\/\/continuamosmx.com\/index.php\/2022\/01\/24\/en-amecameca-aplicaran-vacuna-de-refuerzo-contra-covid-19\/","og_locale":"es_ES","og_type":"article","og_title":"EN AMECAMECA APLICAR\u00c1N VACUNA DE REFUERZO CONTRA COVID 19 -","og_description":".- A favor de personas de 50 a 59 a\u00f1os AMECAMECA, M\u00e9x.- Este martes 25 de enero ser\u00e1 aplicada la vacuna de refuerzo contra COVID-19 para adultos de 50 a 59 a\u00f1os de edad, quienes hace m\u00e1s de seis meses completaron su esquema de inmunizaci\u00f3n o fueron vacunados con unidosis de CanSino. Como requisitos, quienes [&hellip;]","og_url":"https:\/\/continuamosmx.com\/index.php\/2022\/01\/24\/en-amecameca-aplicaran-vacuna-de-refuerzo-contra-covid-19\/","article_published_time":"2022-01-24T09:19:30+00:00","og_image":[{"url":"http:\/\/continuamos.mx\/wp-content\/uploads\/2022\/01\/vacuna-ame.jpg","type":"","width":"","height":""}],"author":"Continuamos MX","twitter_card":"summary_large_image","twitter_misc":{"Escrito por":"Continuamos MX","Tiempo de lectura":"2 minutos"},"schema":{"@context":"https:\/\/schema.org","@graph":[{"@type":"Article","@id":"https:\/\/continuamosmx.com\/index.php\/2022\/01\/24\/en-amecameca-aplicaran-vacuna-de-refuerzo-contra-covid-19\/#article","isPartOf":{"@id":"https:\/\/continuamosmx.com\/index.php\/2022\/01\/24\/en-amecameca-aplicaran-vacuna-de-refuerzo-contra-covid-19\/"},"author":{"name":"Continuamos MX","@id":"https:\/\/continuamosmx.com\/#\/schema\/person\/5eb5356acb1fad784da407d14f0e8d89"},"headline":"EN AMECAMECA APLICAR\u00c1N VACUNA DE REFUERZO CONTRA COVID 19","datePublished":"2022-01-24T09:19:30+00:00","mainEntityOfPage":{"@id":"https:\/\/continuamosmx.com\/index.php\/2022\/01\/24\/en-amecameca-aplicaran-vacuna-de-refuerzo-contra-covid-19\/"},"wordCount":333,"publisher":{"@id":"https:\/\/continuamosmx.com\/#organization"},"image":{"@id":"https:\/\/continuamosmx.com\/index.php\/2022\/01\/24\/en-amecameca-aplicaran-vacuna-de-refuerzo-contra-covid-19\/#primaryimage"},"thumbnailUrl":"","articleSection":["AMECAMECA","LOCALES"],"inLanguage":"es"},{"@type":"WebPage","@id":"https:\/\/continuamosmx.com\/index.php\/2022\/01\/24\/en-amecameca-aplicaran-vacuna-de-refuerzo-contra-covid-19\/","url":"https:\/\/continuamosmx.com\/index.php\/2022\/01\/24\/en-amecameca-aplicaran-vacuna-de-refuerzo-contra-covid-19\/","name":"EN AMECAMECA APLICAR\u00c1N VACUNA DE REFUERZO CONTRA COVID 19 -","isPartOf":{"@id":"https:\/\/continuamosmx.com\/#website"},"primaryImageOfPage":{"@id":"https:\/\/continuamosmx.com\/index.php\/2022\/01\/24\/en-amecameca-aplicaran-vacuna-de-refuerzo-contra-covid-19\/#primaryimage"},"image":{"@id":"https:\/\/continuamosmx.com\/index.php\/2022\/01\/24\/en-amecameca-aplicaran-vacuna-de-refuerzo-contra-covid-19\/#primaryimage"},"thumbnailUrl":"","datePublished":"2022-01-24T09:19:30+00:00","breadcrumb":{"@id":"https:\/\/continuamosmx.com\/index.php\/2022\/01\/24\/en-amecameca-aplicaran-vacuna-de-refuerzo-contra-covid-19\/#breadcrumb"},"inLanguage":"es","potentialAction":[{"@type":"ReadAction","target":["https:\/\/continuamosmx.com\/index.php\/2022\/01\/24\/en-amecameca-aplicaran-vacuna-de-refuerzo-contra-covid-19\/"]}]},{"@type":"ImageObject","inLanguage":"es","@id":"https:\/\/continuamosmx.com\/index.php\/2022\/01\/24\/en-amecameca-aplicaran-vacuna-de-refuerzo-contra-covid-19\/#primaryimage","url":"","contentUrl":""},{"@type":"BreadcrumbList","@id":"https:\/\/continuamosmx.com\/index.php\/2022\/01\/24\/en-amecameca-aplicaran-vacuna-de-refuerzo-contra-covid-19\/#breadcrumb","itemListElement":[{"@type":"ListItem","position":1,"name":"Inicio","item":"https:\/\/continuamosmx.com\/"},{"@type":"ListItem","position":2,"name":"EN AMECAMECA APLICAR\u00c1N VACUNA DE REFUERZO CONTRA COVID 19"}]},{"@type":"WebSite","@id":"https:\/\/continuamosmx.com\/#website","url":"https:\/\/continuamosmx.com\/","name":"www.continuamosmx.com","description":"","publisher":{"@id":"https:\/\/continuamosmx.com\/#organization"},"potentialAction":[{"@type":"SearchAction","target":{"@type":"EntryPoint","urlTemplate":"https:\/\/continuamosmx.com\/?s={search_term_string}"},"query-input":{"@type":"PropertyValueSpecification","valueRequired":true,"valueName":"search_term_string"}}],"inLanguage":"es"},{"@type":"Organization","@id":"https:\/\/continuamosmx.com\/#organization","name":"ContinuamosMX","url":"https:\/\/continuamosmx.com\/","logo":{"@type":"ImageObject","inLanguage":"es","@id":"https:\/\/continuamosmx.com\/#\/schema\/logo\/image\/","url":"https:\/\/continuamosmx.com\/wp-content\/uploads\/2023\/04\/cropped-LOGO-CONTI-NUEVO.png","contentUrl":"https:\/\/continuamosmx.com\/wp-content\/uploads\/2023\/04\/cropped-LOGO-CONTI-NUEVO.png","width":1257,"height":430,"caption":"ContinuamosMX"},"image":{"@id":"https:\/\/continuamosmx.com\/#\/schema\/logo\/image\/"}},{"@type":"Person","@id":"https:\/\/continuamosmx.com\/#\/schema\/person\/5eb5356acb1fad784da407d14f0e8d89","name":"Continuamos MX","image":{"@type":"ImageObject","inLanguage":"es","@id":"https:\/\/secure.gravatar.com\/avatar\/30d4f9723476a15f4da34d35fb3501f08d2357016c76051c6a85c354c7489589?s=96&d=mm&r=g","url":"https:\/\/secure.gravatar.com\/avatar\/30d4f9723476a15f4da34d35fb3501f08d2357016c76051c6a85c354c7489589?s=96&d=mm&r=g","contentUrl":"https:\/\/secure.gravatar.com\/avatar\/30d4f9723476a15f4da34d35fb3501f08d2357016c76051c6a85c354c7489589?s=96&d=mm&r=g","caption":"Continuamos MX"},"sameAs":["http:\/\/www.continuamos.mx"],"url":"https:\/\/continuamosmx.com\/index.php\/author\/continuamos\/"}]}},"_links":{"self":[{"href":"https:\/\/continuamosmx.com\/index.php\/wp-json\/wp\/v2\/posts\/43562","targetHints":{"allow":["GET"]}}],"collection":[{"href":"https:\/\/continuamosmx.com\/index.php\/wp-json\/wp\/v2\/posts"}],"about":[{"href":"https:\/\/continuamosmx.com\/index.php\/wp-json\/wp\/v2\/types\/post"}],"author":[{"embeddable":true,"href":"https:\/\/continuamosmx.com\/index.php\/wp-json\/wp\/v2\/users\/6"}],"replies":[{"embeddable":true,"href":"https:\/\/continuamosmx.com\/index.php\/wp-json\/wp\/v2\/comments?post=43562"}],"version-history":[{"count":0,"href":"https:\/\/continuamosmx.com\/index.php\/wp-json\/wp\/v2\/posts\/43562\/revisions"}],"wp:featuredmedia":[{"embeddable":true,"href":"https:\/\/continuamosmx.com\/index.php\/wp-json\/wp\/v2\/menu-items\/33020"}],"wp:attachment":[{"href":"https:\/\/continuamosmx.com\/index.php\/wp-json\/wp\/v2\/media?parent=43562"}],"wp:term":[{"taxonomy":"category","embeddable":true,"href":"https:\/\/continuamosmx.com\/index.php\/wp-json\/wp\/v2\/categories?post=43562"},{"taxonomy":"post_tag","embeddable":true,"href":"https:\/\/continuamosmx.com\/index.php\/wp-json\/wp\/v2\/tags?post=43562"}],"curies":[{"name":"wp","href":"https:\/\/api.w.org\/{rel}","templated":true}]}}