{"id":43559,"date":"2022-01-24T08:55:26","date_gmt":"2022-01-24T08:55:26","guid":{"rendered":"https:\/\/continuamos.mx\/?p=33007"},"modified":"2022-01-24T08:55:26","modified_gmt":"2022-01-24T08:55:26","slug":"parlamento-abierto-sobre-reforma-energetica-ejercicio-inedito","status":"publish","type":"post","link":"https:\/\/continuamosmx.com\/index.php\/2022\/01\/24\/parlamento-abierto-sobre-reforma-energetica-ejercicio-inedito\/","title":{"rendered":"PARLAMENTO ABIERTO SOBRE REFORMA ENERG\u00c9TICA, EJERCICIO IN\u00c9DITO"},"content":{"rendered":"\n<p>* <strong>Mencion\u00f3 el diputado Marcos Medina Filigrana<\/strong><\/p>\n\n\n\n<p>* <strong>Garantiza que todas las posiciones logren manifestar sus ideas<\/strong><\/p>\n\n\n\n<p>M\u00c9XICO.- La discusi\u00f3n que se realiza a la iniciativa de reforma en materia el\u00e9ctrica es un ejercicio in\u00e9dito en el Congreso de la Uni\u00f3n, que garantiza los derechos de todos los ciudadanos, as\u00ed lo afirm\u00f3 el diputado Marcos Rosendo Medina Filigrana.<\/p>\n\n\n\n<p>\u201cEl concepto de Parlamento Abierto en el que se desahogan los trabajos, garantiza que todas las posiciones logren manifestar sus ideas y, por consiguiente, la iniciativa de reforma al marco jur\u00eddico logre abastecer a fin de recuperar la soberan\u00eda energ\u00e9tica nacional\u201d, explic\u00f3.<\/p>\n\n\n\n<p>Medina Filigrana resalt\u00f3 que este formato, que incluye la participaci\u00f3n ciudadana a trav\u00e9s de las redes sociales, hace que todo los sectores de la sociedad, incluidos el acad\u00e9mico, econ\u00f3mico, el industrial, manifiesten sus ideas a favor de pagar lo justo por la energ\u00eda.<\/p>\n\n\n\n<p>\u201cEs un derecho de todas las personas manifestar su punto de vista, sus comentarios, sus recomendaciones; con estos foros logramos que toda sociedad se incorpore a la discusi\u00f3n de los asuntos p\u00fablicos, porque a todos beneficiar\u00e1 el alcance de la modificaci\u00f3n al marco jur\u00eddico\u201d, expres\u00f3.<\/p>\n\n\n\n<p>El legislador federal del partido Movimiento de Regeneraci\u00f3n Nacional (Morena) explic\u00f3 que hasta el momento todas las personas han podido manifestar sus posturas a favor y en contra de la iniciativa, que promueve el presidente Andr\u00e9s Manuel L\u00f3pez Obrador.<\/p>\n\n\n\n<p>Dicha iniciativa de reforma, explic\u00f3 el pol\u00edtico tabasque\u00f1o, es escuchar las inquietudes y planteamientos a fin de robustecer e impulsar el desarrollo y distribuci\u00f3n de la energ\u00eda el\u00e9ctrica a un mejor precio, para beneficiar a todas las personas del pa\u00eds.<\/p>\n\n\n\n<p>\u201cPara el grupo parlamentario de Morena es importante transmitir la informaci\u00f3n a la poblaci\u00f3n y, adem\u00e1s, escuchar los puntos de vista de especialistas en el tema; escuchar todas las opiniones, de lo que es un tema de suma importancia, incluso, la industria, por su relevancia, es considerada de seguridad nacional\u201d, dijo.<\/p>\n\n\n\n<p>Record\u00f3 que durante la primera semana de este ejercicio democr\u00e1tico han participado los mandatarios de Hidalgo, Campeche, Tlaxcala, Guerrero, Chiapas, San Luis Potos\u00ed, Durango, Michoac\u00e1n, Sonora y la jefa de Gobierno de la ciudad de M\u00e9xico; adem\u00e1s, el propio director de la Comisi\u00f3n Federal de Electricidad.<\/p>\n\n\n\n<p>A su vez, se han realizado planteamientos desde las c\u00e1maras empresariales, acad\u00e9micos, cient\u00edficos investigadores, expertos independientes y legisladores de diferentes grupos parlamentarios.<\/p>\n\n\n\n<p>\u201cAntes, era necesario blindar con vallas y polic\u00edas las instalaciones; hoy eso cambi\u00f3, abrimos el Congreso de la Uni\u00f3n como el verdadero centro del debate de los asuntos a nivel nacional\u201d, sostuvo el tambi\u00e9n delegado pol\u00edtico de Morena en Puebla.<\/p>\n","protected":false},"excerpt":{"rendered":"<p>* Mencion\u00f3 el diputado Marcos Medina Filigrana * Garantiza que todas las posiciones logren manifestar sus ideas M\u00c9XICO.- La discusi\u00f3n que se realiza a la iniciativa de reforma en materia el\u00e9ctrica es un ejercicio in\u00e9dito en el Congreso de la Uni\u00f3n, que garantiza los derechos de todos los ciudadanos, as\u00ed lo afirm\u00f3 el diputado Marcos [&hellip;]<\/p>\n","protected":false},"author":6,"featured_media":0,"comment_status":"closed","ping_status":"open","sticky":false,"template":"","format":"standard","meta":{"footnotes":""},"categories":[47],"tags":[],"class_list":["post-43559","post","type-post","status-publish","format-standard","hentry","category-nacional"],"yoast_head":"<!-- This site is optimized with the Yoast SEO plugin v27.5 - https:\/\/yoast.com\/product\/yoast-seo-wordpress\/ -->\n<title>PARLAMENTO ABIERTO SOBRE REFORMA ENERG\u00c9TICA, EJERCICIO IN\u00c9DITO -<\/title>\n<meta name=\"robots\" content=\"index, follow, max-snippet:-1, max-image-preview:large, max-video-preview:-1\" \/>\n<link rel=\"canonical\" href=\"https:\/\/continuamosmx.com\/index.php\/2022\/01\/24\/parlamento-abierto-sobre-reforma-energetica-ejercicio-inedito\/\" \/>\n<meta property=\"og:locale\" content=\"es_ES\" \/>\n<meta property=\"og:type\" content=\"article\" \/>\n<meta property=\"og:title\" content=\"PARLAMENTO ABIERTO SOBRE REFORMA ENERG\u00c9TICA, EJERCICIO IN\u00c9DITO -\" \/>\n<meta property=\"og:description\" content=\"* Mencion\u00f3 el diputado Marcos Medina Filigrana * Garantiza que todas las posiciones logren manifestar sus ideas M\u00c9XICO.- La discusi\u00f3n que se realiza a la iniciativa de reforma en materia el\u00e9ctrica es un ejercicio in\u00e9dito en el Congreso de la Uni\u00f3n, que garantiza los derechos de todos los ciudadanos, as\u00ed lo afirm\u00f3 el diputado Marcos [&hellip;]\" \/>\n<meta property=\"og:url\" content=\"https:\/\/continuamosmx.com\/index.php\/2022\/01\/24\/parlamento-abierto-sobre-reforma-energetica-ejercicio-inedito\/\" \/>\n<meta property=\"article:published_time\" content=\"2022-01-24T08:55:26+00:00\" \/>\n<meta name=\"author\" content=\"Continuamos MX\" \/>\n<meta name=\"twitter:card\" content=\"summary_large_image\" \/>\n<meta name=\"twitter:label1\" content=\"Escrito por\" \/>\n\t<meta name=\"twitter:data1\" content=\"Continuamos MX\" \/>\n\t<meta name=\"twitter:label2\" content=\"Tiempo de lectura\" \/>\n\t<meta name=\"twitter:data2\" content=\"2 minutos\" \/>\n<script type=\"application\/ld+json\" class=\"yoast-schema-graph\">{\"@context\":\"https:\\\/\\\/schema.org\",\"@graph\":[{\"@type\":\"Article\",\"@id\":\"https:\\\/\\\/continuamosmx.com\\\/index.php\\\/2022\\\/01\\\/24\\\/parlamento-abierto-sobre-reforma-energetica-ejercicio-inedito\\\/#article\",\"isPartOf\":{\"@id\":\"https:\\\/\\\/continuamosmx.com\\\/index.php\\\/2022\\\/01\\\/24\\\/parlamento-abierto-sobre-reforma-energetica-ejercicio-inedito\\\/\"},\"author\":{\"name\":\"Continuamos MX\",\"@id\":\"https:\\\/\\\/continuamosmx.com\\\/#\\\/schema\\\/person\\\/5eb5356acb1fad784da407d14f0e8d89\"},\"headline\":\"PARLAMENTO ABIERTO SOBRE REFORMA ENERG\u00c9TICA, EJERCICIO IN\u00c9DITO\",\"datePublished\":\"2022-01-24T08:55:26+00:00\",\"mainEntityOfPage\":{\"@id\":\"https:\\\/\\\/continuamosmx.com\\\/index.php\\\/2022\\\/01\\\/24\\\/parlamento-abierto-sobre-reforma-energetica-ejercicio-inedito\\\/\"},\"wordCount\":475,\"publisher\":{\"@id\":\"https:\\\/\\\/continuamosmx.com\\\/#organization\"},\"articleSection\":[\"NACIONAL\"],\"inLanguage\":\"es\"},{\"@type\":\"WebPage\",\"@id\":\"https:\\\/\\\/continuamosmx.com\\\/index.php\\\/2022\\\/01\\\/24\\\/parlamento-abierto-sobre-reforma-energetica-ejercicio-inedito\\\/\",\"url\":\"https:\\\/\\\/continuamosmx.com\\\/index.php\\\/2022\\\/01\\\/24\\\/parlamento-abierto-sobre-reforma-energetica-ejercicio-inedito\\\/\",\"name\":\"PARLAMENTO ABIERTO SOBRE REFORMA ENERG\u00c9TICA, EJERCICIO IN\u00c9DITO -\",\"isPartOf\":{\"@id\":\"https:\\\/\\\/continuamosmx.com\\\/#website\"},\"datePublished\":\"2022-01-24T08:55:26+00:00\",\"breadcrumb\":{\"@id\":\"https:\\\/\\\/continuamosmx.com\\\/index.php\\\/2022\\\/01\\\/24\\\/parlamento-abierto-sobre-reforma-energetica-ejercicio-inedito\\\/#breadcrumb\"},\"inLanguage\":\"es\",\"potentialAction\":[{\"@type\":\"ReadAction\",\"target\":[\"https:\\\/\\\/continuamosmx.com\\\/index.php\\\/2022\\\/01\\\/24\\\/parlamento-abierto-sobre-reforma-energetica-ejercicio-inedito\\\/\"]}]},{\"@type\":\"BreadcrumbList\",\"@id\":\"https:\\\/\\\/continuamosmx.com\\\/index.php\\\/2022\\\/01\\\/24\\\/parlamento-abierto-sobre-reforma-energetica-ejercicio-inedito\\\/#breadcrumb\",\"itemListElement\":[{\"@type\":\"ListItem\",\"position\":1,\"name\":\"Inicio\",\"item\":\"https:\\\/\\\/continuamosmx.com\\\/\"},{\"@type\":\"ListItem\",\"position\":2,\"name\":\"PARLAMENTO ABIERTO SOBRE REFORMA ENERG\u00c9TICA, EJERCICIO IN\u00c9DITO\"}]},{\"@type\":\"WebSite\",\"@id\":\"https:\\\/\\\/continuamosmx.com\\\/#website\",\"url\":\"https:\\\/\\\/continuamosmx.com\\\/\",\"name\":\"www.continuamosmx.com\",\"description\":\"\",\"publisher\":{\"@id\":\"https:\\\/\\\/continuamosmx.com\\\/#organization\"},\"potentialAction\":[{\"@type\":\"SearchAction\",\"target\":{\"@type\":\"EntryPoint\",\"urlTemplate\":\"https:\\\/\\\/continuamosmx.com\\\/?s={search_term_string}\"},\"query-input\":{\"@type\":\"PropertyValueSpecification\",\"valueRequired\":true,\"valueName\":\"search_term_string\"}}],\"inLanguage\":\"es\"},{\"@type\":\"Organization\",\"@id\":\"https:\\\/\\\/continuamosmx.com\\\/#organization\",\"name\":\"ContinuamosMX\",\"url\":\"https:\\\/\\\/continuamosmx.com\\\/\",\"logo\":{\"@type\":\"ImageObject\",\"inLanguage\":\"es\",\"@id\":\"https:\\\/\\\/continuamosmx.com\\\/#\\\/schema\\\/logo\\\/image\\\/\",\"url\":\"https:\\\/\\\/continuamosmx.com\\\/wp-content\\\/uploads\\\/2023\\\/04\\\/cropped-LOGO-CONTI-NUEVO.png\",\"contentUrl\":\"https:\\\/\\\/continuamosmx.com\\\/wp-content\\\/uploads\\\/2023\\\/04\\\/cropped-LOGO-CONTI-NUEVO.png\",\"width\":1257,\"height\":430,\"caption\":\"ContinuamosMX\"},\"image\":{\"@id\":\"https:\\\/\\\/continuamosmx.com\\\/#\\\/schema\\\/logo\\\/image\\\/\"}},{\"@type\":\"Person\",\"@id\":\"https:\\\/\\\/continuamosmx.com\\\/#\\\/schema\\\/person\\\/5eb5356acb1fad784da407d14f0e8d89\",\"name\":\"Continuamos MX\",\"image\":{\"@type\":\"ImageObject\",\"inLanguage\":\"es\",\"@id\":\"https:\\\/\\\/secure.gravatar.com\\\/avatar\\\/30d4f9723476a15f4da34d35fb3501f08d2357016c76051c6a85c354c7489589?s=96&d=mm&r=g\",\"url\":\"https:\\\/\\\/secure.gravatar.com\\\/avatar\\\/30d4f9723476a15f4da34d35fb3501f08d2357016c76051c6a85c354c7489589?s=96&d=mm&r=g\",\"contentUrl\":\"https:\\\/\\\/secure.gravatar.com\\\/avatar\\\/30d4f9723476a15f4da34d35fb3501f08d2357016c76051c6a85c354c7489589?s=96&d=mm&r=g\",\"caption\":\"Continuamos MX\"},\"sameAs\":[\"http:\\\/\\\/www.continuamos.mx\"],\"url\":\"https:\\\/\\\/continuamosmx.com\\\/index.php\\\/author\\\/continuamos\\\/\"}]}<\/script>\n<!-- \/ Yoast SEO plugin. -->","yoast_head_json":{"title":"PARLAMENTO ABIERTO SOBRE REFORMA ENERG\u00c9TICA, EJERCICIO IN\u00c9DITO -","robots":{"index":"index","follow":"follow","max-snippet":"max-snippet:-1","max-image-preview":"max-image-preview:large","max-video-preview":"max-video-preview:-1"},"canonical":"https:\/\/continuamosmx.com\/index.php\/2022\/01\/24\/parlamento-abierto-sobre-reforma-energetica-ejercicio-inedito\/","og_locale":"es_ES","og_type":"article","og_title":"PARLAMENTO ABIERTO SOBRE REFORMA ENERG\u00c9TICA, EJERCICIO IN\u00c9DITO -","og_description":"* Mencion\u00f3 el diputado Marcos Medina Filigrana * Garantiza que todas las posiciones logren manifestar sus ideas M\u00c9XICO.- La discusi\u00f3n que se realiza a la iniciativa de reforma en materia el\u00e9ctrica es un ejercicio in\u00e9dito en el Congreso de la Uni\u00f3n, que garantiza los derechos de todos los ciudadanos, as\u00ed lo afirm\u00f3 el diputado Marcos [&hellip;]","og_url":"https:\/\/continuamosmx.com\/index.php\/2022\/01\/24\/parlamento-abierto-sobre-reforma-energetica-ejercicio-inedito\/","article_published_time":"2022-01-24T08:55:26+00:00","author":"Continuamos MX","twitter_card":"summary_large_image","twitter_misc":{"Escrito por":"Continuamos MX","Tiempo de lectura":"2 minutos"},"schema":{"@context":"https:\/\/schema.org","@graph":[{"@type":"Article","@id":"https:\/\/continuamosmx.com\/index.php\/2022\/01\/24\/parlamento-abierto-sobre-reforma-energetica-ejercicio-inedito\/#article","isPartOf":{"@id":"https:\/\/continuamosmx.com\/index.php\/2022\/01\/24\/parlamento-abierto-sobre-reforma-energetica-ejercicio-inedito\/"},"author":{"name":"Continuamos MX","@id":"https:\/\/continuamosmx.com\/#\/schema\/person\/5eb5356acb1fad784da407d14f0e8d89"},"headline":"PARLAMENTO ABIERTO SOBRE REFORMA ENERG\u00c9TICA, EJERCICIO IN\u00c9DITO","datePublished":"2022-01-24T08:55:26+00:00","mainEntityOfPage":{"@id":"https:\/\/continuamosmx.com\/index.php\/2022\/01\/24\/parlamento-abierto-sobre-reforma-energetica-ejercicio-inedito\/"},"wordCount":475,"publisher":{"@id":"https:\/\/continuamosmx.com\/#organization"},"articleSection":["NACIONAL"],"inLanguage":"es"},{"@type":"WebPage","@id":"https:\/\/continuamosmx.com\/index.php\/2022\/01\/24\/parlamento-abierto-sobre-reforma-energetica-ejercicio-inedito\/","url":"https:\/\/continuamosmx.com\/index.php\/2022\/01\/24\/parlamento-abierto-sobre-reforma-energetica-ejercicio-inedito\/","name":"PARLAMENTO ABIERTO SOBRE REFORMA ENERG\u00c9TICA, EJERCICIO IN\u00c9DITO -","isPartOf":{"@id":"https:\/\/continuamosmx.com\/#website"},"datePublished":"2022-01-24T08:55:26+00:00","breadcrumb":{"@id":"https:\/\/continuamosmx.com\/index.php\/2022\/01\/24\/parlamento-abierto-sobre-reforma-energetica-ejercicio-inedito\/#breadcrumb"},"inLanguage":"es","potentialAction":[{"@type":"ReadAction","target":["https:\/\/continuamosmx.com\/index.php\/2022\/01\/24\/parlamento-abierto-sobre-reforma-energetica-ejercicio-inedito\/"]}]},{"@type":"BreadcrumbList","@id":"https:\/\/continuamosmx.com\/index.php\/2022\/01\/24\/parlamento-abierto-sobre-reforma-energetica-ejercicio-inedito\/#breadcrumb","itemListElement":[{"@type":"ListItem","position":1,"name":"Inicio","item":"https:\/\/continuamosmx.com\/"},{"@type":"ListItem","position":2,"name":"PARLAMENTO ABIERTO SOBRE REFORMA ENERG\u00c9TICA, EJERCICIO IN\u00c9DITO"}]},{"@type":"WebSite","@id":"https:\/\/continuamosmx.com\/#website","url":"https:\/\/continuamosmx.com\/","name":"www.continuamosmx.com","description":"","publisher":{"@id":"https:\/\/continuamosmx.com\/#organization"},"potentialAction":[{"@type":"SearchAction","target":{"@type":"EntryPoint","urlTemplate":"https:\/\/continuamosmx.com\/?s={search_term_string}"},"query-input":{"@type":"PropertyValueSpecification","valueRequired":true,"valueName":"search_term_string"}}],"inLanguage":"es"},{"@type":"Organization","@id":"https:\/\/continuamosmx.com\/#organization","name":"ContinuamosMX","url":"https:\/\/continuamosmx.com\/","logo":{"@type":"ImageObject","inLanguage":"es","@id":"https:\/\/continuamosmx.com\/#\/schema\/logo\/image\/","url":"https:\/\/continuamosmx.com\/wp-content\/uploads\/2023\/04\/cropped-LOGO-CONTI-NUEVO.png","contentUrl":"https:\/\/continuamosmx.com\/wp-content\/uploads\/2023\/04\/cropped-LOGO-CONTI-NUEVO.png","width":1257,"height":430,"caption":"ContinuamosMX"},"image":{"@id":"https:\/\/continuamosmx.com\/#\/schema\/logo\/image\/"}},{"@type":"Person","@id":"https:\/\/continuamosmx.com\/#\/schema\/person\/5eb5356acb1fad784da407d14f0e8d89","name":"Continuamos MX","image":{"@type":"ImageObject","inLanguage":"es","@id":"https:\/\/secure.gravatar.com\/avatar\/30d4f9723476a15f4da34d35fb3501f08d2357016c76051c6a85c354c7489589?s=96&d=mm&r=g","url":"https:\/\/secure.gravatar.com\/avatar\/30d4f9723476a15f4da34d35fb3501f08d2357016c76051c6a85c354c7489589?s=96&d=mm&r=g","contentUrl":"https:\/\/secure.gravatar.com\/avatar\/30d4f9723476a15f4da34d35fb3501f08d2357016c76051c6a85c354c7489589?s=96&d=mm&r=g","caption":"Continuamos MX"},"sameAs":["http:\/\/www.continuamos.mx"],"url":"https:\/\/continuamosmx.com\/index.php\/author\/continuamos\/"}]}},"_links":{"self":[{"href":"https:\/\/continuamosmx.com\/index.php\/wp-json\/wp\/v2\/posts\/43559","targetHints":{"allow":["GET"]}}],"collection":[{"href":"https:\/\/continuamosmx.com\/index.php\/wp-json\/wp\/v2\/posts"}],"about":[{"href":"https:\/\/continuamosmx.com\/index.php\/wp-json\/wp\/v2\/types\/post"}],"author":[{"embeddable":true,"href":"https:\/\/continuamosmx.com\/index.php\/wp-json\/wp\/v2\/users\/6"}],"replies":[{"embeddable":true,"href":"https:\/\/continuamosmx.com\/index.php\/wp-json\/wp\/v2\/comments?post=43559"}],"version-history":[{"count":0,"href":"https:\/\/continuamosmx.com\/index.php\/wp-json\/wp\/v2\/posts\/43559\/revisions"}],"wp:attachment":[{"href":"https:\/\/continuamosmx.com\/index.php\/wp-json\/wp\/v2\/media?parent=43559"}],"wp:term":[{"taxonomy":"category","embeddable":true,"href":"https:\/\/continuamosmx.com\/index.php\/wp-json\/wp\/v2\/categories?post=43559"},{"taxonomy":"post_tag","embeddable":true,"href":"https:\/\/continuamosmx.com\/index.php\/wp-json\/wp\/v2\/tags?post=43559"}],"curies":[{"name":"wp","href":"https:\/\/api.w.org\/{rel}","templated":true}]}}