{"id":43558,"date":"2022-01-24T08:43:27","date_gmt":"2022-01-24T08:43:27","guid":{"rendered":"https:\/\/continuamos.mx\/?p=33004"},"modified":"2022-01-24T08:43:27","modified_gmt":"2022-01-24T08:43:27","slug":"crecen-accidentes-en-el-hogar-infantes-los-mas-afectados","status":"publish","type":"post","link":"https:\/\/continuamosmx.com\/index.php\/2022\/01\/24\/crecen-accidentes-en-el-hogar-infantes-los-mas-afectados\/","title":{"rendered":"CRECEN ACCIDENTES EN EL HOGAR; INFANTES LOS M\u00c1S AFECTADOS"},"content":{"rendered":"\n<p>.- <strong>Capacitar\u00e1 DIF Amecameca en materia de enfermer\u00eda b\u00e1sica<\/strong><\/p>\n\n\n\n<p>Por: JOSE ALBERTO ZEA DOMINGUEZ<\/p>\n\n\n\n<p>AMECAMECA, M\u00e9x.- En estos tiempos dif\u00edciles de pandemia, es imprescindible que los padres de familia sepan de los primeros auxilios, ya que cada d\u00eda se ven en hospitales a infantes por diversos accidentes en el hogar y no saben qu\u00e9 hacer, inform\u00f3 Claudia Viridiana Garza Huerta, del Centro de Ense\u00f1anza y Capacitaci\u00f3n en Competencia Laboral.<\/p>\n\n\n\n<p>Antes de abrir la Capacitaci\u00f3n en enfermer\u00eda b\u00e1sica en las instalaciones del Sistema para el Desarrollo Integral de la Familia Municipal (DIF), en entrevista la&nbsp; Maestra, Claudia Viridiana Garza Huerta, destac\u00f3 la importancia que no s\u00f3lo los padres de familia sepan los primeros auxilios, sino tambi\u00e9n los j\u00f3venes.<\/p>\n\n\n\n<p>\u00abEn distintos nosocomios cada d\u00eda llegan 6 infantes con diferentes lecciones que van con quemaduras, ahogamiento o golpes de ca\u00edda y los padres ni saben los primeros auxilios y el como actuar, por lo que la enfermer\u00eda b\u00e1sica es prudente que los padres y j\u00f3venes lo sepan\u00bb, dijo.<\/p>\n\n\n\n<p>Se\u00f1al\u00f3 que en estos d\u00edas de pandemia y los infantes est\u00e1n encerrados en sus hogares es cuando existen m\u00e1s accidentes, y la premura del tiempo es vital para los ni\u00f1os accidentados, el valorar la vida de las y los ni\u00f1os es muy importante para los padres de familia, es por eso se deben de capacitar en los primeros auxilios.<\/p>\n\n\n\n<p>Expres\u00f3 tambi\u00e9n que no todas las y los enfermeros est\u00e1n certificados, aunque salen con un t\u00edtulo en la mano, el 100 por ciento de ellas y ellos, se tienen que certificar para demostrar lo que aprendieron en las aulas, hoy en d\u00eda una enfermera que no cuente con una certificaci\u00f3n, es muy dif\u00edcil encontrar trabajo en hospitales tanto privados o p\u00fablicos<\/p>\n\n\n\n<p>Puntualiz\u00f3 diciendo que gracias a la alcaldesa, Dra. Ivette Topete Garc\u00eda y a las autoridades del DIF local, se van a llevar a cabo capacitaci\u00f3n en enfermer\u00eda b\u00e1sica, los s\u00e1bados de 9:00-12:00 horas A.M, por lo que se invita principalmente a los padres de familia y cuenten con una arma importante como son los primeros auxilios.<\/p>\n","protected":false},"excerpt":{"rendered":"<p>.- Capacitar\u00e1 DIF Amecameca en materia de enfermer\u00eda b\u00e1sica Por: JOSE ALBERTO ZEA DOMINGUEZ AMECAMECA, M\u00e9x.- En estos tiempos dif\u00edciles de pandemia, es imprescindible que los padres de familia sepan de los primeros auxilios, ya que cada d\u00eda se ven en hospitales a infantes por diversos accidentes en el hogar y no saben qu\u00e9 hacer, [&hellip;]<\/p>\n","protected":false},"author":6,"featured_media":33005,"comment_status":"closed","ping_status":"open","sticky":false,"template":"","format":"standard","meta":{"footnotes":""},"categories":[18,4],"tags":[],"class_list":["post-43558","post","type-post","status-publish","format-standard","has-post-thumbnail","hentry","category-amecameca","category-locales"],"yoast_head":"<!-- This site is optimized with the Yoast SEO plugin v27.5 - https:\/\/yoast.com\/product\/yoast-seo-wordpress\/ -->\n<title>CRECEN ACCIDENTES EN EL HOGAR; INFANTES LOS M\u00c1S AFECTADOS -<\/title>\n<meta name=\"robots\" content=\"index, follow, max-snippet:-1, max-image-preview:large, max-video-preview:-1\" \/>\n<link rel=\"canonical\" href=\"https:\/\/continuamosmx.com\/index.php\/2022\/01\/24\/crecen-accidentes-en-el-hogar-infantes-los-mas-afectados\/\" \/>\n<meta property=\"og:locale\" content=\"es_ES\" \/>\n<meta property=\"og:type\" content=\"article\" \/>\n<meta property=\"og:title\" content=\"CRECEN ACCIDENTES EN EL HOGAR; INFANTES LOS M\u00c1S AFECTADOS -\" \/>\n<meta property=\"og:description\" content=\".- Capacitar\u00e1 DIF Amecameca en materia de enfermer\u00eda b\u00e1sica Por: JOSE ALBERTO ZEA DOMINGUEZ AMECAMECA, M\u00e9x.- En estos tiempos dif\u00edciles de pandemia, es imprescindible que los padres de familia sepan de los primeros auxilios, ya que cada d\u00eda se ven en hospitales a infantes por diversos accidentes en el hogar y no saben qu\u00e9 hacer, [&hellip;]\" \/>\n<meta property=\"og:url\" content=\"https:\/\/continuamosmx.com\/index.php\/2022\/01\/24\/crecen-accidentes-en-el-hogar-infantes-los-mas-afectados\/\" \/>\n<meta property=\"article:published_time\" content=\"2022-01-24T08:43:27+00:00\" \/>\n<meta name=\"author\" content=\"Continuamos MX\" \/>\n<meta name=\"twitter:card\" content=\"summary_large_image\" \/>\n<meta name=\"twitter:label1\" content=\"Escrito por\" \/>\n\t<meta name=\"twitter:data1\" content=\"Continuamos MX\" \/>\n\t<meta name=\"twitter:label2\" content=\"Tiempo de lectura\" \/>\n\t<meta name=\"twitter:data2\" content=\"2 minutos\" \/>\n<script type=\"application\/ld+json\" class=\"yoast-schema-graph\">{\"@context\":\"https:\\\/\\\/schema.org\",\"@graph\":[{\"@type\":\"Article\",\"@id\":\"https:\\\/\\\/continuamosmx.com\\\/index.php\\\/2022\\\/01\\\/24\\\/crecen-accidentes-en-el-hogar-infantes-los-mas-afectados\\\/#article\",\"isPartOf\":{\"@id\":\"https:\\\/\\\/continuamosmx.com\\\/index.php\\\/2022\\\/01\\\/24\\\/crecen-accidentes-en-el-hogar-infantes-los-mas-afectados\\\/\"},\"author\":{\"name\":\"Continuamos MX\",\"@id\":\"https:\\\/\\\/continuamosmx.com\\\/#\\\/schema\\\/person\\\/5eb5356acb1fad784da407d14f0e8d89\"},\"headline\":\"CRECEN ACCIDENTES EN EL HOGAR; INFANTES LOS M\u00c1S AFECTADOS\",\"datePublished\":\"2022-01-24T08:43:27+00:00\",\"mainEntityOfPage\":{\"@id\":\"https:\\\/\\\/continuamosmx.com\\\/index.php\\\/2022\\\/01\\\/24\\\/crecen-accidentes-en-el-hogar-infantes-los-mas-afectados\\\/\"},\"wordCount\":388,\"publisher\":{\"@id\":\"https:\\\/\\\/continuamosmx.com\\\/#organization\"},\"image\":{\"@id\":\"https:\\\/\\\/continuamosmx.com\\\/index.php\\\/2022\\\/01\\\/24\\\/crecen-accidentes-en-el-hogar-infantes-los-mas-afectados\\\/#primaryimage\"},\"thumbnailUrl\":\"\",\"articleSection\":[\"AMECAMECA\",\"LOCALES\"],\"inLanguage\":\"es\"},{\"@type\":\"WebPage\",\"@id\":\"https:\\\/\\\/continuamosmx.com\\\/index.php\\\/2022\\\/01\\\/24\\\/crecen-accidentes-en-el-hogar-infantes-los-mas-afectados\\\/\",\"url\":\"https:\\\/\\\/continuamosmx.com\\\/index.php\\\/2022\\\/01\\\/24\\\/crecen-accidentes-en-el-hogar-infantes-los-mas-afectados\\\/\",\"name\":\"CRECEN ACCIDENTES EN EL HOGAR; INFANTES LOS M\u00c1S AFECTADOS -\",\"isPartOf\":{\"@id\":\"https:\\\/\\\/continuamosmx.com\\\/#website\"},\"primaryImageOfPage\":{\"@id\":\"https:\\\/\\\/continuamosmx.com\\\/index.php\\\/2022\\\/01\\\/24\\\/crecen-accidentes-en-el-hogar-infantes-los-mas-afectados\\\/#primaryimage\"},\"image\":{\"@id\":\"https:\\\/\\\/continuamosmx.com\\\/index.php\\\/2022\\\/01\\\/24\\\/crecen-accidentes-en-el-hogar-infantes-los-mas-afectados\\\/#primaryimage\"},\"thumbnailUrl\":\"\",\"datePublished\":\"2022-01-24T08:43:27+00:00\",\"breadcrumb\":{\"@id\":\"https:\\\/\\\/continuamosmx.com\\\/index.php\\\/2022\\\/01\\\/24\\\/crecen-accidentes-en-el-hogar-infantes-los-mas-afectados\\\/#breadcrumb\"},\"inLanguage\":\"es\",\"potentialAction\":[{\"@type\":\"ReadAction\",\"target\":[\"https:\\\/\\\/continuamosmx.com\\\/index.php\\\/2022\\\/01\\\/24\\\/crecen-accidentes-en-el-hogar-infantes-los-mas-afectados\\\/\"]}]},{\"@type\":\"ImageObject\",\"inLanguage\":\"es\",\"@id\":\"https:\\\/\\\/continuamosmx.com\\\/index.php\\\/2022\\\/01\\\/24\\\/crecen-accidentes-en-el-hogar-infantes-los-mas-afectados\\\/#primaryimage\",\"url\":\"\",\"contentUrl\":\"\"},{\"@type\":\"BreadcrumbList\",\"@id\":\"https:\\\/\\\/continuamosmx.com\\\/index.php\\\/2022\\\/01\\\/24\\\/crecen-accidentes-en-el-hogar-infantes-los-mas-afectados\\\/#breadcrumb\",\"itemListElement\":[{\"@type\":\"ListItem\",\"position\":1,\"name\":\"Inicio\",\"item\":\"https:\\\/\\\/continuamosmx.com\\\/\"},{\"@type\":\"ListItem\",\"position\":2,\"name\":\"CRECEN ACCIDENTES EN EL HOGAR; INFANTES LOS M\u00c1S AFECTADOS\"}]},{\"@type\":\"WebSite\",\"@id\":\"https:\\\/\\\/continuamosmx.com\\\/#website\",\"url\":\"https:\\\/\\\/continuamosmx.com\\\/\",\"name\":\"www.continuamosmx.com\",\"description\":\"\",\"publisher\":{\"@id\":\"https:\\\/\\\/continuamosmx.com\\\/#organization\"},\"potentialAction\":[{\"@type\":\"SearchAction\",\"target\":{\"@type\":\"EntryPoint\",\"urlTemplate\":\"https:\\\/\\\/continuamosmx.com\\\/?s={search_term_string}\"},\"query-input\":{\"@type\":\"PropertyValueSpecification\",\"valueRequired\":true,\"valueName\":\"search_term_string\"}}],\"inLanguage\":\"es\"},{\"@type\":\"Organization\",\"@id\":\"https:\\\/\\\/continuamosmx.com\\\/#organization\",\"name\":\"ContinuamosMX\",\"url\":\"https:\\\/\\\/continuamosmx.com\\\/\",\"logo\":{\"@type\":\"ImageObject\",\"inLanguage\":\"es\",\"@id\":\"https:\\\/\\\/continuamosmx.com\\\/#\\\/schema\\\/logo\\\/image\\\/\",\"url\":\"https:\\\/\\\/continuamosmx.com\\\/wp-content\\\/uploads\\\/2023\\\/04\\\/cropped-LOGO-CONTI-NUEVO.png\",\"contentUrl\":\"https:\\\/\\\/continuamosmx.com\\\/wp-content\\\/uploads\\\/2023\\\/04\\\/cropped-LOGO-CONTI-NUEVO.png\",\"width\":1257,\"height\":430,\"caption\":\"ContinuamosMX\"},\"image\":{\"@id\":\"https:\\\/\\\/continuamosmx.com\\\/#\\\/schema\\\/logo\\\/image\\\/\"}},{\"@type\":\"Person\",\"@id\":\"https:\\\/\\\/continuamosmx.com\\\/#\\\/schema\\\/person\\\/5eb5356acb1fad784da407d14f0e8d89\",\"name\":\"Continuamos MX\",\"image\":{\"@type\":\"ImageObject\",\"inLanguage\":\"es\",\"@id\":\"https:\\\/\\\/secure.gravatar.com\\\/avatar\\\/30d4f9723476a15f4da34d35fb3501f08d2357016c76051c6a85c354c7489589?s=96&d=mm&r=g\",\"url\":\"https:\\\/\\\/secure.gravatar.com\\\/avatar\\\/30d4f9723476a15f4da34d35fb3501f08d2357016c76051c6a85c354c7489589?s=96&d=mm&r=g\",\"contentUrl\":\"https:\\\/\\\/secure.gravatar.com\\\/avatar\\\/30d4f9723476a15f4da34d35fb3501f08d2357016c76051c6a85c354c7489589?s=96&d=mm&r=g\",\"caption\":\"Continuamos MX\"},\"sameAs\":[\"http:\\\/\\\/www.continuamos.mx\"],\"url\":\"https:\\\/\\\/continuamosmx.com\\\/index.php\\\/author\\\/continuamos\\\/\"}]}<\/script>\n<!-- \/ Yoast SEO plugin. -->","yoast_head_json":{"title":"CRECEN ACCIDENTES EN EL HOGAR; INFANTES LOS M\u00c1S AFECTADOS -","robots":{"index":"index","follow":"follow","max-snippet":"max-snippet:-1","max-image-preview":"max-image-preview:large","max-video-preview":"max-video-preview:-1"},"canonical":"https:\/\/continuamosmx.com\/index.php\/2022\/01\/24\/crecen-accidentes-en-el-hogar-infantes-los-mas-afectados\/","og_locale":"es_ES","og_type":"article","og_title":"CRECEN ACCIDENTES EN EL HOGAR; INFANTES LOS M\u00c1S AFECTADOS -","og_description":".- Capacitar\u00e1 DIF Amecameca en materia de enfermer\u00eda b\u00e1sica Por: JOSE ALBERTO ZEA DOMINGUEZ AMECAMECA, M\u00e9x.- En estos tiempos dif\u00edciles de pandemia, es imprescindible que los padres de familia sepan de los primeros auxilios, ya que cada d\u00eda se ven en hospitales a infantes por diversos accidentes en el hogar y no saben qu\u00e9 hacer, [&hellip;]","og_url":"https:\/\/continuamosmx.com\/index.php\/2022\/01\/24\/crecen-accidentes-en-el-hogar-infantes-los-mas-afectados\/","article_published_time":"2022-01-24T08:43:27+00:00","author":"Continuamos MX","twitter_card":"summary_large_image","twitter_misc":{"Escrito por":"Continuamos MX","Tiempo de lectura":"2 minutos"},"schema":{"@context":"https:\/\/schema.org","@graph":[{"@type":"Article","@id":"https:\/\/continuamosmx.com\/index.php\/2022\/01\/24\/crecen-accidentes-en-el-hogar-infantes-los-mas-afectados\/#article","isPartOf":{"@id":"https:\/\/continuamosmx.com\/index.php\/2022\/01\/24\/crecen-accidentes-en-el-hogar-infantes-los-mas-afectados\/"},"author":{"name":"Continuamos MX","@id":"https:\/\/continuamosmx.com\/#\/schema\/person\/5eb5356acb1fad784da407d14f0e8d89"},"headline":"CRECEN ACCIDENTES EN EL HOGAR; INFANTES LOS M\u00c1S AFECTADOS","datePublished":"2022-01-24T08:43:27+00:00","mainEntityOfPage":{"@id":"https:\/\/continuamosmx.com\/index.php\/2022\/01\/24\/crecen-accidentes-en-el-hogar-infantes-los-mas-afectados\/"},"wordCount":388,"publisher":{"@id":"https:\/\/continuamosmx.com\/#organization"},"image":{"@id":"https:\/\/continuamosmx.com\/index.php\/2022\/01\/24\/crecen-accidentes-en-el-hogar-infantes-los-mas-afectados\/#primaryimage"},"thumbnailUrl":"","articleSection":["AMECAMECA","LOCALES"],"inLanguage":"es"},{"@type":"WebPage","@id":"https:\/\/continuamosmx.com\/index.php\/2022\/01\/24\/crecen-accidentes-en-el-hogar-infantes-los-mas-afectados\/","url":"https:\/\/continuamosmx.com\/index.php\/2022\/01\/24\/crecen-accidentes-en-el-hogar-infantes-los-mas-afectados\/","name":"CRECEN ACCIDENTES EN EL HOGAR; INFANTES LOS M\u00c1S AFECTADOS -","isPartOf":{"@id":"https:\/\/continuamosmx.com\/#website"},"primaryImageOfPage":{"@id":"https:\/\/continuamosmx.com\/index.php\/2022\/01\/24\/crecen-accidentes-en-el-hogar-infantes-los-mas-afectados\/#primaryimage"},"image":{"@id":"https:\/\/continuamosmx.com\/index.php\/2022\/01\/24\/crecen-accidentes-en-el-hogar-infantes-los-mas-afectados\/#primaryimage"},"thumbnailUrl":"","datePublished":"2022-01-24T08:43:27+00:00","breadcrumb":{"@id":"https:\/\/continuamosmx.com\/index.php\/2022\/01\/24\/crecen-accidentes-en-el-hogar-infantes-los-mas-afectados\/#breadcrumb"},"inLanguage":"es","potentialAction":[{"@type":"ReadAction","target":["https:\/\/continuamosmx.com\/index.php\/2022\/01\/24\/crecen-accidentes-en-el-hogar-infantes-los-mas-afectados\/"]}]},{"@type":"ImageObject","inLanguage":"es","@id":"https:\/\/continuamosmx.com\/index.php\/2022\/01\/24\/crecen-accidentes-en-el-hogar-infantes-los-mas-afectados\/#primaryimage","url":"","contentUrl":""},{"@type":"BreadcrumbList","@id":"https:\/\/continuamosmx.com\/index.php\/2022\/01\/24\/crecen-accidentes-en-el-hogar-infantes-los-mas-afectados\/#breadcrumb","itemListElement":[{"@type":"ListItem","position":1,"name":"Inicio","item":"https:\/\/continuamosmx.com\/"},{"@type":"ListItem","position":2,"name":"CRECEN ACCIDENTES EN EL HOGAR; INFANTES LOS M\u00c1S AFECTADOS"}]},{"@type":"WebSite","@id":"https:\/\/continuamosmx.com\/#website","url":"https:\/\/continuamosmx.com\/","name":"www.continuamosmx.com","description":"","publisher":{"@id":"https:\/\/continuamosmx.com\/#organization"},"potentialAction":[{"@type":"SearchAction","target":{"@type":"EntryPoint","urlTemplate":"https:\/\/continuamosmx.com\/?s={search_term_string}"},"query-input":{"@type":"PropertyValueSpecification","valueRequired":true,"valueName":"search_term_string"}}],"inLanguage":"es"},{"@type":"Organization","@id":"https:\/\/continuamosmx.com\/#organization","name":"ContinuamosMX","url":"https:\/\/continuamosmx.com\/","logo":{"@type":"ImageObject","inLanguage":"es","@id":"https:\/\/continuamosmx.com\/#\/schema\/logo\/image\/","url":"https:\/\/continuamosmx.com\/wp-content\/uploads\/2023\/04\/cropped-LOGO-CONTI-NUEVO.png","contentUrl":"https:\/\/continuamosmx.com\/wp-content\/uploads\/2023\/04\/cropped-LOGO-CONTI-NUEVO.png","width":1257,"height":430,"caption":"ContinuamosMX"},"image":{"@id":"https:\/\/continuamosmx.com\/#\/schema\/logo\/image\/"}},{"@type":"Person","@id":"https:\/\/continuamosmx.com\/#\/schema\/person\/5eb5356acb1fad784da407d14f0e8d89","name":"Continuamos MX","image":{"@type":"ImageObject","inLanguage":"es","@id":"https:\/\/secure.gravatar.com\/avatar\/30d4f9723476a15f4da34d35fb3501f08d2357016c76051c6a85c354c7489589?s=96&d=mm&r=g","url":"https:\/\/secure.gravatar.com\/avatar\/30d4f9723476a15f4da34d35fb3501f08d2357016c76051c6a85c354c7489589?s=96&d=mm&r=g","contentUrl":"https:\/\/secure.gravatar.com\/avatar\/30d4f9723476a15f4da34d35fb3501f08d2357016c76051c6a85c354c7489589?s=96&d=mm&r=g","caption":"Continuamos MX"},"sameAs":["http:\/\/www.continuamos.mx"],"url":"https:\/\/continuamosmx.com\/index.php\/author\/continuamos\/"}]}},"_links":{"self":[{"href":"https:\/\/continuamosmx.com\/index.php\/wp-json\/wp\/v2\/posts\/43558","targetHints":{"allow":["GET"]}}],"collection":[{"href":"https:\/\/continuamosmx.com\/index.php\/wp-json\/wp\/v2\/posts"}],"about":[{"href":"https:\/\/continuamosmx.com\/index.php\/wp-json\/wp\/v2\/types\/post"}],"author":[{"embeddable":true,"href":"https:\/\/continuamosmx.com\/index.php\/wp-json\/wp\/v2\/users\/6"}],"replies":[{"embeddable":true,"href":"https:\/\/continuamosmx.com\/index.php\/wp-json\/wp\/v2\/comments?post=43558"}],"version-history":[{"count":0,"href":"https:\/\/continuamosmx.com\/index.php\/wp-json\/wp\/v2\/posts\/43558\/revisions"}],"wp:featuredmedia":[{"embeddable":true,"href":"https:\/\/continuamosmx.com\/index.php\/wp-json\/"}],"wp:attachment":[{"href":"https:\/\/continuamosmx.com\/index.php\/wp-json\/wp\/v2\/media?parent=43558"}],"wp:term":[{"taxonomy":"category","embeddable":true,"href":"https:\/\/continuamosmx.com\/index.php\/wp-json\/wp\/v2\/categories?post=43558"},{"taxonomy":"post_tag","embeddable":true,"href":"https:\/\/continuamosmx.com\/index.php\/wp-json\/wp\/v2\/tags?post=43558"}],"curies":[{"name":"wp","href":"https:\/\/api.w.org\/{rel}","templated":true}]}}