{"id":43551,"date":"2022-01-23T16:48:50","date_gmt":"2022-01-23T16:48:50","guid":{"rendered":"https:\/\/continuamos.mx\/?p=32982"},"modified":"2022-01-23T16:48:50","modified_gmt":"2022-01-23T16:48:50","slug":"renueva-nueva-alianza-edomex-sus-organos-de-direccion-y-gobierno","status":"publish","type":"post","link":"https:\/\/continuamosmx.com\/index.php\/2022\/01\/23\/renueva-nueva-alianza-edomex-sus-organos-de-direccion-y-gobierno\/","title":{"rendered":"RENUEVA NUEVA ALIANZA EDOMEX SUS \u00d3RGANOS DE DIRECCI\u00d3N Y GOBIERNO"},"content":{"rendered":"\n<p><strong>.- El nuevo Comit\u00e9 de Direcci\u00f3n Estatal de Nueva Alianza Edomex qued\u00f3 presidido por el Maestro Javier Navarrete Hern\u00e1ndez, y el Licendiado Jos\u00e9 Roberto Valencia Ort\u00edz fue nombrado nuevo representante turquesa ante el Instituto Electoral del Estado de M\u00e9xico y se renovar\u00e1n por completo a los Consejeros de los 45 distritos electorales.\u00a0<\/strong><\/p>\n\n\n\n<p><strong>.- Queda sin representaci\u00f3n legal y es desconocido por los fundadores y mayor\u00eda de consejeros de Nueva Alianza, al ahora depuesto ex dirigente Mario Cervantes Palomino, por trasgredir violentamente los estatutos y la vida democr\u00e1tica de Nueva Alianza Edomex.\u00a0<\/strong><\/p>\n\n\n\n<p>ESTADO DE M\u00c9XICO.- El lunes 17 de enero de 2022, los integrantes del nuevo Comit\u00e9 de Direcci\u00f3n Estatal del Partido Nueva Alianza Estado de M\u00e9xico, que preside el Maestro Javier Navarrete Hern\u00e1ndez, acudieron al Instituto Electoral del Estado de M\u00e9xico, para notificar formal y legalmente, a la Consejera Presidenta, Maestra Laura Daniella Dur\u00e1n Ceja, las Consejeras y el Consejero Electoral, as\u00ed como al Secretario Ejecutivo, Maestro Francisco Javier L\u00f3pez Corral, de las modificaciones que el 5 y 9 de enero, en su Convenci\u00f3n Estatal y en su Consejo Estatal Extraordinario, realizaron a la integraci\u00f3n de sus \u00f3rganos de direcci\u00f3n y gobierno este instituto pol\u00edtico.<\/p>\n\n\n\n<p>Lo anterior, a partir de que la Convenci\u00f3n Estatal de Nueva Alianza Estado de M\u00e9xico, m\u00e1ximo \u00f3rgano de direcci\u00f3n del partido, se erigi\u00f3 en asamblea extraordinaria y por unanimidad de los 335 delegados presentes, determin\u00f3 que el \u00f3rgano de gobierno que presid\u00eda Mario Cervantes Palomino, desde el mes de diciembre inici\u00f3 una serie de acciones contrarias a lo establecido en el Estatuto, Documentos B\u00e1sicos y al esp\u00edritu democr\u00e1tico y ciudadano de Nueva Alianza, por lo que votaron por desconocer a todos integrantes del Comit\u00e9 Directivo Estatal.<\/p>\n\n\n\n<p>A la autoridad electoral, se le entreg\u00f3 el expediente con la relator\u00eda pormenorizada de los hechos y resolutivos de dichas Asambleas partidistas, y que entre otros acuerdos resaltan:<\/p>\n\n\n\n<p>Una Asamblea del Consejo Estatal que fue convocada para el 17 de Diciembre de 2021, la cual, al no ser convocada por los integrantes del Comit\u00e9 de Direcci\u00f3n Estatal, como lo establece el Estatuto de NAEM, fue declarada nula; adem\u00e1s, de que la convocatoria solo se dio a conocer \u201cformalmente\u201d a un m\u00ednimo grupo de integrantes del Consejo Estatal, que no corresponde a las dos terceras partes que requiere dicho acto estatutario.<\/p>\n\n\n\n<p>Integrantes del Comit\u00e9 de Direcci\u00f3n Estatal, Consejeros Estatales y Fraternales, que se enteraron de este hecho, acudieron al lugar de la convocatoria ubicado en el municipio de Ecatepec de Morelos, para como lo dicta el Estatuto de NA, formar parte de las decisiones democr\u00e1ticas del partido al hacer valer su voz y voto en ese acto.<\/p>\n\n\n\n<p>Sin embargo, a pesar de los intentos de di\u00e1logo, con el entonces Presidente, Mario Cervantes Palomino, un grupo de personas ajenas a este instituto pol\u00edtico, ejerciendo violencia f\u00edsica y verbal en contra de quienes cuentan con la representaci\u00f3n legal y leg\u00edtima para integrar ese \u00f3rgano de gobierno, no les permitieron la entrada a dicha Asamblea, lo que deriv\u00f3 en que todas las determinaciones ah\u00ed tomadas, son totalmente nulas.<\/p>\n\n\n\n<p>En los \u00faltimos d\u00edas de diciembre de 2021, integrantes del Comit\u00e9 de Direcci\u00f3n Estatal, Consejeros Pol\u00edticos y Delegados, buscaron establecer un di\u00e1logo con el expresidente Mario Cervantes Palomino, a fin de que el actuar de todas las partes se realizara bajo lo establecido en el Estatuto de NAEM, sin embargo no se encontr\u00f3 respuesta alguna.<\/p>\n\n\n\n<p>As\u00ed, regidos por lo establecido en el Estatuto del partido, se convoc\u00f3 la Convenci\u00f3n Estatal, como m\u00e1ximo \u00f3rgano de direcci\u00f3n, en el que se determin\u00f3 entre otros puntos:<\/p>\n\n\n\n<p>\u2022 Declarar ilegales e inv\u00e1lidas, la convocatoria y la asamblea del consejo estatal del 17 de diciembre del 2021, as\u00ed como los acuerdos aprobados en ella.<\/p>\n\n\n\n<p>\u2022 Remover como consejeros estatales a todos los que firmaron y participaron en dicha asamblea.<\/p>\n\n\n\n<p>\u2022 Remover y renovar todos los \u00f3rganos de direcci\u00f3n y gobierno existentes hasta ese momento, elegir a los 45 consejeros por distrito local y sustituir al representante de Nueva Alianza ante el Instituto Electoral del Estado de M\u00e9xico.<\/p>\n\n\n\n<p>El 9 de enero se celebr\u00f3 el Consejo Estatal Extraordinario, donde se nombr\u00f3 por unanimidad al nuevo Comit\u00e9 de Direcci\u00f3n Estatal, el cual qued\u00f3 presidido por el Maestro Javier Navarrete Hern\u00e1ndez, y el Licendiado Jos\u00e9 Roberto Valencia Ort\u00edz fue nombrado nuevo representante de Nueva Alianza ante el IEEM.<\/p>\n\n\n\n<p>Todos los actos realizados por el Partido Nueva Alianza Estado de M\u00e9xico, se realizaron conforme a lo establecido en el Estatuto y Documentos B\u00e1sicos que rigen la vida interna de este instituto pol\u00edtico, adem\u00e1s de que contaron con la presencia y fe p\u00fablica del Notario No. 6 del Estado de M\u00e9xico, Dr. Erick Benjam\u00edn Sant\u00edn Becerril.<\/p>\n\n\n\n<p>En estos momentos, la validaci\u00f3n de los actos estatutarios se encuentra en la Direcci\u00f3n de Partidos Pol\u00edticos, instancia que, con fundamento en la legislaci\u00f3n electoral, estamos seguros que en las pr\u00f3ximas horas, dar\u00e1 por v\u00e1lidos los resolutivos adoptados por nuestro partido y certificar\u00e1 los nuevos \u00f3rganos de direcci\u00f3n partidista.<\/p>\n\n\n\n<p>Con estas acciones, Nueva Alianza Estado de M\u00e9xico ratifica su compromiso con sus militantes, simpatizantes y todos los mexiquenses que creen y ven en este proyecto pol\u00edtico, la mejor v\u00eda para alcanzar un estado m\u00e1s democr\u00e1tico, equitativo y con mayor justicia social, por lo que, apegados a la legislaci\u00f3n electoral, se sancionar\u00e1 a quien trasgreda o violente nuestro Estatuto, nuestra vida interna, y traicione, en particular nuestra raz\u00f3n de ser, que son las causas ciudadanas.<\/p>\n","protected":false},"excerpt":{"rendered":"<p>.- El nuevo Comit\u00e9 de Direcci\u00f3n Estatal de Nueva Alianza Edomex qued\u00f3 presidido por el Maestro Javier Navarrete Hern\u00e1ndez, y el Licendiado Jos\u00e9 Roberto Valencia Ort\u00edz fue nombrado nuevo representante turquesa ante el Instituto Electoral del Estado de M\u00e9xico y se renovar\u00e1n por completo a los Consejeros de los 45 distritos electorales.\u00a0 .- Queda sin [&hellip;]<\/p>\n","protected":false},"author":6,"featured_media":32983,"comment_status":"closed","ping_status":"open","sticky":false,"template":"","format":"standard","meta":{"footnotes":""},"categories":[2],"tags":[],"class_list":["post-43551","post","type-post","status-publish","format-standard","has-post-thumbnail","hentry","category-edomex"],"yoast_head":"<!-- This site is optimized with the Yoast SEO plugin v27.5 - https:\/\/yoast.com\/product\/yoast-seo-wordpress\/ -->\n<title>RENUEVA NUEVA ALIANZA EDOMEX SUS \u00d3RGANOS DE DIRECCI\u00d3N Y GOBIERNO -<\/title>\n<meta name=\"robots\" content=\"index, follow, max-snippet:-1, max-image-preview:large, max-video-preview:-1\" \/>\n<link rel=\"canonical\" href=\"https:\/\/continuamosmx.com\/index.php\/2022\/01\/23\/renueva-nueva-alianza-edomex-sus-organos-de-direccion-y-gobierno\/\" \/>\n<meta property=\"og:locale\" content=\"es_ES\" \/>\n<meta property=\"og:type\" content=\"article\" \/>\n<meta property=\"og:title\" content=\"RENUEVA NUEVA ALIANZA EDOMEX SUS \u00d3RGANOS DE DIRECCI\u00d3N Y GOBIERNO -\" \/>\n<meta property=\"og:description\" content=\".- El nuevo Comit\u00e9 de Direcci\u00f3n Estatal de Nueva Alianza Edomex qued\u00f3 presidido por el Maestro Javier Navarrete Hern\u00e1ndez, y el Licendiado Jos\u00e9 Roberto Valencia Ort\u00edz fue nombrado nuevo representante turquesa ante el Instituto Electoral del Estado de M\u00e9xico y se renovar\u00e1n por completo a los Consejeros de los 45 distritos electorales.\u00a0 .- Queda sin [&hellip;]\" \/>\n<meta property=\"og:url\" content=\"https:\/\/continuamosmx.com\/index.php\/2022\/01\/23\/renueva-nueva-alianza-edomex-sus-organos-de-direccion-y-gobierno\/\" \/>\n<meta property=\"article:published_time\" content=\"2022-01-23T16:48:50+00:00\" \/>\n<meta name=\"author\" content=\"Continuamos MX\" \/>\n<meta name=\"twitter:card\" content=\"summary_large_image\" \/>\n<meta name=\"twitter:label1\" content=\"Escrito por\" \/>\n\t<meta name=\"twitter:data1\" content=\"Continuamos MX\" \/>\n\t<meta name=\"twitter:label2\" content=\"Tiempo de lectura\" \/>\n\t<meta name=\"twitter:data2\" content=\"5 minutos\" \/>\n<script type=\"application\/ld+json\" class=\"yoast-schema-graph\">{\"@context\":\"https:\\\/\\\/schema.org\",\"@graph\":[{\"@type\":\"Article\",\"@id\":\"https:\\\/\\\/continuamosmx.com\\\/index.php\\\/2022\\\/01\\\/23\\\/renueva-nueva-alianza-edomex-sus-organos-de-direccion-y-gobierno\\\/#article\",\"isPartOf\":{\"@id\":\"https:\\\/\\\/continuamosmx.com\\\/index.php\\\/2022\\\/01\\\/23\\\/renueva-nueva-alianza-edomex-sus-organos-de-direccion-y-gobierno\\\/\"},\"author\":{\"name\":\"Continuamos MX\",\"@id\":\"https:\\\/\\\/continuamosmx.com\\\/#\\\/schema\\\/person\\\/5eb5356acb1fad784da407d14f0e8d89\"},\"headline\":\"RENUEVA NUEVA ALIANZA EDOMEX SUS \u00d3RGANOS DE DIRECCI\u00d3N Y GOBIERNO\",\"datePublished\":\"2022-01-23T16:48:50+00:00\",\"mainEntityOfPage\":{\"@id\":\"https:\\\/\\\/continuamosmx.com\\\/index.php\\\/2022\\\/01\\\/23\\\/renueva-nueva-alianza-edomex-sus-organos-de-direccion-y-gobierno\\\/\"},\"wordCount\":963,\"publisher\":{\"@id\":\"https:\\\/\\\/continuamosmx.com\\\/#organization\"},\"image\":{\"@id\":\"https:\\\/\\\/continuamosmx.com\\\/index.php\\\/2022\\\/01\\\/23\\\/renueva-nueva-alianza-edomex-sus-organos-de-direccion-y-gobierno\\\/#primaryimage\"},\"thumbnailUrl\":\"\",\"articleSection\":[\"EDOMEX\"],\"inLanguage\":\"es\"},{\"@type\":\"WebPage\",\"@id\":\"https:\\\/\\\/continuamosmx.com\\\/index.php\\\/2022\\\/01\\\/23\\\/renueva-nueva-alianza-edomex-sus-organos-de-direccion-y-gobierno\\\/\",\"url\":\"https:\\\/\\\/continuamosmx.com\\\/index.php\\\/2022\\\/01\\\/23\\\/renueva-nueva-alianza-edomex-sus-organos-de-direccion-y-gobierno\\\/\",\"name\":\"RENUEVA NUEVA ALIANZA EDOMEX SUS \u00d3RGANOS DE DIRECCI\u00d3N Y GOBIERNO -\",\"isPartOf\":{\"@id\":\"https:\\\/\\\/continuamosmx.com\\\/#website\"},\"primaryImageOfPage\":{\"@id\":\"https:\\\/\\\/continuamosmx.com\\\/index.php\\\/2022\\\/01\\\/23\\\/renueva-nueva-alianza-edomex-sus-organos-de-direccion-y-gobierno\\\/#primaryimage\"},\"image\":{\"@id\":\"https:\\\/\\\/continuamosmx.com\\\/index.php\\\/2022\\\/01\\\/23\\\/renueva-nueva-alianza-edomex-sus-organos-de-direccion-y-gobierno\\\/#primaryimage\"},\"thumbnailUrl\":\"\",\"datePublished\":\"2022-01-23T16:48:50+00:00\",\"breadcrumb\":{\"@id\":\"https:\\\/\\\/continuamosmx.com\\\/index.php\\\/2022\\\/01\\\/23\\\/renueva-nueva-alianza-edomex-sus-organos-de-direccion-y-gobierno\\\/#breadcrumb\"},\"inLanguage\":\"es\",\"potentialAction\":[{\"@type\":\"ReadAction\",\"target\":[\"https:\\\/\\\/continuamosmx.com\\\/index.php\\\/2022\\\/01\\\/23\\\/renueva-nueva-alianza-edomex-sus-organos-de-direccion-y-gobierno\\\/\"]}]},{\"@type\":\"ImageObject\",\"inLanguage\":\"es\",\"@id\":\"https:\\\/\\\/continuamosmx.com\\\/index.php\\\/2022\\\/01\\\/23\\\/renueva-nueva-alianza-edomex-sus-organos-de-direccion-y-gobierno\\\/#primaryimage\",\"url\":\"\",\"contentUrl\":\"\"},{\"@type\":\"BreadcrumbList\",\"@id\":\"https:\\\/\\\/continuamosmx.com\\\/index.php\\\/2022\\\/01\\\/23\\\/renueva-nueva-alianza-edomex-sus-organos-de-direccion-y-gobierno\\\/#breadcrumb\",\"itemListElement\":[{\"@type\":\"ListItem\",\"position\":1,\"name\":\"Inicio\",\"item\":\"https:\\\/\\\/continuamosmx.com\\\/\"},{\"@type\":\"ListItem\",\"position\":2,\"name\":\"RENUEVA NUEVA ALIANZA EDOMEX SUS \u00d3RGANOS DE DIRECCI\u00d3N Y GOBIERNO\"}]},{\"@type\":\"WebSite\",\"@id\":\"https:\\\/\\\/continuamosmx.com\\\/#website\",\"url\":\"https:\\\/\\\/continuamosmx.com\\\/\",\"name\":\"www.continuamosmx.com\",\"description\":\"\",\"publisher\":{\"@id\":\"https:\\\/\\\/continuamosmx.com\\\/#organization\"},\"potentialAction\":[{\"@type\":\"SearchAction\",\"target\":{\"@type\":\"EntryPoint\",\"urlTemplate\":\"https:\\\/\\\/continuamosmx.com\\\/?s={search_term_string}\"},\"query-input\":{\"@type\":\"PropertyValueSpecification\",\"valueRequired\":true,\"valueName\":\"search_term_string\"}}],\"inLanguage\":\"es\"},{\"@type\":\"Organization\",\"@id\":\"https:\\\/\\\/continuamosmx.com\\\/#organization\",\"name\":\"ContinuamosMX\",\"url\":\"https:\\\/\\\/continuamosmx.com\\\/\",\"logo\":{\"@type\":\"ImageObject\",\"inLanguage\":\"es\",\"@id\":\"https:\\\/\\\/continuamosmx.com\\\/#\\\/schema\\\/logo\\\/image\\\/\",\"url\":\"https:\\\/\\\/continuamosmx.com\\\/wp-content\\\/uploads\\\/2023\\\/04\\\/cropped-LOGO-CONTI-NUEVO.png\",\"contentUrl\":\"https:\\\/\\\/continuamosmx.com\\\/wp-content\\\/uploads\\\/2023\\\/04\\\/cropped-LOGO-CONTI-NUEVO.png\",\"width\":1257,\"height\":430,\"caption\":\"ContinuamosMX\"},\"image\":{\"@id\":\"https:\\\/\\\/continuamosmx.com\\\/#\\\/schema\\\/logo\\\/image\\\/\"}},{\"@type\":\"Person\",\"@id\":\"https:\\\/\\\/continuamosmx.com\\\/#\\\/schema\\\/person\\\/5eb5356acb1fad784da407d14f0e8d89\",\"name\":\"Continuamos MX\",\"image\":{\"@type\":\"ImageObject\",\"inLanguage\":\"es\",\"@id\":\"https:\\\/\\\/secure.gravatar.com\\\/avatar\\\/30d4f9723476a15f4da34d35fb3501f08d2357016c76051c6a85c354c7489589?s=96&d=mm&r=g\",\"url\":\"https:\\\/\\\/secure.gravatar.com\\\/avatar\\\/30d4f9723476a15f4da34d35fb3501f08d2357016c76051c6a85c354c7489589?s=96&d=mm&r=g\",\"contentUrl\":\"https:\\\/\\\/secure.gravatar.com\\\/avatar\\\/30d4f9723476a15f4da34d35fb3501f08d2357016c76051c6a85c354c7489589?s=96&d=mm&r=g\",\"caption\":\"Continuamos MX\"},\"sameAs\":[\"http:\\\/\\\/www.continuamos.mx\"],\"url\":\"https:\\\/\\\/continuamosmx.com\\\/index.php\\\/author\\\/continuamos\\\/\"}]}<\/script>\n<!-- \/ Yoast SEO plugin. -->","yoast_head_json":{"title":"RENUEVA NUEVA ALIANZA EDOMEX SUS \u00d3RGANOS DE DIRECCI\u00d3N Y GOBIERNO -","robots":{"index":"index","follow":"follow","max-snippet":"max-snippet:-1","max-image-preview":"max-image-preview:large","max-video-preview":"max-video-preview:-1"},"canonical":"https:\/\/continuamosmx.com\/index.php\/2022\/01\/23\/renueva-nueva-alianza-edomex-sus-organos-de-direccion-y-gobierno\/","og_locale":"es_ES","og_type":"article","og_title":"RENUEVA NUEVA ALIANZA EDOMEX SUS \u00d3RGANOS DE DIRECCI\u00d3N Y GOBIERNO -","og_description":".- El nuevo Comit\u00e9 de Direcci\u00f3n Estatal de Nueva Alianza Edomex qued\u00f3 presidido por el Maestro Javier Navarrete Hern\u00e1ndez, y el Licendiado Jos\u00e9 Roberto Valencia Ort\u00edz fue nombrado nuevo representante turquesa ante el Instituto Electoral del Estado de M\u00e9xico y se renovar\u00e1n por completo a los Consejeros de los 45 distritos electorales.\u00a0 .- Queda sin [&hellip;]","og_url":"https:\/\/continuamosmx.com\/index.php\/2022\/01\/23\/renueva-nueva-alianza-edomex-sus-organos-de-direccion-y-gobierno\/","article_published_time":"2022-01-23T16:48:50+00:00","author":"Continuamos MX","twitter_card":"summary_large_image","twitter_misc":{"Escrito por":"Continuamos MX","Tiempo de lectura":"5 minutos"},"schema":{"@context":"https:\/\/schema.org","@graph":[{"@type":"Article","@id":"https:\/\/continuamosmx.com\/index.php\/2022\/01\/23\/renueva-nueva-alianza-edomex-sus-organos-de-direccion-y-gobierno\/#article","isPartOf":{"@id":"https:\/\/continuamosmx.com\/index.php\/2022\/01\/23\/renueva-nueva-alianza-edomex-sus-organos-de-direccion-y-gobierno\/"},"author":{"name":"Continuamos MX","@id":"https:\/\/continuamosmx.com\/#\/schema\/person\/5eb5356acb1fad784da407d14f0e8d89"},"headline":"RENUEVA NUEVA ALIANZA EDOMEX SUS \u00d3RGANOS DE DIRECCI\u00d3N Y GOBIERNO","datePublished":"2022-01-23T16:48:50+00:00","mainEntityOfPage":{"@id":"https:\/\/continuamosmx.com\/index.php\/2022\/01\/23\/renueva-nueva-alianza-edomex-sus-organos-de-direccion-y-gobierno\/"},"wordCount":963,"publisher":{"@id":"https:\/\/continuamosmx.com\/#organization"},"image":{"@id":"https:\/\/continuamosmx.com\/index.php\/2022\/01\/23\/renueva-nueva-alianza-edomex-sus-organos-de-direccion-y-gobierno\/#primaryimage"},"thumbnailUrl":"","articleSection":["EDOMEX"],"inLanguage":"es"},{"@type":"WebPage","@id":"https:\/\/continuamosmx.com\/index.php\/2022\/01\/23\/renueva-nueva-alianza-edomex-sus-organos-de-direccion-y-gobierno\/","url":"https:\/\/continuamosmx.com\/index.php\/2022\/01\/23\/renueva-nueva-alianza-edomex-sus-organos-de-direccion-y-gobierno\/","name":"RENUEVA NUEVA ALIANZA EDOMEX SUS \u00d3RGANOS DE DIRECCI\u00d3N Y GOBIERNO -","isPartOf":{"@id":"https:\/\/continuamosmx.com\/#website"},"primaryImageOfPage":{"@id":"https:\/\/continuamosmx.com\/index.php\/2022\/01\/23\/renueva-nueva-alianza-edomex-sus-organos-de-direccion-y-gobierno\/#primaryimage"},"image":{"@id":"https:\/\/continuamosmx.com\/index.php\/2022\/01\/23\/renueva-nueva-alianza-edomex-sus-organos-de-direccion-y-gobierno\/#primaryimage"},"thumbnailUrl":"","datePublished":"2022-01-23T16:48:50+00:00","breadcrumb":{"@id":"https:\/\/continuamosmx.com\/index.php\/2022\/01\/23\/renueva-nueva-alianza-edomex-sus-organos-de-direccion-y-gobierno\/#breadcrumb"},"inLanguage":"es","potentialAction":[{"@type":"ReadAction","target":["https:\/\/continuamosmx.com\/index.php\/2022\/01\/23\/renueva-nueva-alianza-edomex-sus-organos-de-direccion-y-gobierno\/"]}]},{"@type":"ImageObject","inLanguage":"es","@id":"https:\/\/continuamosmx.com\/index.php\/2022\/01\/23\/renueva-nueva-alianza-edomex-sus-organos-de-direccion-y-gobierno\/#primaryimage","url":"","contentUrl":""},{"@type":"BreadcrumbList","@id":"https:\/\/continuamosmx.com\/index.php\/2022\/01\/23\/renueva-nueva-alianza-edomex-sus-organos-de-direccion-y-gobierno\/#breadcrumb","itemListElement":[{"@type":"ListItem","position":1,"name":"Inicio","item":"https:\/\/continuamosmx.com\/"},{"@type":"ListItem","position":2,"name":"RENUEVA NUEVA ALIANZA EDOMEX SUS \u00d3RGANOS DE DIRECCI\u00d3N Y GOBIERNO"}]},{"@type":"WebSite","@id":"https:\/\/continuamosmx.com\/#website","url":"https:\/\/continuamosmx.com\/","name":"www.continuamosmx.com","description":"","publisher":{"@id":"https:\/\/continuamosmx.com\/#organization"},"potentialAction":[{"@type":"SearchAction","target":{"@type":"EntryPoint","urlTemplate":"https:\/\/continuamosmx.com\/?s={search_term_string}"},"query-input":{"@type":"PropertyValueSpecification","valueRequired":true,"valueName":"search_term_string"}}],"inLanguage":"es"},{"@type":"Organization","@id":"https:\/\/continuamosmx.com\/#organization","name":"ContinuamosMX","url":"https:\/\/continuamosmx.com\/","logo":{"@type":"ImageObject","inLanguage":"es","@id":"https:\/\/continuamosmx.com\/#\/schema\/logo\/image\/","url":"https:\/\/continuamosmx.com\/wp-content\/uploads\/2023\/04\/cropped-LOGO-CONTI-NUEVO.png","contentUrl":"https:\/\/continuamosmx.com\/wp-content\/uploads\/2023\/04\/cropped-LOGO-CONTI-NUEVO.png","width":1257,"height":430,"caption":"ContinuamosMX"},"image":{"@id":"https:\/\/continuamosmx.com\/#\/schema\/logo\/image\/"}},{"@type":"Person","@id":"https:\/\/continuamosmx.com\/#\/schema\/person\/5eb5356acb1fad784da407d14f0e8d89","name":"Continuamos MX","image":{"@type":"ImageObject","inLanguage":"es","@id":"https:\/\/secure.gravatar.com\/avatar\/30d4f9723476a15f4da34d35fb3501f08d2357016c76051c6a85c354c7489589?s=96&d=mm&r=g","url":"https:\/\/secure.gravatar.com\/avatar\/30d4f9723476a15f4da34d35fb3501f08d2357016c76051c6a85c354c7489589?s=96&d=mm&r=g","contentUrl":"https:\/\/secure.gravatar.com\/avatar\/30d4f9723476a15f4da34d35fb3501f08d2357016c76051c6a85c354c7489589?s=96&d=mm&r=g","caption":"Continuamos MX"},"sameAs":["http:\/\/www.continuamos.mx"],"url":"https:\/\/continuamosmx.com\/index.php\/author\/continuamos\/"}]}},"_links":{"self":[{"href":"https:\/\/continuamosmx.com\/index.php\/wp-json\/wp\/v2\/posts\/43551","targetHints":{"allow":["GET"]}}],"collection":[{"href":"https:\/\/continuamosmx.com\/index.php\/wp-json\/wp\/v2\/posts"}],"about":[{"href":"https:\/\/continuamosmx.com\/index.php\/wp-json\/wp\/v2\/types\/post"}],"author":[{"embeddable":true,"href":"https:\/\/continuamosmx.com\/index.php\/wp-json\/wp\/v2\/users\/6"}],"replies":[{"embeddable":true,"href":"https:\/\/continuamosmx.com\/index.php\/wp-json\/wp\/v2\/comments?post=43551"}],"version-history":[{"count":0,"href":"https:\/\/continuamosmx.com\/index.php\/wp-json\/wp\/v2\/posts\/43551\/revisions"}],"wp:featuredmedia":[{"embeddable":true,"href":"https:\/\/continuamosmx.com\/index.php\/wp-json\/"}],"wp:attachment":[{"href":"https:\/\/continuamosmx.com\/index.php\/wp-json\/wp\/v2\/media?parent=43551"}],"wp:term":[{"taxonomy":"category","embeddable":true,"href":"https:\/\/continuamosmx.com\/index.php\/wp-json\/wp\/v2\/categories?post=43551"},{"taxonomy":"post_tag","embeddable":true,"href":"https:\/\/continuamosmx.com\/index.php\/wp-json\/wp\/v2\/tags?post=43551"}],"curies":[{"name":"wp","href":"https:\/\/api.w.org\/{rel}","templated":true}]}}