{"id":43537,"date":"2022-01-21T06:34:40","date_gmt":"2022-01-21T06:34:40","guid":{"rendered":"https:\/\/continuamos.mx\/?p=32905"},"modified":"2022-01-21T06:34:40","modified_gmt":"2022-01-21T06:34:40","slug":"fuertes-rumores-ya-colocan-al-edil-de-temamatla-en-las-filas-del-pri","status":"publish","type":"post","link":"https:\/\/continuamosmx.com\/index.php\/2022\/01\/21\/fuertes-rumores-ya-colocan-al-edil-de-temamatla-en-las-filas-del-pri\/","title":{"rendered":"FUERTES RUMORES YA COLOCAN AL EDIL DE TEMAMATLA EN LAS FILAS DEL PRI"},"content":{"rendered":"\n<p>.-<strong> Tal situaci\u00f3n no ha sido desmentida o confirmada pro el alcalde Jos\u00e9 Antonio Vallejo Gama<\/strong><\/p>\n\n\n\n<p>Por: JOSE ALBERTO ZEA DOMINGUEZ<\/p>\n\n\n\n<p>TEMAMATLA, M\u00e9x.- Desde d\u00edas pasados se escucha en los pasillos pol\u00edticos no s\u00f3lo del municipio, sino en las altas esferas de la pol\u00edtica mexiquense, que el alcalde Jos\u00e9 Antonio Vallejo Gama, emanado del las Redes Sociales Progresistas (RSP), se va al Partido Revolucionario Institucional (PRI), sin embargo, su Sindico y Regidores se quedan en RSP, el cual el pueblo de \u00e9sta localidad est\u00e1 a disgusto que el presidente municipal se vaya a otro partido pol\u00edtico.<\/p>\n\n\n\n<p>Jos\u00e9 Antonio Vallejo Gama, gan\u00f3 la presidencia municipal por Redes Sociales Progresistas, y los habitantes en su mayor\u00eda vot\u00f3 por un cambio verdadero, sin embargo, en las \u00faltimas semanas el rumor ha sido fuerte que el alcalde Vallejo Gama se cambia de partido para mediados del mes de febrero y se pasa al Partido Revolucionario Institucional (PRI).<\/p>\n\n\n\n<p>Dentro de los pasillos de la pol\u00edtica, se\u00f1alan que al parecer hubo una grande negociaci\u00f3n para que el mun\u00edcipe Jos\u00e9 Antonio Vallejo Gama, le hayan hablado muy bien para dejar a Redes Sociales Progresistas (RSP), y cambiar de partido pol\u00edtico (PRI), lo que la gente que confiaron en el presidente municipal ahora le pudieran dar la espalda.<\/p>\n\n\n\n<p>As\u00ed mismo en reiteradas ocasiones he estado en la presidencia municipal, para que el alcalde Vallejo Gama, me diera una entrevista para confirmar o descalificar los fuertes rumores sin el cambio de camiseta.<\/p>\n\n\n\n<p>Se dice tambi\u00e9n en las altas esferas pol\u00edticas que su Sindico y Regidores de Redes Sociales Progresistas (RSP), no dejan est\u00e1s siglas y estar\u00e1n con la misma playera de RSP.<\/p>\n\n\n\n<p>Esta abierto la entrevista si as\u00ed lo desea el alcalde Jos\u00e9 Antonio Vallejo Gama, para desmentir los rumores o confirmar su postura, sin embargo, se ver\u00e1 antes o a mediados de febrero que el rumor sea cierto o falso, mientras la bola de nieve va en aumento.<\/p>\n","protected":false},"excerpt":{"rendered":"<p>.- Tal situaci\u00f3n no ha sido desmentida o confirmada pro el alcalde Jos\u00e9 Antonio Vallejo Gama Por: JOSE ALBERTO ZEA DOMINGUEZ TEMAMATLA, M\u00e9x.- Desde d\u00edas pasados se escucha en los pasillos pol\u00edticos no s\u00f3lo del municipio, sino en las altas esferas de la pol\u00edtica mexiquense, que el alcalde Jos\u00e9 Antonio Vallejo Gama, emanado del las [&hellip;]<\/p>\n","protected":false},"author":6,"featured_media":32906,"comment_status":"closed","ping_status":"open","sticky":false,"template":"","format":"standard","meta":{"footnotes":""},"categories":[4,41],"tags":[],"class_list":["post-43537","post","type-post","status-publish","format-standard","has-post-thumbnail","hentry","category-locales","category-temamatla"],"yoast_head":"<!-- This site is optimized with the Yoast SEO plugin v27.5 - https:\/\/yoast.com\/product\/yoast-seo-wordpress\/ -->\n<title>FUERTES RUMORES YA COLOCAN AL EDIL DE TEMAMATLA EN LAS FILAS DEL PRI -<\/title>\n<meta name=\"robots\" content=\"index, follow, max-snippet:-1, max-image-preview:large, max-video-preview:-1\" \/>\n<link rel=\"canonical\" href=\"https:\/\/continuamosmx.com\/index.php\/2022\/01\/21\/fuertes-rumores-ya-colocan-al-edil-de-temamatla-en-las-filas-del-pri\/\" \/>\n<meta property=\"og:locale\" content=\"es_ES\" \/>\n<meta property=\"og:type\" content=\"article\" \/>\n<meta property=\"og:title\" content=\"FUERTES RUMORES YA COLOCAN AL EDIL DE TEMAMATLA EN LAS FILAS DEL PRI -\" \/>\n<meta property=\"og:description\" content=\".- Tal situaci\u00f3n no ha sido desmentida o confirmada pro el alcalde Jos\u00e9 Antonio Vallejo Gama Por: JOSE ALBERTO ZEA DOMINGUEZ TEMAMATLA, M\u00e9x.- Desde d\u00edas pasados se escucha en los pasillos pol\u00edticos no s\u00f3lo del municipio, sino en las altas esferas de la pol\u00edtica mexiquense, que el alcalde Jos\u00e9 Antonio Vallejo Gama, emanado del las [&hellip;]\" \/>\n<meta property=\"og:url\" content=\"https:\/\/continuamosmx.com\/index.php\/2022\/01\/21\/fuertes-rumores-ya-colocan-al-edil-de-temamatla-en-las-filas-del-pri\/\" \/>\n<meta property=\"article:published_time\" content=\"2022-01-21T06:34:40+00:00\" \/>\n<meta name=\"author\" content=\"Continuamos MX\" \/>\n<meta name=\"twitter:card\" content=\"summary_large_image\" \/>\n<meta name=\"twitter:label1\" content=\"Escrito por\" \/>\n\t<meta name=\"twitter:data1\" content=\"Continuamos MX\" \/>\n\t<meta name=\"twitter:label2\" content=\"Tiempo de lectura\" \/>\n\t<meta name=\"twitter:data2\" content=\"2 minutos\" \/>\n<script type=\"application\/ld+json\" class=\"yoast-schema-graph\">{\"@context\":\"https:\\\/\\\/schema.org\",\"@graph\":[{\"@type\":\"Article\",\"@id\":\"https:\\\/\\\/continuamosmx.com\\\/index.php\\\/2022\\\/01\\\/21\\\/fuertes-rumores-ya-colocan-al-edil-de-temamatla-en-las-filas-del-pri\\\/#article\",\"isPartOf\":{\"@id\":\"https:\\\/\\\/continuamosmx.com\\\/index.php\\\/2022\\\/01\\\/21\\\/fuertes-rumores-ya-colocan-al-edil-de-temamatla-en-las-filas-del-pri\\\/\"},\"author\":{\"name\":\"Continuamos MX\",\"@id\":\"https:\\\/\\\/continuamosmx.com\\\/#\\\/schema\\\/person\\\/5eb5356acb1fad784da407d14f0e8d89\"},\"headline\":\"FUERTES RUMORES YA COLOCAN AL EDIL DE TEMAMATLA EN LAS FILAS DEL PRI\",\"datePublished\":\"2022-01-21T06:34:40+00:00\",\"mainEntityOfPage\":{\"@id\":\"https:\\\/\\\/continuamosmx.com\\\/index.php\\\/2022\\\/01\\\/21\\\/fuertes-rumores-ya-colocan-al-edil-de-temamatla-en-las-filas-del-pri\\\/\"},\"wordCount\":351,\"publisher\":{\"@id\":\"https:\\\/\\\/continuamosmx.com\\\/#organization\"},\"image\":{\"@id\":\"https:\\\/\\\/continuamosmx.com\\\/index.php\\\/2022\\\/01\\\/21\\\/fuertes-rumores-ya-colocan-al-edil-de-temamatla-en-las-filas-del-pri\\\/#primaryimage\"},\"thumbnailUrl\":\"https:\\\/\\\/continuamosmx.com\\\/wp-content\\\/uploads\\\/2022\\\/01\\\/texcoco-nota-dos-contra-3-1-2.jpg\",\"articleSection\":[\"LOCALES\",\"TEMAMATLA\"],\"inLanguage\":\"es\"},{\"@type\":\"WebPage\",\"@id\":\"https:\\\/\\\/continuamosmx.com\\\/index.php\\\/2022\\\/01\\\/21\\\/fuertes-rumores-ya-colocan-al-edil-de-temamatla-en-las-filas-del-pri\\\/\",\"url\":\"https:\\\/\\\/continuamosmx.com\\\/index.php\\\/2022\\\/01\\\/21\\\/fuertes-rumores-ya-colocan-al-edil-de-temamatla-en-las-filas-del-pri\\\/\",\"name\":\"FUERTES RUMORES YA COLOCAN AL EDIL DE TEMAMATLA EN LAS FILAS DEL PRI -\",\"isPartOf\":{\"@id\":\"https:\\\/\\\/continuamosmx.com\\\/#website\"},\"primaryImageOfPage\":{\"@id\":\"https:\\\/\\\/continuamosmx.com\\\/index.php\\\/2022\\\/01\\\/21\\\/fuertes-rumores-ya-colocan-al-edil-de-temamatla-en-las-filas-del-pri\\\/#primaryimage\"},\"image\":{\"@id\":\"https:\\\/\\\/continuamosmx.com\\\/index.php\\\/2022\\\/01\\\/21\\\/fuertes-rumores-ya-colocan-al-edil-de-temamatla-en-las-filas-del-pri\\\/#primaryimage\"},\"thumbnailUrl\":\"https:\\\/\\\/continuamosmx.com\\\/wp-content\\\/uploads\\\/2022\\\/01\\\/texcoco-nota-dos-contra-3-1-2.jpg\",\"datePublished\":\"2022-01-21T06:34:40+00:00\",\"breadcrumb\":{\"@id\":\"https:\\\/\\\/continuamosmx.com\\\/index.php\\\/2022\\\/01\\\/21\\\/fuertes-rumores-ya-colocan-al-edil-de-temamatla-en-las-filas-del-pri\\\/#breadcrumb\"},\"inLanguage\":\"es\",\"potentialAction\":[{\"@type\":\"ReadAction\",\"target\":[\"https:\\\/\\\/continuamosmx.com\\\/index.php\\\/2022\\\/01\\\/21\\\/fuertes-rumores-ya-colocan-al-edil-de-temamatla-en-las-filas-del-pri\\\/\"]}]},{\"@type\":\"ImageObject\",\"inLanguage\":\"es\",\"@id\":\"https:\\\/\\\/continuamosmx.com\\\/index.php\\\/2022\\\/01\\\/21\\\/fuertes-rumores-ya-colocan-al-edil-de-temamatla-en-las-filas-del-pri\\\/#primaryimage\",\"url\":\"https:\\\/\\\/continuamosmx.com\\\/wp-content\\\/uploads\\\/2022\\\/01\\\/texcoco-nota-dos-contra-3-1-2.jpg\",\"contentUrl\":\"https:\\\/\\\/continuamosmx.com\\\/wp-content\\\/uploads\\\/2022\\\/01\\\/texcoco-nota-dos-contra-3-1-2.jpg\",\"width\":360,\"height\":480},{\"@type\":\"BreadcrumbList\",\"@id\":\"https:\\\/\\\/continuamosmx.com\\\/index.php\\\/2022\\\/01\\\/21\\\/fuertes-rumores-ya-colocan-al-edil-de-temamatla-en-las-filas-del-pri\\\/#breadcrumb\",\"itemListElement\":[{\"@type\":\"ListItem\",\"position\":1,\"name\":\"Inicio\",\"item\":\"https:\\\/\\\/continuamosmx.com\\\/\"},{\"@type\":\"ListItem\",\"position\":2,\"name\":\"FUERTES RUMORES YA COLOCAN AL EDIL DE TEMAMATLA EN LAS FILAS DEL PRI\"}]},{\"@type\":\"WebSite\",\"@id\":\"https:\\\/\\\/continuamosmx.com\\\/#website\",\"url\":\"https:\\\/\\\/continuamosmx.com\\\/\",\"name\":\"www.continuamosmx.com\",\"description\":\"\",\"publisher\":{\"@id\":\"https:\\\/\\\/continuamosmx.com\\\/#organization\"},\"potentialAction\":[{\"@type\":\"SearchAction\",\"target\":{\"@type\":\"EntryPoint\",\"urlTemplate\":\"https:\\\/\\\/continuamosmx.com\\\/?s={search_term_string}\"},\"query-input\":{\"@type\":\"PropertyValueSpecification\",\"valueRequired\":true,\"valueName\":\"search_term_string\"}}],\"inLanguage\":\"es\"},{\"@type\":\"Organization\",\"@id\":\"https:\\\/\\\/continuamosmx.com\\\/#organization\",\"name\":\"ContinuamosMX\",\"url\":\"https:\\\/\\\/continuamosmx.com\\\/\",\"logo\":{\"@type\":\"ImageObject\",\"inLanguage\":\"es\",\"@id\":\"https:\\\/\\\/continuamosmx.com\\\/#\\\/schema\\\/logo\\\/image\\\/\",\"url\":\"https:\\\/\\\/continuamosmx.com\\\/wp-content\\\/uploads\\\/2023\\\/04\\\/cropped-LOGO-CONTI-NUEVO.png\",\"contentUrl\":\"https:\\\/\\\/continuamosmx.com\\\/wp-content\\\/uploads\\\/2023\\\/04\\\/cropped-LOGO-CONTI-NUEVO.png\",\"width\":1257,\"height\":430,\"caption\":\"ContinuamosMX\"},\"image\":{\"@id\":\"https:\\\/\\\/continuamosmx.com\\\/#\\\/schema\\\/logo\\\/image\\\/\"}},{\"@type\":\"Person\",\"@id\":\"https:\\\/\\\/continuamosmx.com\\\/#\\\/schema\\\/person\\\/5eb5356acb1fad784da407d14f0e8d89\",\"name\":\"Continuamos MX\",\"image\":{\"@type\":\"ImageObject\",\"inLanguage\":\"es\",\"@id\":\"https:\\\/\\\/secure.gravatar.com\\\/avatar\\\/30d4f9723476a15f4da34d35fb3501f08d2357016c76051c6a85c354c7489589?s=96&d=mm&r=g\",\"url\":\"https:\\\/\\\/secure.gravatar.com\\\/avatar\\\/30d4f9723476a15f4da34d35fb3501f08d2357016c76051c6a85c354c7489589?s=96&d=mm&r=g\",\"contentUrl\":\"https:\\\/\\\/secure.gravatar.com\\\/avatar\\\/30d4f9723476a15f4da34d35fb3501f08d2357016c76051c6a85c354c7489589?s=96&d=mm&r=g\",\"caption\":\"Continuamos MX\"},\"sameAs\":[\"http:\\\/\\\/www.continuamos.mx\"],\"url\":\"https:\\\/\\\/continuamosmx.com\\\/index.php\\\/author\\\/continuamos\\\/\"}]}<\/script>\n<!-- \/ Yoast SEO plugin. -->","yoast_head_json":{"title":"FUERTES RUMORES YA COLOCAN AL EDIL DE TEMAMATLA EN LAS FILAS DEL PRI -","robots":{"index":"index","follow":"follow","max-snippet":"max-snippet:-1","max-image-preview":"max-image-preview:large","max-video-preview":"max-video-preview:-1"},"canonical":"https:\/\/continuamosmx.com\/index.php\/2022\/01\/21\/fuertes-rumores-ya-colocan-al-edil-de-temamatla-en-las-filas-del-pri\/","og_locale":"es_ES","og_type":"article","og_title":"FUERTES RUMORES YA COLOCAN AL EDIL DE TEMAMATLA EN LAS FILAS DEL PRI -","og_description":".- Tal situaci\u00f3n no ha sido desmentida o confirmada pro el alcalde Jos\u00e9 Antonio Vallejo Gama Por: JOSE ALBERTO ZEA DOMINGUEZ TEMAMATLA, M\u00e9x.- Desde d\u00edas pasados se escucha en los pasillos pol\u00edticos no s\u00f3lo del municipio, sino en las altas esferas de la pol\u00edtica mexiquense, que el alcalde Jos\u00e9 Antonio Vallejo Gama, emanado del las [&hellip;]","og_url":"https:\/\/continuamosmx.com\/index.php\/2022\/01\/21\/fuertes-rumores-ya-colocan-al-edil-de-temamatla-en-las-filas-del-pri\/","article_published_time":"2022-01-21T06:34:40+00:00","author":"Continuamos MX","twitter_card":"summary_large_image","twitter_misc":{"Escrito por":"Continuamos MX","Tiempo de lectura":"2 minutos"},"schema":{"@context":"https:\/\/schema.org","@graph":[{"@type":"Article","@id":"https:\/\/continuamosmx.com\/index.php\/2022\/01\/21\/fuertes-rumores-ya-colocan-al-edil-de-temamatla-en-las-filas-del-pri\/#article","isPartOf":{"@id":"https:\/\/continuamosmx.com\/index.php\/2022\/01\/21\/fuertes-rumores-ya-colocan-al-edil-de-temamatla-en-las-filas-del-pri\/"},"author":{"name":"Continuamos MX","@id":"https:\/\/continuamosmx.com\/#\/schema\/person\/5eb5356acb1fad784da407d14f0e8d89"},"headline":"FUERTES RUMORES YA COLOCAN AL EDIL DE TEMAMATLA EN LAS FILAS DEL PRI","datePublished":"2022-01-21T06:34:40+00:00","mainEntityOfPage":{"@id":"https:\/\/continuamosmx.com\/index.php\/2022\/01\/21\/fuertes-rumores-ya-colocan-al-edil-de-temamatla-en-las-filas-del-pri\/"},"wordCount":351,"publisher":{"@id":"https:\/\/continuamosmx.com\/#organization"},"image":{"@id":"https:\/\/continuamosmx.com\/index.php\/2022\/01\/21\/fuertes-rumores-ya-colocan-al-edil-de-temamatla-en-las-filas-del-pri\/#primaryimage"},"thumbnailUrl":"https:\/\/continuamosmx.com\/wp-content\/uploads\/2022\/01\/texcoco-nota-dos-contra-3-1-2.jpg","articleSection":["LOCALES","TEMAMATLA"],"inLanguage":"es"},{"@type":"WebPage","@id":"https:\/\/continuamosmx.com\/index.php\/2022\/01\/21\/fuertes-rumores-ya-colocan-al-edil-de-temamatla-en-las-filas-del-pri\/","url":"https:\/\/continuamosmx.com\/index.php\/2022\/01\/21\/fuertes-rumores-ya-colocan-al-edil-de-temamatla-en-las-filas-del-pri\/","name":"FUERTES RUMORES YA COLOCAN AL EDIL DE TEMAMATLA EN LAS FILAS DEL PRI -","isPartOf":{"@id":"https:\/\/continuamosmx.com\/#website"},"primaryImageOfPage":{"@id":"https:\/\/continuamosmx.com\/index.php\/2022\/01\/21\/fuertes-rumores-ya-colocan-al-edil-de-temamatla-en-las-filas-del-pri\/#primaryimage"},"image":{"@id":"https:\/\/continuamosmx.com\/index.php\/2022\/01\/21\/fuertes-rumores-ya-colocan-al-edil-de-temamatla-en-las-filas-del-pri\/#primaryimage"},"thumbnailUrl":"https:\/\/continuamosmx.com\/wp-content\/uploads\/2022\/01\/texcoco-nota-dos-contra-3-1-2.jpg","datePublished":"2022-01-21T06:34:40+00:00","breadcrumb":{"@id":"https:\/\/continuamosmx.com\/index.php\/2022\/01\/21\/fuertes-rumores-ya-colocan-al-edil-de-temamatla-en-las-filas-del-pri\/#breadcrumb"},"inLanguage":"es","potentialAction":[{"@type":"ReadAction","target":["https:\/\/continuamosmx.com\/index.php\/2022\/01\/21\/fuertes-rumores-ya-colocan-al-edil-de-temamatla-en-las-filas-del-pri\/"]}]},{"@type":"ImageObject","inLanguage":"es","@id":"https:\/\/continuamosmx.com\/index.php\/2022\/01\/21\/fuertes-rumores-ya-colocan-al-edil-de-temamatla-en-las-filas-del-pri\/#primaryimage","url":"https:\/\/continuamosmx.com\/wp-content\/uploads\/2022\/01\/texcoco-nota-dos-contra-3-1-2.jpg","contentUrl":"https:\/\/continuamosmx.com\/wp-content\/uploads\/2022\/01\/texcoco-nota-dos-contra-3-1-2.jpg","width":360,"height":480},{"@type":"BreadcrumbList","@id":"https:\/\/continuamosmx.com\/index.php\/2022\/01\/21\/fuertes-rumores-ya-colocan-al-edil-de-temamatla-en-las-filas-del-pri\/#breadcrumb","itemListElement":[{"@type":"ListItem","position":1,"name":"Inicio","item":"https:\/\/continuamosmx.com\/"},{"@type":"ListItem","position":2,"name":"FUERTES RUMORES YA COLOCAN AL EDIL DE TEMAMATLA EN LAS FILAS DEL PRI"}]},{"@type":"WebSite","@id":"https:\/\/continuamosmx.com\/#website","url":"https:\/\/continuamosmx.com\/","name":"www.continuamosmx.com","description":"","publisher":{"@id":"https:\/\/continuamosmx.com\/#organization"},"potentialAction":[{"@type":"SearchAction","target":{"@type":"EntryPoint","urlTemplate":"https:\/\/continuamosmx.com\/?s={search_term_string}"},"query-input":{"@type":"PropertyValueSpecification","valueRequired":true,"valueName":"search_term_string"}}],"inLanguage":"es"},{"@type":"Organization","@id":"https:\/\/continuamosmx.com\/#organization","name":"ContinuamosMX","url":"https:\/\/continuamosmx.com\/","logo":{"@type":"ImageObject","inLanguage":"es","@id":"https:\/\/continuamosmx.com\/#\/schema\/logo\/image\/","url":"https:\/\/continuamosmx.com\/wp-content\/uploads\/2023\/04\/cropped-LOGO-CONTI-NUEVO.png","contentUrl":"https:\/\/continuamosmx.com\/wp-content\/uploads\/2023\/04\/cropped-LOGO-CONTI-NUEVO.png","width":1257,"height":430,"caption":"ContinuamosMX"},"image":{"@id":"https:\/\/continuamosmx.com\/#\/schema\/logo\/image\/"}},{"@type":"Person","@id":"https:\/\/continuamosmx.com\/#\/schema\/person\/5eb5356acb1fad784da407d14f0e8d89","name":"Continuamos MX","image":{"@type":"ImageObject","inLanguage":"es","@id":"https:\/\/secure.gravatar.com\/avatar\/30d4f9723476a15f4da34d35fb3501f08d2357016c76051c6a85c354c7489589?s=96&d=mm&r=g","url":"https:\/\/secure.gravatar.com\/avatar\/30d4f9723476a15f4da34d35fb3501f08d2357016c76051c6a85c354c7489589?s=96&d=mm&r=g","contentUrl":"https:\/\/secure.gravatar.com\/avatar\/30d4f9723476a15f4da34d35fb3501f08d2357016c76051c6a85c354c7489589?s=96&d=mm&r=g","caption":"Continuamos MX"},"sameAs":["http:\/\/www.continuamos.mx"],"url":"https:\/\/continuamosmx.com\/index.php\/author\/continuamos\/"}]}},"_links":{"self":[{"href":"https:\/\/continuamosmx.com\/index.php\/wp-json\/wp\/v2\/posts\/43537","targetHints":{"allow":["GET"]}}],"collection":[{"href":"https:\/\/continuamosmx.com\/index.php\/wp-json\/wp\/v2\/posts"}],"about":[{"href":"https:\/\/continuamosmx.com\/index.php\/wp-json\/wp\/v2\/types\/post"}],"author":[{"embeddable":true,"href":"https:\/\/continuamosmx.com\/index.php\/wp-json\/wp\/v2\/users\/6"}],"replies":[{"embeddable":true,"href":"https:\/\/continuamosmx.com\/index.php\/wp-json\/wp\/v2\/comments?post=43537"}],"version-history":[{"count":0,"href":"https:\/\/continuamosmx.com\/index.php\/wp-json\/wp\/v2\/posts\/43537\/revisions"}],"wp:featuredmedia":[{"embeddable":true,"href":"https:\/\/continuamosmx.com\/index.php\/wp-json\/wp\/v2\/media\/32906"}],"wp:attachment":[{"href":"https:\/\/continuamosmx.com\/index.php\/wp-json\/wp\/v2\/media?parent=43537"}],"wp:term":[{"taxonomy":"category","embeddable":true,"href":"https:\/\/continuamosmx.com\/index.php\/wp-json\/wp\/v2\/categories?post=43537"},{"taxonomy":"post_tag","embeddable":true,"href":"https:\/\/continuamosmx.com\/index.php\/wp-json\/wp\/v2\/tags?post=43537"}],"curies":[{"name":"wp","href":"https:\/\/api.w.org\/{rel}","templated":true}]}}