{"id":43531,"date":"2022-01-19T04:47:30","date_gmt":"2022-01-19T04:47:30","guid":{"rendered":"https:\/\/continuamos.mx\/?p=32766"},"modified":"2022-01-19T04:47:30","modified_gmt":"2022-01-19T04:47:30","slug":"en-ecatzingo-asesoraran-a-senderistas-sobre-el-cuidado-del-medio-ambiente","status":"publish","type":"post","link":"https:\/\/continuamosmx.com\/index.php\/2022\/01\/19\/en-ecatzingo-asesoraran-a-senderistas-sobre-el-cuidado-del-medio-ambiente\/","title":{"rendered":"EN ECATZINGO ASESORAR\u00c1N A SENDERISTAS SOBRE EL CUIDADO DEL MEDIO AMBIENTE"},"content":{"rendered":"\n<blockquote class=\"wp-block-quote is-layout-flow wp-block-quote-is-layout-flow\"><p>* Invitan a los turistas nacionales e internacionales a conocer estos lugares d\u00f3nde pas\u00f3 el Ferrocarril San Rafael Atlixco<\/p><\/blockquote>\n\n\n\n<p>Por: JOSE ALBERTO ZEA DOMINGUEZ<\/p>\n\n\n\n<p>ECATZINGO, M\u00e9x.- Con la finalidad de no deteriorar a afectar el medio ambiente del bosque, la Universidad Intercultural y la Protectora del Bosque, (PROBOSQUE), del gobierno mexiquense, asesorar\u00e1n al grupo tur\u00edstico, \u00abSENDERISTAS DE LOS PUENTES PORFIRIANOS\u00bb, e invitan a los turistas nacionales e internacionales a conocer estos lugares d\u00f3nde pas\u00f3 el Ferrocarril San Rafael Atlixco.<\/p>\n\n\n\n<p>Jos\u00e9 Luis Reyes S\u00e1nchez, historiador del municipio de Ecatzingo, en entrevista dijo que, la finalidad de la empresa tur\u00edstica, \u00abPuentes Porfirianos del Ferrocarril San Rafael-Atlixco\u00bb, y con la asesor\u00eda de la Universidad Intercultural, as\u00ed como por PROBOSQUE, es cuidar el medio ambiente del bosque, en donde a\u00f1os atr\u00e1s atraves\u00f3 el Ferrocarril San Rafael-Atlixco.<\/p>\n\n\n\n<p>\u00abFue I\u00f1igo Noriega Lazo, que con la ayuda del presidente, Jos\u00e9 de la Cruz Porfirio D\u00edaz Mor\u00ed, (Don Porfirio D\u00edaz), qui\u00e9n fue de la idea de construir el Ferrocarril San Rafael-Atlixco, para que llegara a la F\u00e1brica de Papel San Rafael, el cu\u00e1l quer\u00eda unir a varias f\u00e1bricas textiles como la de Miraflores y ahorrar gastos\u00bb.<\/p>\n\n\n\n<p>Dicho proyecto que, fue autorizado por el aquel entonces presidente de M\u00e9xico, Don Porfirio D\u00edaz, era unir las f\u00e1bricas textiles que hab\u00eda en Tlaxcala, Puebla, Atlixco y la zona oriente del Estado de M\u00e9xico, cosa que, a lo largo del las v\u00edas f\u00e9rreas, se construyeron varios Puentes Porfirianos, donde el municipio de Ecatzingo, todav\u00eda est\u00e1n el pie las construcciones, se\u00f1al\u00f3 el Cronista Municipal.<\/p>\n\n\n\n<p>Y agreg\u00f3, \u00bb El convenio con PROBOSQUE y la Universidad Intercultural de Tepetlixpa, ser\u00e1 para asesorar al turismo en el rubro del Senderismo, y no afectar al bosque, ya que, cada domingo llegan turistas a conocer m\u00e1s de la historia del Ferrocarril San Rafael-Atlixco, y sus bellos Puentes Porfirianos, por lo que se invita al turismo nacional e internacional, que realicen los paseos Senderismo, y al mismo tiempo no deteriorar el medio ambiente\u00bb.<\/p>\n\n\n\n<p>Puntualiz\u00f3 diciendo que, los recorridos y paseos por caminos hacia los puentes Porfirianos, se realiza solamente los domingos de un horario de 9:00 a 14:00 horas y pueden llamar al n\u00famero telef\u00f3nico, 5543436242, con el Cronista Municipal, Jos\u00e9 Luis Reyes S\u00e1nchez, para dar mayor informaci\u00f3n sobre Senderismo en este municipio.<\/p>\n","protected":false},"excerpt":{"rendered":"<p>* Invitan a los turistas nacionales e internacionales a conocer estos lugares d\u00f3nde pas\u00f3 el Ferrocarril San Rafael Atlixco Por: JOSE ALBERTO ZEA DOMINGUEZ ECATZINGO, M\u00e9x.- Con la finalidad de no deteriorar a afectar el medio ambiente del bosque, la Universidad Intercultural y la Protectora del Bosque, (PROBOSQUE), del gobierno mexiquense, asesorar\u00e1n al grupo tur\u00edstico, [&hellip;]<\/p>\n","protected":false},"author":6,"featured_media":32768,"comment_status":"closed","ping_status":"open","sticky":false,"template":"","format":"standard","meta":{"footnotes":""},"categories":[68,4],"tags":[],"class_list":["post-43531","post","type-post","status-publish","format-standard","has-post-thumbnail","hentry","category-ecatzingo","category-locales"],"yoast_head":"<!-- This site is optimized with the Yoast SEO plugin v27.5 - https:\/\/yoast.com\/product\/yoast-seo-wordpress\/ -->\n<title>EN ECATZINGO ASESORAR\u00c1N A SENDERISTAS SOBRE EL CUIDADO DEL MEDIO AMBIENTE -<\/title>\n<meta name=\"robots\" content=\"index, follow, max-snippet:-1, max-image-preview:large, max-video-preview:-1\" \/>\n<link rel=\"canonical\" href=\"https:\/\/continuamosmx.com\/index.php\/2022\/01\/19\/en-ecatzingo-asesoraran-a-senderistas-sobre-el-cuidado-del-medio-ambiente\/\" \/>\n<meta property=\"og:locale\" content=\"es_ES\" \/>\n<meta property=\"og:type\" content=\"article\" \/>\n<meta property=\"og:title\" content=\"EN ECATZINGO ASESORAR\u00c1N A SENDERISTAS SOBRE EL CUIDADO DEL MEDIO AMBIENTE -\" \/>\n<meta property=\"og:description\" content=\"* Invitan a los turistas nacionales e internacionales a conocer estos lugares d\u00f3nde pas\u00f3 el Ferrocarril San Rafael Atlixco Por: JOSE ALBERTO ZEA DOMINGUEZ ECATZINGO, M\u00e9x.- Con la finalidad de no deteriorar a afectar el medio ambiente del bosque, la Universidad Intercultural y la Protectora del Bosque, (PROBOSQUE), del gobierno mexiquense, asesorar\u00e1n al grupo tur\u00edstico, [&hellip;]\" \/>\n<meta property=\"og:url\" content=\"https:\/\/continuamosmx.com\/index.php\/2022\/01\/19\/en-ecatzingo-asesoraran-a-senderistas-sobre-el-cuidado-del-medio-ambiente\/\" \/>\n<meta property=\"article:published_time\" content=\"2022-01-19T04:47:30+00:00\" \/>\n<meta name=\"author\" content=\"Continuamos MX\" \/>\n<meta name=\"twitter:card\" content=\"summary_large_image\" \/>\n<meta name=\"twitter:label1\" content=\"Escrito por\" \/>\n\t<meta name=\"twitter:data1\" content=\"Continuamos MX\" \/>\n\t<meta name=\"twitter:label2\" content=\"Tiempo de lectura\" \/>\n\t<meta name=\"twitter:data2\" content=\"2 minutos\" \/>\n<script type=\"application\/ld+json\" class=\"yoast-schema-graph\">{\"@context\":\"https:\\\/\\\/schema.org\",\"@graph\":[{\"@type\":\"Article\",\"@id\":\"https:\\\/\\\/continuamosmx.com\\\/index.php\\\/2022\\\/01\\\/19\\\/en-ecatzingo-asesoraran-a-senderistas-sobre-el-cuidado-del-medio-ambiente\\\/#article\",\"isPartOf\":{\"@id\":\"https:\\\/\\\/continuamosmx.com\\\/index.php\\\/2022\\\/01\\\/19\\\/en-ecatzingo-asesoraran-a-senderistas-sobre-el-cuidado-del-medio-ambiente\\\/\"},\"author\":{\"name\":\"Continuamos MX\",\"@id\":\"https:\\\/\\\/continuamosmx.com\\\/#\\\/schema\\\/person\\\/5eb5356acb1fad784da407d14f0e8d89\"},\"headline\":\"EN ECATZINGO ASESORAR\u00c1N A SENDERISTAS SOBRE EL CUIDADO DEL MEDIO AMBIENTE\",\"datePublished\":\"2022-01-19T04:47:30+00:00\",\"mainEntityOfPage\":{\"@id\":\"https:\\\/\\\/continuamosmx.com\\\/index.php\\\/2022\\\/01\\\/19\\\/en-ecatzingo-asesoraran-a-senderistas-sobre-el-cuidado-del-medio-ambiente\\\/\"},\"wordCount\":415,\"publisher\":{\"@id\":\"https:\\\/\\\/continuamosmx.com\\\/#organization\"},\"image\":{\"@id\":\"https:\\\/\\\/continuamosmx.com\\\/index.php\\\/2022\\\/01\\\/19\\\/en-ecatzingo-asesoraran-a-senderistas-sobre-el-cuidado-del-medio-ambiente\\\/#primaryimage\"},\"thumbnailUrl\":\"https:\\\/\\\/continuamosmx.com\\\/wp-content\\\/uploads\\\/2022\\\/01\\\/ecatzingo-nota-uno-contra-1-1.jpeg\",\"articleSection\":[\"ECATZINGO\",\"LOCALES\"],\"inLanguage\":\"es\"},{\"@type\":\"WebPage\",\"@id\":\"https:\\\/\\\/continuamosmx.com\\\/index.php\\\/2022\\\/01\\\/19\\\/en-ecatzingo-asesoraran-a-senderistas-sobre-el-cuidado-del-medio-ambiente\\\/\",\"url\":\"https:\\\/\\\/continuamosmx.com\\\/index.php\\\/2022\\\/01\\\/19\\\/en-ecatzingo-asesoraran-a-senderistas-sobre-el-cuidado-del-medio-ambiente\\\/\",\"name\":\"EN ECATZINGO ASESORAR\u00c1N A SENDERISTAS SOBRE EL CUIDADO DEL MEDIO AMBIENTE -\",\"isPartOf\":{\"@id\":\"https:\\\/\\\/continuamosmx.com\\\/#website\"},\"primaryImageOfPage\":{\"@id\":\"https:\\\/\\\/continuamosmx.com\\\/index.php\\\/2022\\\/01\\\/19\\\/en-ecatzingo-asesoraran-a-senderistas-sobre-el-cuidado-del-medio-ambiente\\\/#primaryimage\"},\"image\":{\"@id\":\"https:\\\/\\\/continuamosmx.com\\\/index.php\\\/2022\\\/01\\\/19\\\/en-ecatzingo-asesoraran-a-senderistas-sobre-el-cuidado-del-medio-ambiente\\\/#primaryimage\"},\"thumbnailUrl\":\"https:\\\/\\\/continuamosmx.com\\\/wp-content\\\/uploads\\\/2022\\\/01\\\/ecatzingo-nota-uno-contra-1-1.jpeg\",\"datePublished\":\"2022-01-19T04:47:30+00:00\",\"breadcrumb\":{\"@id\":\"https:\\\/\\\/continuamosmx.com\\\/index.php\\\/2022\\\/01\\\/19\\\/en-ecatzingo-asesoraran-a-senderistas-sobre-el-cuidado-del-medio-ambiente\\\/#breadcrumb\"},\"inLanguage\":\"es\",\"potentialAction\":[{\"@type\":\"ReadAction\",\"target\":[\"https:\\\/\\\/continuamosmx.com\\\/index.php\\\/2022\\\/01\\\/19\\\/en-ecatzingo-asesoraran-a-senderistas-sobre-el-cuidado-del-medio-ambiente\\\/\"]}]},{\"@type\":\"ImageObject\",\"inLanguage\":\"es\",\"@id\":\"https:\\\/\\\/continuamosmx.com\\\/index.php\\\/2022\\\/01\\\/19\\\/en-ecatzingo-asesoraran-a-senderistas-sobre-el-cuidado-del-medio-ambiente\\\/#primaryimage\",\"url\":\"https:\\\/\\\/continuamosmx.com\\\/wp-content\\\/uploads\\\/2022\\\/01\\\/ecatzingo-nota-uno-contra-1-1.jpeg\",\"contentUrl\":\"https:\\\/\\\/continuamosmx.com\\\/wp-content\\\/uploads\\\/2022\\\/01\\\/ecatzingo-nota-uno-contra-1-1.jpeg\",\"width\":480,\"height\":360},{\"@type\":\"BreadcrumbList\",\"@id\":\"https:\\\/\\\/continuamosmx.com\\\/index.php\\\/2022\\\/01\\\/19\\\/en-ecatzingo-asesoraran-a-senderistas-sobre-el-cuidado-del-medio-ambiente\\\/#breadcrumb\",\"itemListElement\":[{\"@type\":\"ListItem\",\"position\":1,\"name\":\"Inicio\",\"item\":\"https:\\\/\\\/continuamosmx.com\\\/\"},{\"@type\":\"ListItem\",\"position\":2,\"name\":\"EN ECATZINGO ASESORAR\u00c1N A SENDERISTAS SOBRE EL CUIDADO DEL MEDIO AMBIENTE\"}]},{\"@type\":\"WebSite\",\"@id\":\"https:\\\/\\\/continuamosmx.com\\\/#website\",\"url\":\"https:\\\/\\\/continuamosmx.com\\\/\",\"name\":\"www.continuamosmx.com\",\"description\":\"\",\"publisher\":{\"@id\":\"https:\\\/\\\/continuamosmx.com\\\/#organization\"},\"potentialAction\":[{\"@type\":\"SearchAction\",\"target\":{\"@type\":\"EntryPoint\",\"urlTemplate\":\"https:\\\/\\\/continuamosmx.com\\\/?s={search_term_string}\"},\"query-input\":{\"@type\":\"PropertyValueSpecification\",\"valueRequired\":true,\"valueName\":\"search_term_string\"}}],\"inLanguage\":\"es\"},{\"@type\":\"Organization\",\"@id\":\"https:\\\/\\\/continuamosmx.com\\\/#organization\",\"name\":\"ContinuamosMX\",\"url\":\"https:\\\/\\\/continuamosmx.com\\\/\",\"logo\":{\"@type\":\"ImageObject\",\"inLanguage\":\"es\",\"@id\":\"https:\\\/\\\/continuamosmx.com\\\/#\\\/schema\\\/logo\\\/image\\\/\",\"url\":\"https:\\\/\\\/continuamosmx.com\\\/wp-content\\\/uploads\\\/2023\\\/04\\\/cropped-LOGO-CONTI-NUEVO.png\",\"contentUrl\":\"https:\\\/\\\/continuamosmx.com\\\/wp-content\\\/uploads\\\/2023\\\/04\\\/cropped-LOGO-CONTI-NUEVO.png\",\"width\":1257,\"height\":430,\"caption\":\"ContinuamosMX\"},\"image\":{\"@id\":\"https:\\\/\\\/continuamosmx.com\\\/#\\\/schema\\\/logo\\\/image\\\/\"}},{\"@type\":\"Person\",\"@id\":\"https:\\\/\\\/continuamosmx.com\\\/#\\\/schema\\\/person\\\/5eb5356acb1fad784da407d14f0e8d89\",\"name\":\"Continuamos MX\",\"image\":{\"@type\":\"ImageObject\",\"inLanguage\":\"es\",\"@id\":\"https:\\\/\\\/secure.gravatar.com\\\/avatar\\\/30d4f9723476a15f4da34d35fb3501f08d2357016c76051c6a85c354c7489589?s=96&d=mm&r=g\",\"url\":\"https:\\\/\\\/secure.gravatar.com\\\/avatar\\\/30d4f9723476a15f4da34d35fb3501f08d2357016c76051c6a85c354c7489589?s=96&d=mm&r=g\",\"contentUrl\":\"https:\\\/\\\/secure.gravatar.com\\\/avatar\\\/30d4f9723476a15f4da34d35fb3501f08d2357016c76051c6a85c354c7489589?s=96&d=mm&r=g\",\"caption\":\"Continuamos MX\"},\"sameAs\":[\"http:\\\/\\\/www.continuamos.mx\"],\"url\":\"https:\\\/\\\/continuamosmx.com\\\/index.php\\\/author\\\/continuamos\\\/\"}]}<\/script>\n<!-- \/ Yoast SEO plugin. -->","yoast_head_json":{"title":"EN ECATZINGO ASESORAR\u00c1N A SENDERISTAS SOBRE EL CUIDADO DEL MEDIO AMBIENTE -","robots":{"index":"index","follow":"follow","max-snippet":"max-snippet:-1","max-image-preview":"max-image-preview:large","max-video-preview":"max-video-preview:-1"},"canonical":"https:\/\/continuamosmx.com\/index.php\/2022\/01\/19\/en-ecatzingo-asesoraran-a-senderistas-sobre-el-cuidado-del-medio-ambiente\/","og_locale":"es_ES","og_type":"article","og_title":"EN ECATZINGO ASESORAR\u00c1N A SENDERISTAS SOBRE EL CUIDADO DEL MEDIO AMBIENTE -","og_description":"* Invitan a los turistas nacionales e internacionales a conocer estos lugares d\u00f3nde pas\u00f3 el Ferrocarril San Rafael Atlixco Por: JOSE ALBERTO ZEA DOMINGUEZ ECATZINGO, M\u00e9x.- Con la finalidad de no deteriorar a afectar el medio ambiente del bosque, la Universidad Intercultural y la Protectora del Bosque, (PROBOSQUE), del gobierno mexiquense, asesorar\u00e1n al grupo tur\u00edstico, [&hellip;]","og_url":"https:\/\/continuamosmx.com\/index.php\/2022\/01\/19\/en-ecatzingo-asesoraran-a-senderistas-sobre-el-cuidado-del-medio-ambiente\/","article_published_time":"2022-01-19T04:47:30+00:00","author":"Continuamos MX","twitter_card":"summary_large_image","twitter_misc":{"Escrito por":"Continuamos MX","Tiempo de lectura":"2 minutos"},"schema":{"@context":"https:\/\/schema.org","@graph":[{"@type":"Article","@id":"https:\/\/continuamosmx.com\/index.php\/2022\/01\/19\/en-ecatzingo-asesoraran-a-senderistas-sobre-el-cuidado-del-medio-ambiente\/#article","isPartOf":{"@id":"https:\/\/continuamosmx.com\/index.php\/2022\/01\/19\/en-ecatzingo-asesoraran-a-senderistas-sobre-el-cuidado-del-medio-ambiente\/"},"author":{"name":"Continuamos MX","@id":"https:\/\/continuamosmx.com\/#\/schema\/person\/5eb5356acb1fad784da407d14f0e8d89"},"headline":"EN ECATZINGO ASESORAR\u00c1N A SENDERISTAS SOBRE EL CUIDADO DEL MEDIO AMBIENTE","datePublished":"2022-01-19T04:47:30+00:00","mainEntityOfPage":{"@id":"https:\/\/continuamosmx.com\/index.php\/2022\/01\/19\/en-ecatzingo-asesoraran-a-senderistas-sobre-el-cuidado-del-medio-ambiente\/"},"wordCount":415,"publisher":{"@id":"https:\/\/continuamosmx.com\/#organization"},"image":{"@id":"https:\/\/continuamosmx.com\/index.php\/2022\/01\/19\/en-ecatzingo-asesoraran-a-senderistas-sobre-el-cuidado-del-medio-ambiente\/#primaryimage"},"thumbnailUrl":"https:\/\/continuamosmx.com\/wp-content\/uploads\/2022\/01\/ecatzingo-nota-uno-contra-1-1.jpeg","articleSection":["ECATZINGO","LOCALES"],"inLanguage":"es"},{"@type":"WebPage","@id":"https:\/\/continuamosmx.com\/index.php\/2022\/01\/19\/en-ecatzingo-asesoraran-a-senderistas-sobre-el-cuidado-del-medio-ambiente\/","url":"https:\/\/continuamosmx.com\/index.php\/2022\/01\/19\/en-ecatzingo-asesoraran-a-senderistas-sobre-el-cuidado-del-medio-ambiente\/","name":"EN ECATZINGO ASESORAR\u00c1N A SENDERISTAS SOBRE EL CUIDADO DEL MEDIO AMBIENTE -","isPartOf":{"@id":"https:\/\/continuamosmx.com\/#website"},"primaryImageOfPage":{"@id":"https:\/\/continuamosmx.com\/index.php\/2022\/01\/19\/en-ecatzingo-asesoraran-a-senderistas-sobre-el-cuidado-del-medio-ambiente\/#primaryimage"},"image":{"@id":"https:\/\/continuamosmx.com\/index.php\/2022\/01\/19\/en-ecatzingo-asesoraran-a-senderistas-sobre-el-cuidado-del-medio-ambiente\/#primaryimage"},"thumbnailUrl":"https:\/\/continuamosmx.com\/wp-content\/uploads\/2022\/01\/ecatzingo-nota-uno-contra-1-1.jpeg","datePublished":"2022-01-19T04:47:30+00:00","breadcrumb":{"@id":"https:\/\/continuamosmx.com\/index.php\/2022\/01\/19\/en-ecatzingo-asesoraran-a-senderistas-sobre-el-cuidado-del-medio-ambiente\/#breadcrumb"},"inLanguage":"es","potentialAction":[{"@type":"ReadAction","target":["https:\/\/continuamosmx.com\/index.php\/2022\/01\/19\/en-ecatzingo-asesoraran-a-senderistas-sobre-el-cuidado-del-medio-ambiente\/"]}]},{"@type":"ImageObject","inLanguage":"es","@id":"https:\/\/continuamosmx.com\/index.php\/2022\/01\/19\/en-ecatzingo-asesoraran-a-senderistas-sobre-el-cuidado-del-medio-ambiente\/#primaryimage","url":"https:\/\/continuamosmx.com\/wp-content\/uploads\/2022\/01\/ecatzingo-nota-uno-contra-1-1.jpeg","contentUrl":"https:\/\/continuamosmx.com\/wp-content\/uploads\/2022\/01\/ecatzingo-nota-uno-contra-1-1.jpeg","width":480,"height":360},{"@type":"BreadcrumbList","@id":"https:\/\/continuamosmx.com\/index.php\/2022\/01\/19\/en-ecatzingo-asesoraran-a-senderistas-sobre-el-cuidado-del-medio-ambiente\/#breadcrumb","itemListElement":[{"@type":"ListItem","position":1,"name":"Inicio","item":"https:\/\/continuamosmx.com\/"},{"@type":"ListItem","position":2,"name":"EN ECATZINGO ASESORAR\u00c1N A SENDERISTAS SOBRE EL CUIDADO DEL MEDIO AMBIENTE"}]},{"@type":"WebSite","@id":"https:\/\/continuamosmx.com\/#website","url":"https:\/\/continuamosmx.com\/","name":"www.continuamosmx.com","description":"","publisher":{"@id":"https:\/\/continuamosmx.com\/#organization"},"potentialAction":[{"@type":"SearchAction","target":{"@type":"EntryPoint","urlTemplate":"https:\/\/continuamosmx.com\/?s={search_term_string}"},"query-input":{"@type":"PropertyValueSpecification","valueRequired":true,"valueName":"search_term_string"}}],"inLanguage":"es"},{"@type":"Organization","@id":"https:\/\/continuamosmx.com\/#organization","name":"ContinuamosMX","url":"https:\/\/continuamosmx.com\/","logo":{"@type":"ImageObject","inLanguage":"es","@id":"https:\/\/continuamosmx.com\/#\/schema\/logo\/image\/","url":"https:\/\/continuamosmx.com\/wp-content\/uploads\/2023\/04\/cropped-LOGO-CONTI-NUEVO.png","contentUrl":"https:\/\/continuamosmx.com\/wp-content\/uploads\/2023\/04\/cropped-LOGO-CONTI-NUEVO.png","width":1257,"height":430,"caption":"ContinuamosMX"},"image":{"@id":"https:\/\/continuamosmx.com\/#\/schema\/logo\/image\/"}},{"@type":"Person","@id":"https:\/\/continuamosmx.com\/#\/schema\/person\/5eb5356acb1fad784da407d14f0e8d89","name":"Continuamos MX","image":{"@type":"ImageObject","inLanguage":"es","@id":"https:\/\/secure.gravatar.com\/avatar\/30d4f9723476a15f4da34d35fb3501f08d2357016c76051c6a85c354c7489589?s=96&d=mm&r=g","url":"https:\/\/secure.gravatar.com\/avatar\/30d4f9723476a15f4da34d35fb3501f08d2357016c76051c6a85c354c7489589?s=96&d=mm&r=g","contentUrl":"https:\/\/secure.gravatar.com\/avatar\/30d4f9723476a15f4da34d35fb3501f08d2357016c76051c6a85c354c7489589?s=96&d=mm&r=g","caption":"Continuamos MX"},"sameAs":["http:\/\/www.continuamos.mx"],"url":"https:\/\/continuamosmx.com\/index.php\/author\/continuamos\/"}]}},"_links":{"self":[{"href":"https:\/\/continuamosmx.com\/index.php\/wp-json\/wp\/v2\/posts\/43531","targetHints":{"allow":["GET"]}}],"collection":[{"href":"https:\/\/continuamosmx.com\/index.php\/wp-json\/wp\/v2\/posts"}],"about":[{"href":"https:\/\/continuamosmx.com\/index.php\/wp-json\/wp\/v2\/types\/post"}],"author":[{"embeddable":true,"href":"https:\/\/continuamosmx.com\/index.php\/wp-json\/wp\/v2\/users\/6"}],"replies":[{"embeddable":true,"href":"https:\/\/continuamosmx.com\/index.php\/wp-json\/wp\/v2\/comments?post=43531"}],"version-history":[{"count":0,"href":"https:\/\/continuamosmx.com\/index.php\/wp-json\/wp\/v2\/posts\/43531\/revisions"}],"wp:featuredmedia":[{"embeddable":true,"href":"https:\/\/continuamosmx.com\/index.php\/wp-json\/wp\/v2\/media\/32768"}],"wp:attachment":[{"href":"https:\/\/continuamosmx.com\/index.php\/wp-json\/wp\/v2\/media?parent=43531"}],"wp:term":[{"taxonomy":"category","embeddable":true,"href":"https:\/\/continuamosmx.com\/index.php\/wp-json\/wp\/v2\/categories?post=43531"},{"taxonomy":"post_tag","embeddable":true,"href":"https:\/\/continuamosmx.com\/index.php\/wp-json\/wp\/v2\/tags?post=43531"}],"curies":[{"name":"wp","href":"https:\/\/api.w.org\/{rel}","templated":true}]}}