{"id":43529,"date":"2022-01-18T15:00:39","date_gmt":"2022-01-18T15:00:39","guid":{"rendered":"https:\/\/continuamos.mx\/?p=32725"},"modified":"2022-01-18T15:00:39","modified_gmt":"2022-01-18T15:00:39","slug":"aplican-operativo-de-seguridad-en-transporte-publico-en-tultitlan","status":"publish","type":"post","link":"https:\/\/continuamosmx.com\/index.php\/2022\/01\/18\/aplican-operativo-de-seguridad-en-transporte-publico-en-tultitlan\/","title":{"rendered":"APLICAN OPERATIVO DE SEGURIDAD EN TRANSPORTE P\u00daBLICO, EN TULTITL\u00c1N"},"content":{"rendered":"\n<p><strong>.- Elementos de Seguridad Vial realizan operativo preventivo en unidades del transporte p\u00fablico que circulan sobre la v\u00eda L\u00f3pez Portillo.\u00a0<\/strong><\/p>\n\n\n\n<p>TULTITL\u00c1N, M\u00e9x.- Con el objetivo de garantizar la seguridad p\u00fablica de los habitantes y prevenir asaltos en el transporte p\u00fablico, elementos de Seguridad Vial del Gobierno que preside la Alcaldesa Elena Garc\u00eda aplican el operativo Transporte Seguro.<\/p>\n\n\n\n<p>Por instrucciones de la Presidenta Municipal de Tultitl\u00e1n, Elena Garc\u00eda, el operativo denominado \u00abTransporte Tultitl\u00e1n Seguro\u00bb, se realiza en unidades que circulan sobre la v\u00eda Jos\u00e9 L\u00f3pez Portillo con la finalidad de combatir el robo a usuarios del transporte p\u00fablico, realizando revisiones aleatorias para prevenir la comisi\u00f3n del delito.<\/p>\n\n\n\n<p>Para la Alcaldesa Elena Garc\u00eda, la seguridad p\u00fablica de los habitantes de Tultitl\u00e1n es prioridad, por eso los operativos de prevenci\u00f3n se realizan de manera constante en las comunidades, zonas comerciables y transporte p\u00fablico.<\/p>\n\n\n\n<p>La Comisar\u00eda de Seguridad p\u00fablica se pone a disposici\u00f3n de los ciudadanos para atender cualquier emergencia, el n\u00famero del #C2, 55 58989200.<\/p>\n","protected":false},"excerpt":{"rendered":"<p>.- Elementos de Seguridad Vial realizan operativo preventivo en unidades del transporte p\u00fablico que circulan sobre la v\u00eda L\u00f3pez Portillo.\u00a0 TULTITL\u00c1N, M\u00e9x.- Con el objetivo de garantizar la seguridad p\u00fablica de los habitantes y prevenir asaltos en el transporte p\u00fablico, elementos de Seguridad Vial del Gobierno que preside la Alcaldesa Elena Garc\u00eda aplican el operativo [&hellip;]<\/p>\n","protected":false},"author":6,"featured_media":32726,"comment_status":"closed","ping_status":"open","sticky":false,"template":"","format":"standard","meta":{"footnotes":""},"categories":[4,67],"tags":[],"class_list":["post-43529","post","type-post","status-publish","format-standard","has-post-thumbnail","hentry","category-locales","category-tultitlan"],"yoast_head":"<!-- This site is optimized with the Yoast SEO plugin v27.5 - https:\/\/yoast.com\/product\/yoast-seo-wordpress\/ -->\n<title>APLICAN OPERATIVO DE SEGURIDAD EN TRANSPORTE P\u00daBLICO, EN TULTITL\u00c1N -<\/title>\n<meta name=\"robots\" content=\"index, follow, max-snippet:-1, max-image-preview:large, max-video-preview:-1\" \/>\n<link rel=\"canonical\" href=\"https:\/\/continuamosmx.com\/index.php\/2022\/01\/18\/aplican-operativo-de-seguridad-en-transporte-publico-en-tultitlan\/\" \/>\n<meta property=\"og:locale\" content=\"es_ES\" \/>\n<meta property=\"og:type\" content=\"article\" \/>\n<meta property=\"og:title\" content=\"APLICAN OPERATIVO DE SEGURIDAD EN TRANSPORTE P\u00daBLICO, EN TULTITL\u00c1N -\" \/>\n<meta property=\"og:description\" content=\".- Elementos de Seguridad Vial realizan operativo preventivo en unidades del transporte p\u00fablico que circulan sobre la v\u00eda L\u00f3pez Portillo.\u00a0 TULTITL\u00c1N, M\u00e9x.- Con el objetivo de garantizar la seguridad p\u00fablica de los habitantes y prevenir asaltos en el transporte p\u00fablico, elementos de Seguridad Vial del Gobierno que preside la Alcaldesa Elena Garc\u00eda aplican el operativo [&hellip;]\" \/>\n<meta property=\"og:url\" content=\"https:\/\/continuamosmx.com\/index.php\/2022\/01\/18\/aplican-operativo-de-seguridad-en-transporte-publico-en-tultitlan\/\" \/>\n<meta property=\"article:published_time\" content=\"2022-01-18T15:00:39+00:00\" \/>\n<meta name=\"author\" content=\"Continuamos MX\" \/>\n<meta name=\"twitter:card\" content=\"summary_large_image\" \/>\n<meta name=\"twitter:label1\" content=\"Escrito por\" \/>\n\t<meta name=\"twitter:data1\" content=\"Continuamos MX\" \/>\n\t<meta name=\"twitter:label2\" content=\"Tiempo de lectura\" \/>\n\t<meta name=\"twitter:data2\" content=\"1 minuto\" \/>\n<script type=\"application\/ld+json\" class=\"yoast-schema-graph\">{\"@context\":\"https:\\\/\\\/schema.org\",\"@graph\":[{\"@type\":\"Article\",\"@id\":\"https:\\\/\\\/continuamosmx.com\\\/index.php\\\/2022\\\/01\\\/18\\\/aplican-operativo-de-seguridad-en-transporte-publico-en-tultitlan\\\/#article\",\"isPartOf\":{\"@id\":\"https:\\\/\\\/continuamosmx.com\\\/index.php\\\/2022\\\/01\\\/18\\\/aplican-operativo-de-seguridad-en-transporte-publico-en-tultitlan\\\/\"},\"author\":{\"name\":\"Continuamos MX\",\"@id\":\"https:\\\/\\\/continuamosmx.com\\\/#\\\/schema\\\/person\\\/5eb5356acb1fad784da407d14f0e8d89\"},\"headline\":\"APLICAN OPERATIVO DE SEGURIDAD EN TRANSPORTE P\u00daBLICO, EN TULTITL\u00c1N\",\"datePublished\":\"2022-01-18T15:00:39+00:00\",\"mainEntityOfPage\":{\"@id\":\"https:\\\/\\\/continuamosmx.com\\\/index.php\\\/2022\\\/01\\\/18\\\/aplican-operativo-de-seguridad-en-transporte-publico-en-tultitlan\\\/\"},\"wordCount\":196,\"publisher\":{\"@id\":\"https:\\\/\\\/continuamosmx.com\\\/#organization\"},\"image\":{\"@id\":\"https:\\\/\\\/continuamosmx.com\\\/index.php\\\/2022\\\/01\\\/18\\\/aplican-operativo-de-seguridad-en-transporte-publico-en-tultitlan\\\/#primaryimage\"},\"thumbnailUrl\":\"https:\\\/\\\/continuamosmx.com\\\/wp-content\\\/uploads\\\/2022\\\/01\\\/EE463885-AB7D-480F-A5ED-5F54316CB390.jpeg\",\"articleSection\":[\"LOCALES\",\"TULTITL\u00c1N\"],\"inLanguage\":\"es\"},{\"@type\":\"WebPage\",\"@id\":\"https:\\\/\\\/continuamosmx.com\\\/index.php\\\/2022\\\/01\\\/18\\\/aplican-operativo-de-seguridad-en-transporte-publico-en-tultitlan\\\/\",\"url\":\"https:\\\/\\\/continuamosmx.com\\\/index.php\\\/2022\\\/01\\\/18\\\/aplican-operativo-de-seguridad-en-transporte-publico-en-tultitlan\\\/\",\"name\":\"APLICAN OPERATIVO DE SEGURIDAD EN TRANSPORTE P\u00daBLICO, EN TULTITL\u00c1N -\",\"isPartOf\":{\"@id\":\"https:\\\/\\\/continuamosmx.com\\\/#website\"},\"primaryImageOfPage\":{\"@id\":\"https:\\\/\\\/continuamosmx.com\\\/index.php\\\/2022\\\/01\\\/18\\\/aplican-operativo-de-seguridad-en-transporte-publico-en-tultitlan\\\/#primaryimage\"},\"image\":{\"@id\":\"https:\\\/\\\/continuamosmx.com\\\/index.php\\\/2022\\\/01\\\/18\\\/aplican-operativo-de-seguridad-en-transporte-publico-en-tultitlan\\\/#primaryimage\"},\"thumbnailUrl\":\"https:\\\/\\\/continuamosmx.com\\\/wp-content\\\/uploads\\\/2022\\\/01\\\/EE463885-AB7D-480F-A5ED-5F54316CB390.jpeg\",\"datePublished\":\"2022-01-18T15:00:39+00:00\",\"breadcrumb\":{\"@id\":\"https:\\\/\\\/continuamosmx.com\\\/index.php\\\/2022\\\/01\\\/18\\\/aplican-operativo-de-seguridad-en-transporte-publico-en-tultitlan\\\/#breadcrumb\"},\"inLanguage\":\"es\",\"potentialAction\":[{\"@type\":\"ReadAction\",\"target\":[\"https:\\\/\\\/continuamosmx.com\\\/index.php\\\/2022\\\/01\\\/18\\\/aplican-operativo-de-seguridad-en-transporte-publico-en-tultitlan\\\/\"]}]},{\"@type\":\"ImageObject\",\"inLanguage\":\"es\",\"@id\":\"https:\\\/\\\/continuamosmx.com\\\/index.php\\\/2022\\\/01\\\/18\\\/aplican-operativo-de-seguridad-en-transporte-publico-en-tultitlan\\\/#primaryimage\",\"url\":\"https:\\\/\\\/continuamosmx.com\\\/wp-content\\\/uploads\\\/2022\\\/01\\\/EE463885-AB7D-480F-A5ED-5F54316CB390.jpeg\",\"contentUrl\":\"https:\\\/\\\/continuamosmx.com\\\/wp-content\\\/uploads\\\/2022\\\/01\\\/EE463885-AB7D-480F-A5ED-5F54316CB390.jpeg\",\"width\":1643,\"height\":1098},{\"@type\":\"BreadcrumbList\",\"@id\":\"https:\\\/\\\/continuamosmx.com\\\/index.php\\\/2022\\\/01\\\/18\\\/aplican-operativo-de-seguridad-en-transporte-publico-en-tultitlan\\\/#breadcrumb\",\"itemListElement\":[{\"@type\":\"ListItem\",\"position\":1,\"name\":\"Inicio\",\"item\":\"https:\\\/\\\/continuamosmx.com\\\/\"},{\"@type\":\"ListItem\",\"position\":2,\"name\":\"APLICAN OPERATIVO DE SEGURIDAD EN TRANSPORTE P\u00daBLICO, EN TULTITL\u00c1N\"}]},{\"@type\":\"WebSite\",\"@id\":\"https:\\\/\\\/continuamosmx.com\\\/#website\",\"url\":\"https:\\\/\\\/continuamosmx.com\\\/\",\"name\":\"www.continuamosmx.com\",\"description\":\"\",\"publisher\":{\"@id\":\"https:\\\/\\\/continuamosmx.com\\\/#organization\"},\"potentialAction\":[{\"@type\":\"SearchAction\",\"target\":{\"@type\":\"EntryPoint\",\"urlTemplate\":\"https:\\\/\\\/continuamosmx.com\\\/?s={search_term_string}\"},\"query-input\":{\"@type\":\"PropertyValueSpecification\",\"valueRequired\":true,\"valueName\":\"search_term_string\"}}],\"inLanguage\":\"es\"},{\"@type\":\"Organization\",\"@id\":\"https:\\\/\\\/continuamosmx.com\\\/#organization\",\"name\":\"ContinuamosMX\",\"url\":\"https:\\\/\\\/continuamosmx.com\\\/\",\"logo\":{\"@type\":\"ImageObject\",\"inLanguage\":\"es\",\"@id\":\"https:\\\/\\\/continuamosmx.com\\\/#\\\/schema\\\/logo\\\/image\\\/\",\"url\":\"https:\\\/\\\/continuamosmx.com\\\/wp-content\\\/uploads\\\/2023\\\/04\\\/cropped-LOGO-CONTI-NUEVO.png\",\"contentUrl\":\"https:\\\/\\\/continuamosmx.com\\\/wp-content\\\/uploads\\\/2023\\\/04\\\/cropped-LOGO-CONTI-NUEVO.png\",\"width\":1257,\"height\":430,\"caption\":\"ContinuamosMX\"},\"image\":{\"@id\":\"https:\\\/\\\/continuamosmx.com\\\/#\\\/schema\\\/logo\\\/image\\\/\"}},{\"@type\":\"Person\",\"@id\":\"https:\\\/\\\/continuamosmx.com\\\/#\\\/schema\\\/person\\\/5eb5356acb1fad784da407d14f0e8d89\",\"name\":\"Continuamos MX\",\"image\":{\"@type\":\"ImageObject\",\"inLanguage\":\"es\",\"@id\":\"https:\\\/\\\/secure.gravatar.com\\\/avatar\\\/30d4f9723476a15f4da34d35fb3501f08d2357016c76051c6a85c354c7489589?s=96&d=mm&r=g\",\"url\":\"https:\\\/\\\/secure.gravatar.com\\\/avatar\\\/30d4f9723476a15f4da34d35fb3501f08d2357016c76051c6a85c354c7489589?s=96&d=mm&r=g\",\"contentUrl\":\"https:\\\/\\\/secure.gravatar.com\\\/avatar\\\/30d4f9723476a15f4da34d35fb3501f08d2357016c76051c6a85c354c7489589?s=96&d=mm&r=g\",\"caption\":\"Continuamos MX\"},\"sameAs\":[\"http:\\\/\\\/www.continuamos.mx\"],\"url\":\"https:\\\/\\\/continuamosmx.com\\\/index.php\\\/author\\\/continuamos\\\/\"}]}<\/script>\n<!-- \/ Yoast SEO plugin. -->","yoast_head_json":{"title":"APLICAN OPERATIVO DE SEGURIDAD EN TRANSPORTE P\u00daBLICO, EN TULTITL\u00c1N -","robots":{"index":"index","follow":"follow","max-snippet":"max-snippet:-1","max-image-preview":"max-image-preview:large","max-video-preview":"max-video-preview:-1"},"canonical":"https:\/\/continuamosmx.com\/index.php\/2022\/01\/18\/aplican-operativo-de-seguridad-en-transporte-publico-en-tultitlan\/","og_locale":"es_ES","og_type":"article","og_title":"APLICAN OPERATIVO DE SEGURIDAD EN TRANSPORTE P\u00daBLICO, EN TULTITL\u00c1N -","og_description":".- Elementos de Seguridad Vial realizan operativo preventivo en unidades del transporte p\u00fablico que circulan sobre la v\u00eda L\u00f3pez Portillo.\u00a0 TULTITL\u00c1N, M\u00e9x.- Con el objetivo de garantizar la seguridad p\u00fablica de los habitantes y prevenir asaltos en el transporte p\u00fablico, elementos de Seguridad Vial del Gobierno que preside la Alcaldesa Elena Garc\u00eda aplican el operativo [&hellip;]","og_url":"https:\/\/continuamosmx.com\/index.php\/2022\/01\/18\/aplican-operativo-de-seguridad-en-transporte-publico-en-tultitlan\/","article_published_time":"2022-01-18T15:00:39+00:00","author":"Continuamos MX","twitter_card":"summary_large_image","twitter_misc":{"Escrito por":"Continuamos MX","Tiempo de lectura":"1 minuto"},"schema":{"@context":"https:\/\/schema.org","@graph":[{"@type":"Article","@id":"https:\/\/continuamosmx.com\/index.php\/2022\/01\/18\/aplican-operativo-de-seguridad-en-transporte-publico-en-tultitlan\/#article","isPartOf":{"@id":"https:\/\/continuamosmx.com\/index.php\/2022\/01\/18\/aplican-operativo-de-seguridad-en-transporte-publico-en-tultitlan\/"},"author":{"name":"Continuamos MX","@id":"https:\/\/continuamosmx.com\/#\/schema\/person\/5eb5356acb1fad784da407d14f0e8d89"},"headline":"APLICAN OPERATIVO DE SEGURIDAD EN TRANSPORTE P\u00daBLICO, EN TULTITL\u00c1N","datePublished":"2022-01-18T15:00:39+00:00","mainEntityOfPage":{"@id":"https:\/\/continuamosmx.com\/index.php\/2022\/01\/18\/aplican-operativo-de-seguridad-en-transporte-publico-en-tultitlan\/"},"wordCount":196,"publisher":{"@id":"https:\/\/continuamosmx.com\/#organization"},"image":{"@id":"https:\/\/continuamosmx.com\/index.php\/2022\/01\/18\/aplican-operativo-de-seguridad-en-transporte-publico-en-tultitlan\/#primaryimage"},"thumbnailUrl":"https:\/\/continuamosmx.com\/wp-content\/uploads\/2022\/01\/EE463885-AB7D-480F-A5ED-5F54316CB390.jpeg","articleSection":["LOCALES","TULTITL\u00c1N"],"inLanguage":"es"},{"@type":"WebPage","@id":"https:\/\/continuamosmx.com\/index.php\/2022\/01\/18\/aplican-operativo-de-seguridad-en-transporte-publico-en-tultitlan\/","url":"https:\/\/continuamosmx.com\/index.php\/2022\/01\/18\/aplican-operativo-de-seguridad-en-transporte-publico-en-tultitlan\/","name":"APLICAN OPERATIVO DE SEGURIDAD EN TRANSPORTE P\u00daBLICO, EN TULTITL\u00c1N -","isPartOf":{"@id":"https:\/\/continuamosmx.com\/#website"},"primaryImageOfPage":{"@id":"https:\/\/continuamosmx.com\/index.php\/2022\/01\/18\/aplican-operativo-de-seguridad-en-transporte-publico-en-tultitlan\/#primaryimage"},"image":{"@id":"https:\/\/continuamosmx.com\/index.php\/2022\/01\/18\/aplican-operativo-de-seguridad-en-transporte-publico-en-tultitlan\/#primaryimage"},"thumbnailUrl":"https:\/\/continuamosmx.com\/wp-content\/uploads\/2022\/01\/EE463885-AB7D-480F-A5ED-5F54316CB390.jpeg","datePublished":"2022-01-18T15:00:39+00:00","breadcrumb":{"@id":"https:\/\/continuamosmx.com\/index.php\/2022\/01\/18\/aplican-operativo-de-seguridad-en-transporte-publico-en-tultitlan\/#breadcrumb"},"inLanguage":"es","potentialAction":[{"@type":"ReadAction","target":["https:\/\/continuamosmx.com\/index.php\/2022\/01\/18\/aplican-operativo-de-seguridad-en-transporte-publico-en-tultitlan\/"]}]},{"@type":"ImageObject","inLanguage":"es","@id":"https:\/\/continuamosmx.com\/index.php\/2022\/01\/18\/aplican-operativo-de-seguridad-en-transporte-publico-en-tultitlan\/#primaryimage","url":"https:\/\/continuamosmx.com\/wp-content\/uploads\/2022\/01\/EE463885-AB7D-480F-A5ED-5F54316CB390.jpeg","contentUrl":"https:\/\/continuamosmx.com\/wp-content\/uploads\/2022\/01\/EE463885-AB7D-480F-A5ED-5F54316CB390.jpeg","width":1643,"height":1098},{"@type":"BreadcrumbList","@id":"https:\/\/continuamosmx.com\/index.php\/2022\/01\/18\/aplican-operativo-de-seguridad-en-transporte-publico-en-tultitlan\/#breadcrumb","itemListElement":[{"@type":"ListItem","position":1,"name":"Inicio","item":"https:\/\/continuamosmx.com\/"},{"@type":"ListItem","position":2,"name":"APLICAN OPERATIVO DE SEGURIDAD EN TRANSPORTE P\u00daBLICO, EN TULTITL\u00c1N"}]},{"@type":"WebSite","@id":"https:\/\/continuamosmx.com\/#website","url":"https:\/\/continuamosmx.com\/","name":"www.continuamosmx.com","description":"","publisher":{"@id":"https:\/\/continuamosmx.com\/#organization"},"potentialAction":[{"@type":"SearchAction","target":{"@type":"EntryPoint","urlTemplate":"https:\/\/continuamosmx.com\/?s={search_term_string}"},"query-input":{"@type":"PropertyValueSpecification","valueRequired":true,"valueName":"search_term_string"}}],"inLanguage":"es"},{"@type":"Organization","@id":"https:\/\/continuamosmx.com\/#organization","name":"ContinuamosMX","url":"https:\/\/continuamosmx.com\/","logo":{"@type":"ImageObject","inLanguage":"es","@id":"https:\/\/continuamosmx.com\/#\/schema\/logo\/image\/","url":"https:\/\/continuamosmx.com\/wp-content\/uploads\/2023\/04\/cropped-LOGO-CONTI-NUEVO.png","contentUrl":"https:\/\/continuamosmx.com\/wp-content\/uploads\/2023\/04\/cropped-LOGO-CONTI-NUEVO.png","width":1257,"height":430,"caption":"ContinuamosMX"},"image":{"@id":"https:\/\/continuamosmx.com\/#\/schema\/logo\/image\/"}},{"@type":"Person","@id":"https:\/\/continuamosmx.com\/#\/schema\/person\/5eb5356acb1fad784da407d14f0e8d89","name":"Continuamos MX","image":{"@type":"ImageObject","inLanguage":"es","@id":"https:\/\/secure.gravatar.com\/avatar\/30d4f9723476a15f4da34d35fb3501f08d2357016c76051c6a85c354c7489589?s=96&d=mm&r=g","url":"https:\/\/secure.gravatar.com\/avatar\/30d4f9723476a15f4da34d35fb3501f08d2357016c76051c6a85c354c7489589?s=96&d=mm&r=g","contentUrl":"https:\/\/secure.gravatar.com\/avatar\/30d4f9723476a15f4da34d35fb3501f08d2357016c76051c6a85c354c7489589?s=96&d=mm&r=g","caption":"Continuamos MX"},"sameAs":["http:\/\/www.continuamos.mx"],"url":"https:\/\/continuamosmx.com\/index.php\/author\/continuamos\/"}]}},"_links":{"self":[{"href":"https:\/\/continuamosmx.com\/index.php\/wp-json\/wp\/v2\/posts\/43529","targetHints":{"allow":["GET"]}}],"collection":[{"href":"https:\/\/continuamosmx.com\/index.php\/wp-json\/wp\/v2\/posts"}],"about":[{"href":"https:\/\/continuamosmx.com\/index.php\/wp-json\/wp\/v2\/types\/post"}],"author":[{"embeddable":true,"href":"https:\/\/continuamosmx.com\/index.php\/wp-json\/wp\/v2\/users\/6"}],"replies":[{"embeddable":true,"href":"https:\/\/continuamosmx.com\/index.php\/wp-json\/wp\/v2\/comments?post=43529"}],"version-history":[{"count":0,"href":"https:\/\/continuamosmx.com\/index.php\/wp-json\/wp\/v2\/posts\/43529\/revisions"}],"wp:featuredmedia":[{"embeddable":true,"href":"https:\/\/continuamosmx.com\/index.php\/wp-json\/wp\/v2\/media\/32726"}],"wp:attachment":[{"href":"https:\/\/continuamosmx.com\/index.php\/wp-json\/wp\/v2\/media?parent=43529"}],"wp:term":[{"taxonomy":"category","embeddable":true,"href":"https:\/\/continuamosmx.com\/index.php\/wp-json\/wp\/v2\/categories?post=43529"},{"taxonomy":"post_tag","embeddable":true,"href":"https:\/\/continuamosmx.com\/index.php\/wp-json\/wp\/v2\/tags?post=43529"}],"curies":[{"name":"wp","href":"https:\/\/api.w.org\/{rel}","templated":true}]}}