{"id":43501,"date":"2022-01-17T05:53:10","date_gmt":"2022-01-17T05:53:10","guid":{"rendered":"https:\/\/continuamos.mx\/?p=32614"},"modified":"2022-01-17T05:53:10","modified_gmt":"2022-01-17T05:53:10","slug":"en-amecameca-que-regrese-salomonlo-que-se-llevo-avelop","status":"publish","type":"post","link":"https:\/\/continuamosmx.com\/index.php\/2022\/01\/17\/en-amecameca-que-regrese-salomonlo-que-se-llevo-avelop\/","title":{"rendered":"EN AMECAMECA QUE REGRESE SALOM\u00d3N\u2026LO QUE SE LLEV\u00d3: AVELOP"},"content":{"rendered":"\n<p><\/p>\n\n\n\n<p>.- <strong>El tambi\u00e9n ex presidente dijo que \u00e9l dej\u00f3 recursos y unidades \u00fatiles para que Salom\u00f3n iniciara su administraci\u00f3n y ahora \u00e9ste no dej\u00f3 nada<\/strong><\/p>\n\n\n\n<p>.- <strong>Conf\u00eda en que Ivette Topete saque adelante su proyecto de mejora a favor de la poblaci\u00f3n<\/strong><\/p>\n\n\n\n<p>Por: JOSE ALBERTO ZEA DOMINGUEZ<\/p>\n\n\n\n<p>AMECAMECA, M\u00e9x.- \u00abLe falt\u00f3 madurez al hoy ex presidente municipal, Miguel Salom\u00f3n Cort\u00e9s, para gobernar el municipio, el cual le recomiendo que regrese lo que se llev\u00f3 del Palacio de gobierno municipal\u00bb, dijo el tambi\u00e9n ex presidente municipal, Alvaro Carlos Avelar L\u00f3pez.<\/p>\n\n\n\n<p>En entrevista dijo que: \u00abCuando le entregu\u00e9 la administraci\u00f3n p\u00fablica municipal, a Miguel Salom\u00f3n Cort\u00e9s, le dej\u00e9 9 millones 500 mil pesos para empezar su administraci\u00f3n, as\u00ed mismo cuatro camiones nuevos de recolecci\u00f3n de basura, patrullas y veh\u00edculos en buen estado para realizar su trabajo, sin embargo, en los primeros d\u00edas de su gobierno en diferentes conferencias de prensa dijo que no hab\u00eda dejado nada, y eso fue una gran mentira\u00bb, dijo.<\/p>\n\n\n\n<p>As\u00ed mismo desde que asumi\u00f3 la administraci\u00f3n p\u00fablica municipal, Miguel Salom\u00f3n Cort\u00e9s, a decir de su personal, gobern\u00f3 con la punta del zapato y humillaba a los trabajadores, cosa que se les sali\u00f3 de las manos y durante los tres a\u00f1os fue un desastre el gobierno municipal, y lo peor que ahora se le est\u00e1 haciendo bolas el engrudo, ya que a decir en conferencia de prensa, la alcaldesa Dra. Ivette Topete Garc\u00eda, ni dej\u00f3 un s\u00f3lo centavo en las arcas p\u00fablicas y la documentaci\u00f3n se la llev\u00f3 y no dej\u00f3 informaci\u00f3n en computadoras, ya que&nbsp; formate\u00f3 cada una de ellas.<\/p>\n\n\n\n<p>Agreg\u00f3: \u00abSolamente el \u00d3rgano Superior de Fiscalizaci\u00f3n del Estado de M\u00e9xico, (OSFEM), lo llamar\u00e1 a cuentas, ya que la documentaci\u00f3n ni debi\u00f3 salir del Ayuntamiento, y Salom\u00f3n Cort\u00e9s o se lo llev\u00f3 o al parecer desapareci\u00f3, sin embargo, ser\u00e1 el OSFEM, es el \u00fanico \u00d3rgano que deber\u00e1 llamarlo a cuentas\u00bb, se\u00f1al\u00f3 el ex presidente municipal, Alvaro Carlos Avelar L\u00f3pez, que fungi\u00f3 durante los a\u00f1os 2016-2018.<\/p>\n\n\n\n<p>As\u00ed mismo destac\u00f3 la gran importancia que por primera vez y en la historia de la vida de Amecameca, como municipio, la Dra. Ivette Topete Garc\u00eda, estar\u00e1 al frente de una administraci\u00f3n p\u00fablica municipal, y dijo: \u00abEs una gran Dama, tiene inteligencia, experiencia y un gran compromiso con la ciudadan\u00eda, el cual dar\u00e1 excelentes resultados en beneficio de los Amaquemenses y estoy muy seguro que la ciudadan\u00eda le ayudar\u00e1 en su trabajo\u00bb.<\/p>\n\n\n\n<p>Puntualiz\u00f3 diciendo: \u00abAhora el Carma, se le regresar\u00e1 a Miguel Salom\u00f3n Cort\u00e9s, y ya la historia lo est\u00e1 juzgando por el mal gobierno que realiz\u00f3, ya que aparte que no dej\u00f3 dinero en las arcas p\u00fablicas, el transporte para la recolecci\u00f3n de la basura, est\u00e1 inservible, sin embargo, tengo fe que la Dra. Ivette Topete, sacar\u00e1 del tremendo bache que dej\u00f3 la administraci\u00f3n p\u00fablica municipal, Miguel Salom\u00f3n Cort\u00e9s\u00bb.<\/p>\n","protected":false},"excerpt":{"rendered":"<p>.- El tambi\u00e9n ex presidente dijo que \u00e9l dej\u00f3 recursos y unidades \u00fatiles para que Salom\u00f3n iniciara su administraci\u00f3n y ahora \u00e9ste no dej\u00f3 nada .- Conf\u00eda en que Ivette Topete saque adelante su proyecto de mejora a favor de la poblaci\u00f3n Por: JOSE ALBERTO ZEA DOMINGUEZ AMECAMECA, M\u00e9x.- \u00abLe falt\u00f3 madurez al hoy ex [&hellip;]<\/p>\n","protected":false},"author":6,"featured_media":32615,"comment_status":"closed","ping_status":"open","sticky":false,"template":"","format":"standard","meta":{"footnotes":""},"categories":[18,4],"tags":[],"class_list":["post-43501","post","type-post","status-publish","format-standard","has-post-thumbnail","hentry","category-amecameca","category-locales"],"yoast_head":"<!-- This site is optimized with the Yoast SEO plugin v27.5 - https:\/\/yoast.com\/product\/yoast-seo-wordpress\/ -->\n<title>EN AMECAMECA QUE REGRESE SALOM\u00d3N\u2026LO QUE SE LLEV\u00d3: AVELOP -<\/title>\n<meta name=\"robots\" content=\"index, follow, max-snippet:-1, max-image-preview:large, max-video-preview:-1\" \/>\n<link rel=\"canonical\" href=\"https:\/\/continuamosmx.com\/index.php\/2022\/01\/17\/en-amecameca-que-regrese-salomonlo-que-se-llevo-avelop\/\" \/>\n<meta property=\"og:locale\" content=\"es_ES\" \/>\n<meta property=\"og:type\" content=\"article\" \/>\n<meta property=\"og:title\" content=\"EN AMECAMECA QUE REGRESE SALOM\u00d3N\u2026LO QUE SE LLEV\u00d3: AVELOP -\" \/>\n<meta property=\"og:description\" content=\".- El tambi\u00e9n ex presidente dijo que \u00e9l dej\u00f3 recursos y unidades \u00fatiles para que Salom\u00f3n iniciara su administraci\u00f3n y ahora \u00e9ste no dej\u00f3 nada .- Conf\u00eda en que Ivette Topete saque adelante su proyecto de mejora a favor de la poblaci\u00f3n Por: JOSE ALBERTO ZEA DOMINGUEZ AMECAMECA, M\u00e9x.- \u00abLe falt\u00f3 madurez al hoy ex [&hellip;]\" \/>\n<meta property=\"og:url\" content=\"https:\/\/continuamosmx.com\/index.php\/2022\/01\/17\/en-amecameca-que-regrese-salomonlo-que-se-llevo-avelop\/\" \/>\n<meta property=\"article:published_time\" content=\"2022-01-17T05:53:10+00:00\" \/>\n<meta name=\"author\" content=\"Continuamos MX\" \/>\n<meta name=\"twitter:card\" content=\"summary_large_image\" \/>\n<meta name=\"twitter:label1\" content=\"Escrito por\" \/>\n\t<meta name=\"twitter:data1\" content=\"Continuamos MX\" \/>\n\t<meta name=\"twitter:label2\" content=\"Tiempo de lectura\" \/>\n\t<meta name=\"twitter:data2\" content=\"3 minutos\" \/>\n<script type=\"application\/ld+json\" class=\"yoast-schema-graph\">{\"@context\":\"https:\\\/\\\/schema.org\",\"@graph\":[{\"@type\":\"Article\",\"@id\":\"https:\\\/\\\/continuamosmx.com\\\/index.php\\\/2022\\\/01\\\/17\\\/en-amecameca-que-regrese-salomonlo-que-se-llevo-avelop\\\/#article\",\"isPartOf\":{\"@id\":\"https:\\\/\\\/continuamosmx.com\\\/index.php\\\/2022\\\/01\\\/17\\\/en-amecameca-que-regrese-salomonlo-que-se-llevo-avelop\\\/\"},\"author\":{\"name\":\"Continuamos MX\",\"@id\":\"https:\\\/\\\/continuamosmx.com\\\/#\\\/schema\\\/person\\\/5eb5356acb1fad784da407d14f0e8d89\"},\"headline\":\"EN AMECAMECA QUE REGRESE SALOM\u00d3N\u2026LO QUE SE LLEV\u00d3: AVELOP\",\"datePublished\":\"2022-01-17T05:53:10+00:00\",\"mainEntityOfPage\":{\"@id\":\"https:\\\/\\\/continuamosmx.com\\\/index.php\\\/2022\\\/01\\\/17\\\/en-amecameca-que-regrese-salomonlo-que-se-llevo-avelop\\\/\"},\"wordCount\":528,\"publisher\":{\"@id\":\"https:\\\/\\\/continuamosmx.com\\\/#organization\"},\"image\":{\"@id\":\"https:\\\/\\\/continuamosmx.com\\\/index.php\\\/2022\\\/01\\\/17\\\/en-amecameca-que-regrese-salomonlo-que-se-llevo-avelop\\\/#primaryimage\"},\"thumbnailUrl\":\"https:\\\/\\\/continuamosmx.com\\\/wp-content\\\/uploads\\\/2022\\\/01\\\/acolman-2-3.jpg\",\"articleSection\":[\"AMECAMECA\",\"LOCALES\"],\"inLanguage\":\"es\"},{\"@type\":\"WebPage\",\"@id\":\"https:\\\/\\\/continuamosmx.com\\\/index.php\\\/2022\\\/01\\\/17\\\/en-amecameca-que-regrese-salomonlo-que-se-llevo-avelop\\\/\",\"url\":\"https:\\\/\\\/continuamosmx.com\\\/index.php\\\/2022\\\/01\\\/17\\\/en-amecameca-que-regrese-salomonlo-que-se-llevo-avelop\\\/\",\"name\":\"EN AMECAMECA QUE REGRESE SALOM\u00d3N\u2026LO QUE SE LLEV\u00d3: AVELOP -\",\"isPartOf\":{\"@id\":\"https:\\\/\\\/continuamosmx.com\\\/#website\"},\"primaryImageOfPage\":{\"@id\":\"https:\\\/\\\/continuamosmx.com\\\/index.php\\\/2022\\\/01\\\/17\\\/en-amecameca-que-regrese-salomonlo-que-se-llevo-avelop\\\/#primaryimage\"},\"image\":{\"@id\":\"https:\\\/\\\/continuamosmx.com\\\/index.php\\\/2022\\\/01\\\/17\\\/en-amecameca-que-regrese-salomonlo-que-se-llevo-avelop\\\/#primaryimage\"},\"thumbnailUrl\":\"https:\\\/\\\/continuamosmx.com\\\/wp-content\\\/uploads\\\/2022\\\/01\\\/acolman-2-3.jpg\",\"datePublished\":\"2022-01-17T05:53:10+00:00\",\"breadcrumb\":{\"@id\":\"https:\\\/\\\/continuamosmx.com\\\/index.php\\\/2022\\\/01\\\/17\\\/en-amecameca-que-regrese-salomonlo-que-se-llevo-avelop\\\/#breadcrumb\"},\"inLanguage\":\"es\",\"potentialAction\":[{\"@type\":\"ReadAction\",\"target\":[\"https:\\\/\\\/continuamosmx.com\\\/index.php\\\/2022\\\/01\\\/17\\\/en-amecameca-que-regrese-salomonlo-que-se-llevo-avelop\\\/\"]}]},{\"@type\":\"ImageObject\",\"inLanguage\":\"es\",\"@id\":\"https:\\\/\\\/continuamosmx.com\\\/index.php\\\/2022\\\/01\\\/17\\\/en-amecameca-que-regrese-salomonlo-que-se-llevo-avelop\\\/#primaryimage\",\"url\":\"https:\\\/\\\/continuamosmx.com\\\/wp-content\\\/uploads\\\/2022\\\/01\\\/acolman-2-3.jpg\",\"contentUrl\":\"https:\\\/\\\/continuamosmx.com\\\/wp-content\\\/uploads\\\/2022\\\/01\\\/acolman-2-3.jpg\",\"width\":480,\"height\":319},{\"@type\":\"BreadcrumbList\",\"@id\":\"https:\\\/\\\/continuamosmx.com\\\/index.php\\\/2022\\\/01\\\/17\\\/en-amecameca-que-regrese-salomonlo-que-se-llevo-avelop\\\/#breadcrumb\",\"itemListElement\":[{\"@type\":\"ListItem\",\"position\":1,\"name\":\"Inicio\",\"item\":\"https:\\\/\\\/continuamosmx.com\\\/\"},{\"@type\":\"ListItem\",\"position\":2,\"name\":\"EN AMECAMECA QUE REGRESE SALOM\u00d3N\u2026LO QUE SE LLEV\u00d3: AVELOP\"}]},{\"@type\":\"WebSite\",\"@id\":\"https:\\\/\\\/continuamosmx.com\\\/#website\",\"url\":\"https:\\\/\\\/continuamosmx.com\\\/\",\"name\":\"www.continuamosmx.com\",\"description\":\"\",\"publisher\":{\"@id\":\"https:\\\/\\\/continuamosmx.com\\\/#organization\"},\"potentialAction\":[{\"@type\":\"SearchAction\",\"target\":{\"@type\":\"EntryPoint\",\"urlTemplate\":\"https:\\\/\\\/continuamosmx.com\\\/?s={search_term_string}\"},\"query-input\":{\"@type\":\"PropertyValueSpecification\",\"valueRequired\":true,\"valueName\":\"search_term_string\"}}],\"inLanguage\":\"es\"},{\"@type\":\"Organization\",\"@id\":\"https:\\\/\\\/continuamosmx.com\\\/#organization\",\"name\":\"ContinuamosMX\",\"url\":\"https:\\\/\\\/continuamosmx.com\\\/\",\"logo\":{\"@type\":\"ImageObject\",\"inLanguage\":\"es\",\"@id\":\"https:\\\/\\\/continuamosmx.com\\\/#\\\/schema\\\/logo\\\/image\\\/\",\"url\":\"https:\\\/\\\/continuamosmx.com\\\/wp-content\\\/uploads\\\/2023\\\/04\\\/cropped-LOGO-CONTI-NUEVO.png\",\"contentUrl\":\"https:\\\/\\\/continuamosmx.com\\\/wp-content\\\/uploads\\\/2023\\\/04\\\/cropped-LOGO-CONTI-NUEVO.png\",\"width\":1257,\"height\":430,\"caption\":\"ContinuamosMX\"},\"image\":{\"@id\":\"https:\\\/\\\/continuamosmx.com\\\/#\\\/schema\\\/logo\\\/image\\\/\"}},{\"@type\":\"Person\",\"@id\":\"https:\\\/\\\/continuamosmx.com\\\/#\\\/schema\\\/person\\\/5eb5356acb1fad784da407d14f0e8d89\",\"name\":\"Continuamos MX\",\"image\":{\"@type\":\"ImageObject\",\"inLanguage\":\"es\",\"@id\":\"https:\\\/\\\/secure.gravatar.com\\\/avatar\\\/30d4f9723476a15f4da34d35fb3501f08d2357016c76051c6a85c354c7489589?s=96&d=mm&r=g\",\"url\":\"https:\\\/\\\/secure.gravatar.com\\\/avatar\\\/30d4f9723476a15f4da34d35fb3501f08d2357016c76051c6a85c354c7489589?s=96&d=mm&r=g\",\"contentUrl\":\"https:\\\/\\\/secure.gravatar.com\\\/avatar\\\/30d4f9723476a15f4da34d35fb3501f08d2357016c76051c6a85c354c7489589?s=96&d=mm&r=g\",\"caption\":\"Continuamos MX\"},\"sameAs\":[\"http:\\\/\\\/www.continuamos.mx\"],\"url\":\"https:\\\/\\\/continuamosmx.com\\\/index.php\\\/author\\\/continuamos\\\/\"}]}<\/script>\n<!-- \/ Yoast SEO plugin. -->","yoast_head_json":{"title":"EN AMECAMECA QUE REGRESE SALOM\u00d3N\u2026LO QUE SE LLEV\u00d3: AVELOP -","robots":{"index":"index","follow":"follow","max-snippet":"max-snippet:-1","max-image-preview":"max-image-preview:large","max-video-preview":"max-video-preview:-1"},"canonical":"https:\/\/continuamosmx.com\/index.php\/2022\/01\/17\/en-amecameca-que-regrese-salomonlo-que-se-llevo-avelop\/","og_locale":"es_ES","og_type":"article","og_title":"EN AMECAMECA QUE REGRESE SALOM\u00d3N\u2026LO QUE SE LLEV\u00d3: AVELOP -","og_description":".- El tambi\u00e9n ex presidente dijo que \u00e9l dej\u00f3 recursos y unidades \u00fatiles para que Salom\u00f3n iniciara su administraci\u00f3n y ahora \u00e9ste no dej\u00f3 nada .- Conf\u00eda en que Ivette Topete saque adelante su proyecto de mejora a favor de la poblaci\u00f3n Por: JOSE ALBERTO ZEA DOMINGUEZ AMECAMECA, M\u00e9x.- \u00abLe falt\u00f3 madurez al hoy ex [&hellip;]","og_url":"https:\/\/continuamosmx.com\/index.php\/2022\/01\/17\/en-amecameca-que-regrese-salomonlo-que-se-llevo-avelop\/","article_published_time":"2022-01-17T05:53:10+00:00","author":"Continuamos MX","twitter_card":"summary_large_image","twitter_misc":{"Escrito por":"Continuamos MX","Tiempo de lectura":"3 minutos"},"schema":{"@context":"https:\/\/schema.org","@graph":[{"@type":"Article","@id":"https:\/\/continuamosmx.com\/index.php\/2022\/01\/17\/en-amecameca-que-regrese-salomonlo-que-se-llevo-avelop\/#article","isPartOf":{"@id":"https:\/\/continuamosmx.com\/index.php\/2022\/01\/17\/en-amecameca-que-regrese-salomonlo-que-se-llevo-avelop\/"},"author":{"name":"Continuamos MX","@id":"https:\/\/continuamosmx.com\/#\/schema\/person\/5eb5356acb1fad784da407d14f0e8d89"},"headline":"EN AMECAMECA QUE REGRESE SALOM\u00d3N\u2026LO QUE SE LLEV\u00d3: AVELOP","datePublished":"2022-01-17T05:53:10+00:00","mainEntityOfPage":{"@id":"https:\/\/continuamosmx.com\/index.php\/2022\/01\/17\/en-amecameca-que-regrese-salomonlo-que-se-llevo-avelop\/"},"wordCount":528,"publisher":{"@id":"https:\/\/continuamosmx.com\/#organization"},"image":{"@id":"https:\/\/continuamosmx.com\/index.php\/2022\/01\/17\/en-amecameca-que-regrese-salomonlo-que-se-llevo-avelop\/#primaryimage"},"thumbnailUrl":"https:\/\/continuamosmx.com\/wp-content\/uploads\/2022\/01\/acolman-2-3.jpg","articleSection":["AMECAMECA","LOCALES"],"inLanguage":"es"},{"@type":"WebPage","@id":"https:\/\/continuamosmx.com\/index.php\/2022\/01\/17\/en-amecameca-que-regrese-salomonlo-que-se-llevo-avelop\/","url":"https:\/\/continuamosmx.com\/index.php\/2022\/01\/17\/en-amecameca-que-regrese-salomonlo-que-se-llevo-avelop\/","name":"EN AMECAMECA QUE REGRESE SALOM\u00d3N\u2026LO QUE SE LLEV\u00d3: AVELOP -","isPartOf":{"@id":"https:\/\/continuamosmx.com\/#website"},"primaryImageOfPage":{"@id":"https:\/\/continuamosmx.com\/index.php\/2022\/01\/17\/en-amecameca-que-regrese-salomonlo-que-se-llevo-avelop\/#primaryimage"},"image":{"@id":"https:\/\/continuamosmx.com\/index.php\/2022\/01\/17\/en-amecameca-que-regrese-salomonlo-que-se-llevo-avelop\/#primaryimage"},"thumbnailUrl":"https:\/\/continuamosmx.com\/wp-content\/uploads\/2022\/01\/acolman-2-3.jpg","datePublished":"2022-01-17T05:53:10+00:00","breadcrumb":{"@id":"https:\/\/continuamosmx.com\/index.php\/2022\/01\/17\/en-amecameca-que-regrese-salomonlo-que-se-llevo-avelop\/#breadcrumb"},"inLanguage":"es","potentialAction":[{"@type":"ReadAction","target":["https:\/\/continuamosmx.com\/index.php\/2022\/01\/17\/en-amecameca-que-regrese-salomonlo-que-se-llevo-avelop\/"]}]},{"@type":"ImageObject","inLanguage":"es","@id":"https:\/\/continuamosmx.com\/index.php\/2022\/01\/17\/en-amecameca-que-regrese-salomonlo-que-se-llevo-avelop\/#primaryimage","url":"https:\/\/continuamosmx.com\/wp-content\/uploads\/2022\/01\/acolman-2-3.jpg","contentUrl":"https:\/\/continuamosmx.com\/wp-content\/uploads\/2022\/01\/acolman-2-3.jpg","width":480,"height":319},{"@type":"BreadcrumbList","@id":"https:\/\/continuamosmx.com\/index.php\/2022\/01\/17\/en-amecameca-que-regrese-salomonlo-que-se-llevo-avelop\/#breadcrumb","itemListElement":[{"@type":"ListItem","position":1,"name":"Inicio","item":"https:\/\/continuamosmx.com\/"},{"@type":"ListItem","position":2,"name":"EN AMECAMECA QUE REGRESE SALOM\u00d3N\u2026LO QUE SE LLEV\u00d3: AVELOP"}]},{"@type":"WebSite","@id":"https:\/\/continuamosmx.com\/#website","url":"https:\/\/continuamosmx.com\/","name":"www.continuamosmx.com","description":"","publisher":{"@id":"https:\/\/continuamosmx.com\/#organization"},"potentialAction":[{"@type":"SearchAction","target":{"@type":"EntryPoint","urlTemplate":"https:\/\/continuamosmx.com\/?s={search_term_string}"},"query-input":{"@type":"PropertyValueSpecification","valueRequired":true,"valueName":"search_term_string"}}],"inLanguage":"es"},{"@type":"Organization","@id":"https:\/\/continuamosmx.com\/#organization","name":"ContinuamosMX","url":"https:\/\/continuamosmx.com\/","logo":{"@type":"ImageObject","inLanguage":"es","@id":"https:\/\/continuamosmx.com\/#\/schema\/logo\/image\/","url":"https:\/\/continuamosmx.com\/wp-content\/uploads\/2023\/04\/cropped-LOGO-CONTI-NUEVO.png","contentUrl":"https:\/\/continuamosmx.com\/wp-content\/uploads\/2023\/04\/cropped-LOGO-CONTI-NUEVO.png","width":1257,"height":430,"caption":"ContinuamosMX"},"image":{"@id":"https:\/\/continuamosmx.com\/#\/schema\/logo\/image\/"}},{"@type":"Person","@id":"https:\/\/continuamosmx.com\/#\/schema\/person\/5eb5356acb1fad784da407d14f0e8d89","name":"Continuamos MX","image":{"@type":"ImageObject","inLanguage":"es","@id":"https:\/\/secure.gravatar.com\/avatar\/30d4f9723476a15f4da34d35fb3501f08d2357016c76051c6a85c354c7489589?s=96&d=mm&r=g","url":"https:\/\/secure.gravatar.com\/avatar\/30d4f9723476a15f4da34d35fb3501f08d2357016c76051c6a85c354c7489589?s=96&d=mm&r=g","contentUrl":"https:\/\/secure.gravatar.com\/avatar\/30d4f9723476a15f4da34d35fb3501f08d2357016c76051c6a85c354c7489589?s=96&d=mm&r=g","caption":"Continuamos MX"},"sameAs":["http:\/\/www.continuamos.mx"],"url":"https:\/\/continuamosmx.com\/index.php\/author\/continuamos\/"}]}},"_links":{"self":[{"href":"https:\/\/continuamosmx.com\/index.php\/wp-json\/wp\/v2\/posts\/43501","targetHints":{"allow":["GET"]}}],"collection":[{"href":"https:\/\/continuamosmx.com\/index.php\/wp-json\/wp\/v2\/posts"}],"about":[{"href":"https:\/\/continuamosmx.com\/index.php\/wp-json\/wp\/v2\/types\/post"}],"author":[{"embeddable":true,"href":"https:\/\/continuamosmx.com\/index.php\/wp-json\/wp\/v2\/users\/6"}],"replies":[{"embeddable":true,"href":"https:\/\/continuamosmx.com\/index.php\/wp-json\/wp\/v2\/comments?post=43501"}],"version-history":[{"count":0,"href":"https:\/\/continuamosmx.com\/index.php\/wp-json\/wp\/v2\/posts\/43501\/revisions"}],"wp:featuredmedia":[{"embeddable":true,"href":"https:\/\/continuamosmx.com\/index.php\/wp-json\/wp\/v2\/media\/32615"}],"wp:attachment":[{"href":"https:\/\/continuamosmx.com\/index.php\/wp-json\/wp\/v2\/media?parent=43501"}],"wp:term":[{"taxonomy":"category","embeddable":true,"href":"https:\/\/continuamosmx.com\/index.php\/wp-json\/wp\/v2\/categories?post=43501"},{"taxonomy":"post_tag","embeddable":true,"href":"https:\/\/continuamosmx.com\/index.php\/wp-json\/wp\/v2\/tags?post=43501"}],"curies":[{"name":"wp","href":"https:\/\/api.w.org\/{rel}","templated":true}]}}