{"id":43470,"date":"2022-01-12T13:59:02","date_gmt":"2022-01-12T13:59:02","guid":{"rendered":"https:\/\/continuamos.mx\/?p=32397"},"modified":"2022-01-12T13:59:02","modified_gmt":"2022-01-12T13:59:02","slug":"aplicaran-dosis-de-refuerzo-al-personal-educativo-en-cuautitlan-izcalli","status":"publish","type":"post","link":"https:\/\/continuamosmx.com\/index.php\/2022\/01\/12\/aplicaran-dosis-de-refuerzo-al-personal-educativo-en-cuautitlan-izcalli\/","title":{"rendered":"APLICAR\u00c1N DOSIS DE REFUERZO AL PERSONAL EDUCATIVO EN CUAUTITL\u00c1N IZCALLI"},"content":{"rendered":"\n<p>.- Personal educativo de la regi\u00f3n 4 recibir\u00e1 una dosis de refuerzo contra la COVID-19 las fechas programadas son 12 al 14 de enero en el CONALEP 108 y el TESCI, para cuidar su salud ahora en el regreso a clases.\u00a0<\/p>\n\n\n\n<p>CUAUTITL\u00c1N IZCALLI, M\u00e9x.- El Gobierno de Cuautitl\u00e1n Izcalli informa que el personal educativo de la regi\u00f3n 4 recibir\u00e1 una dosis de refuerzo contra la COVID-19 las fechas programadas son 12 al 14 de enero en el CONALEP 108 y el TESCI.<\/p>\n\n\n\n<p>El plantel de Conalep est\u00e1 ubicado en avenida Primero de Mayo, colonia Infonavit Norte, as\u00ed como el Tecnol\u00f3gico de Estudios Superiores Cuautitl\u00e1n Izcalli ubicado en la avenida del Jacal, colonia La Perla.<\/p>\n\n\n\n<p>Lo anterior forma parte de la Jornada Nacional de Vacunaci\u00f3n por lo que el personal eductivo deber\u00e1 ingresar a la plataforma de vacunaci\u00f3n utilizando su CURP para que se le asigne, fecha, horario y sede de aplicaci\u00f3n en la siguiente liga: http:\/\/miges.edugem.gob.mx\/vacunacion\/.<\/p>\n\n\n\n<p>Cabe se\u00f1alar que la regi\u00f3n 4 corresponde a los municipios de Coyotepec, Cuautitl\u00e1n, Cuautitl\u00e1n Izcalli, Huehuetoca, Melchor Ocampo, Teoloyucan, Tepotzotl\u00e1n, Tultitl\u00e1n y Tultepec.<\/p>\n\n\n\n<p>El d\u00eda de la vacunaci\u00f3n deber\u00e1n presentarse 15 minutos antes de la hora asignada con identificaci\u00f3n oficial, los formatos impresos y requisitos, as\u00ed como con el c\u00f3digo QR que agilizar\u00e1 su acceso, tr\u00e1nsito y salida del m\u00f3dulo habilitado.<\/p>\n","protected":false},"excerpt":{"rendered":"<p>.- Personal educativo de la regi\u00f3n 4 recibir\u00e1 una dosis de refuerzo contra la COVID-19 las fechas programadas son 12 al 14 de enero en el CONALEP 108 y el TESCI, para cuidar su salud ahora en el regreso a clases.\u00a0 CUAUTITL\u00c1N IZCALLI, M\u00e9x.- El Gobierno de Cuautitl\u00e1n Izcalli informa que el personal educativo de [&hellip;]<\/p>\n","protected":false},"author":6,"featured_media":32399,"comment_status":"closed","ping_status":"open","sticky":false,"template":"","format":"standard","meta":{"footnotes":""},"categories":[22,4],"tags":[],"class_list":["post-43470","post","type-post","status-publish","format-standard","has-post-thumbnail","hentry","category-c-izcalli","category-locales"],"yoast_head":"<!-- This site is optimized with the Yoast SEO plugin v27.5 - https:\/\/yoast.com\/product\/yoast-seo-wordpress\/ -->\n<title>APLICAR\u00c1N DOSIS DE REFUERZO AL PERSONAL EDUCATIVO EN CUAUTITL\u00c1N IZCALLI -<\/title>\n<meta name=\"robots\" content=\"index, follow, max-snippet:-1, max-image-preview:large, max-video-preview:-1\" \/>\n<link rel=\"canonical\" href=\"https:\/\/continuamosmx.com\/index.php\/2022\/01\/12\/aplicaran-dosis-de-refuerzo-al-personal-educativo-en-cuautitlan-izcalli\/\" \/>\n<meta property=\"og:locale\" content=\"es_ES\" \/>\n<meta property=\"og:type\" content=\"article\" \/>\n<meta property=\"og:title\" content=\"APLICAR\u00c1N DOSIS DE REFUERZO AL PERSONAL EDUCATIVO EN CUAUTITL\u00c1N IZCALLI -\" \/>\n<meta property=\"og:description\" content=\".- Personal educativo de la regi\u00f3n 4 recibir\u00e1 una dosis de refuerzo contra la COVID-19 las fechas programadas son 12 al 14 de enero en el CONALEP 108 y el TESCI, para cuidar su salud ahora en el regreso a clases.\u00a0 CUAUTITL\u00c1N IZCALLI, M\u00e9x.- El Gobierno de Cuautitl\u00e1n Izcalli informa que el personal educativo de [&hellip;]\" \/>\n<meta property=\"og:url\" content=\"https:\/\/continuamosmx.com\/index.php\/2022\/01\/12\/aplicaran-dosis-de-refuerzo-al-personal-educativo-en-cuautitlan-izcalli\/\" \/>\n<meta property=\"article:published_time\" content=\"2022-01-12T13:59:02+00:00\" \/>\n<meta name=\"author\" content=\"Continuamos MX\" \/>\n<meta name=\"twitter:card\" content=\"summary_large_image\" \/>\n<meta name=\"twitter:label1\" content=\"Escrito por\" \/>\n\t<meta name=\"twitter:data1\" content=\"Continuamos MX\" \/>\n\t<meta name=\"twitter:label2\" content=\"Tiempo de lectura\" \/>\n\t<meta name=\"twitter:data2\" content=\"1 minuto\" \/>\n<script type=\"application\/ld+json\" class=\"yoast-schema-graph\">{\"@context\":\"https:\\\/\\\/schema.org\",\"@graph\":[{\"@type\":\"Article\",\"@id\":\"https:\\\/\\\/continuamosmx.com\\\/index.php\\\/2022\\\/01\\\/12\\\/aplicaran-dosis-de-refuerzo-al-personal-educativo-en-cuautitlan-izcalli\\\/#article\",\"isPartOf\":{\"@id\":\"https:\\\/\\\/continuamosmx.com\\\/index.php\\\/2022\\\/01\\\/12\\\/aplicaran-dosis-de-refuerzo-al-personal-educativo-en-cuautitlan-izcalli\\\/\"},\"author\":{\"name\":\"Continuamos MX\",\"@id\":\"https:\\\/\\\/continuamosmx.com\\\/#\\\/schema\\\/person\\\/5eb5356acb1fad784da407d14f0e8d89\"},\"headline\":\"APLICAR\u00c1N DOSIS DE REFUERZO AL PERSONAL EDUCATIVO EN CUAUTITL\u00c1N IZCALLI\",\"datePublished\":\"2022-01-12T13:59:02+00:00\",\"mainEntityOfPage\":{\"@id\":\"https:\\\/\\\/continuamosmx.com\\\/index.php\\\/2022\\\/01\\\/12\\\/aplicaran-dosis-de-refuerzo-al-personal-educativo-en-cuautitlan-izcalli\\\/\"},\"wordCount\":248,\"publisher\":{\"@id\":\"https:\\\/\\\/continuamosmx.com\\\/#organization\"},\"image\":{\"@id\":\"https:\\\/\\\/continuamosmx.com\\\/index.php\\\/2022\\\/01\\\/12\\\/aplicaran-dosis-de-refuerzo-al-personal-educativo-en-cuautitlan-izcalli\\\/#primaryimage\"},\"thumbnailUrl\":\"https:\\\/\\\/continuamosmx.com\\\/wp-content\\\/uploads\\\/2022\\\/01\\\/1529FF47-10F7-41F2-820A-70168EB04B7E-scaled-1.jpeg\",\"articleSection\":[\"C. IZCALLI\",\"LOCALES\"],\"inLanguage\":\"es\"},{\"@type\":\"WebPage\",\"@id\":\"https:\\\/\\\/continuamosmx.com\\\/index.php\\\/2022\\\/01\\\/12\\\/aplicaran-dosis-de-refuerzo-al-personal-educativo-en-cuautitlan-izcalli\\\/\",\"url\":\"https:\\\/\\\/continuamosmx.com\\\/index.php\\\/2022\\\/01\\\/12\\\/aplicaran-dosis-de-refuerzo-al-personal-educativo-en-cuautitlan-izcalli\\\/\",\"name\":\"APLICAR\u00c1N DOSIS DE REFUERZO AL PERSONAL EDUCATIVO EN CUAUTITL\u00c1N IZCALLI -\",\"isPartOf\":{\"@id\":\"https:\\\/\\\/continuamosmx.com\\\/#website\"},\"primaryImageOfPage\":{\"@id\":\"https:\\\/\\\/continuamosmx.com\\\/index.php\\\/2022\\\/01\\\/12\\\/aplicaran-dosis-de-refuerzo-al-personal-educativo-en-cuautitlan-izcalli\\\/#primaryimage\"},\"image\":{\"@id\":\"https:\\\/\\\/continuamosmx.com\\\/index.php\\\/2022\\\/01\\\/12\\\/aplicaran-dosis-de-refuerzo-al-personal-educativo-en-cuautitlan-izcalli\\\/#primaryimage\"},\"thumbnailUrl\":\"https:\\\/\\\/continuamosmx.com\\\/wp-content\\\/uploads\\\/2022\\\/01\\\/1529FF47-10F7-41F2-820A-70168EB04B7E-scaled-1.jpeg\",\"datePublished\":\"2022-01-12T13:59:02+00:00\",\"breadcrumb\":{\"@id\":\"https:\\\/\\\/continuamosmx.com\\\/index.php\\\/2022\\\/01\\\/12\\\/aplicaran-dosis-de-refuerzo-al-personal-educativo-en-cuautitlan-izcalli\\\/#breadcrumb\"},\"inLanguage\":\"es\",\"potentialAction\":[{\"@type\":\"ReadAction\",\"target\":[\"https:\\\/\\\/continuamosmx.com\\\/index.php\\\/2022\\\/01\\\/12\\\/aplicaran-dosis-de-refuerzo-al-personal-educativo-en-cuautitlan-izcalli\\\/\"]}]},{\"@type\":\"ImageObject\",\"inLanguage\":\"es\",\"@id\":\"https:\\\/\\\/continuamosmx.com\\\/index.php\\\/2022\\\/01\\\/12\\\/aplicaran-dosis-de-refuerzo-al-personal-educativo-en-cuautitlan-izcalli\\\/#primaryimage\",\"url\":\"https:\\\/\\\/continuamosmx.com\\\/wp-content\\\/uploads\\\/2022\\\/01\\\/1529FF47-10F7-41F2-820A-70168EB04B7E-scaled-1.jpeg\",\"contentUrl\":\"https:\\\/\\\/continuamosmx.com\\\/wp-content\\\/uploads\\\/2022\\\/01\\\/1529FF47-10F7-41F2-820A-70168EB04B7E-scaled-1.jpeg\",\"width\":2560,\"height\":1707},{\"@type\":\"BreadcrumbList\",\"@id\":\"https:\\\/\\\/continuamosmx.com\\\/index.php\\\/2022\\\/01\\\/12\\\/aplicaran-dosis-de-refuerzo-al-personal-educativo-en-cuautitlan-izcalli\\\/#breadcrumb\",\"itemListElement\":[{\"@type\":\"ListItem\",\"position\":1,\"name\":\"Inicio\",\"item\":\"https:\\\/\\\/continuamosmx.com\\\/\"},{\"@type\":\"ListItem\",\"position\":2,\"name\":\"APLICAR\u00c1N DOSIS DE REFUERZO AL PERSONAL EDUCATIVO EN CUAUTITL\u00c1N IZCALLI\"}]},{\"@type\":\"WebSite\",\"@id\":\"https:\\\/\\\/continuamosmx.com\\\/#website\",\"url\":\"https:\\\/\\\/continuamosmx.com\\\/\",\"name\":\"www.continuamosmx.com\",\"description\":\"\",\"publisher\":{\"@id\":\"https:\\\/\\\/continuamosmx.com\\\/#organization\"},\"potentialAction\":[{\"@type\":\"SearchAction\",\"target\":{\"@type\":\"EntryPoint\",\"urlTemplate\":\"https:\\\/\\\/continuamosmx.com\\\/?s={search_term_string}\"},\"query-input\":{\"@type\":\"PropertyValueSpecification\",\"valueRequired\":true,\"valueName\":\"search_term_string\"}}],\"inLanguage\":\"es\"},{\"@type\":\"Organization\",\"@id\":\"https:\\\/\\\/continuamosmx.com\\\/#organization\",\"name\":\"ContinuamosMX\",\"url\":\"https:\\\/\\\/continuamosmx.com\\\/\",\"logo\":{\"@type\":\"ImageObject\",\"inLanguage\":\"es\",\"@id\":\"https:\\\/\\\/continuamosmx.com\\\/#\\\/schema\\\/logo\\\/image\\\/\",\"url\":\"https:\\\/\\\/continuamosmx.com\\\/wp-content\\\/uploads\\\/2023\\\/04\\\/cropped-LOGO-CONTI-NUEVO.png\",\"contentUrl\":\"https:\\\/\\\/continuamosmx.com\\\/wp-content\\\/uploads\\\/2023\\\/04\\\/cropped-LOGO-CONTI-NUEVO.png\",\"width\":1257,\"height\":430,\"caption\":\"ContinuamosMX\"},\"image\":{\"@id\":\"https:\\\/\\\/continuamosmx.com\\\/#\\\/schema\\\/logo\\\/image\\\/\"}},{\"@type\":\"Person\",\"@id\":\"https:\\\/\\\/continuamosmx.com\\\/#\\\/schema\\\/person\\\/5eb5356acb1fad784da407d14f0e8d89\",\"name\":\"Continuamos MX\",\"image\":{\"@type\":\"ImageObject\",\"inLanguage\":\"es\",\"@id\":\"https:\\\/\\\/secure.gravatar.com\\\/avatar\\\/30d4f9723476a15f4da34d35fb3501f08d2357016c76051c6a85c354c7489589?s=96&d=mm&r=g\",\"url\":\"https:\\\/\\\/secure.gravatar.com\\\/avatar\\\/30d4f9723476a15f4da34d35fb3501f08d2357016c76051c6a85c354c7489589?s=96&d=mm&r=g\",\"contentUrl\":\"https:\\\/\\\/secure.gravatar.com\\\/avatar\\\/30d4f9723476a15f4da34d35fb3501f08d2357016c76051c6a85c354c7489589?s=96&d=mm&r=g\",\"caption\":\"Continuamos MX\"},\"sameAs\":[\"http:\\\/\\\/www.continuamos.mx\"],\"url\":\"https:\\\/\\\/continuamosmx.com\\\/index.php\\\/author\\\/continuamos\\\/\"}]}<\/script>\n<!-- \/ Yoast SEO plugin. -->","yoast_head_json":{"title":"APLICAR\u00c1N DOSIS DE REFUERZO AL PERSONAL EDUCATIVO EN CUAUTITL\u00c1N IZCALLI -","robots":{"index":"index","follow":"follow","max-snippet":"max-snippet:-1","max-image-preview":"max-image-preview:large","max-video-preview":"max-video-preview:-1"},"canonical":"https:\/\/continuamosmx.com\/index.php\/2022\/01\/12\/aplicaran-dosis-de-refuerzo-al-personal-educativo-en-cuautitlan-izcalli\/","og_locale":"es_ES","og_type":"article","og_title":"APLICAR\u00c1N DOSIS DE REFUERZO AL PERSONAL EDUCATIVO EN CUAUTITL\u00c1N IZCALLI -","og_description":".- Personal educativo de la regi\u00f3n 4 recibir\u00e1 una dosis de refuerzo contra la COVID-19 las fechas programadas son 12 al 14 de enero en el CONALEP 108 y el TESCI, para cuidar su salud ahora en el regreso a clases.\u00a0 CUAUTITL\u00c1N IZCALLI, M\u00e9x.- El Gobierno de Cuautitl\u00e1n Izcalli informa que el personal educativo de [&hellip;]","og_url":"https:\/\/continuamosmx.com\/index.php\/2022\/01\/12\/aplicaran-dosis-de-refuerzo-al-personal-educativo-en-cuautitlan-izcalli\/","article_published_time":"2022-01-12T13:59:02+00:00","author":"Continuamos MX","twitter_card":"summary_large_image","twitter_misc":{"Escrito por":"Continuamos MX","Tiempo de lectura":"1 minuto"},"schema":{"@context":"https:\/\/schema.org","@graph":[{"@type":"Article","@id":"https:\/\/continuamosmx.com\/index.php\/2022\/01\/12\/aplicaran-dosis-de-refuerzo-al-personal-educativo-en-cuautitlan-izcalli\/#article","isPartOf":{"@id":"https:\/\/continuamosmx.com\/index.php\/2022\/01\/12\/aplicaran-dosis-de-refuerzo-al-personal-educativo-en-cuautitlan-izcalli\/"},"author":{"name":"Continuamos MX","@id":"https:\/\/continuamosmx.com\/#\/schema\/person\/5eb5356acb1fad784da407d14f0e8d89"},"headline":"APLICAR\u00c1N DOSIS DE REFUERZO AL PERSONAL EDUCATIVO EN CUAUTITL\u00c1N IZCALLI","datePublished":"2022-01-12T13:59:02+00:00","mainEntityOfPage":{"@id":"https:\/\/continuamosmx.com\/index.php\/2022\/01\/12\/aplicaran-dosis-de-refuerzo-al-personal-educativo-en-cuautitlan-izcalli\/"},"wordCount":248,"publisher":{"@id":"https:\/\/continuamosmx.com\/#organization"},"image":{"@id":"https:\/\/continuamosmx.com\/index.php\/2022\/01\/12\/aplicaran-dosis-de-refuerzo-al-personal-educativo-en-cuautitlan-izcalli\/#primaryimage"},"thumbnailUrl":"https:\/\/continuamosmx.com\/wp-content\/uploads\/2022\/01\/1529FF47-10F7-41F2-820A-70168EB04B7E-scaled-1.jpeg","articleSection":["C. IZCALLI","LOCALES"],"inLanguage":"es"},{"@type":"WebPage","@id":"https:\/\/continuamosmx.com\/index.php\/2022\/01\/12\/aplicaran-dosis-de-refuerzo-al-personal-educativo-en-cuautitlan-izcalli\/","url":"https:\/\/continuamosmx.com\/index.php\/2022\/01\/12\/aplicaran-dosis-de-refuerzo-al-personal-educativo-en-cuautitlan-izcalli\/","name":"APLICAR\u00c1N DOSIS DE REFUERZO AL PERSONAL EDUCATIVO EN CUAUTITL\u00c1N IZCALLI -","isPartOf":{"@id":"https:\/\/continuamosmx.com\/#website"},"primaryImageOfPage":{"@id":"https:\/\/continuamosmx.com\/index.php\/2022\/01\/12\/aplicaran-dosis-de-refuerzo-al-personal-educativo-en-cuautitlan-izcalli\/#primaryimage"},"image":{"@id":"https:\/\/continuamosmx.com\/index.php\/2022\/01\/12\/aplicaran-dosis-de-refuerzo-al-personal-educativo-en-cuautitlan-izcalli\/#primaryimage"},"thumbnailUrl":"https:\/\/continuamosmx.com\/wp-content\/uploads\/2022\/01\/1529FF47-10F7-41F2-820A-70168EB04B7E-scaled-1.jpeg","datePublished":"2022-01-12T13:59:02+00:00","breadcrumb":{"@id":"https:\/\/continuamosmx.com\/index.php\/2022\/01\/12\/aplicaran-dosis-de-refuerzo-al-personal-educativo-en-cuautitlan-izcalli\/#breadcrumb"},"inLanguage":"es","potentialAction":[{"@type":"ReadAction","target":["https:\/\/continuamosmx.com\/index.php\/2022\/01\/12\/aplicaran-dosis-de-refuerzo-al-personal-educativo-en-cuautitlan-izcalli\/"]}]},{"@type":"ImageObject","inLanguage":"es","@id":"https:\/\/continuamosmx.com\/index.php\/2022\/01\/12\/aplicaran-dosis-de-refuerzo-al-personal-educativo-en-cuautitlan-izcalli\/#primaryimage","url":"https:\/\/continuamosmx.com\/wp-content\/uploads\/2022\/01\/1529FF47-10F7-41F2-820A-70168EB04B7E-scaled-1.jpeg","contentUrl":"https:\/\/continuamosmx.com\/wp-content\/uploads\/2022\/01\/1529FF47-10F7-41F2-820A-70168EB04B7E-scaled-1.jpeg","width":2560,"height":1707},{"@type":"BreadcrumbList","@id":"https:\/\/continuamosmx.com\/index.php\/2022\/01\/12\/aplicaran-dosis-de-refuerzo-al-personal-educativo-en-cuautitlan-izcalli\/#breadcrumb","itemListElement":[{"@type":"ListItem","position":1,"name":"Inicio","item":"https:\/\/continuamosmx.com\/"},{"@type":"ListItem","position":2,"name":"APLICAR\u00c1N DOSIS DE REFUERZO AL PERSONAL EDUCATIVO EN CUAUTITL\u00c1N IZCALLI"}]},{"@type":"WebSite","@id":"https:\/\/continuamosmx.com\/#website","url":"https:\/\/continuamosmx.com\/","name":"www.continuamosmx.com","description":"","publisher":{"@id":"https:\/\/continuamosmx.com\/#organization"},"potentialAction":[{"@type":"SearchAction","target":{"@type":"EntryPoint","urlTemplate":"https:\/\/continuamosmx.com\/?s={search_term_string}"},"query-input":{"@type":"PropertyValueSpecification","valueRequired":true,"valueName":"search_term_string"}}],"inLanguage":"es"},{"@type":"Organization","@id":"https:\/\/continuamosmx.com\/#organization","name":"ContinuamosMX","url":"https:\/\/continuamosmx.com\/","logo":{"@type":"ImageObject","inLanguage":"es","@id":"https:\/\/continuamosmx.com\/#\/schema\/logo\/image\/","url":"https:\/\/continuamosmx.com\/wp-content\/uploads\/2023\/04\/cropped-LOGO-CONTI-NUEVO.png","contentUrl":"https:\/\/continuamosmx.com\/wp-content\/uploads\/2023\/04\/cropped-LOGO-CONTI-NUEVO.png","width":1257,"height":430,"caption":"ContinuamosMX"},"image":{"@id":"https:\/\/continuamosmx.com\/#\/schema\/logo\/image\/"}},{"@type":"Person","@id":"https:\/\/continuamosmx.com\/#\/schema\/person\/5eb5356acb1fad784da407d14f0e8d89","name":"Continuamos MX","image":{"@type":"ImageObject","inLanguage":"es","@id":"https:\/\/secure.gravatar.com\/avatar\/30d4f9723476a15f4da34d35fb3501f08d2357016c76051c6a85c354c7489589?s=96&d=mm&r=g","url":"https:\/\/secure.gravatar.com\/avatar\/30d4f9723476a15f4da34d35fb3501f08d2357016c76051c6a85c354c7489589?s=96&d=mm&r=g","contentUrl":"https:\/\/secure.gravatar.com\/avatar\/30d4f9723476a15f4da34d35fb3501f08d2357016c76051c6a85c354c7489589?s=96&d=mm&r=g","caption":"Continuamos MX"},"sameAs":["http:\/\/www.continuamos.mx"],"url":"https:\/\/continuamosmx.com\/index.php\/author\/continuamos\/"}]}},"_links":{"self":[{"href":"https:\/\/continuamosmx.com\/index.php\/wp-json\/wp\/v2\/posts\/43470","targetHints":{"allow":["GET"]}}],"collection":[{"href":"https:\/\/continuamosmx.com\/index.php\/wp-json\/wp\/v2\/posts"}],"about":[{"href":"https:\/\/continuamosmx.com\/index.php\/wp-json\/wp\/v2\/types\/post"}],"author":[{"embeddable":true,"href":"https:\/\/continuamosmx.com\/index.php\/wp-json\/wp\/v2\/users\/6"}],"replies":[{"embeddable":true,"href":"https:\/\/continuamosmx.com\/index.php\/wp-json\/wp\/v2\/comments?post=43470"}],"version-history":[{"count":0,"href":"https:\/\/continuamosmx.com\/index.php\/wp-json\/wp\/v2\/posts\/43470\/revisions"}],"wp:featuredmedia":[{"embeddable":true,"href":"https:\/\/continuamosmx.com\/index.php\/wp-json\/wp\/v2\/media\/32399"}],"wp:attachment":[{"href":"https:\/\/continuamosmx.com\/index.php\/wp-json\/wp\/v2\/media?parent=43470"}],"wp:term":[{"taxonomy":"category","embeddable":true,"href":"https:\/\/continuamosmx.com\/index.php\/wp-json\/wp\/v2\/categories?post=43470"},{"taxonomy":"post_tag","embeddable":true,"href":"https:\/\/continuamosmx.com\/index.php\/wp-json\/wp\/v2\/tags?post=43470"}],"curies":[{"name":"wp","href":"https:\/\/api.w.org\/{rel}","templated":true}]}}