{"id":43432,"date":"2022-01-10T09:41:55","date_gmt":"2022-01-10T09:41:55","guid":{"rendered":"https:\/\/continuamos.mx\/?p=32239"},"modified":"2022-01-10T09:41:55","modified_gmt":"2022-01-10T09:41:55","slug":"abren-en-tlalmanalco-museo-comunitario","status":"publish","type":"post","link":"https:\/\/continuamosmx.com\/index.php\/2022\/01\/10\/abren-en-tlalmanalco-museo-comunitario\/","title":{"rendered":"ABREN EN TLALMANALCO MUSEO COMUNITARIO"},"content":{"rendered":"\n<p>.-<strong> A partir de hoy lunes con horario de lunes\u00a0 a s\u00e1bado de nueve de la ma\u00f1ana a cuatro de<\/strong> la tarde<\/p>\n\n\n\n<p>Por: JOSE ALBERTO ZEA DOMINGUEZ<\/p>\n\n\n\n<p>TLALMANALCO, M\u00e9x.- Despu\u00e9s de iniciar la presente administraci\u00f3n p\u00fablica municipal, que representa Luis Enrique S\u00e1nchez Reyes, el Museo Comunitario NONOHUALCA, abrir\u00e1 sus puertas para el p\u00fablico en general y el turismo internacional, d\u00f3nde conocer\u00e1n parte de la historia tanto prehist\u00f3rica como prehisp\u00e1nica.<\/p>\n\n\n\n<p>El a\u00f1o pasado durante la administraci\u00f3n p\u00fablica municipal, gestion\u00f3 la remodelaci\u00f3n del Museo Comunitario, \u00abNONOHUALCA\u00bb, realizado por el gobierno del Estado de M\u00e9xico, y est\u00e1 a la altura de cualquier Museo del Orbe.<\/p>\n\n\n\n<p>Tanto el Museo Comunitario y el ex cine hoy convertido en Sal\u00f3n de Uso M\u00faltiples, quedaron remodelados, y que en el primero abarca figuras no s\u00f3lo de Tlalmanalco, sino de otras culturas que llegaban a comerciar sus \u00eddolos con otros pueblos mesoamericanos.<\/p>\n\n\n\n<p>En un inicio y una de las piezas muy importante para la cultura Nonohualca Teotlixca Tlacochalca, es sin lugar a dudas el Ometeotl, (Vida y Muerte), as\u00ed mismo hay molares de un Mamut, piezas como Malacates, puntas de Obsidianas, Metates y Sellos entre otros.<\/p>\n\n\n\n<p>Es importante que el gobierno que encabeza Alfredo del Mazo Maza, trate de preservar la cultura de la entidad mexiquense, ya que por si no sab\u00eda hay peque\u00f1os sitios con piezas arqueol\u00f3gicas, as\u00ed como en Cuijingo, municipio de Juchitepec, donde hay m\u00e1s de dos mil piezas prehisp\u00e1nicas.<\/p>\n\n\n\n<p>El Museo Comunitario NONOHUALCA, estar\u00e1 abierto de lunes a viernes de nueve a cuatro de la tarde y s\u00e1bado de nueve a una de la tarde, visite este lugar y observar\u00e1n la grandeza de la historia de TLALMANALCO.<\/p>\n\n\n\n<figure class=\"wp-block-gallery columns-3 is-cropped wp-block-gallery-1 is-layout-flex wp-block-gallery-is-layout-flex\"><ul class=\"blocks-gallery-grid\"><li class=\"blocks-gallery-item\"><figure><img decoding=\"async\" src=\"http:\/\/continuamos.mx\/wp-content\/uploads\/2022\/01\/ZOTE-PRINCIPAL-2.jpg\" alt=\"\" data-id=\"32243\" data-full-url=\"http:\/\/continuamos.mx\/wp-content\/uploads\/2022\/01\/ZOTE-PRINCIPAL-2.jpg\" data-link=\"https:\/\/continuamos.mx\/?attachment_id=32243\" class=\"wp-image-32243\"\/><\/figure><\/li><li class=\"blocks-gallery-item\"><figure><img decoding=\"async\" src=\"http:\/\/continuamos.mx\/wp-content\/uploads\/2022\/01\/TLALMA-NOTA-DOS-CONTRA-3-1024x576.jpg\" alt=\"\" data-id=\"32242\" data-full-url=\"http:\/\/continuamos.mx\/wp-content\/uploads\/2022\/01\/TLALMA-NOTA-DOS-CONTRA-3.jpg\" data-link=\"https:\/\/continuamos.mx\/?attachment_id=32242\" class=\"wp-image-32242\"\/><\/figure><\/li><li class=\"blocks-gallery-item\"><figure><img decoding=\"async\" src=\"http:\/\/continuamos.mx\/wp-content\/uploads\/2022\/01\/TLALMA-NOTA-DOS-CONTRA-1-1-1024x576.jpg\" alt=\"\" data-id=\"32240\" data-full-url=\"http:\/\/continuamos.mx\/wp-content\/uploads\/2022\/01\/TLALMA-NOTA-DOS-CONTRA-1-1.jpg\" data-link=\"https:\/\/continuamos.mx\/?attachment_id=32240\" class=\"wp-image-32240\"\/><\/figure><\/li><\/ul><\/figure>\n","protected":false},"excerpt":{"rendered":"<p>.- A partir de hoy lunes con horario de lunes\u00a0 a s\u00e1bado de nueve de la ma\u00f1ana a cuatro de la tarde Por: JOSE ALBERTO ZEA DOMINGUEZ TLALMANALCO, M\u00e9x.- Despu\u00e9s de iniciar la presente administraci\u00f3n p\u00fablica municipal, que representa Luis Enrique S\u00e1nchez Reyes, el Museo Comunitario NONOHUALCA, abrir\u00e1 sus puertas para el p\u00fablico en general [&hellip;]<\/p>\n","protected":false},"author":6,"featured_media":32241,"comment_status":"closed","ping_status":"open","sticky":false,"template":"","format":"standard","meta":{"footnotes":""},"categories":[4,58],"tags":[],"class_list":["post-43432","post","type-post","status-publish","format-standard","has-post-thumbnail","hentry","category-locales","category-tlalmanalco"],"yoast_head":"<!-- This site is optimized with the Yoast SEO plugin v27.5 - https:\/\/yoast.com\/product\/yoast-seo-wordpress\/ -->\n<title>ABREN EN TLALMANALCO MUSEO COMUNITARIO -<\/title>\n<meta name=\"robots\" content=\"index, follow, max-snippet:-1, max-image-preview:large, max-video-preview:-1\" \/>\n<link rel=\"canonical\" href=\"https:\/\/continuamosmx.com\/index.php\/2022\/01\/10\/abren-en-tlalmanalco-museo-comunitario\/\" \/>\n<meta property=\"og:locale\" content=\"es_ES\" \/>\n<meta property=\"og:type\" content=\"article\" \/>\n<meta property=\"og:title\" content=\"ABREN EN TLALMANALCO MUSEO COMUNITARIO -\" \/>\n<meta property=\"og:description\" content=\".- A partir de hoy lunes con horario de lunes\u00a0 a s\u00e1bado de nueve de la ma\u00f1ana a cuatro de la tarde Por: JOSE ALBERTO ZEA DOMINGUEZ TLALMANALCO, M\u00e9x.- Despu\u00e9s de iniciar la presente administraci\u00f3n p\u00fablica municipal, que representa Luis Enrique S\u00e1nchez Reyes, el Museo Comunitario NONOHUALCA, abrir\u00e1 sus puertas para el p\u00fablico en general [&hellip;]\" \/>\n<meta property=\"og:url\" content=\"https:\/\/continuamosmx.com\/index.php\/2022\/01\/10\/abren-en-tlalmanalco-museo-comunitario\/\" \/>\n<meta property=\"article:published_time\" content=\"2022-01-10T09:41:55+00:00\" \/>\n<meta property=\"og:image\" content=\"http:\/\/continuamos.mx\/wp-content\/uploads\/2022\/01\/ZOTE-PRINCIPAL-2.jpg\" \/>\n<meta name=\"author\" content=\"Continuamos MX\" \/>\n<meta name=\"twitter:card\" content=\"summary_large_image\" \/>\n<meta name=\"twitter:label1\" content=\"Escrito por\" \/>\n\t<meta name=\"twitter:data1\" content=\"Continuamos MX\" \/>\n\t<meta name=\"twitter:label2\" content=\"Tiempo de lectura\" \/>\n\t<meta name=\"twitter:data2\" content=\"2 minutos\" \/>\n<script type=\"application\/ld+json\" class=\"yoast-schema-graph\">{\"@context\":\"https:\\\/\\\/schema.org\",\"@graph\":[{\"@type\":\"Article\",\"@id\":\"https:\\\/\\\/continuamosmx.com\\\/index.php\\\/2022\\\/01\\\/10\\\/abren-en-tlalmanalco-museo-comunitario\\\/#article\",\"isPartOf\":{\"@id\":\"https:\\\/\\\/continuamosmx.com\\\/index.php\\\/2022\\\/01\\\/10\\\/abren-en-tlalmanalco-museo-comunitario\\\/\"},\"author\":{\"name\":\"Continuamos MX\",\"@id\":\"https:\\\/\\\/continuamosmx.com\\\/#\\\/schema\\\/person\\\/5eb5356acb1fad784da407d14f0e8d89\"},\"headline\":\"ABREN EN TLALMANALCO MUSEO COMUNITARIO\",\"datePublished\":\"2022-01-10T09:41:55+00:00\",\"mainEntityOfPage\":{\"@id\":\"https:\\\/\\\/continuamosmx.com\\\/index.php\\\/2022\\\/01\\\/10\\\/abren-en-tlalmanalco-museo-comunitario\\\/\"},\"wordCount\":306,\"publisher\":{\"@id\":\"https:\\\/\\\/continuamosmx.com\\\/#organization\"},\"image\":{\"@id\":\"https:\\\/\\\/continuamosmx.com\\\/index.php\\\/2022\\\/01\\\/10\\\/abren-en-tlalmanalco-museo-comunitario\\\/#primaryimage\"},\"thumbnailUrl\":\"https:\\\/\\\/continuamosmx.com\\\/wp-content\\\/uploads\\\/2022\\\/01\\\/neza-4.jpg\",\"articleSection\":[\"LOCALES\",\"TLALMANALCO\"],\"inLanguage\":\"es\"},{\"@type\":\"WebPage\",\"@id\":\"https:\\\/\\\/continuamosmx.com\\\/index.php\\\/2022\\\/01\\\/10\\\/abren-en-tlalmanalco-museo-comunitario\\\/\",\"url\":\"https:\\\/\\\/continuamosmx.com\\\/index.php\\\/2022\\\/01\\\/10\\\/abren-en-tlalmanalco-museo-comunitario\\\/\",\"name\":\"ABREN EN TLALMANALCO MUSEO COMUNITARIO -\",\"isPartOf\":{\"@id\":\"https:\\\/\\\/continuamosmx.com\\\/#website\"},\"primaryImageOfPage\":{\"@id\":\"https:\\\/\\\/continuamosmx.com\\\/index.php\\\/2022\\\/01\\\/10\\\/abren-en-tlalmanalco-museo-comunitario\\\/#primaryimage\"},\"image\":{\"@id\":\"https:\\\/\\\/continuamosmx.com\\\/index.php\\\/2022\\\/01\\\/10\\\/abren-en-tlalmanalco-museo-comunitario\\\/#primaryimage\"},\"thumbnailUrl\":\"https:\\\/\\\/continuamosmx.com\\\/wp-content\\\/uploads\\\/2022\\\/01\\\/neza-4.jpg\",\"datePublished\":\"2022-01-10T09:41:55+00:00\",\"breadcrumb\":{\"@id\":\"https:\\\/\\\/continuamosmx.com\\\/index.php\\\/2022\\\/01\\\/10\\\/abren-en-tlalmanalco-museo-comunitario\\\/#breadcrumb\"},\"inLanguage\":\"es\",\"potentialAction\":[{\"@type\":\"ReadAction\",\"target\":[\"https:\\\/\\\/continuamosmx.com\\\/index.php\\\/2022\\\/01\\\/10\\\/abren-en-tlalmanalco-museo-comunitario\\\/\"]}]},{\"@type\":\"ImageObject\",\"inLanguage\":\"es\",\"@id\":\"https:\\\/\\\/continuamosmx.com\\\/index.php\\\/2022\\\/01\\\/10\\\/abren-en-tlalmanalco-museo-comunitario\\\/#primaryimage\",\"url\":\"https:\\\/\\\/continuamosmx.com\\\/wp-content\\\/uploads\\\/2022\\\/01\\\/neza-4.jpg\",\"contentUrl\":\"https:\\\/\\\/continuamosmx.com\\\/wp-content\\\/uploads\\\/2022\\\/01\\\/neza-4.jpg\",\"width\":480,\"height\":319},{\"@type\":\"BreadcrumbList\",\"@id\":\"https:\\\/\\\/continuamosmx.com\\\/index.php\\\/2022\\\/01\\\/10\\\/abren-en-tlalmanalco-museo-comunitario\\\/#breadcrumb\",\"itemListElement\":[{\"@type\":\"ListItem\",\"position\":1,\"name\":\"Inicio\",\"item\":\"https:\\\/\\\/continuamosmx.com\\\/\"},{\"@type\":\"ListItem\",\"position\":2,\"name\":\"ABREN EN TLALMANALCO MUSEO COMUNITARIO\"}]},{\"@type\":\"WebSite\",\"@id\":\"https:\\\/\\\/continuamosmx.com\\\/#website\",\"url\":\"https:\\\/\\\/continuamosmx.com\\\/\",\"name\":\"www.continuamosmx.com\",\"description\":\"\",\"publisher\":{\"@id\":\"https:\\\/\\\/continuamosmx.com\\\/#organization\"},\"potentialAction\":[{\"@type\":\"SearchAction\",\"target\":{\"@type\":\"EntryPoint\",\"urlTemplate\":\"https:\\\/\\\/continuamosmx.com\\\/?s={search_term_string}\"},\"query-input\":{\"@type\":\"PropertyValueSpecification\",\"valueRequired\":true,\"valueName\":\"search_term_string\"}}],\"inLanguage\":\"es\"},{\"@type\":\"Organization\",\"@id\":\"https:\\\/\\\/continuamosmx.com\\\/#organization\",\"name\":\"ContinuamosMX\",\"url\":\"https:\\\/\\\/continuamosmx.com\\\/\",\"logo\":{\"@type\":\"ImageObject\",\"inLanguage\":\"es\",\"@id\":\"https:\\\/\\\/continuamosmx.com\\\/#\\\/schema\\\/logo\\\/image\\\/\",\"url\":\"https:\\\/\\\/continuamosmx.com\\\/wp-content\\\/uploads\\\/2023\\\/04\\\/cropped-LOGO-CONTI-NUEVO.png\",\"contentUrl\":\"https:\\\/\\\/continuamosmx.com\\\/wp-content\\\/uploads\\\/2023\\\/04\\\/cropped-LOGO-CONTI-NUEVO.png\",\"width\":1257,\"height\":430,\"caption\":\"ContinuamosMX\"},\"image\":{\"@id\":\"https:\\\/\\\/continuamosmx.com\\\/#\\\/schema\\\/logo\\\/image\\\/\"}},{\"@type\":\"Person\",\"@id\":\"https:\\\/\\\/continuamosmx.com\\\/#\\\/schema\\\/person\\\/5eb5356acb1fad784da407d14f0e8d89\",\"name\":\"Continuamos MX\",\"image\":{\"@type\":\"ImageObject\",\"inLanguage\":\"es\",\"@id\":\"https:\\\/\\\/secure.gravatar.com\\\/avatar\\\/30d4f9723476a15f4da34d35fb3501f08d2357016c76051c6a85c354c7489589?s=96&d=mm&r=g\",\"url\":\"https:\\\/\\\/secure.gravatar.com\\\/avatar\\\/30d4f9723476a15f4da34d35fb3501f08d2357016c76051c6a85c354c7489589?s=96&d=mm&r=g\",\"contentUrl\":\"https:\\\/\\\/secure.gravatar.com\\\/avatar\\\/30d4f9723476a15f4da34d35fb3501f08d2357016c76051c6a85c354c7489589?s=96&d=mm&r=g\",\"caption\":\"Continuamos MX\"},\"sameAs\":[\"http:\\\/\\\/www.continuamos.mx\"],\"url\":\"https:\\\/\\\/continuamosmx.com\\\/index.php\\\/author\\\/continuamos\\\/\"}]}<\/script>\n<!-- \/ Yoast SEO plugin. -->","yoast_head_json":{"title":"ABREN EN TLALMANALCO MUSEO COMUNITARIO -","robots":{"index":"index","follow":"follow","max-snippet":"max-snippet:-1","max-image-preview":"max-image-preview:large","max-video-preview":"max-video-preview:-1"},"canonical":"https:\/\/continuamosmx.com\/index.php\/2022\/01\/10\/abren-en-tlalmanalco-museo-comunitario\/","og_locale":"es_ES","og_type":"article","og_title":"ABREN EN TLALMANALCO MUSEO COMUNITARIO -","og_description":".- A partir de hoy lunes con horario de lunes\u00a0 a s\u00e1bado de nueve de la ma\u00f1ana a cuatro de la tarde Por: JOSE ALBERTO ZEA DOMINGUEZ TLALMANALCO, M\u00e9x.- Despu\u00e9s de iniciar la presente administraci\u00f3n p\u00fablica municipal, que representa Luis Enrique S\u00e1nchez Reyes, el Museo Comunitario NONOHUALCA, abrir\u00e1 sus puertas para el p\u00fablico en general [&hellip;]","og_url":"https:\/\/continuamosmx.com\/index.php\/2022\/01\/10\/abren-en-tlalmanalco-museo-comunitario\/","article_published_time":"2022-01-10T09:41:55+00:00","og_image":[{"url":"http:\/\/continuamos.mx\/wp-content\/uploads\/2022\/01\/ZOTE-PRINCIPAL-2.jpg","type":"","width":"","height":""}],"author":"Continuamos MX","twitter_card":"summary_large_image","twitter_misc":{"Escrito por":"Continuamos MX","Tiempo de lectura":"2 minutos"},"schema":{"@context":"https:\/\/schema.org","@graph":[{"@type":"Article","@id":"https:\/\/continuamosmx.com\/index.php\/2022\/01\/10\/abren-en-tlalmanalco-museo-comunitario\/#article","isPartOf":{"@id":"https:\/\/continuamosmx.com\/index.php\/2022\/01\/10\/abren-en-tlalmanalco-museo-comunitario\/"},"author":{"name":"Continuamos MX","@id":"https:\/\/continuamosmx.com\/#\/schema\/person\/5eb5356acb1fad784da407d14f0e8d89"},"headline":"ABREN EN TLALMANALCO MUSEO COMUNITARIO","datePublished":"2022-01-10T09:41:55+00:00","mainEntityOfPage":{"@id":"https:\/\/continuamosmx.com\/index.php\/2022\/01\/10\/abren-en-tlalmanalco-museo-comunitario\/"},"wordCount":306,"publisher":{"@id":"https:\/\/continuamosmx.com\/#organization"},"image":{"@id":"https:\/\/continuamosmx.com\/index.php\/2022\/01\/10\/abren-en-tlalmanalco-museo-comunitario\/#primaryimage"},"thumbnailUrl":"https:\/\/continuamosmx.com\/wp-content\/uploads\/2022\/01\/neza-4.jpg","articleSection":["LOCALES","TLALMANALCO"],"inLanguage":"es"},{"@type":"WebPage","@id":"https:\/\/continuamosmx.com\/index.php\/2022\/01\/10\/abren-en-tlalmanalco-museo-comunitario\/","url":"https:\/\/continuamosmx.com\/index.php\/2022\/01\/10\/abren-en-tlalmanalco-museo-comunitario\/","name":"ABREN EN TLALMANALCO MUSEO COMUNITARIO -","isPartOf":{"@id":"https:\/\/continuamosmx.com\/#website"},"primaryImageOfPage":{"@id":"https:\/\/continuamosmx.com\/index.php\/2022\/01\/10\/abren-en-tlalmanalco-museo-comunitario\/#primaryimage"},"image":{"@id":"https:\/\/continuamosmx.com\/index.php\/2022\/01\/10\/abren-en-tlalmanalco-museo-comunitario\/#primaryimage"},"thumbnailUrl":"https:\/\/continuamosmx.com\/wp-content\/uploads\/2022\/01\/neza-4.jpg","datePublished":"2022-01-10T09:41:55+00:00","breadcrumb":{"@id":"https:\/\/continuamosmx.com\/index.php\/2022\/01\/10\/abren-en-tlalmanalco-museo-comunitario\/#breadcrumb"},"inLanguage":"es","potentialAction":[{"@type":"ReadAction","target":["https:\/\/continuamosmx.com\/index.php\/2022\/01\/10\/abren-en-tlalmanalco-museo-comunitario\/"]}]},{"@type":"ImageObject","inLanguage":"es","@id":"https:\/\/continuamosmx.com\/index.php\/2022\/01\/10\/abren-en-tlalmanalco-museo-comunitario\/#primaryimage","url":"https:\/\/continuamosmx.com\/wp-content\/uploads\/2022\/01\/neza-4.jpg","contentUrl":"https:\/\/continuamosmx.com\/wp-content\/uploads\/2022\/01\/neza-4.jpg","width":480,"height":319},{"@type":"BreadcrumbList","@id":"https:\/\/continuamosmx.com\/index.php\/2022\/01\/10\/abren-en-tlalmanalco-museo-comunitario\/#breadcrumb","itemListElement":[{"@type":"ListItem","position":1,"name":"Inicio","item":"https:\/\/continuamosmx.com\/"},{"@type":"ListItem","position":2,"name":"ABREN EN TLALMANALCO MUSEO COMUNITARIO"}]},{"@type":"WebSite","@id":"https:\/\/continuamosmx.com\/#website","url":"https:\/\/continuamosmx.com\/","name":"www.continuamosmx.com","description":"","publisher":{"@id":"https:\/\/continuamosmx.com\/#organization"},"potentialAction":[{"@type":"SearchAction","target":{"@type":"EntryPoint","urlTemplate":"https:\/\/continuamosmx.com\/?s={search_term_string}"},"query-input":{"@type":"PropertyValueSpecification","valueRequired":true,"valueName":"search_term_string"}}],"inLanguage":"es"},{"@type":"Organization","@id":"https:\/\/continuamosmx.com\/#organization","name":"ContinuamosMX","url":"https:\/\/continuamosmx.com\/","logo":{"@type":"ImageObject","inLanguage":"es","@id":"https:\/\/continuamosmx.com\/#\/schema\/logo\/image\/","url":"https:\/\/continuamosmx.com\/wp-content\/uploads\/2023\/04\/cropped-LOGO-CONTI-NUEVO.png","contentUrl":"https:\/\/continuamosmx.com\/wp-content\/uploads\/2023\/04\/cropped-LOGO-CONTI-NUEVO.png","width":1257,"height":430,"caption":"ContinuamosMX"},"image":{"@id":"https:\/\/continuamosmx.com\/#\/schema\/logo\/image\/"}},{"@type":"Person","@id":"https:\/\/continuamosmx.com\/#\/schema\/person\/5eb5356acb1fad784da407d14f0e8d89","name":"Continuamos MX","image":{"@type":"ImageObject","inLanguage":"es","@id":"https:\/\/secure.gravatar.com\/avatar\/30d4f9723476a15f4da34d35fb3501f08d2357016c76051c6a85c354c7489589?s=96&d=mm&r=g","url":"https:\/\/secure.gravatar.com\/avatar\/30d4f9723476a15f4da34d35fb3501f08d2357016c76051c6a85c354c7489589?s=96&d=mm&r=g","contentUrl":"https:\/\/secure.gravatar.com\/avatar\/30d4f9723476a15f4da34d35fb3501f08d2357016c76051c6a85c354c7489589?s=96&d=mm&r=g","caption":"Continuamos MX"},"sameAs":["http:\/\/www.continuamos.mx"],"url":"https:\/\/continuamosmx.com\/index.php\/author\/continuamos\/"}]}},"_links":{"self":[{"href":"https:\/\/continuamosmx.com\/index.php\/wp-json\/wp\/v2\/posts\/43432","targetHints":{"allow":["GET"]}}],"collection":[{"href":"https:\/\/continuamosmx.com\/index.php\/wp-json\/wp\/v2\/posts"}],"about":[{"href":"https:\/\/continuamosmx.com\/index.php\/wp-json\/wp\/v2\/types\/post"}],"author":[{"embeddable":true,"href":"https:\/\/continuamosmx.com\/index.php\/wp-json\/wp\/v2\/users\/6"}],"replies":[{"embeddable":true,"href":"https:\/\/continuamosmx.com\/index.php\/wp-json\/wp\/v2\/comments?post=43432"}],"version-history":[{"count":0,"href":"https:\/\/continuamosmx.com\/index.php\/wp-json\/wp\/v2\/posts\/43432\/revisions"}],"wp:featuredmedia":[{"embeddable":true,"href":"https:\/\/continuamosmx.com\/index.php\/wp-json\/wp\/v2\/media\/32241"}],"wp:attachment":[{"href":"https:\/\/continuamosmx.com\/index.php\/wp-json\/wp\/v2\/media?parent=43432"}],"wp:term":[{"taxonomy":"category","embeddable":true,"href":"https:\/\/continuamosmx.com\/index.php\/wp-json\/wp\/v2\/categories?post=43432"},{"taxonomy":"post_tag","embeddable":true,"href":"https:\/\/continuamosmx.com\/index.php\/wp-json\/wp\/v2\/tags?post=43432"}],"curies":[{"name":"wp","href":"https:\/\/api.w.org\/{rel}","templated":true}]}}