{"id":43431,"date":"2022-01-10T09:37:23","date_gmt":"2022-01-10T09:37:23","guid":{"rendered":"https:\/\/continuamos.mx\/?p=32236"},"modified":"2022-01-10T09:37:23","modified_gmt":"2022-01-10T09:37:23","slug":"indispensable-trabajar-a-favor-de-los-derechos-de-pueblos-originarios-zeferino-ladrillero","status":"publish","type":"post","link":"https:\/\/continuamosmx.com\/index.php\/2022\/01\/10\/indispensable-trabajar-a-favor-de-los-derechos-de-pueblos-originarios-zeferino-ladrillero\/","title":{"rendered":"INDISPENSABLE TRABAJAR A FAVOR DE LOS DERECHOS DE PUEBLOS ORIGINARIOS: ZEFERINO LADRILLERO"},"content":{"rendered":"\n<p>* <strong>Urge un mecanismo preventivo para evitar conflictos sociales<\/strong><\/p>\n\n\n\n<p>* <strong>Ind\u00edgenas de la comunidad Triqui cumplen un a\u00f1o de vivir en la calles de la capital<\/strong><\/p>\n\n\n\n<p>&nbsp;VALLE DE M\u00c9XICO.- \u201cEs urgente impulsar y fortalecer el ejercicio al derecho de los pueblos originarios en el pa\u00eds, grupos hist\u00f3ricamente vulnerados, que privan de acceso suficiente a servicios de salud b\u00e1sica, con altos \u00edndices de marginaci\u00f3n socioecon\u00f3mica y discriminaci\u00f3n\u201d, expuso el abogado Jos\u00e9 Antonio Lara Duque.<\/p>\n\n\n\n<p>El cofundador del Centro de Derechos Humanos \u201cZeferino Ladrillero\u201d advirti\u00f3 que se debe garantizar a las personas ind\u00edgenas un mecanismo preventivo que advierta y evite conflictos sociales relacionadas con la falta de cumplimiento de este derecho, como lo es la consulta libre e informada.<\/p>\n\n\n\n<p>En el marco de cumplirse un a\u00f1o de que un grupo de ind\u00edgenas de la Comunidad Triqui, fuera desplazado de manera forzada de sus tierras en Oaxaca, y, a su vez, vivir en plena calle en las inmediaciones del Palacio de Bellas Artes de la capital del pa\u00eds, el abogado record\u00f3 que los pueblos originarios se ubican en un umbral a\u00fan m\u00e1s amplio de vulnerabilidad.<\/p>\n\n\n\n<p>Resalt\u00f3 que, de manera particular, el desarrollo de pol\u00edticas de inversi\u00f3n inmobiliaria, de infraestructura y desarrollo econ\u00f3mico son aquellas que provocan una carencia de informaci\u00f3n, hechos que se trasladan de manera directa a conflictos entre autoridades y personas.<\/p>\n\n\n\n<p>En el caso de M\u00e9xico, Lara Duque expuso que en el escenario de la pandemia por Covid-19, se ha puesto de manifiesto muchas desigualdades latentes, entre ellas, la atenci\u00f3n desigual a integrantes de grupos vulnerables.<\/p>\n\n\n\n<p>\u201cSe ha exacerbado aquellas que limitan el acceso a derechos de los grupos hist\u00f3ricamente vulnerados, que priva de acceso suficiente a servicios de salud b\u00e1sica y con altos \u00edndices de marginaci\u00f3n socioecon\u00f3mica y discriminaci\u00f3n, se encuentra en un umbral a\u00fan m\u00e1s amplio de vulnerabilidad\u201d, expuso.<\/p>\n\n\n\n<p>El abogado se\u00f1al\u00f3 que es urgente que el Estado mexicano incorpore una visi\u00f3n multicultural e intercultural a su quehacer, con conocimiento pr\u00e1ctico y de campo sobre las necesidades de los pueblos y comunidades ind\u00edgenas.<\/p>\n\n\n\n<p>\u201cSe deben adoptar medidas de atenci\u00f3n ciudadana culturalmente adecuadas que se reflejen en investigaciones que deriven en informes pero particularmente en criterios orientadores &#8211;el equivalente estatal a las Observaciones Generales de los Comit\u00e9s especializados de la ONU.<\/p>\n\n\n\n<p>Actores que permitan coadyuvar a la construcci\u00f3n de una cultura de derechos humanos, especialmente en los casos de atenci\u00f3n a violaciones cometidas contra la poblaci\u00f3n ind\u00edgena mexiquense\u201d, perfil\u00f3.<\/p>\n","protected":false},"excerpt":{"rendered":"<p>* Urge un mecanismo preventivo para evitar conflictos sociales * Ind\u00edgenas de la comunidad Triqui cumplen un a\u00f1o de vivir en la calles de la capital &nbsp;VALLE DE M\u00c9XICO.- \u201cEs urgente impulsar y fortalecer el ejercicio al derecho de los pueblos originarios en el pa\u00eds, grupos hist\u00f3ricamente vulnerados, que privan de acceso suficiente a servicios [&hellip;]<\/p>\n","protected":false},"author":6,"featured_media":32237,"comment_status":"closed","ping_status":"open","sticky":false,"template":"","format":"standard","meta":{"footnotes":""},"categories":[2],"tags":[],"class_list":["post-43431","post","type-post","status-publish","format-standard","has-post-thumbnail","hentry","category-edomex"],"yoast_head":"<!-- This site is optimized with the Yoast SEO plugin v27.5 - https:\/\/yoast.com\/product\/yoast-seo-wordpress\/ -->\n<title>INDISPENSABLE TRABAJAR A FAVOR DE LOS DERECHOS DE PUEBLOS ORIGINARIOS: ZEFERINO LADRILLERO -<\/title>\n<meta name=\"robots\" content=\"index, follow, max-snippet:-1, max-image-preview:large, max-video-preview:-1\" \/>\n<link rel=\"canonical\" href=\"https:\/\/continuamosmx.com\/index.php\/2022\/01\/10\/indispensable-trabajar-a-favor-de-los-derechos-de-pueblos-originarios-zeferino-ladrillero\/\" \/>\n<meta property=\"og:locale\" content=\"es_ES\" \/>\n<meta property=\"og:type\" content=\"article\" \/>\n<meta property=\"og:title\" content=\"INDISPENSABLE TRABAJAR A FAVOR DE LOS DERECHOS DE PUEBLOS ORIGINARIOS: ZEFERINO LADRILLERO -\" \/>\n<meta property=\"og:description\" content=\"* Urge un mecanismo preventivo para evitar conflictos sociales * Ind\u00edgenas de la comunidad Triqui cumplen un a\u00f1o de vivir en la calles de la capital &nbsp;VALLE DE M\u00c9XICO.- \u201cEs urgente impulsar y fortalecer el ejercicio al derecho de los pueblos originarios en el pa\u00eds, grupos hist\u00f3ricamente vulnerados, que privan de acceso suficiente a servicios [&hellip;]\" \/>\n<meta property=\"og:url\" content=\"https:\/\/continuamosmx.com\/index.php\/2022\/01\/10\/indispensable-trabajar-a-favor-de-los-derechos-de-pueblos-originarios-zeferino-ladrillero\/\" \/>\n<meta property=\"article:published_time\" content=\"2022-01-10T09:37:23+00:00\" \/>\n<meta name=\"author\" content=\"Continuamos MX\" \/>\n<meta name=\"twitter:card\" content=\"summary_large_image\" \/>\n<meta name=\"twitter:label1\" content=\"Escrito por\" \/>\n\t<meta name=\"twitter:data1\" content=\"Continuamos MX\" \/>\n\t<meta name=\"twitter:label2\" content=\"Tiempo de lectura\" \/>\n\t<meta name=\"twitter:data2\" content=\"2 minutos\" \/>\n<script type=\"application\/ld+json\" class=\"yoast-schema-graph\">{\"@context\":\"https:\\\/\\\/schema.org\",\"@graph\":[{\"@type\":\"Article\",\"@id\":\"https:\\\/\\\/continuamosmx.com\\\/index.php\\\/2022\\\/01\\\/10\\\/indispensable-trabajar-a-favor-de-los-derechos-de-pueblos-originarios-zeferino-ladrillero\\\/#article\",\"isPartOf\":{\"@id\":\"https:\\\/\\\/continuamosmx.com\\\/index.php\\\/2022\\\/01\\\/10\\\/indispensable-trabajar-a-favor-de-los-derechos-de-pueblos-originarios-zeferino-ladrillero\\\/\"},\"author\":{\"name\":\"Continuamos MX\",\"@id\":\"https:\\\/\\\/continuamosmx.com\\\/#\\\/schema\\\/person\\\/5eb5356acb1fad784da407d14f0e8d89\"},\"headline\":\"INDISPENSABLE TRABAJAR A FAVOR DE LOS DERECHOS DE PUEBLOS ORIGINARIOS: ZEFERINO LADRILLERO\",\"datePublished\":\"2022-01-10T09:37:23+00:00\",\"mainEntityOfPage\":{\"@id\":\"https:\\\/\\\/continuamosmx.com\\\/index.php\\\/2022\\\/01\\\/10\\\/indispensable-trabajar-a-favor-de-los-derechos-de-pueblos-originarios-zeferino-ladrillero\\\/\"},\"wordCount\":449,\"publisher\":{\"@id\":\"https:\\\/\\\/continuamosmx.com\\\/#organization\"},\"image\":{\"@id\":\"https:\\\/\\\/continuamosmx.com\\\/index.php\\\/2022\\\/01\\\/10\\\/indispensable-trabajar-a-favor-de-los-derechos-de-pueblos-originarios-zeferino-ladrillero\\\/#primaryimage\"},\"thumbnailUrl\":\"https:\\\/\\\/continuamosmx.com\\\/wp-content\\\/uploads\\\/2022\\\/01\\\/chal-1-1-1.jpg\",\"articleSection\":[\"EDOMEX\"],\"inLanguage\":\"es\"},{\"@type\":\"WebPage\",\"@id\":\"https:\\\/\\\/continuamosmx.com\\\/index.php\\\/2022\\\/01\\\/10\\\/indispensable-trabajar-a-favor-de-los-derechos-de-pueblos-originarios-zeferino-ladrillero\\\/\",\"url\":\"https:\\\/\\\/continuamosmx.com\\\/index.php\\\/2022\\\/01\\\/10\\\/indispensable-trabajar-a-favor-de-los-derechos-de-pueblos-originarios-zeferino-ladrillero\\\/\",\"name\":\"INDISPENSABLE TRABAJAR A FAVOR DE LOS DERECHOS DE PUEBLOS ORIGINARIOS: ZEFERINO LADRILLERO -\",\"isPartOf\":{\"@id\":\"https:\\\/\\\/continuamosmx.com\\\/#website\"},\"primaryImageOfPage\":{\"@id\":\"https:\\\/\\\/continuamosmx.com\\\/index.php\\\/2022\\\/01\\\/10\\\/indispensable-trabajar-a-favor-de-los-derechos-de-pueblos-originarios-zeferino-ladrillero\\\/#primaryimage\"},\"image\":{\"@id\":\"https:\\\/\\\/continuamosmx.com\\\/index.php\\\/2022\\\/01\\\/10\\\/indispensable-trabajar-a-favor-de-los-derechos-de-pueblos-originarios-zeferino-ladrillero\\\/#primaryimage\"},\"thumbnailUrl\":\"https:\\\/\\\/continuamosmx.com\\\/wp-content\\\/uploads\\\/2022\\\/01\\\/chal-1-1-1.jpg\",\"datePublished\":\"2022-01-10T09:37:23+00:00\",\"breadcrumb\":{\"@id\":\"https:\\\/\\\/continuamosmx.com\\\/index.php\\\/2022\\\/01\\\/10\\\/indispensable-trabajar-a-favor-de-los-derechos-de-pueblos-originarios-zeferino-ladrillero\\\/#breadcrumb\"},\"inLanguage\":\"es\",\"potentialAction\":[{\"@type\":\"ReadAction\",\"target\":[\"https:\\\/\\\/continuamosmx.com\\\/index.php\\\/2022\\\/01\\\/10\\\/indispensable-trabajar-a-favor-de-los-derechos-de-pueblos-originarios-zeferino-ladrillero\\\/\"]}]},{\"@type\":\"ImageObject\",\"inLanguage\":\"es\",\"@id\":\"https:\\\/\\\/continuamosmx.com\\\/index.php\\\/2022\\\/01\\\/10\\\/indispensable-trabajar-a-favor-de-los-derechos-de-pueblos-originarios-zeferino-ladrillero\\\/#primaryimage\",\"url\":\"https:\\\/\\\/continuamosmx.com\\\/wp-content\\\/uploads\\\/2022\\\/01\\\/chal-1-1-1.jpg\",\"contentUrl\":\"https:\\\/\\\/continuamosmx.com\\\/wp-content\\\/uploads\\\/2022\\\/01\\\/chal-1-1-1.jpg\",\"width\":830,\"height\":517},{\"@type\":\"BreadcrumbList\",\"@id\":\"https:\\\/\\\/continuamosmx.com\\\/index.php\\\/2022\\\/01\\\/10\\\/indispensable-trabajar-a-favor-de-los-derechos-de-pueblos-originarios-zeferino-ladrillero\\\/#breadcrumb\",\"itemListElement\":[{\"@type\":\"ListItem\",\"position\":1,\"name\":\"Inicio\",\"item\":\"https:\\\/\\\/continuamosmx.com\\\/\"},{\"@type\":\"ListItem\",\"position\":2,\"name\":\"INDISPENSABLE TRABAJAR A FAVOR DE LOS DERECHOS DE PUEBLOS ORIGINARIOS: ZEFERINO LADRILLERO\"}]},{\"@type\":\"WebSite\",\"@id\":\"https:\\\/\\\/continuamosmx.com\\\/#website\",\"url\":\"https:\\\/\\\/continuamosmx.com\\\/\",\"name\":\"www.continuamosmx.com\",\"description\":\"\",\"publisher\":{\"@id\":\"https:\\\/\\\/continuamosmx.com\\\/#organization\"},\"potentialAction\":[{\"@type\":\"SearchAction\",\"target\":{\"@type\":\"EntryPoint\",\"urlTemplate\":\"https:\\\/\\\/continuamosmx.com\\\/?s={search_term_string}\"},\"query-input\":{\"@type\":\"PropertyValueSpecification\",\"valueRequired\":true,\"valueName\":\"search_term_string\"}}],\"inLanguage\":\"es\"},{\"@type\":\"Organization\",\"@id\":\"https:\\\/\\\/continuamosmx.com\\\/#organization\",\"name\":\"ContinuamosMX\",\"url\":\"https:\\\/\\\/continuamosmx.com\\\/\",\"logo\":{\"@type\":\"ImageObject\",\"inLanguage\":\"es\",\"@id\":\"https:\\\/\\\/continuamosmx.com\\\/#\\\/schema\\\/logo\\\/image\\\/\",\"url\":\"https:\\\/\\\/continuamosmx.com\\\/wp-content\\\/uploads\\\/2023\\\/04\\\/cropped-LOGO-CONTI-NUEVO.png\",\"contentUrl\":\"https:\\\/\\\/continuamosmx.com\\\/wp-content\\\/uploads\\\/2023\\\/04\\\/cropped-LOGO-CONTI-NUEVO.png\",\"width\":1257,\"height\":430,\"caption\":\"ContinuamosMX\"},\"image\":{\"@id\":\"https:\\\/\\\/continuamosmx.com\\\/#\\\/schema\\\/logo\\\/image\\\/\"}},{\"@type\":\"Person\",\"@id\":\"https:\\\/\\\/continuamosmx.com\\\/#\\\/schema\\\/person\\\/5eb5356acb1fad784da407d14f0e8d89\",\"name\":\"Continuamos MX\",\"image\":{\"@type\":\"ImageObject\",\"inLanguage\":\"es\",\"@id\":\"https:\\\/\\\/secure.gravatar.com\\\/avatar\\\/30d4f9723476a15f4da34d35fb3501f08d2357016c76051c6a85c354c7489589?s=96&d=mm&r=g\",\"url\":\"https:\\\/\\\/secure.gravatar.com\\\/avatar\\\/30d4f9723476a15f4da34d35fb3501f08d2357016c76051c6a85c354c7489589?s=96&d=mm&r=g\",\"contentUrl\":\"https:\\\/\\\/secure.gravatar.com\\\/avatar\\\/30d4f9723476a15f4da34d35fb3501f08d2357016c76051c6a85c354c7489589?s=96&d=mm&r=g\",\"caption\":\"Continuamos MX\"},\"sameAs\":[\"http:\\\/\\\/www.continuamos.mx\"],\"url\":\"https:\\\/\\\/continuamosmx.com\\\/index.php\\\/author\\\/continuamos\\\/\"}]}<\/script>\n<!-- \/ Yoast SEO plugin. -->","yoast_head_json":{"title":"INDISPENSABLE TRABAJAR A FAVOR DE LOS DERECHOS DE PUEBLOS ORIGINARIOS: ZEFERINO LADRILLERO -","robots":{"index":"index","follow":"follow","max-snippet":"max-snippet:-1","max-image-preview":"max-image-preview:large","max-video-preview":"max-video-preview:-1"},"canonical":"https:\/\/continuamosmx.com\/index.php\/2022\/01\/10\/indispensable-trabajar-a-favor-de-los-derechos-de-pueblos-originarios-zeferino-ladrillero\/","og_locale":"es_ES","og_type":"article","og_title":"INDISPENSABLE TRABAJAR A FAVOR DE LOS DERECHOS DE PUEBLOS ORIGINARIOS: ZEFERINO LADRILLERO -","og_description":"* Urge un mecanismo preventivo para evitar conflictos sociales * Ind\u00edgenas de la comunidad Triqui cumplen un a\u00f1o de vivir en la calles de la capital &nbsp;VALLE DE M\u00c9XICO.- \u201cEs urgente impulsar y fortalecer el ejercicio al derecho de los pueblos originarios en el pa\u00eds, grupos hist\u00f3ricamente vulnerados, que privan de acceso suficiente a servicios [&hellip;]","og_url":"https:\/\/continuamosmx.com\/index.php\/2022\/01\/10\/indispensable-trabajar-a-favor-de-los-derechos-de-pueblos-originarios-zeferino-ladrillero\/","article_published_time":"2022-01-10T09:37:23+00:00","author":"Continuamos MX","twitter_card":"summary_large_image","twitter_misc":{"Escrito por":"Continuamos MX","Tiempo de lectura":"2 minutos"},"schema":{"@context":"https:\/\/schema.org","@graph":[{"@type":"Article","@id":"https:\/\/continuamosmx.com\/index.php\/2022\/01\/10\/indispensable-trabajar-a-favor-de-los-derechos-de-pueblos-originarios-zeferino-ladrillero\/#article","isPartOf":{"@id":"https:\/\/continuamosmx.com\/index.php\/2022\/01\/10\/indispensable-trabajar-a-favor-de-los-derechos-de-pueblos-originarios-zeferino-ladrillero\/"},"author":{"name":"Continuamos MX","@id":"https:\/\/continuamosmx.com\/#\/schema\/person\/5eb5356acb1fad784da407d14f0e8d89"},"headline":"INDISPENSABLE TRABAJAR A FAVOR DE LOS DERECHOS DE PUEBLOS ORIGINARIOS: ZEFERINO LADRILLERO","datePublished":"2022-01-10T09:37:23+00:00","mainEntityOfPage":{"@id":"https:\/\/continuamosmx.com\/index.php\/2022\/01\/10\/indispensable-trabajar-a-favor-de-los-derechos-de-pueblos-originarios-zeferino-ladrillero\/"},"wordCount":449,"publisher":{"@id":"https:\/\/continuamosmx.com\/#organization"},"image":{"@id":"https:\/\/continuamosmx.com\/index.php\/2022\/01\/10\/indispensable-trabajar-a-favor-de-los-derechos-de-pueblos-originarios-zeferino-ladrillero\/#primaryimage"},"thumbnailUrl":"https:\/\/continuamosmx.com\/wp-content\/uploads\/2022\/01\/chal-1-1-1.jpg","articleSection":["EDOMEX"],"inLanguage":"es"},{"@type":"WebPage","@id":"https:\/\/continuamosmx.com\/index.php\/2022\/01\/10\/indispensable-trabajar-a-favor-de-los-derechos-de-pueblos-originarios-zeferino-ladrillero\/","url":"https:\/\/continuamosmx.com\/index.php\/2022\/01\/10\/indispensable-trabajar-a-favor-de-los-derechos-de-pueblos-originarios-zeferino-ladrillero\/","name":"INDISPENSABLE TRABAJAR A FAVOR DE LOS DERECHOS DE PUEBLOS ORIGINARIOS: ZEFERINO LADRILLERO -","isPartOf":{"@id":"https:\/\/continuamosmx.com\/#website"},"primaryImageOfPage":{"@id":"https:\/\/continuamosmx.com\/index.php\/2022\/01\/10\/indispensable-trabajar-a-favor-de-los-derechos-de-pueblos-originarios-zeferino-ladrillero\/#primaryimage"},"image":{"@id":"https:\/\/continuamosmx.com\/index.php\/2022\/01\/10\/indispensable-trabajar-a-favor-de-los-derechos-de-pueblos-originarios-zeferino-ladrillero\/#primaryimage"},"thumbnailUrl":"https:\/\/continuamosmx.com\/wp-content\/uploads\/2022\/01\/chal-1-1-1.jpg","datePublished":"2022-01-10T09:37:23+00:00","breadcrumb":{"@id":"https:\/\/continuamosmx.com\/index.php\/2022\/01\/10\/indispensable-trabajar-a-favor-de-los-derechos-de-pueblos-originarios-zeferino-ladrillero\/#breadcrumb"},"inLanguage":"es","potentialAction":[{"@type":"ReadAction","target":["https:\/\/continuamosmx.com\/index.php\/2022\/01\/10\/indispensable-trabajar-a-favor-de-los-derechos-de-pueblos-originarios-zeferino-ladrillero\/"]}]},{"@type":"ImageObject","inLanguage":"es","@id":"https:\/\/continuamosmx.com\/index.php\/2022\/01\/10\/indispensable-trabajar-a-favor-de-los-derechos-de-pueblos-originarios-zeferino-ladrillero\/#primaryimage","url":"https:\/\/continuamosmx.com\/wp-content\/uploads\/2022\/01\/chal-1-1-1.jpg","contentUrl":"https:\/\/continuamosmx.com\/wp-content\/uploads\/2022\/01\/chal-1-1-1.jpg","width":830,"height":517},{"@type":"BreadcrumbList","@id":"https:\/\/continuamosmx.com\/index.php\/2022\/01\/10\/indispensable-trabajar-a-favor-de-los-derechos-de-pueblos-originarios-zeferino-ladrillero\/#breadcrumb","itemListElement":[{"@type":"ListItem","position":1,"name":"Inicio","item":"https:\/\/continuamosmx.com\/"},{"@type":"ListItem","position":2,"name":"INDISPENSABLE TRABAJAR A FAVOR DE LOS DERECHOS DE PUEBLOS ORIGINARIOS: ZEFERINO LADRILLERO"}]},{"@type":"WebSite","@id":"https:\/\/continuamosmx.com\/#website","url":"https:\/\/continuamosmx.com\/","name":"www.continuamosmx.com","description":"","publisher":{"@id":"https:\/\/continuamosmx.com\/#organization"},"potentialAction":[{"@type":"SearchAction","target":{"@type":"EntryPoint","urlTemplate":"https:\/\/continuamosmx.com\/?s={search_term_string}"},"query-input":{"@type":"PropertyValueSpecification","valueRequired":true,"valueName":"search_term_string"}}],"inLanguage":"es"},{"@type":"Organization","@id":"https:\/\/continuamosmx.com\/#organization","name":"ContinuamosMX","url":"https:\/\/continuamosmx.com\/","logo":{"@type":"ImageObject","inLanguage":"es","@id":"https:\/\/continuamosmx.com\/#\/schema\/logo\/image\/","url":"https:\/\/continuamosmx.com\/wp-content\/uploads\/2023\/04\/cropped-LOGO-CONTI-NUEVO.png","contentUrl":"https:\/\/continuamosmx.com\/wp-content\/uploads\/2023\/04\/cropped-LOGO-CONTI-NUEVO.png","width":1257,"height":430,"caption":"ContinuamosMX"},"image":{"@id":"https:\/\/continuamosmx.com\/#\/schema\/logo\/image\/"}},{"@type":"Person","@id":"https:\/\/continuamosmx.com\/#\/schema\/person\/5eb5356acb1fad784da407d14f0e8d89","name":"Continuamos MX","image":{"@type":"ImageObject","inLanguage":"es","@id":"https:\/\/secure.gravatar.com\/avatar\/30d4f9723476a15f4da34d35fb3501f08d2357016c76051c6a85c354c7489589?s=96&d=mm&r=g","url":"https:\/\/secure.gravatar.com\/avatar\/30d4f9723476a15f4da34d35fb3501f08d2357016c76051c6a85c354c7489589?s=96&d=mm&r=g","contentUrl":"https:\/\/secure.gravatar.com\/avatar\/30d4f9723476a15f4da34d35fb3501f08d2357016c76051c6a85c354c7489589?s=96&d=mm&r=g","caption":"Continuamos MX"},"sameAs":["http:\/\/www.continuamos.mx"],"url":"https:\/\/continuamosmx.com\/index.php\/author\/continuamos\/"}]}},"_links":{"self":[{"href":"https:\/\/continuamosmx.com\/index.php\/wp-json\/wp\/v2\/posts\/43431","targetHints":{"allow":["GET"]}}],"collection":[{"href":"https:\/\/continuamosmx.com\/index.php\/wp-json\/wp\/v2\/posts"}],"about":[{"href":"https:\/\/continuamosmx.com\/index.php\/wp-json\/wp\/v2\/types\/post"}],"author":[{"embeddable":true,"href":"https:\/\/continuamosmx.com\/index.php\/wp-json\/wp\/v2\/users\/6"}],"replies":[{"embeddable":true,"href":"https:\/\/continuamosmx.com\/index.php\/wp-json\/wp\/v2\/comments?post=43431"}],"version-history":[{"count":0,"href":"https:\/\/continuamosmx.com\/index.php\/wp-json\/wp\/v2\/posts\/43431\/revisions"}],"wp:featuredmedia":[{"embeddable":true,"href":"https:\/\/continuamosmx.com\/index.php\/wp-json\/wp\/v2\/media\/32237"}],"wp:attachment":[{"href":"https:\/\/continuamosmx.com\/index.php\/wp-json\/wp\/v2\/media?parent=43431"}],"wp:term":[{"taxonomy":"category","embeddable":true,"href":"https:\/\/continuamosmx.com\/index.php\/wp-json\/wp\/v2\/categories?post=43431"},{"taxonomy":"post_tag","embeddable":true,"href":"https:\/\/continuamosmx.com\/index.php\/wp-json\/wp\/v2\/tags?post=43431"}],"curies":[{"name":"wp","href":"https:\/\/api.w.org\/{rel}","templated":true}]}}