{"id":43430,"date":"2022-01-10T09:33:47","date_gmt":"2022-01-10T09:33:47","guid":{"rendered":"https:\/\/continuamos.mx\/?p=32232"},"modified":"2022-01-10T09:33:47","modified_gmt":"2022-01-10T09:33:47","slug":"presentaran-la-revista-chalco-de-mis-recuerdos","status":"publish","type":"post","link":"https:\/\/continuamosmx.com\/index.php\/2022\/01\/10\/presentaran-la-revista-chalco-de-mis-recuerdos\/","title":{"rendered":"PRESENTAR\u00c1N LA REVISTA CHALCO DE MIS RECUERDOS"},"content":{"rendered":"\n<p>.- <strong>El objetivo es seguir preservando la memoria e identidad de este municipio, se\u00f1ala el cronista urbano Gabriel V\u00e1zquez<\/strong><\/p>\n\n\n\n<p>Por: JOSE ALBERTO ZEA DOMINGUEZ<\/p>\n\n\n\n<p>CHALCO, M\u00e9x.- El&nbsp; Cronista urbano, Gabriel V\u00e1zquez Calder\u00f3n, presentar\u00e1 la nueva revista de historia la cual se titula: Chalco de Mis Recuerdos, una extraordinaria narrativa del paso del tiempo en \u00e9sta localidad y sus alrededores.<\/p>\n\n\n\n<p>Gabriel V\u00e1zquez Calder\u00f3n, en entrevista con el Peri\u00f3dico Digital Continuamos, dijo que este once de enero en el Sal\u00f3n del Instituto Mexicano del Seguro Social (IMSS) 71 en compa\u00f1\u00eda de la titular del Centro Regional de Cultura, Chimalpahin, se dar\u00e1 a conocer la nueva revista del Chalco, antiguo que estar\u00e1 lleno de viejos recuerdos.<\/p>\n\n\n\n<p>Se\u00f1al\u00f3 que habr\u00e1 gr\u00e1ficas de edificios hist\u00f3ricos, personajes que le dieron lustre a este municipio, cuentos y leyendas, recuerdos de figuras del f\u00fatbol y de la zona urbana entre otras narrativas.<\/p>\n\n\n\n<p>\u00abEs muy importante que para las nuevas generaciones tengan o escuchen la historia de Chalco, desde los tiempos prehisp\u00e1nicos pasando por la colonia, independiente y revolucionaria, ya que son parte importante de sus ra\u00edces, identidad y cultura\u00bb, dijo V\u00e1zquez Calder\u00f3n.<\/p>\n\n\n\n<p>Expres\u00f3 que desde ni\u00f1o le interes\u00f3 la vida cotidiana de la poblaci\u00f3n de Chalco, as\u00ed mismo escuchar de sus abuelos y padres pasajes hist\u00f3ricos del lugar, es por eso que se convirti\u00f3 en un Cronista Urbano, el cu\u00e1l ha dejado plasmado de sus dos revistas y ahora saldr\u00e1 la tercera.<\/p>\n\n\n\n<p>Cabe destacar que Gabriel V\u00e1zquez Calder\u00f3n, se ha entregado en cuerpo y alma, a recopilar la historia del Chalco antiguo y darles a la poblaci\u00f3n una poca de luz a personajes y edificios que, hoy en d\u00eda no se conocen.<\/p>\n\n\n\n<figure class=\"wp-block-image size-full is-resized\"><img loading=\"lazy\" decoding=\"async\" src=\"http:\/\/continuamos.mx\/wp-content\/uploads\/2022\/01\/revista-.jpg\" alt=\"\" class=\"wp-image-32233\" width=\"832\" height=\"1085\"\/><\/figure>\n","protected":false},"excerpt":{"rendered":"<p>.- El objetivo es seguir preservando la memoria e identidad de este municipio, se\u00f1ala el cronista urbano Gabriel V\u00e1zquez Por: JOSE ALBERTO ZEA DOMINGUEZ CHALCO, M\u00e9x.- El&nbsp; Cronista urbano, Gabriel V\u00e1zquez Calder\u00f3n, presentar\u00e1 la nueva revista de historia la cual se titula: Chalco de Mis Recuerdos, una extraordinaria narrativa del paso del tiempo en \u00e9sta [&hellip;]<\/p>\n","protected":false},"author":6,"featured_media":32234,"comment_status":"closed","ping_status":"open","sticky":false,"template":"","format":"standard","meta":{"footnotes":""},"categories":[23,4],"tags":[],"class_list":["post-43430","post","type-post","status-publish","format-standard","has-post-thumbnail","hentry","category-chalco","category-locales"],"yoast_head":"<!-- This site is optimized with the Yoast SEO plugin v27.5 - https:\/\/yoast.com\/product\/yoast-seo-wordpress\/ -->\n<title>PRESENTAR\u00c1N LA REVISTA CHALCO DE MIS RECUERDOS -<\/title>\n<meta name=\"robots\" content=\"index, follow, max-snippet:-1, max-image-preview:large, max-video-preview:-1\" \/>\n<link rel=\"canonical\" href=\"https:\/\/continuamosmx.com\/index.php\/2022\/01\/10\/presentaran-la-revista-chalco-de-mis-recuerdos\/\" \/>\n<meta property=\"og:locale\" content=\"es_ES\" \/>\n<meta property=\"og:type\" content=\"article\" \/>\n<meta property=\"og:title\" content=\"PRESENTAR\u00c1N LA REVISTA CHALCO DE MIS RECUERDOS -\" \/>\n<meta property=\"og:description\" content=\".- El objetivo es seguir preservando la memoria e identidad de este municipio, se\u00f1ala el cronista urbano Gabriel V\u00e1zquez Por: JOSE ALBERTO ZEA DOMINGUEZ CHALCO, M\u00e9x.- El&nbsp; Cronista urbano, Gabriel V\u00e1zquez Calder\u00f3n, presentar\u00e1 la nueva revista de historia la cual se titula: Chalco de Mis Recuerdos, una extraordinaria narrativa del paso del tiempo en \u00e9sta [&hellip;]\" \/>\n<meta property=\"og:url\" content=\"https:\/\/continuamosmx.com\/index.php\/2022\/01\/10\/presentaran-la-revista-chalco-de-mis-recuerdos\/\" \/>\n<meta property=\"article:published_time\" content=\"2022-01-10T09:33:47+00:00\" \/>\n<meta property=\"og:image\" content=\"http:\/\/continuamos.mx\/wp-content\/uploads\/2022\/01\/revista-.jpg\" \/>\n<meta name=\"author\" content=\"Continuamos MX\" \/>\n<meta name=\"twitter:card\" content=\"summary_large_image\" \/>\n<meta name=\"twitter:label1\" content=\"Escrito por\" \/>\n\t<meta name=\"twitter:data1\" content=\"Continuamos MX\" \/>\n\t<meta name=\"twitter:label2\" content=\"Tiempo de lectura\" \/>\n\t<meta name=\"twitter:data2\" content=\"2 minutos\" \/>\n<script type=\"application\/ld+json\" class=\"yoast-schema-graph\">{\"@context\":\"https:\\\/\\\/schema.org\",\"@graph\":[{\"@type\":\"Article\",\"@id\":\"https:\\\/\\\/continuamosmx.com\\\/index.php\\\/2022\\\/01\\\/10\\\/presentaran-la-revista-chalco-de-mis-recuerdos\\\/#article\",\"isPartOf\":{\"@id\":\"https:\\\/\\\/continuamosmx.com\\\/index.php\\\/2022\\\/01\\\/10\\\/presentaran-la-revista-chalco-de-mis-recuerdos\\\/\"},\"author\":{\"name\":\"Continuamos MX\",\"@id\":\"https:\\\/\\\/continuamosmx.com\\\/#\\\/schema\\\/person\\\/5eb5356acb1fad784da407d14f0e8d89\"},\"headline\":\"PRESENTAR\u00c1N LA REVISTA CHALCO DE MIS RECUERDOS\",\"datePublished\":\"2022-01-10T09:33:47+00:00\",\"mainEntityOfPage\":{\"@id\":\"https:\\\/\\\/continuamosmx.com\\\/index.php\\\/2022\\\/01\\\/10\\\/presentaran-la-revista-chalco-de-mis-recuerdos\\\/\"},\"wordCount\":309,\"publisher\":{\"@id\":\"https:\\\/\\\/continuamosmx.com\\\/#organization\"},\"image\":{\"@id\":\"https:\\\/\\\/continuamosmx.com\\\/index.php\\\/2022\\\/01\\\/10\\\/presentaran-la-revista-chalco-de-mis-recuerdos\\\/#primaryimage\"},\"thumbnailUrl\":\"https:\\\/\\\/continuamosmx.com\\\/wp-content\\\/uploads\\\/2022\\\/01\\\/banda-2-2.jpg\",\"articleSection\":[\"CHALCO\",\"LOCALES\"],\"inLanguage\":\"es\"},{\"@type\":\"WebPage\",\"@id\":\"https:\\\/\\\/continuamosmx.com\\\/index.php\\\/2022\\\/01\\\/10\\\/presentaran-la-revista-chalco-de-mis-recuerdos\\\/\",\"url\":\"https:\\\/\\\/continuamosmx.com\\\/index.php\\\/2022\\\/01\\\/10\\\/presentaran-la-revista-chalco-de-mis-recuerdos\\\/\",\"name\":\"PRESENTAR\u00c1N LA REVISTA CHALCO DE MIS RECUERDOS -\",\"isPartOf\":{\"@id\":\"https:\\\/\\\/continuamosmx.com\\\/#website\"},\"primaryImageOfPage\":{\"@id\":\"https:\\\/\\\/continuamosmx.com\\\/index.php\\\/2022\\\/01\\\/10\\\/presentaran-la-revista-chalco-de-mis-recuerdos\\\/#primaryimage\"},\"image\":{\"@id\":\"https:\\\/\\\/continuamosmx.com\\\/index.php\\\/2022\\\/01\\\/10\\\/presentaran-la-revista-chalco-de-mis-recuerdos\\\/#primaryimage\"},\"thumbnailUrl\":\"https:\\\/\\\/continuamosmx.com\\\/wp-content\\\/uploads\\\/2022\\\/01\\\/banda-2-2.jpg\",\"datePublished\":\"2022-01-10T09:33:47+00:00\",\"breadcrumb\":{\"@id\":\"https:\\\/\\\/continuamosmx.com\\\/index.php\\\/2022\\\/01\\\/10\\\/presentaran-la-revista-chalco-de-mis-recuerdos\\\/#breadcrumb\"},\"inLanguage\":\"es\",\"potentialAction\":[{\"@type\":\"ReadAction\",\"target\":[\"https:\\\/\\\/continuamosmx.com\\\/index.php\\\/2022\\\/01\\\/10\\\/presentaran-la-revista-chalco-de-mis-recuerdos\\\/\"]}]},{\"@type\":\"ImageObject\",\"inLanguage\":\"es\",\"@id\":\"https:\\\/\\\/continuamosmx.com\\\/index.php\\\/2022\\\/01\\\/10\\\/presentaran-la-revista-chalco-de-mis-recuerdos\\\/#primaryimage\",\"url\":\"https:\\\/\\\/continuamosmx.com\\\/wp-content\\\/uploads\\\/2022\\\/01\\\/banda-2-2.jpg\",\"contentUrl\":\"https:\\\/\\\/continuamosmx.com\\\/wp-content\\\/uploads\\\/2022\\\/01\\\/banda-2-2.jpg\",\"width\":1024,\"height\":768},{\"@type\":\"BreadcrumbList\",\"@id\":\"https:\\\/\\\/continuamosmx.com\\\/index.php\\\/2022\\\/01\\\/10\\\/presentaran-la-revista-chalco-de-mis-recuerdos\\\/#breadcrumb\",\"itemListElement\":[{\"@type\":\"ListItem\",\"position\":1,\"name\":\"Inicio\",\"item\":\"https:\\\/\\\/continuamosmx.com\\\/\"},{\"@type\":\"ListItem\",\"position\":2,\"name\":\"PRESENTAR\u00c1N LA REVISTA CHALCO DE MIS RECUERDOS\"}]},{\"@type\":\"WebSite\",\"@id\":\"https:\\\/\\\/continuamosmx.com\\\/#website\",\"url\":\"https:\\\/\\\/continuamosmx.com\\\/\",\"name\":\"www.continuamosmx.com\",\"description\":\"\",\"publisher\":{\"@id\":\"https:\\\/\\\/continuamosmx.com\\\/#organization\"},\"potentialAction\":[{\"@type\":\"SearchAction\",\"target\":{\"@type\":\"EntryPoint\",\"urlTemplate\":\"https:\\\/\\\/continuamosmx.com\\\/?s={search_term_string}\"},\"query-input\":{\"@type\":\"PropertyValueSpecification\",\"valueRequired\":true,\"valueName\":\"search_term_string\"}}],\"inLanguage\":\"es\"},{\"@type\":\"Organization\",\"@id\":\"https:\\\/\\\/continuamosmx.com\\\/#organization\",\"name\":\"ContinuamosMX\",\"url\":\"https:\\\/\\\/continuamosmx.com\\\/\",\"logo\":{\"@type\":\"ImageObject\",\"inLanguage\":\"es\",\"@id\":\"https:\\\/\\\/continuamosmx.com\\\/#\\\/schema\\\/logo\\\/image\\\/\",\"url\":\"https:\\\/\\\/continuamosmx.com\\\/wp-content\\\/uploads\\\/2023\\\/04\\\/cropped-LOGO-CONTI-NUEVO.png\",\"contentUrl\":\"https:\\\/\\\/continuamosmx.com\\\/wp-content\\\/uploads\\\/2023\\\/04\\\/cropped-LOGO-CONTI-NUEVO.png\",\"width\":1257,\"height\":430,\"caption\":\"ContinuamosMX\"},\"image\":{\"@id\":\"https:\\\/\\\/continuamosmx.com\\\/#\\\/schema\\\/logo\\\/image\\\/\"}},{\"@type\":\"Person\",\"@id\":\"https:\\\/\\\/continuamosmx.com\\\/#\\\/schema\\\/person\\\/5eb5356acb1fad784da407d14f0e8d89\",\"name\":\"Continuamos MX\",\"image\":{\"@type\":\"ImageObject\",\"inLanguage\":\"es\",\"@id\":\"https:\\\/\\\/secure.gravatar.com\\\/avatar\\\/30d4f9723476a15f4da34d35fb3501f08d2357016c76051c6a85c354c7489589?s=96&d=mm&r=g\",\"url\":\"https:\\\/\\\/secure.gravatar.com\\\/avatar\\\/30d4f9723476a15f4da34d35fb3501f08d2357016c76051c6a85c354c7489589?s=96&d=mm&r=g\",\"contentUrl\":\"https:\\\/\\\/secure.gravatar.com\\\/avatar\\\/30d4f9723476a15f4da34d35fb3501f08d2357016c76051c6a85c354c7489589?s=96&d=mm&r=g\",\"caption\":\"Continuamos MX\"},\"sameAs\":[\"http:\\\/\\\/www.continuamos.mx\"],\"url\":\"https:\\\/\\\/continuamosmx.com\\\/index.php\\\/author\\\/continuamos\\\/\"}]}<\/script>\n<!-- \/ Yoast SEO plugin. -->","yoast_head_json":{"title":"PRESENTAR\u00c1N LA REVISTA CHALCO DE MIS RECUERDOS -","robots":{"index":"index","follow":"follow","max-snippet":"max-snippet:-1","max-image-preview":"max-image-preview:large","max-video-preview":"max-video-preview:-1"},"canonical":"https:\/\/continuamosmx.com\/index.php\/2022\/01\/10\/presentaran-la-revista-chalco-de-mis-recuerdos\/","og_locale":"es_ES","og_type":"article","og_title":"PRESENTAR\u00c1N LA REVISTA CHALCO DE MIS RECUERDOS -","og_description":".- El objetivo es seguir preservando la memoria e identidad de este municipio, se\u00f1ala el cronista urbano Gabriel V\u00e1zquez Por: JOSE ALBERTO ZEA DOMINGUEZ CHALCO, M\u00e9x.- El&nbsp; Cronista urbano, Gabriel V\u00e1zquez Calder\u00f3n, presentar\u00e1 la nueva revista de historia la cual se titula: Chalco de Mis Recuerdos, una extraordinaria narrativa del paso del tiempo en \u00e9sta [&hellip;]","og_url":"https:\/\/continuamosmx.com\/index.php\/2022\/01\/10\/presentaran-la-revista-chalco-de-mis-recuerdos\/","article_published_time":"2022-01-10T09:33:47+00:00","og_image":[{"url":"http:\/\/continuamos.mx\/wp-content\/uploads\/2022\/01\/revista-.jpg","type":"","width":"","height":""}],"author":"Continuamos MX","twitter_card":"summary_large_image","twitter_misc":{"Escrito por":"Continuamos MX","Tiempo de lectura":"2 minutos"},"schema":{"@context":"https:\/\/schema.org","@graph":[{"@type":"Article","@id":"https:\/\/continuamosmx.com\/index.php\/2022\/01\/10\/presentaran-la-revista-chalco-de-mis-recuerdos\/#article","isPartOf":{"@id":"https:\/\/continuamosmx.com\/index.php\/2022\/01\/10\/presentaran-la-revista-chalco-de-mis-recuerdos\/"},"author":{"name":"Continuamos MX","@id":"https:\/\/continuamosmx.com\/#\/schema\/person\/5eb5356acb1fad784da407d14f0e8d89"},"headline":"PRESENTAR\u00c1N LA REVISTA CHALCO DE MIS RECUERDOS","datePublished":"2022-01-10T09:33:47+00:00","mainEntityOfPage":{"@id":"https:\/\/continuamosmx.com\/index.php\/2022\/01\/10\/presentaran-la-revista-chalco-de-mis-recuerdos\/"},"wordCount":309,"publisher":{"@id":"https:\/\/continuamosmx.com\/#organization"},"image":{"@id":"https:\/\/continuamosmx.com\/index.php\/2022\/01\/10\/presentaran-la-revista-chalco-de-mis-recuerdos\/#primaryimage"},"thumbnailUrl":"https:\/\/continuamosmx.com\/wp-content\/uploads\/2022\/01\/banda-2-2.jpg","articleSection":["CHALCO","LOCALES"],"inLanguage":"es"},{"@type":"WebPage","@id":"https:\/\/continuamosmx.com\/index.php\/2022\/01\/10\/presentaran-la-revista-chalco-de-mis-recuerdos\/","url":"https:\/\/continuamosmx.com\/index.php\/2022\/01\/10\/presentaran-la-revista-chalco-de-mis-recuerdos\/","name":"PRESENTAR\u00c1N LA REVISTA CHALCO DE MIS RECUERDOS -","isPartOf":{"@id":"https:\/\/continuamosmx.com\/#website"},"primaryImageOfPage":{"@id":"https:\/\/continuamosmx.com\/index.php\/2022\/01\/10\/presentaran-la-revista-chalco-de-mis-recuerdos\/#primaryimage"},"image":{"@id":"https:\/\/continuamosmx.com\/index.php\/2022\/01\/10\/presentaran-la-revista-chalco-de-mis-recuerdos\/#primaryimage"},"thumbnailUrl":"https:\/\/continuamosmx.com\/wp-content\/uploads\/2022\/01\/banda-2-2.jpg","datePublished":"2022-01-10T09:33:47+00:00","breadcrumb":{"@id":"https:\/\/continuamosmx.com\/index.php\/2022\/01\/10\/presentaran-la-revista-chalco-de-mis-recuerdos\/#breadcrumb"},"inLanguage":"es","potentialAction":[{"@type":"ReadAction","target":["https:\/\/continuamosmx.com\/index.php\/2022\/01\/10\/presentaran-la-revista-chalco-de-mis-recuerdos\/"]}]},{"@type":"ImageObject","inLanguage":"es","@id":"https:\/\/continuamosmx.com\/index.php\/2022\/01\/10\/presentaran-la-revista-chalco-de-mis-recuerdos\/#primaryimage","url":"https:\/\/continuamosmx.com\/wp-content\/uploads\/2022\/01\/banda-2-2.jpg","contentUrl":"https:\/\/continuamosmx.com\/wp-content\/uploads\/2022\/01\/banda-2-2.jpg","width":1024,"height":768},{"@type":"BreadcrumbList","@id":"https:\/\/continuamosmx.com\/index.php\/2022\/01\/10\/presentaran-la-revista-chalco-de-mis-recuerdos\/#breadcrumb","itemListElement":[{"@type":"ListItem","position":1,"name":"Inicio","item":"https:\/\/continuamosmx.com\/"},{"@type":"ListItem","position":2,"name":"PRESENTAR\u00c1N LA REVISTA CHALCO DE MIS RECUERDOS"}]},{"@type":"WebSite","@id":"https:\/\/continuamosmx.com\/#website","url":"https:\/\/continuamosmx.com\/","name":"www.continuamosmx.com","description":"","publisher":{"@id":"https:\/\/continuamosmx.com\/#organization"},"potentialAction":[{"@type":"SearchAction","target":{"@type":"EntryPoint","urlTemplate":"https:\/\/continuamosmx.com\/?s={search_term_string}"},"query-input":{"@type":"PropertyValueSpecification","valueRequired":true,"valueName":"search_term_string"}}],"inLanguage":"es"},{"@type":"Organization","@id":"https:\/\/continuamosmx.com\/#organization","name":"ContinuamosMX","url":"https:\/\/continuamosmx.com\/","logo":{"@type":"ImageObject","inLanguage":"es","@id":"https:\/\/continuamosmx.com\/#\/schema\/logo\/image\/","url":"https:\/\/continuamosmx.com\/wp-content\/uploads\/2023\/04\/cropped-LOGO-CONTI-NUEVO.png","contentUrl":"https:\/\/continuamosmx.com\/wp-content\/uploads\/2023\/04\/cropped-LOGO-CONTI-NUEVO.png","width":1257,"height":430,"caption":"ContinuamosMX"},"image":{"@id":"https:\/\/continuamosmx.com\/#\/schema\/logo\/image\/"}},{"@type":"Person","@id":"https:\/\/continuamosmx.com\/#\/schema\/person\/5eb5356acb1fad784da407d14f0e8d89","name":"Continuamos MX","image":{"@type":"ImageObject","inLanguage":"es","@id":"https:\/\/secure.gravatar.com\/avatar\/30d4f9723476a15f4da34d35fb3501f08d2357016c76051c6a85c354c7489589?s=96&d=mm&r=g","url":"https:\/\/secure.gravatar.com\/avatar\/30d4f9723476a15f4da34d35fb3501f08d2357016c76051c6a85c354c7489589?s=96&d=mm&r=g","contentUrl":"https:\/\/secure.gravatar.com\/avatar\/30d4f9723476a15f4da34d35fb3501f08d2357016c76051c6a85c354c7489589?s=96&d=mm&r=g","caption":"Continuamos MX"},"sameAs":["http:\/\/www.continuamos.mx"],"url":"https:\/\/continuamosmx.com\/index.php\/author\/continuamos\/"}]}},"_links":{"self":[{"href":"https:\/\/continuamosmx.com\/index.php\/wp-json\/wp\/v2\/posts\/43430","targetHints":{"allow":["GET"]}}],"collection":[{"href":"https:\/\/continuamosmx.com\/index.php\/wp-json\/wp\/v2\/posts"}],"about":[{"href":"https:\/\/continuamosmx.com\/index.php\/wp-json\/wp\/v2\/types\/post"}],"author":[{"embeddable":true,"href":"https:\/\/continuamosmx.com\/index.php\/wp-json\/wp\/v2\/users\/6"}],"replies":[{"embeddable":true,"href":"https:\/\/continuamosmx.com\/index.php\/wp-json\/wp\/v2\/comments?post=43430"}],"version-history":[{"count":0,"href":"https:\/\/continuamosmx.com\/index.php\/wp-json\/wp\/v2\/posts\/43430\/revisions"}],"wp:featuredmedia":[{"embeddable":true,"href":"https:\/\/continuamosmx.com\/index.php\/wp-json\/wp\/v2\/media\/32234"}],"wp:attachment":[{"href":"https:\/\/continuamosmx.com\/index.php\/wp-json\/wp\/v2\/media?parent=43430"}],"wp:term":[{"taxonomy":"category","embeddable":true,"href":"https:\/\/continuamosmx.com\/index.php\/wp-json\/wp\/v2\/categories?post=43430"},{"taxonomy":"post_tag","embeddable":true,"href":"https:\/\/continuamosmx.com\/index.php\/wp-json\/wp\/v2\/tags?post=43430"}],"curies":[{"name":"wp","href":"https:\/\/api.w.org\/{rel}","templated":true}]}}