{"id":43425,"date":"2022-01-10T09:09:57","date_gmt":"2022-01-10T09:09:57","guid":{"rendered":"https:\/\/continuamos.mx\/?p=32209"},"modified":"2022-01-10T09:09:57","modified_gmt":"2022-01-10T09:09:57","slug":"celebra-acolman-en-grande-a-los-reyes-del-hogar","status":"publish","type":"post","link":"https:\/\/continuamosmx.com\/index.php\/2022\/01\/10\/celebra-acolman-en-grande-a-los-reyes-del-hogar\/","title":{"rendered":"CELEBRA ACOLMAN EN GRANDE A LOS REYES DEL HOGAR"},"content":{"rendered":"\n<p>* <strong>DIF municipal festej\u00f3 el D\u00eda de Reyes multitudinario <\/strong>en Segundo Festival<\/p>\n\n\n\n<p>* <strong>Cientos de ni\u00f1os acolmenses abarrotan las canchas del Pachuca en Real del Valle<\/strong><\/p>\n\n\n\n<p>ACOLMAN, M\u00e9x.- Ni\u00f1os y ni\u00f1as acolmenses originarios de comunidades como&nbsp; Las Brisas, Terranova, Real del Valle, Los \u00c1ngeles y Ejidos de Acolman se dieron cita para celebrar el D\u00eda de Reyes organizado por el Sistema Municipal DIF, que encabeza Osvaldo Cort\u00e9s Contreras en este municipio mexiquense.<\/p>\n\n\n\n<p>Durante el festejo estuvieron presentes m\u00e1s de mil peque\u00f1os acompa\u00f1ados por sus padres, quienes presenciaron el show de \u00abLagrimita y Costel\u00bb; disfrutaron de los juegos y bailes que Chase, Marshall y Skye de la Patrulla Paw Patrol realizaron.&nbsp;<\/p>\n\n\n\n<p>El evento tuvo lugar en las canchas del Pachuca de Real del Valle, donde los menores llegaron acompa\u00f1ados de sus padres para disfrutar de los juegos de feria, las rifas y una gran cantidad de sorpresas que el Sistema Municipal DIF prepar\u00f3 para ellos.<\/p>\n\n\n\n<p>Cabe destacar que, en este segundo d\u00eda de actividades, el festejo a los peque\u00f1os fue posible gracias a la participaci\u00f3n de los funcionarios p\u00fablicos del DIF, as\u00ed como del H. Ayuntamiento quienes coordinaron la entrega de dulceros;&nbsp; juguetes y un pase para el acceso a los juegos mec\u00e1nicos, cumpliendo con el objetivo de crear un verdadero festejo para los peque\u00f1os por el d\u00eda de los Reyes.<\/p>\n\n\n\n<p>Por lo que pelotas, carritos, juegos de t\u00e9, entre otros, fueron parte de los obsequios que recibieron; tambi\u00e9n se entregaron bicicletas y patines en las rifas.<\/p>\n\n\n\n<p>En el evento estuvieron presentes, la Directora del DIF, F\u00e1tima Villeda Osorio;&nbsp; el secretario del Ayuntamiento, Edgar H\u00e9ctor Hugo Contreras; la S\u00edndico, Blanca Guadalupe S\u00e1nchez Osorio, as\u00ed como los integrantes del cabildo.<\/p>\n\n\n\n<p>Cabe destacar que, en todo momento se mantuvieron las medidas sanitarias establecidas por las autoridades de salud.<\/p>\n\n\n\n<figure class=\"wp-block-image size-full is-resized\"><img loading=\"lazy\" decoding=\"async\" src=\"http:\/\/continuamos.mx\/wp-content\/uploads\/2022\/01\/acolman-3.jpg\" alt=\"\" class=\"wp-image-32212\" width=\"842\" height=\"560\"\/><\/figure>\n","protected":false},"excerpt":{"rendered":"<p>* DIF municipal festej\u00f3 el D\u00eda de Reyes multitudinario en Segundo Festival * Cientos de ni\u00f1os acolmenses abarrotan las canchas del Pachuca en Real del Valle ACOLMAN, M\u00e9x.- Ni\u00f1os y ni\u00f1as acolmenses originarios de comunidades como&nbsp; Las Brisas, Terranova, Real del Valle, Los \u00c1ngeles y Ejidos de Acolman se dieron cita para celebrar el D\u00eda [&hellip;]<\/p>\n","protected":false},"author":6,"featured_media":32213,"comment_status":"closed","ping_status":"open","sticky":false,"template":"","format":"standard","meta":{"footnotes":""},"categories":[13,4],"tags":[],"class_list":["post-43425","post","type-post","status-publish","format-standard","has-post-thumbnail","hentry","category-acolman","category-locales"],"yoast_head":"<!-- This site is optimized with the Yoast SEO plugin v27.5 - https:\/\/yoast.com\/product\/yoast-seo-wordpress\/ -->\n<title>CELEBRA ACOLMAN EN GRANDE A LOS REYES DEL HOGAR -<\/title>\n<meta name=\"robots\" content=\"index, follow, max-snippet:-1, max-image-preview:large, max-video-preview:-1\" \/>\n<link rel=\"canonical\" href=\"https:\/\/continuamosmx.com\/index.php\/2022\/01\/10\/celebra-acolman-en-grande-a-los-reyes-del-hogar\/\" \/>\n<meta property=\"og:locale\" content=\"es_ES\" \/>\n<meta property=\"og:type\" content=\"article\" \/>\n<meta property=\"og:title\" content=\"CELEBRA ACOLMAN EN GRANDE A LOS REYES DEL HOGAR -\" \/>\n<meta property=\"og:description\" content=\"* DIF municipal festej\u00f3 el D\u00eda de Reyes multitudinario en Segundo Festival * Cientos de ni\u00f1os acolmenses abarrotan las canchas del Pachuca en Real del Valle ACOLMAN, M\u00e9x.- Ni\u00f1os y ni\u00f1as acolmenses originarios de comunidades como&nbsp; Las Brisas, Terranova, Real del Valle, Los \u00c1ngeles y Ejidos de Acolman se dieron cita para celebrar el D\u00eda [&hellip;]\" \/>\n<meta property=\"og:url\" content=\"https:\/\/continuamosmx.com\/index.php\/2022\/01\/10\/celebra-acolman-en-grande-a-los-reyes-del-hogar\/\" \/>\n<meta property=\"article:published_time\" content=\"2022-01-10T09:09:57+00:00\" \/>\n<meta property=\"og:image\" content=\"http:\/\/continuamos.mx\/wp-content\/uploads\/2022\/01\/acolman-3.jpg\" \/>\n<meta name=\"author\" content=\"Continuamos MX\" \/>\n<meta name=\"twitter:card\" content=\"summary_large_image\" \/>\n<meta name=\"twitter:label1\" content=\"Escrito por\" \/>\n\t<meta name=\"twitter:data1\" content=\"Continuamos MX\" \/>\n\t<meta name=\"twitter:label2\" content=\"Tiempo de lectura\" \/>\n\t<meta name=\"twitter:data2\" content=\"2 minutos\" \/>\n<script type=\"application\/ld+json\" class=\"yoast-schema-graph\">{\"@context\":\"https:\\\/\\\/schema.org\",\"@graph\":[{\"@type\":\"Article\",\"@id\":\"https:\\\/\\\/continuamosmx.com\\\/index.php\\\/2022\\\/01\\\/10\\\/celebra-acolman-en-grande-a-los-reyes-del-hogar\\\/#article\",\"isPartOf\":{\"@id\":\"https:\\\/\\\/continuamosmx.com\\\/index.php\\\/2022\\\/01\\\/10\\\/celebra-acolman-en-grande-a-los-reyes-del-hogar\\\/\"},\"author\":{\"name\":\"Continuamos MX\",\"@id\":\"https:\\\/\\\/continuamosmx.com\\\/#\\\/schema\\\/person\\\/5eb5356acb1fad784da407d14f0e8d89\"},\"headline\":\"CELEBRA ACOLMAN EN GRANDE A LOS REYES DEL HOGAR\",\"datePublished\":\"2022-01-10T09:09:57+00:00\",\"mainEntityOfPage\":{\"@id\":\"https:\\\/\\\/continuamosmx.com\\\/index.php\\\/2022\\\/01\\\/10\\\/celebra-acolman-en-grande-a-los-reyes-del-hogar\\\/\"},\"wordCount\":330,\"publisher\":{\"@id\":\"https:\\\/\\\/continuamosmx.com\\\/#organization\"},\"image\":{\"@id\":\"https:\\\/\\\/continuamosmx.com\\\/index.php\\\/2022\\\/01\\\/10\\\/celebra-acolman-en-grande-a-los-reyes-del-hogar\\\/#primaryimage\"},\"thumbnailUrl\":\"https:\\\/\\\/continuamosmx.com\\\/wp-content\\\/uploads\\\/2022\\\/01\\\/abogado.jpg\",\"articleSection\":[\"ACOLMAN\",\"LOCALES\"],\"inLanguage\":\"es\"},{\"@type\":\"WebPage\",\"@id\":\"https:\\\/\\\/continuamosmx.com\\\/index.php\\\/2022\\\/01\\\/10\\\/celebra-acolman-en-grande-a-los-reyes-del-hogar\\\/\",\"url\":\"https:\\\/\\\/continuamosmx.com\\\/index.php\\\/2022\\\/01\\\/10\\\/celebra-acolman-en-grande-a-los-reyes-del-hogar\\\/\",\"name\":\"CELEBRA ACOLMAN EN GRANDE A LOS REYES DEL HOGAR -\",\"isPartOf\":{\"@id\":\"https:\\\/\\\/continuamosmx.com\\\/#website\"},\"primaryImageOfPage\":{\"@id\":\"https:\\\/\\\/continuamosmx.com\\\/index.php\\\/2022\\\/01\\\/10\\\/celebra-acolman-en-grande-a-los-reyes-del-hogar\\\/#primaryimage\"},\"image\":{\"@id\":\"https:\\\/\\\/continuamosmx.com\\\/index.php\\\/2022\\\/01\\\/10\\\/celebra-acolman-en-grande-a-los-reyes-del-hogar\\\/#primaryimage\"},\"thumbnailUrl\":\"https:\\\/\\\/continuamosmx.com\\\/wp-content\\\/uploads\\\/2022\\\/01\\\/abogado.jpg\",\"datePublished\":\"2022-01-10T09:09:57+00:00\",\"breadcrumb\":{\"@id\":\"https:\\\/\\\/continuamosmx.com\\\/index.php\\\/2022\\\/01\\\/10\\\/celebra-acolman-en-grande-a-los-reyes-del-hogar\\\/#breadcrumb\"},\"inLanguage\":\"es\",\"potentialAction\":[{\"@type\":\"ReadAction\",\"target\":[\"https:\\\/\\\/continuamosmx.com\\\/index.php\\\/2022\\\/01\\\/10\\\/celebra-acolman-en-grande-a-los-reyes-del-hogar\\\/\"]}]},{\"@type\":\"ImageObject\",\"inLanguage\":\"es\",\"@id\":\"https:\\\/\\\/continuamosmx.com\\\/index.php\\\/2022\\\/01\\\/10\\\/celebra-acolman-en-grande-a-los-reyes-del-hogar\\\/#primaryimage\",\"url\":\"https:\\\/\\\/continuamosmx.com\\\/wp-content\\\/uploads\\\/2022\\\/01\\\/abogado.jpg\",\"contentUrl\":\"https:\\\/\\\/continuamosmx.com\\\/wp-content\\\/uploads\\\/2022\\\/01\\\/abogado.jpg\",\"width\":480,\"height\":640},{\"@type\":\"BreadcrumbList\",\"@id\":\"https:\\\/\\\/continuamosmx.com\\\/index.php\\\/2022\\\/01\\\/10\\\/celebra-acolman-en-grande-a-los-reyes-del-hogar\\\/#breadcrumb\",\"itemListElement\":[{\"@type\":\"ListItem\",\"position\":1,\"name\":\"Inicio\",\"item\":\"https:\\\/\\\/continuamosmx.com\\\/\"},{\"@type\":\"ListItem\",\"position\":2,\"name\":\"CELEBRA ACOLMAN EN GRANDE A LOS REYES DEL HOGAR\"}]},{\"@type\":\"WebSite\",\"@id\":\"https:\\\/\\\/continuamosmx.com\\\/#website\",\"url\":\"https:\\\/\\\/continuamosmx.com\\\/\",\"name\":\"www.continuamosmx.com\",\"description\":\"\",\"publisher\":{\"@id\":\"https:\\\/\\\/continuamosmx.com\\\/#organization\"},\"potentialAction\":[{\"@type\":\"SearchAction\",\"target\":{\"@type\":\"EntryPoint\",\"urlTemplate\":\"https:\\\/\\\/continuamosmx.com\\\/?s={search_term_string}\"},\"query-input\":{\"@type\":\"PropertyValueSpecification\",\"valueRequired\":true,\"valueName\":\"search_term_string\"}}],\"inLanguage\":\"es\"},{\"@type\":\"Organization\",\"@id\":\"https:\\\/\\\/continuamosmx.com\\\/#organization\",\"name\":\"ContinuamosMX\",\"url\":\"https:\\\/\\\/continuamosmx.com\\\/\",\"logo\":{\"@type\":\"ImageObject\",\"inLanguage\":\"es\",\"@id\":\"https:\\\/\\\/continuamosmx.com\\\/#\\\/schema\\\/logo\\\/image\\\/\",\"url\":\"https:\\\/\\\/continuamosmx.com\\\/wp-content\\\/uploads\\\/2023\\\/04\\\/cropped-LOGO-CONTI-NUEVO.png\",\"contentUrl\":\"https:\\\/\\\/continuamosmx.com\\\/wp-content\\\/uploads\\\/2023\\\/04\\\/cropped-LOGO-CONTI-NUEVO.png\",\"width\":1257,\"height\":430,\"caption\":\"ContinuamosMX\"},\"image\":{\"@id\":\"https:\\\/\\\/continuamosmx.com\\\/#\\\/schema\\\/logo\\\/image\\\/\"}},{\"@type\":\"Person\",\"@id\":\"https:\\\/\\\/continuamosmx.com\\\/#\\\/schema\\\/person\\\/5eb5356acb1fad784da407d14f0e8d89\",\"name\":\"Continuamos MX\",\"image\":{\"@type\":\"ImageObject\",\"inLanguage\":\"es\",\"@id\":\"https:\\\/\\\/secure.gravatar.com\\\/avatar\\\/30d4f9723476a15f4da34d35fb3501f08d2357016c76051c6a85c354c7489589?s=96&d=mm&r=g\",\"url\":\"https:\\\/\\\/secure.gravatar.com\\\/avatar\\\/30d4f9723476a15f4da34d35fb3501f08d2357016c76051c6a85c354c7489589?s=96&d=mm&r=g\",\"contentUrl\":\"https:\\\/\\\/secure.gravatar.com\\\/avatar\\\/30d4f9723476a15f4da34d35fb3501f08d2357016c76051c6a85c354c7489589?s=96&d=mm&r=g\",\"caption\":\"Continuamos MX\"},\"sameAs\":[\"http:\\\/\\\/www.continuamos.mx\"],\"url\":\"https:\\\/\\\/continuamosmx.com\\\/index.php\\\/author\\\/continuamos\\\/\"}]}<\/script>\n<!-- \/ Yoast SEO plugin. -->","yoast_head_json":{"title":"CELEBRA ACOLMAN EN GRANDE A LOS REYES DEL HOGAR -","robots":{"index":"index","follow":"follow","max-snippet":"max-snippet:-1","max-image-preview":"max-image-preview:large","max-video-preview":"max-video-preview:-1"},"canonical":"https:\/\/continuamosmx.com\/index.php\/2022\/01\/10\/celebra-acolman-en-grande-a-los-reyes-del-hogar\/","og_locale":"es_ES","og_type":"article","og_title":"CELEBRA ACOLMAN EN GRANDE A LOS REYES DEL HOGAR -","og_description":"* DIF municipal festej\u00f3 el D\u00eda de Reyes multitudinario en Segundo Festival * Cientos de ni\u00f1os acolmenses abarrotan las canchas del Pachuca en Real del Valle ACOLMAN, M\u00e9x.- Ni\u00f1os y ni\u00f1as acolmenses originarios de comunidades como&nbsp; Las Brisas, Terranova, Real del Valle, Los \u00c1ngeles y Ejidos de Acolman se dieron cita para celebrar el D\u00eda [&hellip;]","og_url":"https:\/\/continuamosmx.com\/index.php\/2022\/01\/10\/celebra-acolman-en-grande-a-los-reyes-del-hogar\/","article_published_time":"2022-01-10T09:09:57+00:00","og_image":[{"url":"http:\/\/continuamos.mx\/wp-content\/uploads\/2022\/01\/acolman-3.jpg","type":"","width":"","height":""}],"author":"Continuamos MX","twitter_card":"summary_large_image","twitter_misc":{"Escrito por":"Continuamos MX","Tiempo de lectura":"2 minutos"},"schema":{"@context":"https:\/\/schema.org","@graph":[{"@type":"Article","@id":"https:\/\/continuamosmx.com\/index.php\/2022\/01\/10\/celebra-acolman-en-grande-a-los-reyes-del-hogar\/#article","isPartOf":{"@id":"https:\/\/continuamosmx.com\/index.php\/2022\/01\/10\/celebra-acolman-en-grande-a-los-reyes-del-hogar\/"},"author":{"name":"Continuamos MX","@id":"https:\/\/continuamosmx.com\/#\/schema\/person\/5eb5356acb1fad784da407d14f0e8d89"},"headline":"CELEBRA ACOLMAN EN GRANDE A LOS REYES DEL HOGAR","datePublished":"2022-01-10T09:09:57+00:00","mainEntityOfPage":{"@id":"https:\/\/continuamosmx.com\/index.php\/2022\/01\/10\/celebra-acolman-en-grande-a-los-reyes-del-hogar\/"},"wordCount":330,"publisher":{"@id":"https:\/\/continuamosmx.com\/#organization"},"image":{"@id":"https:\/\/continuamosmx.com\/index.php\/2022\/01\/10\/celebra-acolman-en-grande-a-los-reyes-del-hogar\/#primaryimage"},"thumbnailUrl":"https:\/\/continuamosmx.com\/wp-content\/uploads\/2022\/01\/abogado.jpg","articleSection":["ACOLMAN","LOCALES"],"inLanguage":"es"},{"@type":"WebPage","@id":"https:\/\/continuamosmx.com\/index.php\/2022\/01\/10\/celebra-acolman-en-grande-a-los-reyes-del-hogar\/","url":"https:\/\/continuamosmx.com\/index.php\/2022\/01\/10\/celebra-acolman-en-grande-a-los-reyes-del-hogar\/","name":"CELEBRA ACOLMAN EN GRANDE A LOS REYES DEL HOGAR -","isPartOf":{"@id":"https:\/\/continuamosmx.com\/#website"},"primaryImageOfPage":{"@id":"https:\/\/continuamosmx.com\/index.php\/2022\/01\/10\/celebra-acolman-en-grande-a-los-reyes-del-hogar\/#primaryimage"},"image":{"@id":"https:\/\/continuamosmx.com\/index.php\/2022\/01\/10\/celebra-acolman-en-grande-a-los-reyes-del-hogar\/#primaryimage"},"thumbnailUrl":"https:\/\/continuamosmx.com\/wp-content\/uploads\/2022\/01\/abogado.jpg","datePublished":"2022-01-10T09:09:57+00:00","breadcrumb":{"@id":"https:\/\/continuamosmx.com\/index.php\/2022\/01\/10\/celebra-acolman-en-grande-a-los-reyes-del-hogar\/#breadcrumb"},"inLanguage":"es","potentialAction":[{"@type":"ReadAction","target":["https:\/\/continuamosmx.com\/index.php\/2022\/01\/10\/celebra-acolman-en-grande-a-los-reyes-del-hogar\/"]}]},{"@type":"ImageObject","inLanguage":"es","@id":"https:\/\/continuamosmx.com\/index.php\/2022\/01\/10\/celebra-acolman-en-grande-a-los-reyes-del-hogar\/#primaryimage","url":"https:\/\/continuamosmx.com\/wp-content\/uploads\/2022\/01\/abogado.jpg","contentUrl":"https:\/\/continuamosmx.com\/wp-content\/uploads\/2022\/01\/abogado.jpg","width":480,"height":640},{"@type":"BreadcrumbList","@id":"https:\/\/continuamosmx.com\/index.php\/2022\/01\/10\/celebra-acolman-en-grande-a-los-reyes-del-hogar\/#breadcrumb","itemListElement":[{"@type":"ListItem","position":1,"name":"Inicio","item":"https:\/\/continuamosmx.com\/"},{"@type":"ListItem","position":2,"name":"CELEBRA ACOLMAN EN GRANDE A LOS REYES DEL HOGAR"}]},{"@type":"WebSite","@id":"https:\/\/continuamosmx.com\/#website","url":"https:\/\/continuamosmx.com\/","name":"www.continuamosmx.com","description":"","publisher":{"@id":"https:\/\/continuamosmx.com\/#organization"},"potentialAction":[{"@type":"SearchAction","target":{"@type":"EntryPoint","urlTemplate":"https:\/\/continuamosmx.com\/?s={search_term_string}"},"query-input":{"@type":"PropertyValueSpecification","valueRequired":true,"valueName":"search_term_string"}}],"inLanguage":"es"},{"@type":"Organization","@id":"https:\/\/continuamosmx.com\/#organization","name":"ContinuamosMX","url":"https:\/\/continuamosmx.com\/","logo":{"@type":"ImageObject","inLanguage":"es","@id":"https:\/\/continuamosmx.com\/#\/schema\/logo\/image\/","url":"https:\/\/continuamosmx.com\/wp-content\/uploads\/2023\/04\/cropped-LOGO-CONTI-NUEVO.png","contentUrl":"https:\/\/continuamosmx.com\/wp-content\/uploads\/2023\/04\/cropped-LOGO-CONTI-NUEVO.png","width":1257,"height":430,"caption":"ContinuamosMX"},"image":{"@id":"https:\/\/continuamosmx.com\/#\/schema\/logo\/image\/"}},{"@type":"Person","@id":"https:\/\/continuamosmx.com\/#\/schema\/person\/5eb5356acb1fad784da407d14f0e8d89","name":"Continuamos MX","image":{"@type":"ImageObject","inLanguage":"es","@id":"https:\/\/secure.gravatar.com\/avatar\/30d4f9723476a15f4da34d35fb3501f08d2357016c76051c6a85c354c7489589?s=96&d=mm&r=g","url":"https:\/\/secure.gravatar.com\/avatar\/30d4f9723476a15f4da34d35fb3501f08d2357016c76051c6a85c354c7489589?s=96&d=mm&r=g","contentUrl":"https:\/\/secure.gravatar.com\/avatar\/30d4f9723476a15f4da34d35fb3501f08d2357016c76051c6a85c354c7489589?s=96&d=mm&r=g","caption":"Continuamos MX"},"sameAs":["http:\/\/www.continuamos.mx"],"url":"https:\/\/continuamosmx.com\/index.php\/author\/continuamos\/"}]}},"_links":{"self":[{"href":"https:\/\/continuamosmx.com\/index.php\/wp-json\/wp\/v2\/posts\/43425","targetHints":{"allow":["GET"]}}],"collection":[{"href":"https:\/\/continuamosmx.com\/index.php\/wp-json\/wp\/v2\/posts"}],"about":[{"href":"https:\/\/continuamosmx.com\/index.php\/wp-json\/wp\/v2\/types\/post"}],"author":[{"embeddable":true,"href":"https:\/\/continuamosmx.com\/index.php\/wp-json\/wp\/v2\/users\/6"}],"replies":[{"embeddable":true,"href":"https:\/\/continuamosmx.com\/index.php\/wp-json\/wp\/v2\/comments?post=43425"}],"version-history":[{"count":0,"href":"https:\/\/continuamosmx.com\/index.php\/wp-json\/wp\/v2\/posts\/43425\/revisions"}],"wp:featuredmedia":[{"embeddable":true,"href":"https:\/\/continuamosmx.com\/index.php\/wp-json\/wp\/v2\/media\/32213"}],"wp:attachment":[{"href":"https:\/\/continuamosmx.com\/index.php\/wp-json\/wp\/v2\/media?parent=43425"}],"wp:term":[{"taxonomy":"category","embeddable":true,"href":"https:\/\/continuamosmx.com\/index.php\/wp-json\/wp\/v2\/categories?post=43425"},{"taxonomy":"post_tag","embeddable":true,"href":"https:\/\/continuamosmx.com\/index.php\/wp-json\/wp\/v2\/tags?post=43425"}],"curies":[{"name":"wp","href":"https:\/\/api.w.org\/{rel}","templated":true}]}}