{"id":43422,"date":"2022-01-10T04:59:53","date_gmt":"2022-01-10T04:59:53","guid":{"rendered":"https:\/\/continuamos.mx\/?p=32199"},"modified":"2022-01-10T04:59:53","modified_gmt":"2022-01-10T04:59:53","slug":"en-hidalgo-ganara-la-alianza-va-por-mexico-que-encabeza-carolina-viggiano-enrique-vargas","status":"publish","type":"post","link":"https:\/\/continuamosmx.com\/index.php\/2022\/01\/10\/en-hidalgo-ganara-la-alianza-va-por-mexico-que-encabeza-carolina-viggiano-enrique-vargas\/","title":{"rendered":"EN HIDALGO, GANAR\u00c1 LA ALIANZA VA POR M\u00c9XICO QUE ENCABEZA CAROLINA VIGGIANO: ENRIQUE VARGAS"},"content":{"rendered":"\n<p>.-\u00a0<strong>Es el tiempo de las mujeres y con Carolina Viggiano vamos al triunfo\u00a0el 5 de junio, afirm\u00f3 el coordinador nacional de diputados locales del Partido Acci\u00f3n Nacional, Enrique Vargas del Villar<\/strong><\/p>\n\n\n\n<p>ESTADO DE M\u00c9XICO.- La alianza conformada por el PRI, PAN y PRD&nbsp; encabezada por Carolina Viggiano Austria, es la f\u00f3rmula que llevar\u00e1 a ganar la gubernatura del estado de Hidalgo&nbsp;el 5 de junio&nbsp;pr\u00f3ximo.<\/p>\n\n\n\n<p>Al acudir al registro de Carolina Viggiano, como precandidata de la alianza Va por M\u00e9xico al estado de Hidalgo, el diputado mexiquense Enrique Vargas del Villar, destac\u00f3 que llevar a Carolina como abanderada fue una excelente decisi\u00f3n de los dirigentes nacionales del PRI, PAN y PRD ya que es una mujer de trabajo y comprometida con su estado para que siga por el rumbo de la prosperidad.<\/p>\n\n\n\n<p>El tambi\u00e9n coordinador nacional de las y los diputados locales, dijo que toda la fuerza de la militancia de los tres partidos pol\u00edticos, estar\u00e1 en las calles dando a conocer la propuesta de la Alianza que se alzar\u00e1 con&nbsp; el triunfo&nbsp;el 5 de junio. \u00abVamos con todo a ganar la gubernatura de Hidalgo, es el tiempo de las mujeres\u00bb, reiter\u00f3 Vargas del Villar.<\/p>\n\n\n\n<p>En su oportunidad el dirigente nacional del PAN, Marko Cort\u00e9s, destac\u00f3 que una vez con el triunfo de Viggiano Austria, habr\u00e1 un gobierno de coalici\u00f3n que le dar\u00e1 resultados a los hidalguenses. \u00abPorque hay unidad y trabajo\u00bb, destac\u00f3.<\/p>\n\n\n\n<p>En tanto, los dirigentes del Revolucionario Institucional y de la Revoluci\u00f3n Democr\u00e1tica, Alejandro Moreno y Jes\u00fas Zambrano, &nbsp;respectivamente, coincidieron en que Carolina Viggiano, es una mujer de trabajo, con convicciones y profundo compromiso por su estado y por M\u00e9xico.<\/p>\n","protected":false},"excerpt":{"rendered":"<p>.-\u00a0Es el tiempo de las mujeres y con Carolina Viggiano vamos al triunfo\u00a0el 5 de junio, afirm\u00f3 el coordinador nacional de diputados locales del Partido Acci\u00f3n Nacional, Enrique Vargas del Villar ESTADO DE M\u00c9XICO.- La alianza conformada por el PRI, PAN y PRD&nbsp; encabezada por Carolina Viggiano Austria, es la f\u00f3rmula que llevar\u00e1 a ganar [&hellip;]<\/p>\n","protected":false},"author":6,"featured_media":32200,"comment_status":"closed","ping_status":"open","sticky":false,"template":"","format":"standard","meta":{"footnotes":""},"categories":[2],"tags":[],"class_list":["post-43422","post","type-post","status-publish","format-standard","has-post-thumbnail","hentry","category-edomex"],"yoast_head":"<!-- This site is optimized with the Yoast SEO plugin v27.5 - https:\/\/yoast.com\/product\/yoast-seo-wordpress\/ -->\n<title>EN HIDALGO, GANAR\u00c1 LA ALIANZA VA POR M\u00c9XICO QUE ENCABEZA CAROLINA VIGGIANO: ENRIQUE VARGAS -<\/title>\n<meta name=\"robots\" content=\"index, follow, max-snippet:-1, max-image-preview:large, max-video-preview:-1\" \/>\n<link rel=\"canonical\" href=\"https:\/\/continuamosmx.com\/index.php\/2022\/01\/10\/en-hidalgo-ganara-la-alianza-va-por-mexico-que-encabeza-carolina-viggiano-enrique-vargas\/\" \/>\n<meta property=\"og:locale\" content=\"es_ES\" \/>\n<meta property=\"og:type\" content=\"article\" \/>\n<meta property=\"og:title\" content=\"EN HIDALGO, GANAR\u00c1 LA ALIANZA VA POR M\u00c9XICO QUE ENCABEZA CAROLINA VIGGIANO: ENRIQUE VARGAS -\" \/>\n<meta property=\"og:description\" content=\".-\u00a0Es el tiempo de las mujeres y con Carolina Viggiano vamos al triunfo\u00a0el 5 de junio, afirm\u00f3 el coordinador nacional de diputados locales del Partido Acci\u00f3n Nacional, Enrique Vargas del Villar ESTADO DE M\u00c9XICO.- La alianza conformada por el PRI, PAN y PRD&nbsp; encabezada por Carolina Viggiano Austria, es la f\u00f3rmula que llevar\u00e1 a ganar [&hellip;]\" \/>\n<meta property=\"og:url\" content=\"https:\/\/continuamosmx.com\/index.php\/2022\/01\/10\/en-hidalgo-ganara-la-alianza-va-por-mexico-que-encabeza-carolina-viggiano-enrique-vargas\/\" \/>\n<meta property=\"article:published_time\" content=\"2022-01-10T04:59:53+00:00\" \/>\n<meta name=\"author\" content=\"Continuamos MX\" \/>\n<meta name=\"twitter:card\" content=\"summary_large_image\" \/>\n<meta name=\"twitter:label1\" content=\"Escrito por\" \/>\n\t<meta name=\"twitter:data1\" content=\"Continuamos MX\" \/>\n\t<meta name=\"twitter:label2\" content=\"Tiempo de lectura\" \/>\n\t<meta name=\"twitter:data2\" content=\"1 minuto\" \/>\n<script type=\"application\/ld+json\" class=\"yoast-schema-graph\">{\"@context\":\"https:\\\/\\\/schema.org\",\"@graph\":[{\"@type\":\"Article\",\"@id\":\"https:\\\/\\\/continuamosmx.com\\\/index.php\\\/2022\\\/01\\\/10\\\/en-hidalgo-ganara-la-alianza-va-por-mexico-que-encabeza-carolina-viggiano-enrique-vargas\\\/#article\",\"isPartOf\":{\"@id\":\"https:\\\/\\\/continuamosmx.com\\\/index.php\\\/2022\\\/01\\\/10\\\/en-hidalgo-ganara-la-alianza-va-por-mexico-que-encabeza-carolina-viggiano-enrique-vargas\\\/\"},\"author\":{\"name\":\"Continuamos MX\",\"@id\":\"https:\\\/\\\/continuamosmx.com\\\/#\\\/schema\\\/person\\\/5eb5356acb1fad784da407d14f0e8d89\"},\"headline\":\"EN HIDALGO, GANAR\u00c1 LA ALIANZA VA POR M\u00c9XICO QUE ENCABEZA CAROLINA VIGGIANO: ENRIQUE VARGAS\",\"datePublished\":\"2022-01-10T04:59:53+00:00\",\"mainEntityOfPage\":{\"@id\":\"https:\\\/\\\/continuamosmx.com\\\/index.php\\\/2022\\\/01\\\/10\\\/en-hidalgo-ganara-la-alianza-va-por-mexico-que-encabeza-carolina-viggiano-enrique-vargas\\\/\"},\"wordCount\":309,\"publisher\":{\"@id\":\"https:\\\/\\\/continuamosmx.com\\\/#organization\"},\"image\":{\"@id\":\"https:\\\/\\\/continuamosmx.com\\\/index.php\\\/2022\\\/01\\\/10\\\/en-hidalgo-ganara-la-alianza-va-por-mexico-que-encabeza-carolina-viggiano-enrique-vargas\\\/#primaryimage\"},\"thumbnailUrl\":\"https:\\\/\\\/continuamosmx.com\\\/wp-content\\\/uploads\\\/2022\\\/01\\\/2660B47B-A469-495C-9544-B8D3E205007B-1.jpeg\",\"articleSection\":[\"EDOMEX\"],\"inLanguage\":\"es\"},{\"@type\":\"WebPage\",\"@id\":\"https:\\\/\\\/continuamosmx.com\\\/index.php\\\/2022\\\/01\\\/10\\\/en-hidalgo-ganara-la-alianza-va-por-mexico-que-encabeza-carolina-viggiano-enrique-vargas\\\/\",\"url\":\"https:\\\/\\\/continuamosmx.com\\\/index.php\\\/2022\\\/01\\\/10\\\/en-hidalgo-ganara-la-alianza-va-por-mexico-que-encabeza-carolina-viggiano-enrique-vargas\\\/\",\"name\":\"EN HIDALGO, GANAR\u00c1 LA ALIANZA VA POR M\u00c9XICO QUE ENCABEZA CAROLINA VIGGIANO: ENRIQUE VARGAS -\",\"isPartOf\":{\"@id\":\"https:\\\/\\\/continuamosmx.com\\\/#website\"},\"primaryImageOfPage\":{\"@id\":\"https:\\\/\\\/continuamosmx.com\\\/index.php\\\/2022\\\/01\\\/10\\\/en-hidalgo-ganara-la-alianza-va-por-mexico-que-encabeza-carolina-viggiano-enrique-vargas\\\/#primaryimage\"},\"image\":{\"@id\":\"https:\\\/\\\/continuamosmx.com\\\/index.php\\\/2022\\\/01\\\/10\\\/en-hidalgo-ganara-la-alianza-va-por-mexico-que-encabeza-carolina-viggiano-enrique-vargas\\\/#primaryimage\"},\"thumbnailUrl\":\"https:\\\/\\\/continuamosmx.com\\\/wp-content\\\/uploads\\\/2022\\\/01\\\/2660B47B-A469-495C-9544-B8D3E205007B-1.jpeg\",\"datePublished\":\"2022-01-10T04:59:53+00:00\",\"breadcrumb\":{\"@id\":\"https:\\\/\\\/continuamosmx.com\\\/index.php\\\/2022\\\/01\\\/10\\\/en-hidalgo-ganara-la-alianza-va-por-mexico-que-encabeza-carolina-viggiano-enrique-vargas\\\/#breadcrumb\"},\"inLanguage\":\"es\",\"potentialAction\":[{\"@type\":\"ReadAction\",\"target\":[\"https:\\\/\\\/continuamosmx.com\\\/index.php\\\/2022\\\/01\\\/10\\\/en-hidalgo-ganara-la-alianza-va-por-mexico-que-encabeza-carolina-viggiano-enrique-vargas\\\/\"]}]},{\"@type\":\"ImageObject\",\"inLanguage\":\"es\",\"@id\":\"https:\\\/\\\/continuamosmx.com\\\/index.php\\\/2022\\\/01\\\/10\\\/en-hidalgo-ganara-la-alianza-va-por-mexico-que-encabeza-carolina-viggiano-enrique-vargas\\\/#primaryimage\",\"url\":\"https:\\\/\\\/continuamosmx.com\\\/wp-content\\\/uploads\\\/2022\\\/01\\\/2660B47B-A469-495C-9544-B8D3E205007B-1.jpeg\",\"contentUrl\":\"https:\\\/\\\/continuamosmx.com\\\/wp-content\\\/uploads\\\/2022\\\/01\\\/2660B47B-A469-495C-9544-B8D3E205007B-1.jpeg\",\"width\":1024,\"height\":683},{\"@type\":\"BreadcrumbList\",\"@id\":\"https:\\\/\\\/continuamosmx.com\\\/index.php\\\/2022\\\/01\\\/10\\\/en-hidalgo-ganara-la-alianza-va-por-mexico-que-encabeza-carolina-viggiano-enrique-vargas\\\/#breadcrumb\",\"itemListElement\":[{\"@type\":\"ListItem\",\"position\":1,\"name\":\"Inicio\",\"item\":\"https:\\\/\\\/continuamosmx.com\\\/\"},{\"@type\":\"ListItem\",\"position\":2,\"name\":\"EN HIDALGO, GANAR\u00c1 LA ALIANZA VA POR M\u00c9XICO QUE ENCABEZA CAROLINA VIGGIANO: ENRIQUE VARGAS\"}]},{\"@type\":\"WebSite\",\"@id\":\"https:\\\/\\\/continuamosmx.com\\\/#website\",\"url\":\"https:\\\/\\\/continuamosmx.com\\\/\",\"name\":\"www.continuamosmx.com\",\"description\":\"\",\"publisher\":{\"@id\":\"https:\\\/\\\/continuamosmx.com\\\/#organization\"},\"potentialAction\":[{\"@type\":\"SearchAction\",\"target\":{\"@type\":\"EntryPoint\",\"urlTemplate\":\"https:\\\/\\\/continuamosmx.com\\\/?s={search_term_string}\"},\"query-input\":{\"@type\":\"PropertyValueSpecification\",\"valueRequired\":true,\"valueName\":\"search_term_string\"}}],\"inLanguage\":\"es\"},{\"@type\":\"Organization\",\"@id\":\"https:\\\/\\\/continuamosmx.com\\\/#organization\",\"name\":\"ContinuamosMX\",\"url\":\"https:\\\/\\\/continuamosmx.com\\\/\",\"logo\":{\"@type\":\"ImageObject\",\"inLanguage\":\"es\",\"@id\":\"https:\\\/\\\/continuamosmx.com\\\/#\\\/schema\\\/logo\\\/image\\\/\",\"url\":\"https:\\\/\\\/continuamosmx.com\\\/wp-content\\\/uploads\\\/2023\\\/04\\\/cropped-LOGO-CONTI-NUEVO.png\",\"contentUrl\":\"https:\\\/\\\/continuamosmx.com\\\/wp-content\\\/uploads\\\/2023\\\/04\\\/cropped-LOGO-CONTI-NUEVO.png\",\"width\":1257,\"height\":430,\"caption\":\"ContinuamosMX\"},\"image\":{\"@id\":\"https:\\\/\\\/continuamosmx.com\\\/#\\\/schema\\\/logo\\\/image\\\/\"}},{\"@type\":\"Person\",\"@id\":\"https:\\\/\\\/continuamosmx.com\\\/#\\\/schema\\\/person\\\/5eb5356acb1fad784da407d14f0e8d89\",\"name\":\"Continuamos MX\",\"image\":{\"@type\":\"ImageObject\",\"inLanguage\":\"es\",\"@id\":\"https:\\\/\\\/secure.gravatar.com\\\/avatar\\\/30d4f9723476a15f4da34d35fb3501f08d2357016c76051c6a85c354c7489589?s=96&d=mm&r=g\",\"url\":\"https:\\\/\\\/secure.gravatar.com\\\/avatar\\\/30d4f9723476a15f4da34d35fb3501f08d2357016c76051c6a85c354c7489589?s=96&d=mm&r=g\",\"contentUrl\":\"https:\\\/\\\/secure.gravatar.com\\\/avatar\\\/30d4f9723476a15f4da34d35fb3501f08d2357016c76051c6a85c354c7489589?s=96&d=mm&r=g\",\"caption\":\"Continuamos MX\"},\"sameAs\":[\"http:\\\/\\\/www.continuamos.mx\"],\"url\":\"https:\\\/\\\/continuamosmx.com\\\/index.php\\\/author\\\/continuamos\\\/\"}]}<\/script>\n<!-- \/ Yoast SEO plugin. -->","yoast_head_json":{"title":"EN HIDALGO, GANAR\u00c1 LA ALIANZA VA POR M\u00c9XICO QUE ENCABEZA CAROLINA VIGGIANO: ENRIQUE VARGAS -","robots":{"index":"index","follow":"follow","max-snippet":"max-snippet:-1","max-image-preview":"max-image-preview:large","max-video-preview":"max-video-preview:-1"},"canonical":"https:\/\/continuamosmx.com\/index.php\/2022\/01\/10\/en-hidalgo-ganara-la-alianza-va-por-mexico-que-encabeza-carolina-viggiano-enrique-vargas\/","og_locale":"es_ES","og_type":"article","og_title":"EN HIDALGO, GANAR\u00c1 LA ALIANZA VA POR M\u00c9XICO QUE ENCABEZA CAROLINA VIGGIANO: ENRIQUE VARGAS -","og_description":".-\u00a0Es el tiempo de las mujeres y con Carolina Viggiano vamos al triunfo\u00a0el 5 de junio, afirm\u00f3 el coordinador nacional de diputados locales del Partido Acci\u00f3n Nacional, Enrique Vargas del Villar ESTADO DE M\u00c9XICO.- La alianza conformada por el PRI, PAN y PRD&nbsp; encabezada por Carolina Viggiano Austria, es la f\u00f3rmula que llevar\u00e1 a ganar [&hellip;]","og_url":"https:\/\/continuamosmx.com\/index.php\/2022\/01\/10\/en-hidalgo-ganara-la-alianza-va-por-mexico-que-encabeza-carolina-viggiano-enrique-vargas\/","article_published_time":"2022-01-10T04:59:53+00:00","author":"Continuamos MX","twitter_card":"summary_large_image","twitter_misc":{"Escrito por":"Continuamos MX","Tiempo de lectura":"1 minuto"},"schema":{"@context":"https:\/\/schema.org","@graph":[{"@type":"Article","@id":"https:\/\/continuamosmx.com\/index.php\/2022\/01\/10\/en-hidalgo-ganara-la-alianza-va-por-mexico-que-encabeza-carolina-viggiano-enrique-vargas\/#article","isPartOf":{"@id":"https:\/\/continuamosmx.com\/index.php\/2022\/01\/10\/en-hidalgo-ganara-la-alianza-va-por-mexico-que-encabeza-carolina-viggiano-enrique-vargas\/"},"author":{"name":"Continuamos MX","@id":"https:\/\/continuamosmx.com\/#\/schema\/person\/5eb5356acb1fad784da407d14f0e8d89"},"headline":"EN HIDALGO, GANAR\u00c1 LA ALIANZA VA POR M\u00c9XICO QUE ENCABEZA CAROLINA VIGGIANO: ENRIQUE VARGAS","datePublished":"2022-01-10T04:59:53+00:00","mainEntityOfPage":{"@id":"https:\/\/continuamosmx.com\/index.php\/2022\/01\/10\/en-hidalgo-ganara-la-alianza-va-por-mexico-que-encabeza-carolina-viggiano-enrique-vargas\/"},"wordCount":309,"publisher":{"@id":"https:\/\/continuamosmx.com\/#organization"},"image":{"@id":"https:\/\/continuamosmx.com\/index.php\/2022\/01\/10\/en-hidalgo-ganara-la-alianza-va-por-mexico-que-encabeza-carolina-viggiano-enrique-vargas\/#primaryimage"},"thumbnailUrl":"https:\/\/continuamosmx.com\/wp-content\/uploads\/2022\/01\/2660B47B-A469-495C-9544-B8D3E205007B-1.jpeg","articleSection":["EDOMEX"],"inLanguage":"es"},{"@type":"WebPage","@id":"https:\/\/continuamosmx.com\/index.php\/2022\/01\/10\/en-hidalgo-ganara-la-alianza-va-por-mexico-que-encabeza-carolina-viggiano-enrique-vargas\/","url":"https:\/\/continuamosmx.com\/index.php\/2022\/01\/10\/en-hidalgo-ganara-la-alianza-va-por-mexico-que-encabeza-carolina-viggiano-enrique-vargas\/","name":"EN HIDALGO, GANAR\u00c1 LA ALIANZA VA POR M\u00c9XICO QUE ENCABEZA CAROLINA VIGGIANO: ENRIQUE VARGAS -","isPartOf":{"@id":"https:\/\/continuamosmx.com\/#website"},"primaryImageOfPage":{"@id":"https:\/\/continuamosmx.com\/index.php\/2022\/01\/10\/en-hidalgo-ganara-la-alianza-va-por-mexico-que-encabeza-carolina-viggiano-enrique-vargas\/#primaryimage"},"image":{"@id":"https:\/\/continuamosmx.com\/index.php\/2022\/01\/10\/en-hidalgo-ganara-la-alianza-va-por-mexico-que-encabeza-carolina-viggiano-enrique-vargas\/#primaryimage"},"thumbnailUrl":"https:\/\/continuamosmx.com\/wp-content\/uploads\/2022\/01\/2660B47B-A469-495C-9544-B8D3E205007B-1.jpeg","datePublished":"2022-01-10T04:59:53+00:00","breadcrumb":{"@id":"https:\/\/continuamosmx.com\/index.php\/2022\/01\/10\/en-hidalgo-ganara-la-alianza-va-por-mexico-que-encabeza-carolina-viggiano-enrique-vargas\/#breadcrumb"},"inLanguage":"es","potentialAction":[{"@type":"ReadAction","target":["https:\/\/continuamosmx.com\/index.php\/2022\/01\/10\/en-hidalgo-ganara-la-alianza-va-por-mexico-que-encabeza-carolina-viggiano-enrique-vargas\/"]}]},{"@type":"ImageObject","inLanguage":"es","@id":"https:\/\/continuamosmx.com\/index.php\/2022\/01\/10\/en-hidalgo-ganara-la-alianza-va-por-mexico-que-encabeza-carolina-viggiano-enrique-vargas\/#primaryimage","url":"https:\/\/continuamosmx.com\/wp-content\/uploads\/2022\/01\/2660B47B-A469-495C-9544-B8D3E205007B-1.jpeg","contentUrl":"https:\/\/continuamosmx.com\/wp-content\/uploads\/2022\/01\/2660B47B-A469-495C-9544-B8D3E205007B-1.jpeg","width":1024,"height":683},{"@type":"BreadcrumbList","@id":"https:\/\/continuamosmx.com\/index.php\/2022\/01\/10\/en-hidalgo-ganara-la-alianza-va-por-mexico-que-encabeza-carolina-viggiano-enrique-vargas\/#breadcrumb","itemListElement":[{"@type":"ListItem","position":1,"name":"Inicio","item":"https:\/\/continuamosmx.com\/"},{"@type":"ListItem","position":2,"name":"EN HIDALGO, GANAR\u00c1 LA ALIANZA VA POR M\u00c9XICO QUE ENCABEZA CAROLINA VIGGIANO: ENRIQUE VARGAS"}]},{"@type":"WebSite","@id":"https:\/\/continuamosmx.com\/#website","url":"https:\/\/continuamosmx.com\/","name":"www.continuamosmx.com","description":"","publisher":{"@id":"https:\/\/continuamosmx.com\/#organization"},"potentialAction":[{"@type":"SearchAction","target":{"@type":"EntryPoint","urlTemplate":"https:\/\/continuamosmx.com\/?s={search_term_string}"},"query-input":{"@type":"PropertyValueSpecification","valueRequired":true,"valueName":"search_term_string"}}],"inLanguage":"es"},{"@type":"Organization","@id":"https:\/\/continuamosmx.com\/#organization","name":"ContinuamosMX","url":"https:\/\/continuamosmx.com\/","logo":{"@type":"ImageObject","inLanguage":"es","@id":"https:\/\/continuamosmx.com\/#\/schema\/logo\/image\/","url":"https:\/\/continuamosmx.com\/wp-content\/uploads\/2023\/04\/cropped-LOGO-CONTI-NUEVO.png","contentUrl":"https:\/\/continuamosmx.com\/wp-content\/uploads\/2023\/04\/cropped-LOGO-CONTI-NUEVO.png","width":1257,"height":430,"caption":"ContinuamosMX"},"image":{"@id":"https:\/\/continuamosmx.com\/#\/schema\/logo\/image\/"}},{"@type":"Person","@id":"https:\/\/continuamosmx.com\/#\/schema\/person\/5eb5356acb1fad784da407d14f0e8d89","name":"Continuamos MX","image":{"@type":"ImageObject","inLanguage":"es","@id":"https:\/\/secure.gravatar.com\/avatar\/30d4f9723476a15f4da34d35fb3501f08d2357016c76051c6a85c354c7489589?s=96&d=mm&r=g","url":"https:\/\/secure.gravatar.com\/avatar\/30d4f9723476a15f4da34d35fb3501f08d2357016c76051c6a85c354c7489589?s=96&d=mm&r=g","contentUrl":"https:\/\/secure.gravatar.com\/avatar\/30d4f9723476a15f4da34d35fb3501f08d2357016c76051c6a85c354c7489589?s=96&d=mm&r=g","caption":"Continuamos MX"},"sameAs":["http:\/\/www.continuamos.mx"],"url":"https:\/\/continuamosmx.com\/index.php\/author\/continuamos\/"}]}},"_links":{"self":[{"href":"https:\/\/continuamosmx.com\/index.php\/wp-json\/wp\/v2\/posts\/43422","targetHints":{"allow":["GET"]}}],"collection":[{"href":"https:\/\/continuamosmx.com\/index.php\/wp-json\/wp\/v2\/posts"}],"about":[{"href":"https:\/\/continuamosmx.com\/index.php\/wp-json\/wp\/v2\/types\/post"}],"author":[{"embeddable":true,"href":"https:\/\/continuamosmx.com\/index.php\/wp-json\/wp\/v2\/users\/6"}],"replies":[{"embeddable":true,"href":"https:\/\/continuamosmx.com\/index.php\/wp-json\/wp\/v2\/comments?post=43422"}],"version-history":[{"count":0,"href":"https:\/\/continuamosmx.com\/index.php\/wp-json\/wp\/v2\/posts\/43422\/revisions"}],"wp:featuredmedia":[{"embeddable":true,"href":"https:\/\/continuamosmx.com\/index.php\/wp-json\/wp\/v2\/media\/32200"}],"wp:attachment":[{"href":"https:\/\/continuamosmx.com\/index.php\/wp-json\/wp\/v2\/media?parent=43422"}],"wp:term":[{"taxonomy":"category","embeddable":true,"href":"https:\/\/continuamosmx.com\/index.php\/wp-json\/wp\/v2\/categories?post=43422"},{"taxonomy":"post_tag","embeddable":true,"href":"https:\/\/continuamosmx.com\/index.php\/wp-json\/wp\/v2\/tags?post=43422"}],"curies":[{"name":"wp","href":"https:\/\/api.w.org\/{rel}","templated":true}]}}