{"id":43420,"date":"2022-01-08T15:39:07","date_gmt":"2022-01-08T15:39:07","guid":{"rendered":"https:\/\/continuamos.mx\/?p=32193"},"modified":"2022-01-08T15:39:07","modified_gmt":"2022-01-08T15:39:07","slug":"biciverde-impulsa-agenda-de-movilidad-segura-y-sustentable-en-edomex","status":"publish","type":"post","link":"https:\/\/continuamosmx.com\/index.php\/2022\/01\/08\/biciverde-impulsa-agenda-de-movilidad-segura-y-sustentable-en-edomex\/","title":{"rendered":"BICIVERDE IMPULSA AGENDA DE MOVILIDAD SEGURA Y SUSTENTABLE EN EDOMEX"},"content":{"rendered":"\n<p>.- Representantes de la Asociaci\u00f3n Civil Biciverde, se reunieron con autoridades locales del Ayuntamiento y con el diputado local Paco Rojas para platicar respecto a los trabajos que se han venido realizando durante m\u00e1s de 10 a\u00f1os en Cuautitl\u00e1n Izcalli y Estado de M\u00e9xico.<\/p>\n\n\n\n<p>CUAUTITL\u00c1N IZCALLI, M\u00e9x.- En d\u00edas pasados, algunos representantes de la Asociaci\u00f3n Civil Biciverde, se reunieron con autoridades locales del Ayuntamiento para platicar respecto a los trabajos que se han venido realizando durante m\u00e1s de 10 a\u00f1os en Cuautitl\u00e1n Izcalli y Estado de M\u00e9xico.<\/p>\n\n\n\n<p>De igual forma, estuvieron en las oficinas del diputado local Francisco Rojas Cano, a quien se le plantearon varias problem\u00e1ticas y propuestas que pueden ser atendidas en conjunto por las y los diputados, tanto federales como locales, para mejorar el entorno, como lo es la Ley de Movilidad Segura, misma que ya fue aprobada en el Senado de la Rep\u00fablica y est\u00e1 siguiendo su curso.<\/p>\n\n\n\n<p>\u201cEs momento de enfocar todo en la juventud y la ni\u00f1ez, para forjar el futuro y empezar a cambiar el presente\u201d a\u00f1adi\u00f3 V\u00edctor Molina, quien recientemente present\u00f3 en el Foro Parlamentario Ciudadano una propuesta para realizar cambios de vital importancia para la ciudadan\u00eda.<\/p>\n\n\n\n<p>En este rubro, se trabajar\u00e1 en conjunto con Paco Rojas y su equipo para pulir y presentar la propuesta a la Legislatura Local.<\/p>\n\n\n\n<p>As\u00ed mismo, el pasado jueves, estuvimos en las instalaciones del Instituto Municipal de la Juventud, con el director Luis Felipe Huitr\u00f3n, retomando el tema que como ciudadan\u00eda hemos perdido gracias a los anteriores gobiernos, y han decidido seguir priorizando al automotor sobre el peat\u00f3n.&nbsp;<\/p>\n\n\n\n<p>Esperamos la voluntad pol\u00edtica para poder recuperar esos espacios para las personas, adem\u00e1s, como gobierno local, incentivar el uso de la bicicleta de manera recreativa y como medio de transporte.<\/p>\n\n\n\n<p>Estas acciones solo nos llevar\u00e1n a construir una ciudad m\u00e1s encaminada a la movilidad segura, a un municipio pr\u00f3spero, normalizando el uso de otros transportes, incluso en las vialidades principales, y donde todas las personas que participen en ellos puedan viajar seguras.<\/p>\n\n\n\n<p>A unos d\u00edas de cumplir 12 a\u00f1os, en Biciverde, seguimos y seguiremos trabajando en conjunto con todas las autoridades en funciones, hacemos un llamado a la sociedad a unirse, pedir y exigir lo que requerimos como ciudadan\u00eda para tener un mejor municipio.<\/p>\n","protected":false},"excerpt":{"rendered":"<p>.- Representantes de la Asociaci\u00f3n Civil Biciverde, se reunieron con autoridades locales del Ayuntamiento y con el diputado local Paco Rojas para platicar respecto a los trabajos que se han venido realizando durante m\u00e1s de 10 a\u00f1os en Cuautitl\u00e1n Izcalli y Estado de M\u00e9xico. CUAUTITL\u00c1N IZCALLI, M\u00e9x.- En d\u00edas pasados, algunos representantes de la Asociaci\u00f3n [&hellip;]<\/p>\n","protected":false},"author":6,"featured_media":32194,"comment_status":"closed","ping_status":"open","sticky":false,"template":"","format":"standard","meta":{"footnotes":""},"categories":[22,2,4],"tags":[],"class_list":["post-43420","post","type-post","status-publish","format-standard","has-post-thumbnail","hentry","category-c-izcalli","category-edomex","category-locales"],"yoast_head":"<!-- This site is optimized with the Yoast SEO plugin v27.5 - https:\/\/yoast.com\/product\/yoast-seo-wordpress\/ -->\n<title>BICIVERDE IMPULSA AGENDA DE MOVILIDAD SEGURA Y SUSTENTABLE EN EDOMEX -<\/title>\n<meta name=\"robots\" content=\"index, follow, max-snippet:-1, max-image-preview:large, max-video-preview:-1\" \/>\n<link rel=\"canonical\" href=\"https:\/\/continuamosmx.com\/index.php\/2022\/01\/08\/biciverde-impulsa-agenda-de-movilidad-segura-y-sustentable-en-edomex\/\" \/>\n<meta property=\"og:locale\" content=\"es_ES\" \/>\n<meta property=\"og:type\" content=\"article\" \/>\n<meta property=\"og:title\" content=\"BICIVERDE IMPULSA AGENDA DE MOVILIDAD SEGURA Y SUSTENTABLE EN EDOMEX -\" \/>\n<meta property=\"og:description\" content=\".- Representantes de la Asociaci\u00f3n Civil Biciverde, se reunieron con autoridades locales del Ayuntamiento y con el diputado local Paco Rojas para platicar respecto a los trabajos que se han venido realizando durante m\u00e1s de 10 a\u00f1os en Cuautitl\u00e1n Izcalli y Estado de M\u00e9xico. CUAUTITL\u00c1N IZCALLI, M\u00e9x.- En d\u00edas pasados, algunos representantes de la Asociaci\u00f3n [&hellip;]\" \/>\n<meta property=\"og:url\" content=\"https:\/\/continuamosmx.com\/index.php\/2022\/01\/08\/biciverde-impulsa-agenda-de-movilidad-segura-y-sustentable-en-edomex\/\" \/>\n<meta property=\"article:published_time\" content=\"2022-01-08T15:39:07+00:00\" \/>\n<meta name=\"author\" content=\"Continuamos MX\" \/>\n<meta name=\"twitter:card\" content=\"summary_large_image\" \/>\n<meta name=\"twitter:label1\" content=\"Escrito por\" \/>\n\t<meta name=\"twitter:data1\" content=\"Continuamos MX\" \/>\n\t<meta name=\"twitter:label2\" content=\"Tiempo de lectura\" \/>\n\t<meta name=\"twitter:data2\" content=\"2 minutos\" \/>\n<script type=\"application\/ld+json\" class=\"yoast-schema-graph\">{\"@context\":\"https:\\\/\\\/schema.org\",\"@graph\":[{\"@type\":\"Article\",\"@id\":\"https:\\\/\\\/continuamosmx.com\\\/index.php\\\/2022\\\/01\\\/08\\\/biciverde-impulsa-agenda-de-movilidad-segura-y-sustentable-en-edomex\\\/#article\",\"isPartOf\":{\"@id\":\"https:\\\/\\\/continuamosmx.com\\\/index.php\\\/2022\\\/01\\\/08\\\/biciverde-impulsa-agenda-de-movilidad-segura-y-sustentable-en-edomex\\\/\"},\"author\":{\"name\":\"Continuamos MX\",\"@id\":\"https:\\\/\\\/continuamosmx.com\\\/#\\\/schema\\\/person\\\/5eb5356acb1fad784da407d14f0e8d89\"},\"headline\":\"BICIVERDE IMPULSA AGENDA DE MOVILIDAD SEGURA Y SUSTENTABLE EN EDOMEX\",\"datePublished\":\"2022-01-08T15:39:07+00:00\",\"mainEntityOfPage\":{\"@id\":\"https:\\\/\\\/continuamosmx.com\\\/index.php\\\/2022\\\/01\\\/08\\\/biciverde-impulsa-agenda-de-movilidad-segura-y-sustentable-en-edomex\\\/\"},\"wordCount\":415,\"publisher\":{\"@id\":\"https:\\\/\\\/continuamosmx.com\\\/#organization\"},\"image\":{\"@id\":\"https:\\\/\\\/continuamosmx.com\\\/index.php\\\/2022\\\/01\\\/08\\\/biciverde-impulsa-agenda-de-movilidad-segura-y-sustentable-en-edomex\\\/#primaryimage\"},\"thumbnailUrl\":\"https:\\\/\\\/continuamosmx.com\\\/wp-content\\\/uploads\\\/2022\\\/01\\\/D4D0CD3D-7A7C-4EA7-8839-35D380C5B441-1.jpeg\",\"articleSection\":[\"C. IZCALLI\",\"EDOMEX\",\"LOCALES\"],\"inLanguage\":\"es\"},{\"@type\":\"WebPage\",\"@id\":\"https:\\\/\\\/continuamosmx.com\\\/index.php\\\/2022\\\/01\\\/08\\\/biciverde-impulsa-agenda-de-movilidad-segura-y-sustentable-en-edomex\\\/\",\"url\":\"https:\\\/\\\/continuamosmx.com\\\/index.php\\\/2022\\\/01\\\/08\\\/biciverde-impulsa-agenda-de-movilidad-segura-y-sustentable-en-edomex\\\/\",\"name\":\"BICIVERDE IMPULSA AGENDA DE MOVILIDAD SEGURA Y SUSTENTABLE EN EDOMEX -\",\"isPartOf\":{\"@id\":\"https:\\\/\\\/continuamosmx.com\\\/#website\"},\"primaryImageOfPage\":{\"@id\":\"https:\\\/\\\/continuamosmx.com\\\/index.php\\\/2022\\\/01\\\/08\\\/biciverde-impulsa-agenda-de-movilidad-segura-y-sustentable-en-edomex\\\/#primaryimage\"},\"image\":{\"@id\":\"https:\\\/\\\/continuamosmx.com\\\/index.php\\\/2022\\\/01\\\/08\\\/biciverde-impulsa-agenda-de-movilidad-segura-y-sustentable-en-edomex\\\/#primaryimage\"},\"thumbnailUrl\":\"https:\\\/\\\/continuamosmx.com\\\/wp-content\\\/uploads\\\/2022\\\/01\\\/D4D0CD3D-7A7C-4EA7-8839-35D380C5B441-1.jpeg\",\"datePublished\":\"2022-01-08T15:39:07+00:00\",\"breadcrumb\":{\"@id\":\"https:\\\/\\\/continuamosmx.com\\\/index.php\\\/2022\\\/01\\\/08\\\/biciverde-impulsa-agenda-de-movilidad-segura-y-sustentable-en-edomex\\\/#breadcrumb\"},\"inLanguage\":\"es\",\"potentialAction\":[{\"@type\":\"ReadAction\",\"target\":[\"https:\\\/\\\/continuamosmx.com\\\/index.php\\\/2022\\\/01\\\/08\\\/biciverde-impulsa-agenda-de-movilidad-segura-y-sustentable-en-edomex\\\/\"]}]},{\"@type\":\"ImageObject\",\"inLanguage\":\"es\",\"@id\":\"https:\\\/\\\/continuamosmx.com\\\/index.php\\\/2022\\\/01\\\/08\\\/biciverde-impulsa-agenda-de-movilidad-segura-y-sustentable-en-edomex\\\/#primaryimage\",\"url\":\"https:\\\/\\\/continuamosmx.com\\\/wp-content\\\/uploads\\\/2022\\\/01\\\/D4D0CD3D-7A7C-4EA7-8839-35D380C5B441-1.jpeg\",\"contentUrl\":\"https:\\\/\\\/continuamosmx.com\\\/wp-content\\\/uploads\\\/2022\\\/01\\\/D4D0CD3D-7A7C-4EA7-8839-35D380C5B441-1.jpeg\",\"width\":682,\"height\":682},{\"@type\":\"BreadcrumbList\",\"@id\":\"https:\\\/\\\/continuamosmx.com\\\/index.php\\\/2022\\\/01\\\/08\\\/biciverde-impulsa-agenda-de-movilidad-segura-y-sustentable-en-edomex\\\/#breadcrumb\",\"itemListElement\":[{\"@type\":\"ListItem\",\"position\":1,\"name\":\"Inicio\",\"item\":\"https:\\\/\\\/continuamosmx.com\\\/\"},{\"@type\":\"ListItem\",\"position\":2,\"name\":\"BICIVERDE IMPULSA AGENDA DE MOVILIDAD SEGURA Y SUSTENTABLE EN EDOMEX\"}]},{\"@type\":\"WebSite\",\"@id\":\"https:\\\/\\\/continuamosmx.com\\\/#website\",\"url\":\"https:\\\/\\\/continuamosmx.com\\\/\",\"name\":\"www.continuamosmx.com\",\"description\":\"\",\"publisher\":{\"@id\":\"https:\\\/\\\/continuamosmx.com\\\/#organization\"},\"potentialAction\":[{\"@type\":\"SearchAction\",\"target\":{\"@type\":\"EntryPoint\",\"urlTemplate\":\"https:\\\/\\\/continuamosmx.com\\\/?s={search_term_string}\"},\"query-input\":{\"@type\":\"PropertyValueSpecification\",\"valueRequired\":true,\"valueName\":\"search_term_string\"}}],\"inLanguage\":\"es\"},{\"@type\":\"Organization\",\"@id\":\"https:\\\/\\\/continuamosmx.com\\\/#organization\",\"name\":\"ContinuamosMX\",\"url\":\"https:\\\/\\\/continuamosmx.com\\\/\",\"logo\":{\"@type\":\"ImageObject\",\"inLanguage\":\"es\",\"@id\":\"https:\\\/\\\/continuamosmx.com\\\/#\\\/schema\\\/logo\\\/image\\\/\",\"url\":\"https:\\\/\\\/continuamosmx.com\\\/wp-content\\\/uploads\\\/2023\\\/04\\\/cropped-LOGO-CONTI-NUEVO.png\",\"contentUrl\":\"https:\\\/\\\/continuamosmx.com\\\/wp-content\\\/uploads\\\/2023\\\/04\\\/cropped-LOGO-CONTI-NUEVO.png\",\"width\":1257,\"height\":430,\"caption\":\"ContinuamosMX\"},\"image\":{\"@id\":\"https:\\\/\\\/continuamosmx.com\\\/#\\\/schema\\\/logo\\\/image\\\/\"}},{\"@type\":\"Person\",\"@id\":\"https:\\\/\\\/continuamosmx.com\\\/#\\\/schema\\\/person\\\/5eb5356acb1fad784da407d14f0e8d89\",\"name\":\"Continuamos MX\",\"image\":{\"@type\":\"ImageObject\",\"inLanguage\":\"es\",\"@id\":\"https:\\\/\\\/secure.gravatar.com\\\/avatar\\\/30d4f9723476a15f4da34d35fb3501f08d2357016c76051c6a85c354c7489589?s=96&d=mm&r=g\",\"url\":\"https:\\\/\\\/secure.gravatar.com\\\/avatar\\\/30d4f9723476a15f4da34d35fb3501f08d2357016c76051c6a85c354c7489589?s=96&d=mm&r=g\",\"contentUrl\":\"https:\\\/\\\/secure.gravatar.com\\\/avatar\\\/30d4f9723476a15f4da34d35fb3501f08d2357016c76051c6a85c354c7489589?s=96&d=mm&r=g\",\"caption\":\"Continuamos MX\"},\"sameAs\":[\"http:\\\/\\\/www.continuamos.mx\"],\"url\":\"https:\\\/\\\/continuamosmx.com\\\/index.php\\\/author\\\/continuamos\\\/\"}]}<\/script>\n<!-- \/ Yoast SEO plugin. -->","yoast_head_json":{"title":"BICIVERDE IMPULSA AGENDA DE MOVILIDAD SEGURA Y SUSTENTABLE EN EDOMEX -","robots":{"index":"index","follow":"follow","max-snippet":"max-snippet:-1","max-image-preview":"max-image-preview:large","max-video-preview":"max-video-preview:-1"},"canonical":"https:\/\/continuamosmx.com\/index.php\/2022\/01\/08\/biciverde-impulsa-agenda-de-movilidad-segura-y-sustentable-en-edomex\/","og_locale":"es_ES","og_type":"article","og_title":"BICIVERDE IMPULSA AGENDA DE MOVILIDAD SEGURA Y SUSTENTABLE EN EDOMEX -","og_description":".- Representantes de la Asociaci\u00f3n Civil Biciverde, se reunieron con autoridades locales del Ayuntamiento y con el diputado local Paco Rojas para platicar respecto a los trabajos que se han venido realizando durante m\u00e1s de 10 a\u00f1os en Cuautitl\u00e1n Izcalli y Estado de M\u00e9xico. CUAUTITL\u00c1N IZCALLI, M\u00e9x.- En d\u00edas pasados, algunos representantes de la Asociaci\u00f3n [&hellip;]","og_url":"https:\/\/continuamosmx.com\/index.php\/2022\/01\/08\/biciverde-impulsa-agenda-de-movilidad-segura-y-sustentable-en-edomex\/","article_published_time":"2022-01-08T15:39:07+00:00","author":"Continuamos MX","twitter_card":"summary_large_image","twitter_misc":{"Escrito por":"Continuamos MX","Tiempo de lectura":"2 minutos"},"schema":{"@context":"https:\/\/schema.org","@graph":[{"@type":"Article","@id":"https:\/\/continuamosmx.com\/index.php\/2022\/01\/08\/biciverde-impulsa-agenda-de-movilidad-segura-y-sustentable-en-edomex\/#article","isPartOf":{"@id":"https:\/\/continuamosmx.com\/index.php\/2022\/01\/08\/biciverde-impulsa-agenda-de-movilidad-segura-y-sustentable-en-edomex\/"},"author":{"name":"Continuamos MX","@id":"https:\/\/continuamosmx.com\/#\/schema\/person\/5eb5356acb1fad784da407d14f0e8d89"},"headline":"BICIVERDE IMPULSA AGENDA DE MOVILIDAD SEGURA Y SUSTENTABLE EN EDOMEX","datePublished":"2022-01-08T15:39:07+00:00","mainEntityOfPage":{"@id":"https:\/\/continuamosmx.com\/index.php\/2022\/01\/08\/biciverde-impulsa-agenda-de-movilidad-segura-y-sustentable-en-edomex\/"},"wordCount":415,"publisher":{"@id":"https:\/\/continuamosmx.com\/#organization"},"image":{"@id":"https:\/\/continuamosmx.com\/index.php\/2022\/01\/08\/biciverde-impulsa-agenda-de-movilidad-segura-y-sustentable-en-edomex\/#primaryimage"},"thumbnailUrl":"https:\/\/continuamosmx.com\/wp-content\/uploads\/2022\/01\/D4D0CD3D-7A7C-4EA7-8839-35D380C5B441-1.jpeg","articleSection":["C. IZCALLI","EDOMEX","LOCALES"],"inLanguage":"es"},{"@type":"WebPage","@id":"https:\/\/continuamosmx.com\/index.php\/2022\/01\/08\/biciverde-impulsa-agenda-de-movilidad-segura-y-sustentable-en-edomex\/","url":"https:\/\/continuamosmx.com\/index.php\/2022\/01\/08\/biciverde-impulsa-agenda-de-movilidad-segura-y-sustentable-en-edomex\/","name":"BICIVERDE IMPULSA AGENDA DE MOVILIDAD SEGURA Y SUSTENTABLE EN EDOMEX -","isPartOf":{"@id":"https:\/\/continuamosmx.com\/#website"},"primaryImageOfPage":{"@id":"https:\/\/continuamosmx.com\/index.php\/2022\/01\/08\/biciverde-impulsa-agenda-de-movilidad-segura-y-sustentable-en-edomex\/#primaryimage"},"image":{"@id":"https:\/\/continuamosmx.com\/index.php\/2022\/01\/08\/biciverde-impulsa-agenda-de-movilidad-segura-y-sustentable-en-edomex\/#primaryimage"},"thumbnailUrl":"https:\/\/continuamosmx.com\/wp-content\/uploads\/2022\/01\/D4D0CD3D-7A7C-4EA7-8839-35D380C5B441-1.jpeg","datePublished":"2022-01-08T15:39:07+00:00","breadcrumb":{"@id":"https:\/\/continuamosmx.com\/index.php\/2022\/01\/08\/biciverde-impulsa-agenda-de-movilidad-segura-y-sustentable-en-edomex\/#breadcrumb"},"inLanguage":"es","potentialAction":[{"@type":"ReadAction","target":["https:\/\/continuamosmx.com\/index.php\/2022\/01\/08\/biciverde-impulsa-agenda-de-movilidad-segura-y-sustentable-en-edomex\/"]}]},{"@type":"ImageObject","inLanguage":"es","@id":"https:\/\/continuamosmx.com\/index.php\/2022\/01\/08\/biciverde-impulsa-agenda-de-movilidad-segura-y-sustentable-en-edomex\/#primaryimage","url":"https:\/\/continuamosmx.com\/wp-content\/uploads\/2022\/01\/D4D0CD3D-7A7C-4EA7-8839-35D380C5B441-1.jpeg","contentUrl":"https:\/\/continuamosmx.com\/wp-content\/uploads\/2022\/01\/D4D0CD3D-7A7C-4EA7-8839-35D380C5B441-1.jpeg","width":682,"height":682},{"@type":"BreadcrumbList","@id":"https:\/\/continuamosmx.com\/index.php\/2022\/01\/08\/biciverde-impulsa-agenda-de-movilidad-segura-y-sustentable-en-edomex\/#breadcrumb","itemListElement":[{"@type":"ListItem","position":1,"name":"Inicio","item":"https:\/\/continuamosmx.com\/"},{"@type":"ListItem","position":2,"name":"BICIVERDE IMPULSA AGENDA DE MOVILIDAD SEGURA Y SUSTENTABLE EN EDOMEX"}]},{"@type":"WebSite","@id":"https:\/\/continuamosmx.com\/#website","url":"https:\/\/continuamosmx.com\/","name":"www.continuamosmx.com","description":"","publisher":{"@id":"https:\/\/continuamosmx.com\/#organization"},"potentialAction":[{"@type":"SearchAction","target":{"@type":"EntryPoint","urlTemplate":"https:\/\/continuamosmx.com\/?s={search_term_string}"},"query-input":{"@type":"PropertyValueSpecification","valueRequired":true,"valueName":"search_term_string"}}],"inLanguage":"es"},{"@type":"Organization","@id":"https:\/\/continuamosmx.com\/#organization","name":"ContinuamosMX","url":"https:\/\/continuamosmx.com\/","logo":{"@type":"ImageObject","inLanguage":"es","@id":"https:\/\/continuamosmx.com\/#\/schema\/logo\/image\/","url":"https:\/\/continuamosmx.com\/wp-content\/uploads\/2023\/04\/cropped-LOGO-CONTI-NUEVO.png","contentUrl":"https:\/\/continuamosmx.com\/wp-content\/uploads\/2023\/04\/cropped-LOGO-CONTI-NUEVO.png","width":1257,"height":430,"caption":"ContinuamosMX"},"image":{"@id":"https:\/\/continuamosmx.com\/#\/schema\/logo\/image\/"}},{"@type":"Person","@id":"https:\/\/continuamosmx.com\/#\/schema\/person\/5eb5356acb1fad784da407d14f0e8d89","name":"Continuamos MX","image":{"@type":"ImageObject","inLanguage":"es","@id":"https:\/\/secure.gravatar.com\/avatar\/30d4f9723476a15f4da34d35fb3501f08d2357016c76051c6a85c354c7489589?s=96&d=mm&r=g","url":"https:\/\/secure.gravatar.com\/avatar\/30d4f9723476a15f4da34d35fb3501f08d2357016c76051c6a85c354c7489589?s=96&d=mm&r=g","contentUrl":"https:\/\/secure.gravatar.com\/avatar\/30d4f9723476a15f4da34d35fb3501f08d2357016c76051c6a85c354c7489589?s=96&d=mm&r=g","caption":"Continuamos MX"},"sameAs":["http:\/\/www.continuamos.mx"],"url":"https:\/\/continuamosmx.com\/index.php\/author\/continuamos\/"}]}},"_links":{"self":[{"href":"https:\/\/continuamosmx.com\/index.php\/wp-json\/wp\/v2\/posts\/43420","targetHints":{"allow":["GET"]}}],"collection":[{"href":"https:\/\/continuamosmx.com\/index.php\/wp-json\/wp\/v2\/posts"}],"about":[{"href":"https:\/\/continuamosmx.com\/index.php\/wp-json\/wp\/v2\/types\/post"}],"author":[{"embeddable":true,"href":"https:\/\/continuamosmx.com\/index.php\/wp-json\/wp\/v2\/users\/6"}],"replies":[{"embeddable":true,"href":"https:\/\/continuamosmx.com\/index.php\/wp-json\/wp\/v2\/comments?post=43420"}],"version-history":[{"count":0,"href":"https:\/\/continuamosmx.com\/index.php\/wp-json\/wp\/v2\/posts\/43420\/revisions"}],"wp:featuredmedia":[{"embeddable":true,"href":"https:\/\/continuamosmx.com\/index.php\/wp-json\/wp\/v2\/media\/32194"}],"wp:attachment":[{"href":"https:\/\/continuamosmx.com\/index.php\/wp-json\/wp\/v2\/media?parent=43420"}],"wp:term":[{"taxonomy":"category","embeddable":true,"href":"https:\/\/continuamosmx.com\/index.php\/wp-json\/wp\/v2\/categories?post=43420"},{"taxonomy":"post_tag","embeddable":true,"href":"https:\/\/continuamosmx.com\/index.php\/wp-json\/wp\/v2\/tags?post=43420"}],"curies":[{"name":"wp","href":"https:\/\/api.w.org\/{rel}","templated":true}]}}