{"id":43407,"date":"2022-01-07T07:17:11","date_gmt":"2022-01-07T07:17:11","guid":{"rendered":"https:\/\/continuamos.mx\/?p=32153"},"modified":"2022-01-07T07:17:11","modified_gmt":"2022-01-07T07:17:11","slug":"arranca-estrategia-para-aplicacion-de-refuerzo-anti-covid-para-personal-educativo","status":"publish","type":"post","link":"https:\/\/continuamosmx.com\/index.php\/2022\/01\/07\/arranca-estrategia-para-aplicacion-de-refuerzo-anti-covid-para-personal-educativo\/","title":{"rendered":"ARRANCA ESTRATEGIA PARA APLICACI\u00d3N DE REFUERZO ANTI COVID PARA PERSONAL EDUCATIVO"},"content":{"rendered":"\n<blockquote class=\"wp-block-quote is-layout-flow wp-block-quote-is-layout-flow\"><p>*<strong> Podr\u00e1n inmunizarse quienes hayan sido vacunados con la v<\/strong>acuna Cansino durante el mes de mayo de 2021<\/p><\/blockquote>\n\n\n\n<p>TOLUCA.- Como parte de la Estrategia Conjunta de Vacunaci\u00f3n contra COVID-19 que llevan a cabo los Gobiernos de M\u00e9xico y del Estado de M\u00e9xico, el pr\u00f3ximo s\u00e1bado 8 de enero inicia la aplicaci\u00f3n de la dosis de refuerzo al personal del Sector Educativo que haya sido inmunizado con la vacuna Cansino durante el mes de mayo de 2021 en la entidad mexiquense.<\/p>\n\n\n\n<p>Para agilizar la aplicaci\u00f3n, autoridades informaron que a partir del jueves 6 de enero qued\u00f3 habilitado el sitio <a href=\"http:\/\/miges.edugem.gob.mx\/vacunacion\/\">http:\/\/miges.edugem.gob.mx\/vacunacion\/<\/a>, en donde el personal podr\u00e1 validar y obtener mayor informaci\u00f3n sobre el proceso de vacunaci\u00f3n.<\/p>\n\n\n\n<p>Agregaron que las jornadas se llevar\u00e1n a cabo de manera regional bajo el siguiente calendario:<\/p>\n\n\n\n<p>Regi\u00f3n 11, Almoloya de Alquisiras, Coatepec Harinas, Ixtapan de la Sal, Joquicingo, Malinalco, Ocuilan, Sultepec, Tenancingo, Texcaltitl\u00e1n, Tonatico, Villa Guerrero, Zacualpan y Zumpahuac\u00e1n. Sede: CBT Calm\u00e9cac Ixtapan de la Sal y&nbsp; Tecnol\u00f3gico de Estudios Superiores de Villa Guerrero, fecha 8 y 9 de enero.<\/p>\n\n\n\n<p>Regi\u00f3n 12, Amanalco, Donato Guerra, Ixtapan del Oro, Otzoloapan, Santo Tom\u00e1s, Valle de Bravo, Villa de Allende, Villa Victoria y Zacazonapan,. Sede: Plantel CONALEP de Villa Victoria y Tecnol\u00f3gico de Estudios Superiores Valle de Bravo., fecha&nbsp; 8 y 9 de enero.<\/p>\n\n\n\n<p>Regi\u00f3n 13, Aculco, Chapa de Mota, Jilotepec, Polotitl\u00e1n, Soyaniquilpan de Ju\u00e1rez, Timilpan y Villa del Carb\u00f3n, Sede:&nbsp; Preparatoria Oficial Anexa a la Normal de Jilotepec y&nbsp; Tecnol\u00f3gico de Estudios Superiores de Jilotepec, fecha 8 y 9 de enero.<\/p>\n\n\n\n<p>De manera inicial, solamente el personal del Sector Educativo perteneciente a los municipios de las regiones 11, 12 y 13 podr\u00e1 ingresar a la plataforma utilizando su CURP; una vez validados sus datos, recibir\u00e1n indicaciones con la fecha, hora y sede en que ser\u00e1n vacunados.<\/p>\n\n\n\n<p>El d\u00eda de la aplicaci\u00f3n deber\u00e1n presentarse 15 minutos antes de la hora indicada con su identificaci\u00f3n oficial, los formatos impresos y requisitados, as\u00ed como un c\u00f3digo QR que agilizar\u00e1 su acceso, tr\u00e1nsito y salida del m\u00f3dulo asignado.<\/p>\n\n\n\n<p>Se recomienda puntualidad y presentarse en el horario, fecha y m\u00f3dulo asignados para no exponerse a largas filas o aglomeraciones que pongan en riesgo su salud, adem\u00e1s de acudir desayunados o comidos, en caso de estar en tratamiento por alguna enfermedad, tomar puntualmente sus medicamentos, y acatar las medidas preventivas como son uso obligatorio de cubrebocas y\/o goggles o careta, lavado de manos, uso de gel antibacterial y respetar la sana distancia.<\/p>\n\n\n\n<p>Es importante mencionar que, en estas primeras jornadas, se vacunar\u00e1 \u00fanicamente al personal del Sector Educativo de planteles ubicados en los municipios de las regiones 11, 12 y 13, en pr\u00f3ximos d\u00edas se informar\u00e1, a trav\u00e9s de los medios oficiales de comunicaci\u00f3n, en qu\u00e9 regiones, fechas y sedes continuar\u00e1 la inmunizaci\u00f3n.<\/p>\n","protected":false},"excerpt":{"rendered":"<p>* Podr\u00e1n inmunizarse quienes hayan sido vacunados con la vacuna Cansino durante el mes de mayo de 2021 TOLUCA.- Como parte de la Estrategia Conjunta de Vacunaci\u00f3n contra COVID-19 que llevan a cabo los Gobiernos de M\u00e9xico y del Estado de M\u00e9xico, el pr\u00f3ximo s\u00e1bado 8 de enero inicia la aplicaci\u00f3n de la dosis de [&hellip;]<\/p>\n","protected":false},"author":6,"featured_media":0,"comment_status":"closed","ping_status":"open","sticky":false,"template":"","format":"standard","meta":{"footnotes":""},"categories":[2,17],"tags":[],"class_list":["post-43407","post","type-post","status-publish","format-standard","hentry","category-edomex","category-salud"],"yoast_head":"<!-- This site is optimized with the Yoast SEO plugin v27.5 - https:\/\/yoast.com\/product\/yoast-seo-wordpress\/ -->\n<title>ARRANCA ESTRATEGIA PARA APLICACI\u00d3N DE REFUERZO ANTI COVID PARA PERSONAL EDUCATIVO -<\/title>\n<meta name=\"robots\" content=\"index, follow, max-snippet:-1, max-image-preview:large, max-video-preview:-1\" \/>\n<link rel=\"canonical\" href=\"https:\/\/continuamosmx.com\/index.php\/2022\/01\/07\/arranca-estrategia-para-aplicacion-de-refuerzo-anti-covid-para-personal-educativo\/\" \/>\n<meta property=\"og:locale\" content=\"es_ES\" \/>\n<meta property=\"og:type\" content=\"article\" \/>\n<meta property=\"og:title\" content=\"ARRANCA ESTRATEGIA PARA APLICACI\u00d3N DE REFUERZO ANTI COVID PARA PERSONAL EDUCATIVO -\" \/>\n<meta property=\"og:description\" content=\"* Podr\u00e1n inmunizarse quienes hayan sido vacunados con la vacuna Cansino durante el mes de mayo de 2021 TOLUCA.- Como parte de la Estrategia Conjunta de Vacunaci\u00f3n contra COVID-19 que llevan a cabo los Gobiernos de M\u00e9xico y del Estado de M\u00e9xico, el pr\u00f3ximo s\u00e1bado 8 de enero inicia la aplicaci\u00f3n de la dosis de [&hellip;]\" \/>\n<meta property=\"og:url\" content=\"https:\/\/continuamosmx.com\/index.php\/2022\/01\/07\/arranca-estrategia-para-aplicacion-de-refuerzo-anti-covid-para-personal-educativo\/\" \/>\n<meta property=\"article:published_time\" content=\"2022-01-07T07:17:11+00:00\" \/>\n<meta name=\"author\" content=\"Continuamos MX\" \/>\n<meta name=\"twitter:card\" content=\"summary_large_image\" \/>\n<meta name=\"twitter:label1\" content=\"Escrito por\" \/>\n\t<meta name=\"twitter:data1\" content=\"Continuamos MX\" \/>\n\t<meta name=\"twitter:label2\" content=\"Tiempo de lectura\" \/>\n\t<meta name=\"twitter:data2\" content=\"2 minutos\" \/>\n<script type=\"application\/ld+json\" class=\"yoast-schema-graph\">{\"@context\":\"https:\\\/\\\/schema.org\",\"@graph\":[{\"@type\":\"Article\",\"@id\":\"https:\\\/\\\/continuamosmx.com\\\/index.php\\\/2022\\\/01\\\/07\\\/arranca-estrategia-para-aplicacion-de-refuerzo-anti-covid-para-personal-educativo\\\/#article\",\"isPartOf\":{\"@id\":\"https:\\\/\\\/continuamosmx.com\\\/index.php\\\/2022\\\/01\\\/07\\\/arranca-estrategia-para-aplicacion-de-refuerzo-anti-covid-para-personal-educativo\\\/\"},\"author\":{\"name\":\"Continuamos MX\",\"@id\":\"https:\\\/\\\/continuamosmx.com\\\/#\\\/schema\\\/person\\\/5eb5356acb1fad784da407d14f0e8d89\"},\"headline\":\"ARRANCA ESTRATEGIA PARA APLICACI\u00d3N DE REFUERZO ANTI COVID PARA PERSONAL EDUCATIVO\",\"datePublished\":\"2022-01-07T07:17:11+00:00\",\"mainEntityOfPage\":{\"@id\":\"https:\\\/\\\/continuamosmx.com\\\/index.php\\\/2022\\\/01\\\/07\\\/arranca-estrategia-para-aplicacion-de-refuerzo-anti-covid-para-personal-educativo\\\/\"},\"wordCount\":500,\"publisher\":{\"@id\":\"https:\\\/\\\/continuamosmx.com\\\/#organization\"},\"articleSection\":[\"EDOMEX\",\"SALUD\"],\"inLanguage\":\"es\"},{\"@type\":\"WebPage\",\"@id\":\"https:\\\/\\\/continuamosmx.com\\\/index.php\\\/2022\\\/01\\\/07\\\/arranca-estrategia-para-aplicacion-de-refuerzo-anti-covid-para-personal-educativo\\\/\",\"url\":\"https:\\\/\\\/continuamosmx.com\\\/index.php\\\/2022\\\/01\\\/07\\\/arranca-estrategia-para-aplicacion-de-refuerzo-anti-covid-para-personal-educativo\\\/\",\"name\":\"ARRANCA ESTRATEGIA PARA APLICACI\u00d3N DE REFUERZO ANTI COVID PARA PERSONAL EDUCATIVO -\",\"isPartOf\":{\"@id\":\"https:\\\/\\\/continuamosmx.com\\\/#website\"},\"datePublished\":\"2022-01-07T07:17:11+00:00\",\"breadcrumb\":{\"@id\":\"https:\\\/\\\/continuamosmx.com\\\/index.php\\\/2022\\\/01\\\/07\\\/arranca-estrategia-para-aplicacion-de-refuerzo-anti-covid-para-personal-educativo\\\/#breadcrumb\"},\"inLanguage\":\"es\",\"potentialAction\":[{\"@type\":\"ReadAction\",\"target\":[\"https:\\\/\\\/continuamosmx.com\\\/index.php\\\/2022\\\/01\\\/07\\\/arranca-estrategia-para-aplicacion-de-refuerzo-anti-covid-para-personal-educativo\\\/\"]}]},{\"@type\":\"BreadcrumbList\",\"@id\":\"https:\\\/\\\/continuamosmx.com\\\/index.php\\\/2022\\\/01\\\/07\\\/arranca-estrategia-para-aplicacion-de-refuerzo-anti-covid-para-personal-educativo\\\/#breadcrumb\",\"itemListElement\":[{\"@type\":\"ListItem\",\"position\":1,\"name\":\"Inicio\",\"item\":\"https:\\\/\\\/continuamosmx.com\\\/\"},{\"@type\":\"ListItem\",\"position\":2,\"name\":\"ARRANCA ESTRATEGIA PARA APLICACI\u00d3N DE REFUERZO ANTI COVID PARA PERSONAL EDUCATIVO\"}]},{\"@type\":\"WebSite\",\"@id\":\"https:\\\/\\\/continuamosmx.com\\\/#website\",\"url\":\"https:\\\/\\\/continuamosmx.com\\\/\",\"name\":\"www.continuamosmx.com\",\"description\":\"\",\"publisher\":{\"@id\":\"https:\\\/\\\/continuamosmx.com\\\/#organization\"},\"potentialAction\":[{\"@type\":\"SearchAction\",\"target\":{\"@type\":\"EntryPoint\",\"urlTemplate\":\"https:\\\/\\\/continuamosmx.com\\\/?s={search_term_string}\"},\"query-input\":{\"@type\":\"PropertyValueSpecification\",\"valueRequired\":true,\"valueName\":\"search_term_string\"}}],\"inLanguage\":\"es\"},{\"@type\":\"Organization\",\"@id\":\"https:\\\/\\\/continuamosmx.com\\\/#organization\",\"name\":\"ContinuamosMX\",\"url\":\"https:\\\/\\\/continuamosmx.com\\\/\",\"logo\":{\"@type\":\"ImageObject\",\"inLanguage\":\"es\",\"@id\":\"https:\\\/\\\/continuamosmx.com\\\/#\\\/schema\\\/logo\\\/image\\\/\",\"url\":\"https:\\\/\\\/continuamosmx.com\\\/wp-content\\\/uploads\\\/2023\\\/04\\\/cropped-LOGO-CONTI-NUEVO.png\",\"contentUrl\":\"https:\\\/\\\/continuamosmx.com\\\/wp-content\\\/uploads\\\/2023\\\/04\\\/cropped-LOGO-CONTI-NUEVO.png\",\"width\":1257,\"height\":430,\"caption\":\"ContinuamosMX\"},\"image\":{\"@id\":\"https:\\\/\\\/continuamosmx.com\\\/#\\\/schema\\\/logo\\\/image\\\/\"}},{\"@type\":\"Person\",\"@id\":\"https:\\\/\\\/continuamosmx.com\\\/#\\\/schema\\\/person\\\/5eb5356acb1fad784da407d14f0e8d89\",\"name\":\"Continuamos MX\",\"image\":{\"@type\":\"ImageObject\",\"inLanguage\":\"es\",\"@id\":\"https:\\\/\\\/secure.gravatar.com\\\/avatar\\\/30d4f9723476a15f4da34d35fb3501f08d2357016c76051c6a85c354c7489589?s=96&d=mm&r=g\",\"url\":\"https:\\\/\\\/secure.gravatar.com\\\/avatar\\\/30d4f9723476a15f4da34d35fb3501f08d2357016c76051c6a85c354c7489589?s=96&d=mm&r=g\",\"contentUrl\":\"https:\\\/\\\/secure.gravatar.com\\\/avatar\\\/30d4f9723476a15f4da34d35fb3501f08d2357016c76051c6a85c354c7489589?s=96&d=mm&r=g\",\"caption\":\"Continuamos MX\"},\"sameAs\":[\"http:\\\/\\\/www.continuamos.mx\"],\"url\":\"https:\\\/\\\/continuamosmx.com\\\/index.php\\\/author\\\/continuamos\\\/\"}]}<\/script>\n<!-- \/ Yoast SEO plugin. -->","yoast_head_json":{"title":"ARRANCA ESTRATEGIA PARA APLICACI\u00d3N DE REFUERZO ANTI COVID PARA PERSONAL EDUCATIVO -","robots":{"index":"index","follow":"follow","max-snippet":"max-snippet:-1","max-image-preview":"max-image-preview:large","max-video-preview":"max-video-preview:-1"},"canonical":"https:\/\/continuamosmx.com\/index.php\/2022\/01\/07\/arranca-estrategia-para-aplicacion-de-refuerzo-anti-covid-para-personal-educativo\/","og_locale":"es_ES","og_type":"article","og_title":"ARRANCA ESTRATEGIA PARA APLICACI\u00d3N DE REFUERZO ANTI COVID PARA PERSONAL EDUCATIVO -","og_description":"* Podr\u00e1n inmunizarse quienes hayan sido vacunados con la vacuna Cansino durante el mes de mayo de 2021 TOLUCA.- Como parte de la Estrategia Conjunta de Vacunaci\u00f3n contra COVID-19 que llevan a cabo los Gobiernos de M\u00e9xico y del Estado de M\u00e9xico, el pr\u00f3ximo s\u00e1bado 8 de enero inicia la aplicaci\u00f3n de la dosis de [&hellip;]","og_url":"https:\/\/continuamosmx.com\/index.php\/2022\/01\/07\/arranca-estrategia-para-aplicacion-de-refuerzo-anti-covid-para-personal-educativo\/","article_published_time":"2022-01-07T07:17:11+00:00","author":"Continuamos MX","twitter_card":"summary_large_image","twitter_misc":{"Escrito por":"Continuamos MX","Tiempo de lectura":"2 minutos"},"schema":{"@context":"https:\/\/schema.org","@graph":[{"@type":"Article","@id":"https:\/\/continuamosmx.com\/index.php\/2022\/01\/07\/arranca-estrategia-para-aplicacion-de-refuerzo-anti-covid-para-personal-educativo\/#article","isPartOf":{"@id":"https:\/\/continuamosmx.com\/index.php\/2022\/01\/07\/arranca-estrategia-para-aplicacion-de-refuerzo-anti-covid-para-personal-educativo\/"},"author":{"name":"Continuamos MX","@id":"https:\/\/continuamosmx.com\/#\/schema\/person\/5eb5356acb1fad784da407d14f0e8d89"},"headline":"ARRANCA ESTRATEGIA PARA APLICACI\u00d3N DE REFUERZO ANTI COVID PARA PERSONAL EDUCATIVO","datePublished":"2022-01-07T07:17:11+00:00","mainEntityOfPage":{"@id":"https:\/\/continuamosmx.com\/index.php\/2022\/01\/07\/arranca-estrategia-para-aplicacion-de-refuerzo-anti-covid-para-personal-educativo\/"},"wordCount":500,"publisher":{"@id":"https:\/\/continuamosmx.com\/#organization"},"articleSection":["EDOMEX","SALUD"],"inLanguage":"es"},{"@type":"WebPage","@id":"https:\/\/continuamosmx.com\/index.php\/2022\/01\/07\/arranca-estrategia-para-aplicacion-de-refuerzo-anti-covid-para-personal-educativo\/","url":"https:\/\/continuamosmx.com\/index.php\/2022\/01\/07\/arranca-estrategia-para-aplicacion-de-refuerzo-anti-covid-para-personal-educativo\/","name":"ARRANCA ESTRATEGIA PARA APLICACI\u00d3N DE REFUERZO ANTI COVID PARA PERSONAL EDUCATIVO -","isPartOf":{"@id":"https:\/\/continuamosmx.com\/#website"},"datePublished":"2022-01-07T07:17:11+00:00","breadcrumb":{"@id":"https:\/\/continuamosmx.com\/index.php\/2022\/01\/07\/arranca-estrategia-para-aplicacion-de-refuerzo-anti-covid-para-personal-educativo\/#breadcrumb"},"inLanguage":"es","potentialAction":[{"@type":"ReadAction","target":["https:\/\/continuamosmx.com\/index.php\/2022\/01\/07\/arranca-estrategia-para-aplicacion-de-refuerzo-anti-covid-para-personal-educativo\/"]}]},{"@type":"BreadcrumbList","@id":"https:\/\/continuamosmx.com\/index.php\/2022\/01\/07\/arranca-estrategia-para-aplicacion-de-refuerzo-anti-covid-para-personal-educativo\/#breadcrumb","itemListElement":[{"@type":"ListItem","position":1,"name":"Inicio","item":"https:\/\/continuamosmx.com\/"},{"@type":"ListItem","position":2,"name":"ARRANCA ESTRATEGIA PARA APLICACI\u00d3N DE REFUERZO ANTI COVID PARA PERSONAL EDUCATIVO"}]},{"@type":"WebSite","@id":"https:\/\/continuamosmx.com\/#website","url":"https:\/\/continuamosmx.com\/","name":"www.continuamosmx.com","description":"","publisher":{"@id":"https:\/\/continuamosmx.com\/#organization"},"potentialAction":[{"@type":"SearchAction","target":{"@type":"EntryPoint","urlTemplate":"https:\/\/continuamosmx.com\/?s={search_term_string}"},"query-input":{"@type":"PropertyValueSpecification","valueRequired":true,"valueName":"search_term_string"}}],"inLanguage":"es"},{"@type":"Organization","@id":"https:\/\/continuamosmx.com\/#organization","name":"ContinuamosMX","url":"https:\/\/continuamosmx.com\/","logo":{"@type":"ImageObject","inLanguage":"es","@id":"https:\/\/continuamosmx.com\/#\/schema\/logo\/image\/","url":"https:\/\/continuamosmx.com\/wp-content\/uploads\/2023\/04\/cropped-LOGO-CONTI-NUEVO.png","contentUrl":"https:\/\/continuamosmx.com\/wp-content\/uploads\/2023\/04\/cropped-LOGO-CONTI-NUEVO.png","width":1257,"height":430,"caption":"ContinuamosMX"},"image":{"@id":"https:\/\/continuamosmx.com\/#\/schema\/logo\/image\/"}},{"@type":"Person","@id":"https:\/\/continuamosmx.com\/#\/schema\/person\/5eb5356acb1fad784da407d14f0e8d89","name":"Continuamos MX","image":{"@type":"ImageObject","inLanguage":"es","@id":"https:\/\/secure.gravatar.com\/avatar\/30d4f9723476a15f4da34d35fb3501f08d2357016c76051c6a85c354c7489589?s=96&d=mm&r=g","url":"https:\/\/secure.gravatar.com\/avatar\/30d4f9723476a15f4da34d35fb3501f08d2357016c76051c6a85c354c7489589?s=96&d=mm&r=g","contentUrl":"https:\/\/secure.gravatar.com\/avatar\/30d4f9723476a15f4da34d35fb3501f08d2357016c76051c6a85c354c7489589?s=96&d=mm&r=g","caption":"Continuamos MX"},"sameAs":["http:\/\/www.continuamos.mx"],"url":"https:\/\/continuamosmx.com\/index.php\/author\/continuamos\/"}]}},"_links":{"self":[{"href":"https:\/\/continuamosmx.com\/index.php\/wp-json\/wp\/v2\/posts\/43407","targetHints":{"allow":["GET"]}}],"collection":[{"href":"https:\/\/continuamosmx.com\/index.php\/wp-json\/wp\/v2\/posts"}],"about":[{"href":"https:\/\/continuamosmx.com\/index.php\/wp-json\/wp\/v2\/types\/post"}],"author":[{"embeddable":true,"href":"https:\/\/continuamosmx.com\/index.php\/wp-json\/wp\/v2\/users\/6"}],"replies":[{"embeddable":true,"href":"https:\/\/continuamosmx.com\/index.php\/wp-json\/wp\/v2\/comments?post=43407"}],"version-history":[{"count":0,"href":"https:\/\/continuamosmx.com\/index.php\/wp-json\/wp\/v2\/posts\/43407\/revisions"}],"wp:attachment":[{"href":"https:\/\/continuamosmx.com\/index.php\/wp-json\/wp\/v2\/media?parent=43407"}],"wp:term":[{"taxonomy":"category","embeddable":true,"href":"https:\/\/continuamosmx.com\/index.php\/wp-json\/wp\/v2\/categories?post=43407"},{"taxonomy":"post_tag","embeddable":true,"href":"https:\/\/continuamosmx.com\/index.php\/wp-json\/wp\/v2\/tags?post=43407"}],"curies":[{"name":"wp","href":"https:\/\/api.w.org\/{rel}","templated":true}]}}