{"id":43400,"date":"2022-01-07T06:48:02","date_gmt":"2022-01-07T06:48:02","guid":{"rendered":"https:\/\/continuamos.mx\/?p=32127"},"modified":"2022-01-07T06:48:02","modified_gmt":"2022-01-07T06:48:02","slug":"en-acolman-reciben-adolescentes-segundadosis-de-vacuna-anti-covid","status":"publish","type":"post","link":"https:\/\/continuamosmx.com\/index.php\/2022\/01\/07\/en-acolman-reciben-adolescentes-segundadosis-de-vacuna-anti-covid\/","title":{"rendered":"EN ACOLMAN RECIBEN ADOLESCENTES SEGUNDADOSIS DE VACUNA ANTI COVID"},"content":{"rendered":"\n<blockquote class=\"wp-block-quote is-layout-flow wp-block-quote-is-layout-flow\"><p><strong>Los menores de 15 a 17 a\u00f1os acudieron al gimnasio municipal para ser inoculados<\/strong><\/p><\/blockquote>\n\n\n\n<p>ACOLMAN,M\u00e9x.- Desde temprana hora, adolescentes de entre 15 a 17 a\u00f1os que residen en el municipio de Acolman acudieron, acompa\u00f1ados de sus padres, al gimnasio municipal de la cabecera para recibir la segunda dosis del ant\u00edgeno Pfizer, en donde fueron recibidos por alrededor de 100 personas del sector salud para llevar a cabo la inoculaci\u00f3n.<\/p>\n\n\n\n<p>Autoridades municipales reconocieron que los j\u00f3venes acudieron gracias a la convocatoria lanzada a trav\u00e9s de las p\u00e1ginas de Facebook Gobierno Municipal de Acolman, y a la coordinaci\u00f3n entre personal del Ayuntamiento, Sector Salud y servidores de la Naci\u00f3n, donde se espera que en esta jornada de atenci\u00f3n se apliquen 7 mil vacunas, incluyendo a los nacidos en 2007 que cumplen 15 a\u00f1os durante 2022.<\/p>\n\n\n\n<p>Cabe destacar que, la jornada de vacunaci\u00f3n culminar\u00e1 el d\u00eda de ma\u00f1ana, por lo que se recuerda a los adolescentes acolmenses acudir acompa\u00f1ados de su padre o tutor, traer el comprobante de registro impreso el cual pueden descargar de la p\u00e1gina mivacuna.salud.gob.mx, y copia del CURP o acta de nacimiento del adolescente que se vacunar\u00e1.<\/p>\n\n\n\n<p>Se les recomienda asistir bien desayunados o comidos dependiendo de la hora a la que asistan, bien hidratados y portar prendas con las que les sea f\u00e1cil descubrirse el brazo, adem\u00e1s de cubrebocas y, de ser posible, careta.<\/p>\n\n\n\n<figure class=\"wp-block-image size-full is-resized\"><img loading=\"lazy\" decoding=\"async\" src=\"http:\/\/continuamos.mx\/wp-content\/uploads\/2022\/01\/acolman-2.jpg\" alt=\"\" class=\"wp-image-32129\" width=\"823\" height=\"463\"\/><\/figure>\n","protected":false},"excerpt":{"rendered":"<p>Los menores de 15 a 17 a\u00f1os acudieron al gimnasio municipal para ser inoculados ACOLMAN,M\u00e9x.- Desde temprana hora, adolescentes de entre 15 a 17 a\u00f1os que residen en el municipio de Acolman acudieron, acompa\u00f1ados de sus padres, al gimnasio municipal de la cabecera para recibir la segunda dosis del ant\u00edgeno Pfizer, en donde fueron recibidos [&hellip;]<\/p>\n","protected":false},"author":6,"featured_media":32128,"comment_status":"closed","ping_status":"open","sticky":false,"template":"","format":"standard","meta":{"footnotes":""},"categories":[13,4],"tags":[],"class_list":["post-43400","post","type-post","status-publish","format-standard","has-post-thumbnail","hentry","category-acolman","category-locales"],"yoast_head":"<!-- This site is optimized with the Yoast SEO plugin v27.5 - https:\/\/yoast.com\/product\/yoast-seo-wordpress\/ -->\n<title>EN ACOLMAN RECIBEN ADOLESCENTES SEGUNDADOSIS DE VACUNA ANTI COVID -<\/title>\n<meta name=\"robots\" content=\"index, follow, max-snippet:-1, max-image-preview:large, max-video-preview:-1\" \/>\n<link rel=\"canonical\" href=\"https:\/\/continuamosmx.com\/index.php\/2022\/01\/07\/en-acolman-reciben-adolescentes-segundadosis-de-vacuna-anti-covid\/\" \/>\n<meta property=\"og:locale\" content=\"es_ES\" \/>\n<meta property=\"og:type\" content=\"article\" \/>\n<meta property=\"og:title\" content=\"EN ACOLMAN RECIBEN ADOLESCENTES SEGUNDADOSIS DE VACUNA ANTI COVID -\" \/>\n<meta property=\"og:description\" content=\"Los menores de 15 a 17 a\u00f1os acudieron al gimnasio municipal para ser inoculados ACOLMAN,M\u00e9x.- Desde temprana hora, adolescentes de entre 15 a 17 a\u00f1os que residen en el municipio de Acolman acudieron, acompa\u00f1ados de sus padres, al gimnasio municipal de la cabecera para recibir la segunda dosis del ant\u00edgeno Pfizer, en donde fueron recibidos [&hellip;]\" \/>\n<meta property=\"og:url\" content=\"https:\/\/continuamosmx.com\/index.php\/2022\/01\/07\/en-acolman-reciben-adolescentes-segundadosis-de-vacuna-anti-covid\/\" \/>\n<meta property=\"article:published_time\" content=\"2022-01-07T06:48:02+00:00\" \/>\n<meta property=\"og:image\" content=\"http:\/\/continuamos.mx\/wp-content\/uploads\/2022\/01\/acolman-2.jpg\" \/>\n<meta name=\"author\" content=\"Continuamos MX\" \/>\n<meta name=\"twitter:card\" content=\"summary_large_image\" \/>\n<meta name=\"twitter:label1\" content=\"Escrito por\" \/>\n\t<meta name=\"twitter:data1\" content=\"Continuamos MX\" \/>\n\t<meta name=\"twitter:label2\" content=\"Tiempo de lectura\" \/>\n\t<meta name=\"twitter:data2\" content=\"1 minuto\" \/>\n<script type=\"application\/ld+json\" class=\"yoast-schema-graph\">{\"@context\":\"https:\\\/\\\/schema.org\",\"@graph\":[{\"@type\":\"Article\",\"@id\":\"https:\\\/\\\/continuamosmx.com\\\/index.php\\\/2022\\\/01\\\/07\\\/en-acolman-reciben-adolescentes-segundadosis-de-vacuna-anti-covid\\\/#article\",\"isPartOf\":{\"@id\":\"https:\\\/\\\/continuamosmx.com\\\/index.php\\\/2022\\\/01\\\/07\\\/en-acolman-reciben-adolescentes-segundadosis-de-vacuna-anti-covid\\\/\"},\"author\":{\"name\":\"Continuamos MX\",\"@id\":\"https:\\\/\\\/continuamosmx.com\\\/#\\\/schema\\\/person\\\/5eb5356acb1fad784da407d14f0e8d89\"},\"headline\":\"EN ACOLMAN RECIBEN ADOLESCENTES SEGUNDADOSIS DE VACUNA ANTI COVID\",\"datePublished\":\"2022-01-07T06:48:02+00:00\",\"mainEntityOfPage\":{\"@id\":\"https:\\\/\\\/continuamosmx.com\\\/index.php\\\/2022\\\/01\\\/07\\\/en-acolman-reciben-adolescentes-segundadosis-de-vacuna-anti-covid\\\/\"},\"wordCount\":251,\"publisher\":{\"@id\":\"https:\\\/\\\/continuamosmx.com\\\/#organization\"},\"image\":{\"@id\":\"https:\\\/\\\/continuamosmx.com\\\/index.php\\\/2022\\\/01\\\/07\\\/en-acolman-reciben-adolescentes-segundadosis-de-vacuna-anti-covid\\\/#primaryimage\"},\"thumbnailUrl\":\"https:\\\/\\\/continuamosmx.com\\\/wp-content\\\/uploads\\\/2022\\\/01\\\/aniversario-1.jpg\",\"articleSection\":[\"ACOLMAN\",\"LOCALES\"],\"inLanguage\":\"es\"},{\"@type\":\"WebPage\",\"@id\":\"https:\\\/\\\/continuamosmx.com\\\/index.php\\\/2022\\\/01\\\/07\\\/en-acolman-reciben-adolescentes-segundadosis-de-vacuna-anti-covid\\\/\",\"url\":\"https:\\\/\\\/continuamosmx.com\\\/index.php\\\/2022\\\/01\\\/07\\\/en-acolman-reciben-adolescentes-segundadosis-de-vacuna-anti-covid\\\/\",\"name\":\"EN ACOLMAN RECIBEN ADOLESCENTES SEGUNDADOSIS DE VACUNA ANTI COVID -\",\"isPartOf\":{\"@id\":\"https:\\\/\\\/continuamosmx.com\\\/#website\"},\"primaryImageOfPage\":{\"@id\":\"https:\\\/\\\/continuamosmx.com\\\/index.php\\\/2022\\\/01\\\/07\\\/en-acolman-reciben-adolescentes-segundadosis-de-vacuna-anti-covid\\\/#primaryimage\"},\"image\":{\"@id\":\"https:\\\/\\\/continuamosmx.com\\\/index.php\\\/2022\\\/01\\\/07\\\/en-acolman-reciben-adolescentes-segundadosis-de-vacuna-anti-covid\\\/#primaryimage\"},\"thumbnailUrl\":\"https:\\\/\\\/continuamosmx.com\\\/wp-content\\\/uploads\\\/2022\\\/01\\\/aniversario-1.jpg\",\"datePublished\":\"2022-01-07T06:48:02+00:00\",\"breadcrumb\":{\"@id\":\"https:\\\/\\\/continuamosmx.com\\\/index.php\\\/2022\\\/01\\\/07\\\/en-acolman-reciben-adolescentes-segundadosis-de-vacuna-anti-covid\\\/#breadcrumb\"},\"inLanguage\":\"es\",\"potentialAction\":[{\"@type\":\"ReadAction\",\"target\":[\"https:\\\/\\\/continuamosmx.com\\\/index.php\\\/2022\\\/01\\\/07\\\/en-acolman-reciben-adolescentes-segundadosis-de-vacuna-anti-covid\\\/\"]}]},{\"@type\":\"ImageObject\",\"inLanguage\":\"es\",\"@id\":\"https:\\\/\\\/continuamosmx.com\\\/index.php\\\/2022\\\/01\\\/07\\\/en-acolman-reciben-adolescentes-segundadosis-de-vacuna-anti-covid\\\/#primaryimage\",\"url\":\"https:\\\/\\\/continuamosmx.com\\\/wp-content\\\/uploads\\\/2022\\\/01\\\/aniversario-1.jpg\",\"contentUrl\":\"https:\\\/\\\/continuamosmx.com\\\/wp-content\\\/uploads\\\/2022\\\/01\\\/aniversario-1.jpg\",\"width\":480,\"height\":360},{\"@type\":\"BreadcrumbList\",\"@id\":\"https:\\\/\\\/continuamosmx.com\\\/index.php\\\/2022\\\/01\\\/07\\\/en-acolman-reciben-adolescentes-segundadosis-de-vacuna-anti-covid\\\/#breadcrumb\",\"itemListElement\":[{\"@type\":\"ListItem\",\"position\":1,\"name\":\"Inicio\",\"item\":\"https:\\\/\\\/continuamosmx.com\\\/\"},{\"@type\":\"ListItem\",\"position\":2,\"name\":\"EN ACOLMAN RECIBEN ADOLESCENTES SEGUNDADOSIS DE VACUNA ANTI COVID\"}]},{\"@type\":\"WebSite\",\"@id\":\"https:\\\/\\\/continuamosmx.com\\\/#website\",\"url\":\"https:\\\/\\\/continuamosmx.com\\\/\",\"name\":\"www.continuamosmx.com\",\"description\":\"\",\"publisher\":{\"@id\":\"https:\\\/\\\/continuamosmx.com\\\/#organization\"},\"potentialAction\":[{\"@type\":\"SearchAction\",\"target\":{\"@type\":\"EntryPoint\",\"urlTemplate\":\"https:\\\/\\\/continuamosmx.com\\\/?s={search_term_string}\"},\"query-input\":{\"@type\":\"PropertyValueSpecification\",\"valueRequired\":true,\"valueName\":\"search_term_string\"}}],\"inLanguage\":\"es\"},{\"@type\":\"Organization\",\"@id\":\"https:\\\/\\\/continuamosmx.com\\\/#organization\",\"name\":\"ContinuamosMX\",\"url\":\"https:\\\/\\\/continuamosmx.com\\\/\",\"logo\":{\"@type\":\"ImageObject\",\"inLanguage\":\"es\",\"@id\":\"https:\\\/\\\/continuamosmx.com\\\/#\\\/schema\\\/logo\\\/image\\\/\",\"url\":\"https:\\\/\\\/continuamosmx.com\\\/wp-content\\\/uploads\\\/2023\\\/04\\\/cropped-LOGO-CONTI-NUEVO.png\",\"contentUrl\":\"https:\\\/\\\/continuamosmx.com\\\/wp-content\\\/uploads\\\/2023\\\/04\\\/cropped-LOGO-CONTI-NUEVO.png\",\"width\":1257,\"height\":430,\"caption\":\"ContinuamosMX\"},\"image\":{\"@id\":\"https:\\\/\\\/continuamosmx.com\\\/#\\\/schema\\\/logo\\\/image\\\/\"}},{\"@type\":\"Person\",\"@id\":\"https:\\\/\\\/continuamosmx.com\\\/#\\\/schema\\\/person\\\/5eb5356acb1fad784da407d14f0e8d89\",\"name\":\"Continuamos MX\",\"image\":{\"@type\":\"ImageObject\",\"inLanguage\":\"es\",\"@id\":\"https:\\\/\\\/secure.gravatar.com\\\/avatar\\\/30d4f9723476a15f4da34d35fb3501f08d2357016c76051c6a85c354c7489589?s=96&d=mm&r=g\",\"url\":\"https:\\\/\\\/secure.gravatar.com\\\/avatar\\\/30d4f9723476a15f4da34d35fb3501f08d2357016c76051c6a85c354c7489589?s=96&d=mm&r=g\",\"contentUrl\":\"https:\\\/\\\/secure.gravatar.com\\\/avatar\\\/30d4f9723476a15f4da34d35fb3501f08d2357016c76051c6a85c354c7489589?s=96&d=mm&r=g\",\"caption\":\"Continuamos MX\"},\"sameAs\":[\"http:\\\/\\\/www.continuamos.mx\"],\"url\":\"https:\\\/\\\/continuamosmx.com\\\/index.php\\\/author\\\/continuamos\\\/\"}]}<\/script>\n<!-- \/ Yoast SEO plugin. -->","yoast_head_json":{"title":"EN ACOLMAN RECIBEN ADOLESCENTES SEGUNDADOSIS DE VACUNA ANTI COVID -","robots":{"index":"index","follow":"follow","max-snippet":"max-snippet:-1","max-image-preview":"max-image-preview:large","max-video-preview":"max-video-preview:-1"},"canonical":"https:\/\/continuamosmx.com\/index.php\/2022\/01\/07\/en-acolman-reciben-adolescentes-segundadosis-de-vacuna-anti-covid\/","og_locale":"es_ES","og_type":"article","og_title":"EN ACOLMAN RECIBEN ADOLESCENTES SEGUNDADOSIS DE VACUNA ANTI COVID -","og_description":"Los menores de 15 a 17 a\u00f1os acudieron al gimnasio municipal para ser inoculados ACOLMAN,M\u00e9x.- Desde temprana hora, adolescentes de entre 15 a 17 a\u00f1os que residen en el municipio de Acolman acudieron, acompa\u00f1ados de sus padres, al gimnasio municipal de la cabecera para recibir la segunda dosis del ant\u00edgeno Pfizer, en donde fueron recibidos [&hellip;]","og_url":"https:\/\/continuamosmx.com\/index.php\/2022\/01\/07\/en-acolman-reciben-adolescentes-segundadosis-de-vacuna-anti-covid\/","article_published_time":"2022-01-07T06:48:02+00:00","og_image":[{"url":"http:\/\/continuamos.mx\/wp-content\/uploads\/2022\/01\/acolman-2.jpg","type":"","width":"","height":""}],"author":"Continuamos MX","twitter_card":"summary_large_image","twitter_misc":{"Escrito por":"Continuamos MX","Tiempo de lectura":"1 minuto"},"schema":{"@context":"https:\/\/schema.org","@graph":[{"@type":"Article","@id":"https:\/\/continuamosmx.com\/index.php\/2022\/01\/07\/en-acolman-reciben-adolescentes-segundadosis-de-vacuna-anti-covid\/#article","isPartOf":{"@id":"https:\/\/continuamosmx.com\/index.php\/2022\/01\/07\/en-acolman-reciben-adolescentes-segundadosis-de-vacuna-anti-covid\/"},"author":{"name":"Continuamos MX","@id":"https:\/\/continuamosmx.com\/#\/schema\/person\/5eb5356acb1fad784da407d14f0e8d89"},"headline":"EN ACOLMAN RECIBEN ADOLESCENTES SEGUNDADOSIS DE VACUNA ANTI COVID","datePublished":"2022-01-07T06:48:02+00:00","mainEntityOfPage":{"@id":"https:\/\/continuamosmx.com\/index.php\/2022\/01\/07\/en-acolman-reciben-adolescentes-segundadosis-de-vacuna-anti-covid\/"},"wordCount":251,"publisher":{"@id":"https:\/\/continuamosmx.com\/#organization"},"image":{"@id":"https:\/\/continuamosmx.com\/index.php\/2022\/01\/07\/en-acolman-reciben-adolescentes-segundadosis-de-vacuna-anti-covid\/#primaryimage"},"thumbnailUrl":"https:\/\/continuamosmx.com\/wp-content\/uploads\/2022\/01\/aniversario-1.jpg","articleSection":["ACOLMAN","LOCALES"],"inLanguage":"es"},{"@type":"WebPage","@id":"https:\/\/continuamosmx.com\/index.php\/2022\/01\/07\/en-acolman-reciben-adolescentes-segundadosis-de-vacuna-anti-covid\/","url":"https:\/\/continuamosmx.com\/index.php\/2022\/01\/07\/en-acolman-reciben-adolescentes-segundadosis-de-vacuna-anti-covid\/","name":"EN ACOLMAN RECIBEN ADOLESCENTES SEGUNDADOSIS DE VACUNA ANTI COVID -","isPartOf":{"@id":"https:\/\/continuamosmx.com\/#website"},"primaryImageOfPage":{"@id":"https:\/\/continuamosmx.com\/index.php\/2022\/01\/07\/en-acolman-reciben-adolescentes-segundadosis-de-vacuna-anti-covid\/#primaryimage"},"image":{"@id":"https:\/\/continuamosmx.com\/index.php\/2022\/01\/07\/en-acolman-reciben-adolescentes-segundadosis-de-vacuna-anti-covid\/#primaryimage"},"thumbnailUrl":"https:\/\/continuamosmx.com\/wp-content\/uploads\/2022\/01\/aniversario-1.jpg","datePublished":"2022-01-07T06:48:02+00:00","breadcrumb":{"@id":"https:\/\/continuamosmx.com\/index.php\/2022\/01\/07\/en-acolman-reciben-adolescentes-segundadosis-de-vacuna-anti-covid\/#breadcrumb"},"inLanguage":"es","potentialAction":[{"@type":"ReadAction","target":["https:\/\/continuamosmx.com\/index.php\/2022\/01\/07\/en-acolman-reciben-adolescentes-segundadosis-de-vacuna-anti-covid\/"]}]},{"@type":"ImageObject","inLanguage":"es","@id":"https:\/\/continuamosmx.com\/index.php\/2022\/01\/07\/en-acolman-reciben-adolescentes-segundadosis-de-vacuna-anti-covid\/#primaryimage","url":"https:\/\/continuamosmx.com\/wp-content\/uploads\/2022\/01\/aniversario-1.jpg","contentUrl":"https:\/\/continuamosmx.com\/wp-content\/uploads\/2022\/01\/aniversario-1.jpg","width":480,"height":360},{"@type":"BreadcrumbList","@id":"https:\/\/continuamosmx.com\/index.php\/2022\/01\/07\/en-acolman-reciben-adolescentes-segundadosis-de-vacuna-anti-covid\/#breadcrumb","itemListElement":[{"@type":"ListItem","position":1,"name":"Inicio","item":"https:\/\/continuamosmx.com\/"},{"@type":"ListItem","position":2,"name":"EN ACOLMAN RECIBEN ADOLESCENTES SEGUNDADOSIS DE VACUNA ANTI COVID"}]},{"@type":"WebSite","@id":"https:\/\/continuamosmx.com\/#website","url":"https:\/\/continuamosmx.com\/","name":"www.continuamosmx.com","description":"","publisher":{"@id":"https:\/\/continuamosmx.com\/#organization"},"potentialAction":[{"@type":"SearchAction","target":{"@type":"EntryPoint","urlTemplate":"https:\/\/continuamosmx.com\/?s={search_term_string}"},"query-input":{"@type":"PropertyValueSpecification","valueRequired":true,"valueName":"search_term_string"}}],"inLanguage":"es"},{"@type":"Organization","@id":"https:\/\/continuamosmx.com\/#organization","name":"ContinuamosMX","url":"https:\/\/continuamosmx.com\/","logo":{"@type":"ImageObject","inLanguage":"es","@id":"https:\/\/continuamosmx.com\/#\/schema\/logo\/image\/","url":"https:\/\/continuamosmx.com\/wp-content\/uploads\/2023\/04\/cropped-LOGO-CONTI-NUEVO.png","contentUrl":"https:\/\/continuamosmx.com\/wp-content\/uploads\/2023\/04\/cropped-LOGO-CONTI-NUEVO.png","width":1257,"height":430,"caption":"ContinuamosMX"},"image":{"@id":"https:\/\/continuamosmx.com\/#\/schema\/logo\/image\/"}},{"@type":"Person","@id":"https:\/\/continuamosmx.com\/#\/schema\/person\/5eb5356acb1fad784da407d14f0e8d89","name":"Continuamos MX","image":{"@type":"ImageObject","inLanguage":"es","@id":"https:\/\/secure.gravatar.com\/avatar\/30d4f9723476a15f4da34d35fb3501f08d2357016c76051c6a85c354c7489589?s=96&d=mm&r=g","url":"https:\/\/secure.gravatar.com\/avatar\/30d4f9723476a15f4da34d35fb3501f08d2357016c76051c6a85c354c7489589?s=96&d=mm&r=g","contentUrl":"https:\/\/secure.gravatar.com\/avatar\/30d4f9723476a15f4da34d35fb3501f08d2357016c76051c6a85c354c7489589?s=96&d=mm&r=g","caption":"Continuamos MX"},"sameAs":["http:\/\/www.continuamos.mx"],"url":"https:\/\/continuamosmx.com\/index.php\/author\/continuamos\/"}]}},"_links":{"self":[{"href":"https:\/\/continuamosmx.com\/index.php\/wp-json\/wp\/v2\/posts\/43400","targetHints":{"allow":["GET"]}}],"collection":[{"href":"https:\/\/continuamosmx.com\/index.php\/wp-json\/wp\/v2\/posts"}],"about":[{"href":"https:\/\/continuamosmx.com\/index.php\/wp-json\/wp\/v2\/types\/post"}],"author":[{"embeddable":true,"href":"https:\/\/continuamosmx.com\/index.php\/wp-json\/wp\/v2\/users\/6"}],"replies":[{"embeddable":true,"href":"https:\/\/continuamosmx.com\/index.php\/wp-json\/wp\/v2\/comments?post=43400"}],"version-history":[{"count":0,"href":"https:\/\/continuamosmx.com\/index.php\/wp-json\/wp\/v2\/posts\/43400\/revisions"}],"wp:featuredmedia":[{"embeddable":true,"href":"https:\/\/continuamosmx.com\/index.php\/wp-json\/wp\/v2\/media\/32128"}],"wp:attachment":[{"href":"https:\/\/continuamosmx.com\/index.php\/wp-json\/wp\/v2\/media?parent=43400"}],"wp:term":[{"taxonomy":"category","embeddable":true,"href":"https:\/\/continuamosmx.com\/index.php\/wp-json\/wp\/v2\/categories?post=43400"},{"taxonomy":"post_tag","embeddable":true,"href":"https:\/\/continuamosmx.com\/index.php\/wp-json\/wp\/v2\/tags?post=43400"}],"curies":[{"name":"wp","href":"https:\/\/api.w.org\/{rel}","templated":true}]}}