{"id":43398,"date":"2022-01-07T06:38:39","date_gmt":"2022-01-07T06:38:39","guid":{"rendered":"https:\/\/continuamos.mx\/?p=32120"},"modified":"2022-01-07T06:38:39","modified_gmt":"2022-01-07T06:38:39","slug":"dictan-11-anos-de-carcel-a-sujeto-que-abuso-de-una-menor","status":"publish","type":"post","link":"https:\/\/continuamosmx.com\/index.php\/2022\/01\/07\/dictan-11-anos-de-carcel-a-sujeto-que-abuso-de-una-menor\/","title":{"rendered":"DICTAN 11 A\u00d1OS DE C\u00c1RCEL A SUJETO QUE ABUS\u00d3 DE UNA MENOR"},"content":{"rendered":"\n<p>TOLUCA, M\u00e9x.- El Ministerio P\u00fablico de la Fiscal\u00eda Central de Delitos Vinculados a la Violencia de G\u00e9nero de esta Fiscal\u00eda General de Justicia Estatal (FGJEM) obtuvo una sentencia condenatoria de 11 a\u00f1os y seis de prisi\u00f3n para Maximino Luis Esquivel, tras acreditar su participaci\u00f3n en el delito de abuso sexual en agravio de una menor de cuatro a\u00f1os de edad.<\/p>\n\n\n\n<p>Un Juez con sede en Almoloya de Ju\u00e1rez adem\u00e1s le fij\u00f3 multas de 52 mil pesos y 84 mil 499 pesos como reparaci\u00f3n del da\u00f1o, aunado a que sus derechos civiles y pol\u00edticos quedaron suspendidos.<\/p>\n\n\n\n<p>La indagatoria iniciada por este delito permiti\u00f3 establecer que el d\u00eda 19 de mayo del a\u00f1o 2019 la menor de edad se encontraba al cuidado de su abuelo paterno, en un inmueble de la colonia San Lucas Tunco, en el municipio de Metepec. En alg\u00fan momento este individuo le realiz\u00f3 tocamientos en las partes \u00edntimas.<\/p>\n\n\n\n<p>La v\u00edctima cont\u00f3 lo ocurrido a su madre, por ello fueron denunciados estos hechos ante la Fiscal\u00eda Estatal; el Agente del Ministerio P\u00fablico integr\u00f3 la carpeta de investigaci\u00f3n respectiva por estos hechos y con el avance en la indagatoria fue posible la detenci\u00f3n del probable part\u00edcipe.<\/p>\n\n\n\n<p>Tras ser aprehendido este individuo fue ingresado al Centro Penitenciario y de Reinserci\u00f3n Social de Santiaguito, en Almoloya de Ju\u00e1rez, donde un Juez previo proceso legal, le dict\u00f3 esta condena.<\/p>\n","protected":false},"excerpt":{"rendered":"<p>TOLUCA, M\u00e9x.- El Ministerio P\u00fablico de la Fiscal\u00eda Central de Delitos Vinculados a la Violencia de G\u00e9nero de esta Fiscal\u00eda General de Justicia Estatal (FGJEM) obtuvo una sentencia condenatoria de 11 a\u00f1os y seis de prisi\u00f3n para Maximino Luis Esquivel, tras acreditar su participaci\u00f3n en el delito de abuso sexual en agravio de una menor [&hellip;]<\/p>\n","protected":false},"author":6,"featured_media":32121,"comment_status":"closed","ping_status":"open","sticky":false,"template":"","format":"standard","meta":{"footnotes":""},"categories":[48],"tags":[],"class_list":["post-43398","post","type-post","status-publish","format-standard","has-post-thumbnail","hentry","category-policiaca"],"yoast_head":"<!-- This site is optimized with the Yoast SEO plugin v27.5 - https:\/\/yoast.com\/product\/yoast-seo-wordpress\/ -->\n<title>DICTAN 11 A\u00d1OS DE C\u00c1RCEL A SUJETO QUE ABUS\u00d3 DE UNA MENOR -<\/title>\n<meta name=\"robots\" content=\"index, follow, max-snippet:-1, max-image-preview:large, max-video-preview:-1\" \/>\n<link rel=\"canonical\" href=\"https:\/\/continuamosmx.com\/index.php\/2022\/01\/07\/dictan-11-anos-de-carcel-a-sujeto-que-abuso-de-una-menor\/\" \/>\n<meta property=\"og:locale\" content=\"es_ES\" \/>\n<meta property=\"og:type\" content=\"article\" \/>\n<meta property=\"og:title\" content=\"DICTAN 11 A\u00d1OS DE C\u00c1RCEL A SUJETO QUE ABUS\u00d3 DE UNA MENOR -\" \/>\n<meta property=\"og:description\" content=\"TOLUCA, M\u00e9x.- El Ministerio P\u00fablico de la Fiscal\u00eda Central de Delitos Vinculados a la Violencia de G\u00e9nero de esta Fiscal\u00eda General de Justicia Estatal (FGJEM) obtuvo una sentencia condenatoria de 11 a\u00f1os y seis de prisi\u00f3n para Maximino Luis Esquivel, tras acreditar su participaci\u00f3n en el delito de abuso sexual en agravio de una menor [&hellip;]\" \/>\n<meta property=\"og:url\" content=\"https:\/\/continuamosmx.com\/index.php\/2022\/01\/07\/dictan-11-anos-de-carcel-a-sujeto-que-abuso-de-una-menor\/\" \/>\n<meta property=\"article:published_time\" content=\"2022-01-07T06:38:39+00:00\" \/>\n<meta name=\"author\" content=\"Continuamos MX\" \/>\n<meta name=\"twitter:card\" content=\"summary_large_image\" \/>\n<meta name=\"twitter:label1\" content=\"Escrito por\" \/>\n\t<meta name=\"twitter:data1\" content=\"Continuamos MX\" \/>\n\t<meta name=\"twitter:label2\" content=\"Tiempo de lectura\" \/>\n\t<meta name=\"twitter:data2\" content=\"1 minuto\" \/>\n<script type=\"application\/ld+json\" class=\"yoast-schema-graph\">{\"@context\":\"https:\\\/\\\/schema.org\",\"@graph\":[{\"@type\":\"Article\",\"@id\":\"https:\\\/\\\/continuamosmx.com\\\/index.php\\\/2022\\\/01\\\/07\\\/dictan-11-anos-de-carcel-a-sujeto-que-abuso-de-una-menor\\\/#article\",\"isPartOf\":{\"@id\":\"https:\\\/\\\/continuamosmx.com\\\/index.php\\\/2022\\\/01\\\/07\\\/dictan-11-anos-de-carcel-a-sujeto-que-abuso-de-una-menor\\\/\"},\"author\":{\"name\":\"Continuamos MX\",\"@id\":\"https:\\\/\\\/continuamosmx.com\\\/#\\\/schema\\\/person\\\/5eb5356acb1fad784da407d14f0e8d89\"},\"headline\":\"DICTAN 11 A\u00d1OS DE C\u00c1RCEL A SUJETO QUE ABUS\u00d3 DE UNA MENOR\",\"datePublished\":\"2022-01-07T06:38:39+00:00\",\"mainEntityOfPage\":{\"@id\":\"https:\\\/\\\/continuamosmx.com\\\/index.php\\\/2022\\\/01\\\/07\\\/dictan-11-anos-de-carcel-a-sujeto-que-abuso-de-una-menor\\\/\"},\"wordCount\":259,\"publisher\":{\"@id\":\"https:\\\/\\\/continuamosmx.com\\\/#organization\"},\"image\":{\"@id\":\"https:\\\/\\\/continuamosmx.com\\\/index.php\\\/2022\\\/01\\\/07\\\/dictan-11-anos-de-carcel-a-sujeto-que-abuso-de-una-menor\\\/#primaryimage\"},\"thumbnailUrl\":\"https:\\\/\\\/continuamosmx.com\\\/wp-content\\\/uploads\\\/2022\\\/01\\\/col-dr-2-1.jpg\",\"articleSection\":[\"POLICIACA\"],\"inLanguage\":\"es\"},{\"@type\":\"WebPage\",\"@id\":\"https:\\\/\\\/continuamosmx.com\\\/index.php\\\/2022\\\/01\\\/07\\\/dictan-11-anos-de-carcel-a-sujeto-que-abuso-de-una-menor\\\/\",\"url\":\"https:\\\/\\\/continuamosmx.com\\\/index.php\\\/2022\\\/01\\\/07\\\/dictan-11-anos-de-carcel-a-sujeto-que-abuso-de-una-menor\\\/\",\"name\":\"DICTAN 11 A\u00d1OS DE C\u00c1RCEL A SUJETO QUE ABUS\u00d3 DE UNA MENOR -\",\"isPartOf\":{\"@id\":\"https:\\\/\\\/continuamosmx.com\\\/#website\"},\"primaryImageOfPage\":{\"@id\":\"https:\\\/\\\/continuamosmx.com\\\/index.php\\\/2022\\\/01\\\/07\\\/dictan-11-anos-de-carcel-a-sujeto-que-abuso-de-una-menor\\\/#primaryimage\"},\"image\":{\"@id\":\"https:\\\/\\\/continuamosmx.com\\\/index.php\\\/2022\\\/01\\\/07\\\/dictan-11-anos-de-carcel-a-sujeto-que-abuso-de-una-menor\\\/#primaryimage\"},\"thumbnailUrl\":\"https:\\\/\\\/continuamosmx.com\\\/wp-content\\\/uploads\\\/2022\\\/01\\\/col-dr-2-1.jpg\",\"datePublished\":\"2022-01-07T06:38:39+00:00\",\"breadcrumb\":{\"@id\":\"https:\\\/\\\/continuamosmx.com\\\/index.php\\\/2022\\\/01\\\/07\\\/dictan-11-anos-de-carcel-a-sujeto-que-abuso-de-una-menor\\\/#breadcrumb\"},\"inLanguage\":\"es\",\"potentialAction\":[{\"@type\":\"ReadAction\",\"target\":[\"https:\\\/\\\/continuamosmx.com\\\/index.php\\\/2022\\\/01\\\/07\\\/dictan-11-anos-de-carcel-a-sujeto-que-abuso-de-una-menor\\\/\"]}]},{\"@type\":\"ImageObject\",\"inLanguage\":\"es\",\"@id\":\"https:\\\/\\\/continuamosmx.com\\\/index.php\\\/2022\\\/01\\\/07\\\/dictan-11-anos-de-carcel-a-sujeto-que-abuso-de-una-menor\\\/#primaryimage\",\"url\":\"https:\\\/\\\/continuamosmx.com\\\/wp-content\\\/uploads\\\/2022\\\/01\\\/col-dr-2-1.jpg\",\"contentUrl\":\"https:\\\/\\\/continuamosmx.com\\\/wp-content\\\/uploads\\\/2022\\\/01\\\/col-dr-2-1.jpg\",\"width\":286,\"height\":355},{\"@type\":\"BreadcrumbList\",\"@id\":\"https:\\\/\\\/continuamosmx.com\\\/index.php\\\/2022\\\/01\\\/07\\\/dictan-11-anos-de-carcel-a-sujeto-que-abuso-de-una-menor\\\/#breadcrumb\",\"itemListElement\":[{\"@type\":\"ListItem\",\"position\":1,\"name\":\"Inicio\",\"item\":\"https:\\\/\\\/continuamosmx.com\\\/\"},{\"@type\":\"ListItem\",\"position\":2,\"name\":\"DICTAN 11 A\u00d1OS DE C\u00c1RCEL A SUJETO QUE ABUS\u00d3 DE UNA MENOR\"}]},{\"@type\":\"WebSite\",\"@id\":\"https:\\\/\\\/continuamosmx.com\\\/#website\",\"url\":\"https:\\\/\\\/continuamosmx.com\\\/\",\"name\":\"www.continuamosmx.com\",\"description\":\"\",\"publisher\":{\"@id\":\"https:\\\/\\\/continuamosmx.com\\\/#organization\"},\"potentialAction\":[{\"@type\":\"SearchAction\",\"target\":{\"@type\":\"EntryPoint\",\"urlTemplate\":\"https:\\\/\\\/continuamosmx.com\\\/?s={search_term_string}\"},\"query-input\":{\"@type\":\"PropertyValueSpecification\",\"valueRequired\":true,\"valueName\":\"search_term_string\"}}],\"inLanguage\":\"es\"},{\"@type\":\"Organization\",\"@id\":\"https:\\\/\\\/continuamosmx.com\\\/#organization\",\"name\":\"ContinuamosMX\",\"url\":\"https:\\\/\\\/continuamosmx.com\\\/\",\"logo\":{\"@type\":\"ImageObject\",\"inLanguage\":\"es\",\"@id\":\"https:\\\/\\\/continuamosmx.com\\\/#\\\/schema\\\/logo\\\/image\\\/\",\"url\":\"https:\\\/\\\/continuamosmx.com\\\/wp-content\\\/uploads\\\/2023\\\/04\\\/cropped-LOGO-CONTI-NUEVO.png\",\"contentUrl\":\"https:\\\/\\\/continuamosmx.com\\\/wp-content\\\/uploads\\\/2023\\\/04\\\/cropped-LOGO-CONTI-NUEVO.png\",\"width\":1257,\"height\":430,\"caption\":\"ContinuamosMX\"},\"image\":{\"@id\":\"https:\\\/\\\/continuamosmx.com\\\/#\\\/schema\\\/logo\\\/image\\\/\"}},{\"@type\":\"Person\",\"@id\":\"https:\\\/\\\/continuamosmx.com\\\/#\\\/schema\\\/person\\\/5eb5356acb1fad784da407d14f0e8d89\",\"name\":\"Continuamos MX\",\"image\":{\"@type\":\"ImageObject\",\"inLanguage\":\"es\",\"@id\":\"https:\\\/\\\/secure.gravatar.com\\\/avatar\\\/30d4f9723476a15f4da34d35fb3501f08d2357016c76051c6a85c354c7489589?s=96&d=mm&r=g\",\"url\":\"https:\\\/\\\/secure.gravatar.com\\\/avatar\\\/30d4f9723476a15f4da34d35fb3501f08d2357016c76051c6a85c354c7489589?s=96&d=mm&r=g\",\"contentUrl\":\"https:\\\/\\\/secure.gravatar.com\\\/avatar\\\/30d4f9723476a15f4da34d35fb3501f08d2357016c76051c6a85c354c7489589?s=96&d=mm&r=g\",\"caption\":\"Continuamos MX\"},\"sameAs\":[\"http:\\\/\\\/www.continuamos.mx\"],\"url\":\"https:\\\/\\\/continuamosmx.com\\\/index.php\\\/author\\\/continuamos\\\/\"}]}<\/script>\n<!-- \/ Yoast SEO plugin. -->","yoast_head_json":{"title":"DICTAN 11 A\u00d1OS DE C\u00c1RCEL A SUJETO QUE ABUS\u00d3 DE UNA MENOR -","robots":{"index":"index","follow":"follow","max-snippet":"max-snippet:-1","max-image-preview":"max-image-preview:large","max-video-preview":"max-video-preview:-1"},"canonical":"https:\/\/continuamosmx.com\/index.php\/2022\/01\/07\/dictan-11-anos-de-carcel-a-sujeto-que-abuso-de-una-menor\/","og_locale":"es_ES","og_type":"article","og_title":"DICTAN 11 A\u00d1OS DE C\u00c1RCEL A SUJETO QUE ABUS\u00d3 DE UNA MENOR -","og_description":"TOLUCA, M\u00e9x.- El Ministerio P\u00fablico de la Fiscal\u00eda Central de Delitos Vinculados a la Violencia de G\u00e9nero de esta Fiscal\u00eda General de Justicia Estatal (FGJEM) obtuvo una sentencia condenatoria de 11 a\u00f1os y seis de prisi\u00f3n para Maximino Luis Esquivel, tras acreditar su participaci\u00f3n en el delito de abuso sexual en agravio de una menor [&hellip;]","og_url":"https:\/\/continuamosmx.com\/index.php\/2022\/01\/07\/dictan-11-anos-de-carcel-a-sujeto-que-abuso-de-una-menor\/","article_published_time":"2022-01-07T06:38:39+00:00","author":"Continuamos MX","twitter_card":"summary_large_image","twitter_misc":{"Escrito por":"Continuamos MX","Tiempo de lectura":"1 minuto"},"schema":{"@context":"https:\/\/schema.org","@graph":[{"@type":"Article","@id":"https:\/\/continuamosmx.com\/index.php\/2022\/01\/07\/dictan-11-anos-de-carcel-a-sujeto-que-abuso-de-una-menor\/#article","isPartOf":{"@id":"https:\/\/continuamosmx.com\/index.php\/2022\/01\/07\/dictan-11-anos-de-carcel-a-sujeto-que-abuso-de-una-menor\/"},"author":{"name":"Continuamos MX","@id":"https:\/\/continuamosmx.com\/#\/schema\/person\/5eb5356acb1fad784da407d14f0e8d89"},"headline":"DICTAN 11 A\u00d1OS DE C\u00c1RCEL A SUJETO QUE ABUS\u00d3 DE UNA MENOR","datePublished":"2022-01-07T06:38:39+00:00","mainEntityOfPage":{"@id":"https:\/\/continuamosmx.com\/index.php\/2022\/01\/07\/dictan-11-anos-de-carcel-a-sujeto-que-abuso-de-una-menor\/"},"wordCount":259,"publisher":{"@id":"https:\/\/continuamosmx.com\/#organization"},"image":{"@id":"https:\/\/continuamosmx.com\/index.php\/2022\/01\/07\/dictan-11-anos-de-carcel-a-sujeto-que-abuso-de-una-menor\/#primaryimage"},"thumbnailUrl":"https:\/\/continuamosmx.com\/wp-content\/uploads\/2022\/01\/col-dr-2-1.jpg","articleSection":["POLICIACA"],"inLanguage":"es"},{"@type":"WebPage","@id":"https:\/\/continuamosmx.com\/index.php\/2022\/01\/07\/dictan-11-anos-de-carcel-a-sujeto-que-abuso-de-una-menor\/","url":"https:\/\/continuamosmx.com\/index.php\/2022\/01\/07\/dictan-11-anos-de-carcel-a-sujeto-que-abuso-de-una-menor\/","name":"DICTAN 11 A\u00d1OS DE C\u00c1RCEL A SUJETO QUE ABUS\u00d3 DE UNA MENOR -","isPartOf":{"@id":"https:\/\/continuamosmx.com\/#website"},"primaryImageOfPage":{"@id":"https:\/\/continuamosmx.com\/index.php\/2022\/01\/07\/dictan-11-anos-de-carcel-a-sujeto-que-abuso-de-una-menor\/#primaryimage"},"image":{"@id":"https:\/\/continuamosmx.com\/index.php\/2022\/01\/07\/dictan-11-anos-de-carcel-a-sujeto-que-abuso-de-una-menor\/#primaryimage"},"thumbnailUrl":"https:\/\/continuamosmx.com\/wp-content\/uploads\/2022\/01\/col-dr-2-1.jpg","datePublished":"2022-01-07T06:38:39+00:00","breadcrumb":{"@id":"https:\/\/continuamosmx.com\/index.php\/2022\/01\/07\/dictan-11-anos-de-carcel-a-sujeto-que-abuso-de-una-menor\/#breadcrumb"},"inLanguage":"es","potentialAction":[{"@type":"ReadAction","target":["https:\/\/continuamosmx.com\/index.php\/2022\/01\/07\/dictan-11-anos-de-carcel-a-sujeto-que-abuso-de-una-menor\/"]}]},{"@type":"ImageObject","inLanguage":"es","@id":"https:\/\/continuamosmx.com\/index.php\/2022\/01\/07\/dictan-11-anos-de-carcel-a-sujeto-que-abuso-de-una-menor\/#primaryimage","url":"https:\/\/continuamosmx.com\/wp-content\/uploads\/2022\/01\/col-dr-2-1.jpg","contentUrl":"https:\/\/continuamosmx.com\/wp-content\/uploads\/2022\/01\/col-dr-2-1.jpg","width":286,"height":355},{"@type":"BreadcrumbList","@id":"https:\/\/continuamosmx.com\/index.php\/2022\/01\/07\/dictan-11-anos-de-carcel-a-sujeto-que-abuso-de-una-menor\/#breadcrumb","itemListElement":[{"@type":"ListItem","position":1,"name":"Inicio","item":"https:\/\/continuamosmx.com\/"},{"@type":"ListItem","position":2,"name":"DICTAN 11 A\u00d1OS DE C\u00c1RCEL A SUJETO QUE ABUS\u00d3 DE UNA MENOR"}]},{"@type":"WebSite","@id":"https:\/\/continuamosmx.com\/#website","url":"https:\/\/continuamosmx.com\/","name":"www.continuamosmx.com","description":"","publisher":{"@id":"https:\/\/continuamosmx.com\/#organization"},"potentialAction":[{"@type":"SearchAction","target":{"@type":"EntryPoint","urlTemplate":"https:\/\/continuamosmx.com\/?s={search_term_string}"},"query-input":{"@type":"PropertyValueSpecification","valueRequired":true,"valueName":"search_term_string"}}],"inLanguage":"es"},{"@type":"Organization","@id":"https:\/\/continuamosmx.com\/#organization","name":"ContinuamosMX","url":"https:\/\/continuamosmx.com\/","logo":{"@type":"ImageObject","inLanguage":"es","@id":"https:\/\/continuamosmx.com\/#\/schema\/logo\/image\/","url":"https:\/\/continuamosmx.com\/wp-content\/uploads\/2023\/04\/cropped-LOGO-CONTI-NUEVO.png","contentUrl":"https:\/\/continuamosmx.com\/wp-content\/uploads\/2023\/04\/cropped-LOGO-CONTI-NUEVO.png","width":1257,"height":430,"caption":"ContinuamosMX"},"image":{"@id":"https:\/\/continuamosmx.com\/#\/schema\/logo\/image\/"}},{"@type":"Person","@id":"https:\/\/continuamosmx.com\/#\/schema\/person\/5eb5356acb1fad784da407d14f0e8d89","name":"Continuamos MX","image":{"@type":"ImageObject","inLanguage":"es","@id":"https:\/\/secure.gravatar.com\/avatar\/30d4f9723476a15f4da34d35fb3501f08d2357016c76051c6a85c354c7489589?s=96&d=mm&r=g","url":"https:\/\/secure.gravatar.com\/avatar\/30d4f9723476a15f4da34d35fb3501f08d2357016c76051c6a85c354c7489589?s=96&d=mm&r=g","contentUrl":"https:\/\/secure.gravatar.com\/avatar\/30d4f9723476a15f4da34d35fb3501f08d2357016c76051c6a85c354c7489589?s=96&d=mm&r=g","caption":"Continuamos MX"},"sameAs":["http:\/\/www.continuamos.mx"],"url":"https:\/\/continuamosmx.com\/index.php\/author\/continuamos\/"}]}},"_links":{"self":[{"href":"https:\/\/continuamosmx.com\/index.php\/wp-json\/wp\/v2\/posts\/43398","targetHints":{"allow":["GET"]}}],"collection":[{"href":"https:\/\/continuamosmx.com\/index.php\/wp-json\/wp\/v2\/posts"}],"about":[{"href":"https:\/\/continuamosmx.com\/index.php\/wp-json\/wp\/v2\/types\/post"}],"author":[{"embeddable":true,"href":"https:\/\/continuamosmx.com\/index.php\/wp-json\/wp\/v2\/users\/6"}],"replies":[{"embeddable":true,"href":"https:\/\/continuamosmx.com\/index.php\/wp-json\/wp\/v2\/comments?post=43398"}],"version-history":[{"count":0,"href":"https:\/\/continuamosmx.com\/index.php\/wp-json\/wp\/v2\/posts\/43398\/revisions"}],"wp:featuredmedia":[{"embeddable":true,"href":"https:\/\/continuamosmx.com\/index.php\/wp-json\/wp\/v2\/media\/32121"}],"wp:attachment":[{"href":"https:\/\/continuamosmx.com\/index.php\/wp-json\/wp\/v2\/media?parent=43398"}],"wp:term":[{"taxonomy":"category","embeddable":true,"href":"https:\/\/continuamosmx.com\/index.php\/wp-json\/wp\/v2\/categories?post=43398"},{"taxonomy":"post_tag","embeddable":true,"href":"https:\/\/continuamosmx.com\/index.php\/wp-json\/wp\/v2\/tags?post=43398"}],"curies":[{"name":"wp","href":"https:\/\/api.w.org\/{rel}","templated":true}]}}