{"id":43391,"date":"2022-01-06T08:00:16","date_gmt":"2022-01-06T08:00:16","guid":{"rendered":"https:\/\/continuamos.mx\/?p=32089"},"modified":"2022-01-06T08:00:16","modified_gmt":"2022-01-06T08:00:16","slug":"no-se-suspenderan-actividades-ante-alza-en-casos-covid-en-edomex","status":"publish","type":"post","link":"https:\/\/continuamosmx.com\/index.php\/2022\/01\/06\/no-se-suspenderan-actividades-ante-alza-en-casos-covid-en-edomex\/","title":{"rendered":"NO SE SUSPENDER\u00c1N ACTIVIDADES ANTE ALZA EN CASOS COVID EN EDOMEX"},"content":{"rendered":"\n<p>* Se deben mantener las medidas preventivas para evitar contagios, se\u00f1al\u00f3 el gobernador Alfredo Del Mazo<\/p>\n\n\n\n<p>* <strong>Refiere Gobernador que con 22 millones de dosis de vacunas contra el COVID-19, el Edom\u00e9x registra cerca del 88 por ciento de su poblaci\u00f3n inmunizada<\/strong><\/p>\n\n\n\n<p>* <strong>A partir del pr\u00f3ximo lunes comenzar\u00e1 en el Estado de M\u00e9xico la aplicaci\u00f3n de la dosis de refuerzo contra el coronavirus, a todos los docentes<\/strong><\/p>\n\n\n\n<p>EL ORO.- El Gobernador Alfredo Del Mazo Maza inform\u00f3 que a pesar de que el ritmo de contagios por COVID-19 aument\u00f3 en las \u00faltimas semanas debido a su nueva variante, la cantidad de hospitalizaciones no ha incrementado en el Estado de M\u00e9xico, y puntualiz\u00f3 que las actividades cotidianas deben continuar respetando las medidas preventivas, seguir con la vacunaci\u00f3n y llam\u00f3 a la ciudadan\u00eda a ser responsable ante esta enfermedad, en todo momento.<\/p>\n\n\n\n<p>\u201cAhora que estamos en este inicio de a\u00f1o y que hay mucha inquietud en lo que est\u00e1 pasando en la parte de COVID, sobre todo por esta nueva variante, hay que reconocer, uno, que s\u00ed es contagiosa, es muy contagiosa. Dos, que es importante estar vacunados para prevenir, si es que llegara a darles, poder tener menores s\u00edntomas, estar m\u00e1s al cuidado si es que llegara a darles y, tercero, que sigamos cuidando las medidas preventivas.<\/p>\n\n\n\n<p>\u201cEsto no debe hacer que frenemos actividades, que cerremos, que suspendamos; nada de eso, debemos de continuar con las actividades siendo cuidadosos, siendo responsables\u201d, puntualiz\u00f3 el Gobernador mexiquense.<\/p>\n\n\n\n<p>\u201cY al mismo tiempo les comparto que, as\u00ed como ha habido incremento en el n\u00famero de contagios, pr\u00e1cticamente en la hospitalizaci\u00f3n no tenemos casi incrementos en el n\u00famero de hospitalizaciones por COVID en el Estado de M\u00e9xico\u201d, enfatiz\u00f3.<\/p>\n\n\n\n<p>Asimismo, el Gobernador refiri\u00f3 que, con 22 millones de dosis de vacunas contra el coronavirus, el Edom\u00e9x registra cerca del 88 por ciento de su poblaci\u00f3n inmunizada cifra superior a la media nacional, y dijo que gracias a este trabajo se pueden retomar y mantener muchas de las actividades en la entidad.<\/p>\n\n\n\n<p>En este sentido, dio a conocer que el Sector Educativo estatal ha planteado un reinicio de clases m\u00e1s din\u00e1mico con el inicio de este a\u00f1o, por ello, inform\u00f3 que los docentes del Estado de M\u00e9xico comenzar\u00e1n a recibir la vacuna de refuerzo contra el COVID-19 a partir del pr\u00f3ximo lunes, y con ello brindarles una mayor protecci\u00f3n y tranquilidad al acudir a realizar su labor en las aulas.<\/p>\n\n\n\n<p>\u201cIniciamos a partir del pr\u00f3ximo lunes, estaremos iniciando ya con el refuerzo de la vacunaci\u00f3n para todo el personal docente del Estado de M\u00e9xico, esto nos permite cuidar, proteger a las maestras, a los maestros que est\u00e1n ya en las clases presenciales con los alumnos y que nos van a ayudar tambi\u00e9n a que cada vez sean m\u00e1s los alumnos que vayan regresando a las clases presenciales. Ahora con el inicio de a\u00f1o hemos planteado que este reinicio a clases sea cada vez m\u00e1s din\u00e1mico\u201d, sostuvo.<\/p>\n\n\n\n<p>En este contexto, el mandatario mexiquense explic\u00f3 que el regreso a clases, que se dio desde septiembre del a\u00f1o pasado, ha sido muy responsable y como resultado hay un n\u00famero muy bajo de casos contagiados, comparado con la matr\u00edcula educativa del estado.<\/p>\n\n\n\n<p>Por ello, reconoci\u00f3 el trabajo de las y los maestros, de padres de familia, y del personal del sector salud, ya que se ha logrado avanzar en el retorno de las actividades.<\/p>\n\n\n\n<p>Por otro lado, Alfredo Del Mazo entreg\u00f3 el Centro de Salud de El Oro, que brindar\u00e1 servicios m\u00e9dicos a la poblaci\u00f3n las comunidades de este municipio, y que forma parte de los 522 espacios de este tipo que se han rehabilitado en esta administraci\u00f3n, en todo el territorio mexiquense.<\/p>\n\n\n\n<p>Al respecto, agreg\u00f3 que la meta de su Gobierno es concluir la renovaci\u00f3n de los mil 221 Centros de Salud que hay en el Estado de M\u00e9xico, en el pr\u00f3ximo a\u00f1o y medio, adem\u00e1s de dotarlos del equipo y personal necesario para proveer a la poblaci\u00f3n una atenci\u00f3n de calidad.<\/p>\n\n\n\n<p>\u201cHemos impulsado un programa para dejar en buenas condiciones, para equipar, para rehabilitar, para construir tambi\u00e9n, para tener el abasto necesario y el personal m\u00e9dico necesario para atender los Centros de Salud que tenemos en el Estado de M\u00e9xico; tenemos mil 221 Centros de Atenci\u00f3n Primaria a la Salud o Centros de Salud en el Estado de M\u00e9xico.<\/p>\n\n\n\n<p>\u201cDe esos, hemos rehabilitado, con el d\u00eda de hoy el que estamos entregando, 522 y nuestro compromiso es rehabilitar todo, el 100 por ciento en el pr\u00f3ximo a\u00f1o y medio tenemos que estar terminando el rehabilitar los mil 221 Centros de Salud para dejarlos en buenas condiciones, con el equipo necesario, con los insumos para que quienes trabajan aqu\u00ed los puedan atender\u201d, enfatiz\u00f3.<\/p>\n\n\n\n<p>En el mensaje que dirigi\u00f3 a vecinas y vecinos beneficiarios de El Oro, al personal del Sector Salud, diputadas, diputados y servidores p\u00fablicos reunidos en las instalaciones de este Centro de Salud, el Gobernador Del Mazo dese\u00f3 un feliz a\u00f1o 2022 a las familias mexiquenses.<\/p>\n\n\n\n<p>\u201cAhora que estamos, todav\u00eda en esta primera semana del a\u00f1o, desearles un muy feliz a\u00f1o 2022 para todas ustedes, para todos ustedes y para sus familias, desearles lo mejor, sobre todo mucha salud, mucha salud para todas y todos ustedes y todas sus familias, much\u00edsimas gracias y muchas felicidades\u201d, expres\u00f3.<\/p>\n\n\n\n<p>En este evento, durante el que recorri\u00f3 espacios de este Centro de Salud, como la farmacia, los consultorios, el \u00e1rea de usos m\u00faltiples, entre otros, Del Mazo Maza salud\u00f3 a pacientes y a personal m\u00e9dico, y en su visita estuvo acompa\u00f1ado por Ruth Salazar Garc\u00eda, Alcaldesa de El Oro, Francisco Fern\u00e1ndez Clamont, Secretario de Salud, y Mercedes Col\u00edn Guadarrama, Secretar\u00eda del Campo estatal.<\/p>\n\n\n\n<p>En su mensaje, el tambi\u00e9n Director General del Instituto de Salud del Estado de M\u00e9xico (ISEM), Francisco Fern\u00e1ndez Clamont, subray\u00f3 que para el Gobernador Alfredo Del Mazo es prioritario impulsar la remodelaci\u00f3n de los Centros de Salud, ya que ah\u00ed se atiende la mayor\u00eda de los padecimientos de la poblaci\u00f3n y se promueve la medicina preventiva, lo que representa un menor gasto para el sector y para la ciudadan\u00eda.<\/p>\n","protected":false},"excerpt":{"rendered":"<p>* Se deben mantener las medidas preventivas para evitar contagios, se\u00f1al\u00f3 el gobernador Alfredo Del Mazo * Refiere Gobernador que con 22 millones de dosis de vacunas contra el COVID-19, el Edom\u00e9x registra cerca del 88 por ciento de su poblaci\u00f3n inmunizada * A partir del pr\u00f3ximo lunes comenzar\u00e1 en el Estado de M\u00e9xico la [&hellip;]<\/p>\n","protected":false},"author":6,"featured_media":32090,"comment_status":"closed","ping_status":"open","sticky":false,"template":"","format":"standard","meta":{"footnotes":""},"categories":[2],"tags":[],"class_list":["post-43391","post","type-post","status-publish","format-standard","has-post-thumbnail","hentry","category-edomex"],"yoast_head":"<!-- This site is optimized with the Yoast SEO plugin v27.5 - https:\/\/yoast.com\/product\/yoast-seo-wordpress\/ -->\n<title>NO SE SUSPENDER\u00c1N ACTIVIDADES ANTE ALZA EN CASOS COVID EN EDOMEX -<\/title>\n<meta name=\"robots\" content=\"index, follow, max-snippet:-1, max-image-preview:large, max-video-preview:-1\" \/>\n<link rel=\"canonical\" href=\"https:\/\/continuamosmx.com\/index.php\/2022\/01\/06\/no-se-suspenderan-actividades-ante-alza-en-casos-covid-en-edomex\/\" \/>\n<meta property=\"og:locale\" content=\"es_ES\" \/>\n<meta property=\"og:type\" content=\"article\" \/>\n<meta property=\"og:title\" content=\"NO SE SUSPENDER\u00c1N ACTIVIDADES ANTE ALZA EN CASOS COVID EN EDOMEX -\" \/>\n<meta property=\"og:description\" content=\"* Se deben mantener las medidas preventivas para evitar contagios, se\u00f1al\u00f3 el gobernador Alfredo Del Mazo * Refiere Gobernador que con 22 millones de dosis de vacunas contra el COVID-19, el Edom\u00e9x registra cerca del 88 por ciento de su poblaci\u00f3n inmunizada * A partir del pr\u00f3ximo lunes comenzar\u00e1 en el Estado de M\u00e9xico la [&hellip;]\" \/>\n<meta property=\"og:url\" content=\"https:\/\/continuamosmx.com\/index.php\/2022\/01\/06\/no-se-suspenderan-actividades-ante-alza-en-casos-covid-en-edomex\/\" \/>\n<meta property=\"article:published_time\" content=\"2022-01-06T08:00:16+00:00\" \/>\n<meta name=\"author\" content=\"Continuamos MX\" \/>\n<meta name=\"twitter:card\" content=\"summary_large_image\" \/>\n<meta name=\"twitter:label1\" content=\"Escrito por\" \/>\n\t<meta name=\"twitter:data1\" content=\"Continuamos MX\" \/>\n\t<meta name=\"twitter:label2\" content=\"Tiempo de lectura\" \/>\n\t<meta name=\"twitter:data2\" content=\"5 minutos\" \/>\n<script type=\"application\/ld+json\" class=\"yoast-schema-graph\">{\"@context\":\"https:\\\/\\\/schema.org\",\"@graph\":[{\"@type\":\"Article\",\"@id\":\"https:\\\/\\\/continuamosmx.com\\\/index.php\\\/2022\\\/01\\\/06\\\/no-se-suspenderan-actividades-ante-alza-en-casos-covid-en-edomex\\\/#article\",\"isPartOf\":{\"@id\":\"https:\\\/\\\/continuamosmx.com\\\/index.php\\\/2022\\\/01\\\/06\\\/no-se-suspenderan-actividades-ante-alza-en-casos-covid-en-edomex\\\/\"},\"author\":{\"name\":\"Continuamos MX\",\"@id\":\"https:\\\/\\\/continuamosmx.com\\\/#\\\/schema\\\/person\\\/5eb5356acb1fad784da407d14f0e8d89\"},\"headline\":\"NO SE SUSPENDER\u00c1N ACTIVIDADES ANTE ALZA EN CASOS COVID EN EDOMEX\",\"datePublished\":\"2022-01-06T08:00:16+00:00\",\"mainEntityOfPage\":{\"@id\":\"https:\\\/\\\/continuamosmx.com\\\/index.php\\\/2022\\\/01\\\/06\\\/no-se-suspenderan-actividades-ante-alza-en-casos-covid-en-edomex\\\/\"},\"wordCount\":1083,\"publisher\":{\"@id\":\"https:\\\/\\\/continuamosmx.com\\\/#organization\"},\"image\":{\"@id\":\"https:\\\/\\\/continuamosmx.com\\\/index.php\\\/2022\\\/01\\\/06\\\/no-se-suspenderan-actividades-ante-alza-en-casos-covid-en-edomex\\\/#primaryimage\"},\"thumbnailUrl\":\"https:\\\/\\\/continuamosmx.com\\\/wp-content\\\/uploads\\\/2022\\\/01\\\/texcoco-nota-uno-contra-3.jpg\",\"articleSection\":[\"EDOMEX\"],\"inLanguage\":\"es\"},{\"@type\":\"WebPage\",\"@id\":\"https:\\\/\\\/continuamosmx.com\\\/index.php\\\/2022\\\/01\\\/06\\\/no-se-suspenderan-actividades-ante-alza-en-casos-covid-en-edomex\\\/\",\"url\":\"https:\\\/\\\/continuamosmx.com\\\/index.php\\\/2022\\\/01\\\/06\\\/no-se-suspenderan-actividades-ante-alza-en-casos-covid-en-edomex\\\/\",\"name\":\"NO SE SUSPENDER\u00c1N ACTIVIDADES ANTE ALZA EN CASOS COVID EN EDOMEX -\",\"isPartOf\":{\"@id\":\"https:\\\/\\\/continuamosmx.com\\\/#website\"},\"primaryImageOfPage\":{\"@id\":\"https:\\\/\\\/continuamosmx.com\\\/index.php\\\/2022\\\/01\\\/06\\\/no-se-suspenderan-actividades-ante-alza-en-casos-covid-en-edomex\\\/#primaryimage\"},\"image\":{\"@id\":\"https:\\\/\\\/continuamosmx.com\\\/index.php\\\/2022\\\/01\\\/06\\\/no-se-suspenderan-actividades-ante-alza-en-casos-covid-en-edomex\\\/#primaryimage\"},\"thumbnailUrl\":\"https:\\\/\\\/continuamosmx.com\\\/wp-content\\\/uploads\\\/2022\\\/01\\\/texcoco-nota-uno-contra-3.jpg\",\"datePublished\":\"2022-01-06T08:00:16+00:00\",\"breadcrumb\":{\"@id\":\"https:\\\/\\\/continuamosmx.com\\\/index.php\\\/2022\\\/01\\\/06\\\/no-se-suspenderan-actividades-ante-alza-en-casos-covid-en-edomex\\\/#breadcrumb\"},\"inLanguage\":\"es\",\"potentialAction\":[{\"@type\":\"ReadAction\",\"target\":[\"https:\\\/\\\/continuamosmx.com\\\/index.php\\\/2022\\\/01\\\/06\\\/no-se-suspenderan-actividades-ante-alza-en-casos-covid-en-edomex\\\/\"]}]},{\"@type\":\"ImageObject\",\"inLanguage\":\"es\",\"@id\":\"https:\\\/\\\/continuamosmx.com\\\/index.php\\\/2022\\\/01\\\/06\\\/no-se-suspenderan-actividades-ante-alza-en-casos-covid-en-edomex\\\/#primaryimage\",\"url\":\"https:\\\/\\\/continuamosmx.com\\\/wp-content\\\/uploads\\\/2022\\\/01\\\/texcoco-nota-uno-contra-3.jpg\",\"contentUrl\":\"https:\\\/\\\/continuamosmx.com\\\/wp-content\\\/uploads\\\/2022\\\/01\\\/texcoco-nota-uno-contra-3.jpg\",\"width\":480,\"height\":360},{\"@type\":\"BreadcrumbList\",\"@id\":\"https:\\\/\\\/continuamosmx.com\\\/index.php\\\/2022\\\/01\\\/06\\\/no-se-suspenderan-actividades-ante-alza-en-casos-covid-en-edomex\\\/#breadcrumb\",\"itemListElement\":[{\"@type\":\"ListItem\",\"position\":1,\"name\":\"Inicio\",\"item\":\"https:\\\/\\\/continuamosmx.com\\\/\"},{\"@type\":\"ListItem\",\"position\":2,\"name\":\"NO SE SUSPENDER\u00c1N ACTIVIDADES ANTE ALZA EN CASOS COVID EN EDOMEX\"}]},{\"@type\":\"WebSite\",\"@id\":\"https:\\\/\\\/continuamosmx.com\\\/#website\",\"url\":\"https:\\\/\\\/continuamosmx.com\\\/\",\"name\":\"www.continuamosmx.com\",\"description\":\"\",\"publisher\":{\"@id\":\"https:\\\/\\\/continuamosmx.com\\\/#organization\"},\"potentialAction\":[{\"@type\":\"SearchAction\",\"target\":{\"@type\":\"EntryPoint\",\"urlTemplate\":\"https:\\\/\\\/continuamosmx.com\\\/?s={search_term_string}\"},\"query-input\":{\"@type\":\"PropertyValueSpecification\",\"valueRequired\":true,\"valueName\":\"search_term_string\"}}],\"inLanguage\":\"es\"},{\"@type\":\"Organization\",\"@id\":\"https:\\\/\\\/continuamosmx.com\\\/#organization\",\"name\":\"ContinuamosMX\",\"url\":\"https:\\\/\\\/continuamosmx.com\\\/\",\"logo\":{\"@type\":\"ImageObject\",\"inLanguage\":\"es\",\"@id\":\"https:\\\/\\\/continuamosmx.com\\\/#\\\/schema\\\/logo\\\/image\\\/\",\"url\":\"https:\\\/\\\/continuamosmx.com\\\/wp-content\\\/uploads\\\/2023\\\/04\\\/cropped-LOGO-CONTI-NUEVO.png\",\"contentUrl\":\"https:\\\/\\\/continuamosmx.com\\\/wp-content\\\/uploads\\\/2023\\\/04\\\/cropped-LOGO-CONTI-NUEVO.png\",\"width\":1257,\"height\":430,\"caption\":\"ContinuamosMX\"},\"image\":{\"@id\":\"https:\\\/\\\/continuamosmx.com\\\/#\\\/schema\\\/logo\\\/image\\\/\"}},{\"@type\":\"Person\",\"@id\":\"https:\\\/\\\/continuamosmx.com\\\/#\\\/schema\\\/person\\\/5eb5356acb1fad784da407d14f0e8d89\",\"name\":\"Continuamos MX\",\"image\":{\"@type\":\"ImageObject\",\"inLanguage\":\"es\",\"@id\":\"https:\\\/\\\/secure.gravatar.com\\\/avatar\\\/30d4f9723476a15f4da34d35fb3501f08d2357016c76051c6a85c354c7489589?s=96&d=mm&r=g\",\"url\":\"https:\\\/\\\/secure.gravatar.com\\\/avatar\\\/30d4f9723476a15f4da34d35fb3501f08d2357016c76051c6a85c354c7489589?s=96&d=mm&r=g\",\"contentUrl\":\"https:\\\/\\\/secure.gravatar.com\\\/avatar\\\/30d4f9723476a15f4da34d35fb3501f08d2357016c76051c6a85c354c7489589?s=96&d=mm&r=g\",\"caption\":\"Continuamos MX\"},\"sameAs\":[\"http:\\\/\\\/www.continuamos.mx\"],\"url\":\"https:\\\/\\\/continuamosmx.com\\\/index.php\\\/author\\\/continuamos\\\/\"}]}<\/script>\n<!-- \/ Yoast SEO plugin. -->","yoast_head_json":{"title":"NO SE SUSPENDER\u00c1N ACTIVIDADES ANTE ALZA EN CASOS COVID EN EDOMEX -","robots":{"index":"index","follow":"follow","max-snippet":"max-snippet:-1","max-image-preview":"max-image-preview:large","max-video-preview":"max-video-preview:-1"},"canonical":"https:\/\/continuamosmx.com\/index.php\/2022\/01\/06\/no-se-suspenderan-actividades-ante-alza-en-casos-covid-en-edomex\/","og_locale":"es_ES","og_type":"article","og_title":"NO SE SUSPENDER\u00c1N ACTIVIDADES ANTE ALZA EN CASOS COVID EN EDOMEX -","og_description":"* Se deben mantener las medidas preventivas para evitar contagios, se\u00f1al\u00f3 el gobernador Alfredo Del Mazo * Refiere Gobernador que con 22 millones de dosis de vacunas contra el COVID-19, el Edom\u00e9x registra cerca del 88 por ciento de su poblaci\u00f3n inmunizada * A partir del pr\u00f3ximo lunes comenzar\u00e1 en el Estado de M\u00e9xico la [&hellip;]","og_url":"https:\/\/continuamosmx.com\/index.php\/2022\/01\/06\/no-se-suspenderan-actividades-ante-alza-en-casos-covid-en-edomex\/","article_published_time":"2022-01-06T08:00:16+00:00","author":"Continuamos MX","twitter_card":"summary_large_image","twitter_misc":{"Escrito por":"Continuamos MX","Tiempo de lectura":"5 minutos"},"schema":{"@context":"https:\/\/schema.org","@graph":[{"@type":"Article","@id":"https:\/\/continuamosmx.com\/index.php\/2022\/01\/06\/no-se-suspenderan-actividades-ante-alza-en-casos-covid-en-edomex\/#article","isPartOf":{"@id":"https:\/\/continuamosmx.com\/index.php\/2022\/01\/06\/no-se-suspenderan-actividades-ante-alza-en-casos-covid-en-edomex\/"},"author":{"name":"Continuamos MX","@id":"https:\/\/continuamosmx.com\/#\/schema\/person\/5eb5356acb1fad784da407d14f0e8d89"},"headline":"NO SE SUSPENDER\u00c1N ACTIVIDADES ANTE ALZA EN CASOS COVID EN EDOMEX","datePublished":"2022-01-06T08:00:16+00:00","mainEntityOfPage":{"@id":"https:\/\/continuamosmx.com\/index.php\/2022\/01\/06\/no-se-suspenderan-actividades-ante-alza-en-casos-covid-en-edomex\/"},"wordCount":1083,"publisher":{"@id":"https:\/\/continuamosmx.com\/#organization"},"image":{"@id":"https:\/\/continuamosmx.com\/index.php\/2022\/01\/06\/no-se-suspenderan-actividades-ante-alza-en-casos-covid-en-edomex\/#primaryimage"},"thumbnailUrl":"https:\/\/continuamosmx.com\/wp-content\/uploads\/2022\/01\/texcoco-nota-uno-contra-3.jpg","articleSection":["EDOMEX"],"inLanguage":"es"},{"@type":"WebPage","@id":"https:\/\/continuamosmx.com\/index.php\/2022\/01\/06\/no-se-suspenderan-actividades-ante-alza-en-casos-covid-en-edomex\/","url":"https:\/\/continuamosmx.com\/index.php\/2022\/01\/06\/no-se-suspenderan-actividades-ante-alza-en-casos-covid-en-edomex\/","name":"NO SE SUSPENDER\u00c1N ACTIVIDADES ANTE ALZA EN CASOS COVID EN EDOMEX -","isPartOf":{"@id":"https:\/\/continuamosmx.com\/#website"},"primaryImageOfPage":{"@id":"https:\/\/continuamosmx.com\/index.php\/2022\/01\/06\/no-se-suspenderan-actividades-ante-alza-en-casos-covid-en-edomex\/#primaryimage"},"image":{"@id":"https:\/\/continuamosmx.com\/index.php\/2022\/01\/06\/no-se-suspenderan-actividades-ante-alza-en-casos-covid-en-edomex\/#primaryimage"},"thumbnailUrl":"https:\/\/continuamosmx.com\/wp-content\/uploads\/2022\/01\/texcoco-nota-uno-contra-3.jpg","datePublished":"2022-01-06T08:00:16+00:00","breadcrumb":{"@id":"https:\/\/continuamosmx.com\/index.php\/2022\/01\/06\/no-se-suspenderan-actividades-ante-alza-en-casos-covid-en-edomex\/#breadcrumb"},"inLanguage":"es","potentialAction":[{"@type":"ReadAction","target":["https:\/\/continuamosmx.com\/index.php\/2022\/01\/06\/no-se-suspenderan-actividades-ante-alza-en-casos-covid-en-edomex\/"]}]},{"@type":"ImageObject","inLanguage":"es","@id":"https:\/\/continuamosmx.com\/index.php\/2022\/01\/06\/no-se-suspenderan-actividades-ante-alza-en-casos-covid-en-edomex\/#primaryimage","url":"https:\/\/continuamosmx.com\/wp-content\/uploads\/2022\/01\/texcoco-nota-uno-contra-3.jpg","contentUrl":"https:\/\/continuamosmx.com\/wp-content\/uploads\/2022\/01\/texcoco-nota-uno-contra-3.jpg","width":480,"height":360},{"@type":"BreadcrumbList","@id":"https:\/\/continuamosmx.com\/index.php\/2022\/01\/06\/no-se-suspenderan-actividades-ante-alza-en-casos-covid-en-edomex\/#breadcrumb","itemListElement":[{"@type":"ListItem","position":1,"name":"Inicio","item":"https:\/\/continuamosmx.com\/"},{"@type":"ListItem","position":2,"name":"NO SE SUSPENDER\u00c1N ACTIVIDADES ANTE ALZA EN CASOS COVID EN EDOMEX"}]},{"@type":"WebSite","@id":"https:\/\/continuamosmx.com\/#website","url":"https:\/\/continuamosmx.com\/","name":"www.continuamosmx.com","description":"","publisher":{"@id":"https:\/\/continuamosmx.com\/#organization"},"potentialAction":[{"@type":"SearchAction","target":{"@type":"EntryPoint","urlTemplate":"https:\/\/continuamosmx.com\/?s={search_term_string}"},"query-input":{"@type":"PropertyValueSpecification","valueRequired":true,"valueName":"search_term_string"}}],"inLanguage":"es"},{"@type":"Organization","@id":"https:\/\/continuamosmx.com\/#organization","name":"ContinuamosMX","url":"https:\/\/continuamosmx.com\/","logo":{"@type":"ImageObject","inLanguage":"es","@id":"https:\/\/continuamosmx.com\/#\/schema\/logo\/image\/","url":"https:\/\/continuamosmx.com\/wp-content\/uploads\/2023\/04\/cropped-LOGO-CONTI-NUEVO.png","contentUrl":"https:\/\/continuamosmx.com\/wp-content\/uploads\/2023\/04\/cropped-LOGO-CONTI-NUEVO.png","width":1257,"height":430,"caption":"ContinuamosMX"},"image":{"@id":"https:\/\/continuamosmx.com\/#\/schema\/logo\/image\/"}},{"@type":"Person","@id":"https:\/\/continuamosmx.com\/#\/schema\/person\/5eb5356acb1fad784da407d14f0e8d89","name":"Continuamos MX","image":{"@type":"ImageObject","inLanguage":"es","@id":"https:\/\/secure.gravatar.com\/avatar\/30d4f9723476a15f4da34d35fb3501f08d2357016c76051c6a85c354c7489589?s=96&d=mm&r=g","url":"https:\/\/secure.gravatar.com\/avatar\/30d4f9723476a15f4da34d35fb3501f08d2357016c76051c6a85c354c7489589?s=96&d=mm&r=g","contentUrl":"https:\/\/secure.gravatar.com\/avatar\/30d4f9723476a15f4da34d35fb3501f08d2357016c76051c6a85c354c7489589?s=96&d=mm&r=g","caption":"Continuamos MX"},"sameAs":["http:\/\/www.continuamos.mx"],"url":"https:\/\/continuamosmx.com\/index.php\/author\/continuamos\/"}]}},"_links":{"self":[{"href":"https:\/\/continuamosmx.com\/index.php\/wp-json\/wp\/v2\/posts\/43391","targetHints":{"allow":["GET"]}}],"collection":[{"href":"https:\/\/continuamosmx.com\/index.php\/wp-json\/wp\/v2\/posts"}],"about":[{"href":"https:\/\/continuamosmx.com\/index.php\/wp-json\/wp\/v2\/types\/post"}],"author":[{"embeddable":true,"href":"https:\/\/continuamosmx.com\/index.php\/wp-json\/wp\/v2\/users\/6"}],"replies":[{"embeddable":true,"href":"https:\/\/continuamosmx.com\/index.php\/wp-json\/wp\/v2\/comments?post=43391"}],"version-history":[{"count":0,"href":"https:\/\/continuamosmx.com\/index.php\/wp-json\/wp\/v2\/posts\/43391\/revisions"}],"wp:featuredmedia":[{"embeddable":true,"href":"https:\/\/continuamosmx.com\/index.php\/wp-json\/wp\/v2\/media\/32090"}],"wp:attachment":[{"href":"https:\/\/continuamosmx.com\/index.php\/wp-json\/wp\/v2\/media?parent=43391"}],"wp:term":[{"taxonomy":"category","embeddable":true,"href":"https:\/\/continuamosmx.com\/index.php\/wp-json\/wp\/v2\/categories?post=43391"},{"taxonomy":"post_tag","embeddable":true,"href":"https:\/\/continuamosmx.com\/index.php\/wp-json\/wp\/v2\/tags?post=43391"}],"curies":[{"name":"wp","href":"https:\/\/api.w.org\/{rel}","templated":true}]}}