{"id":43377,"date":"2022-01-03T06:44:10","date_gmt":"2022-01-03T06:44:10","guid":{"rendered":"https:\/\/continuamos.mx\/?p=31870"},"modified":"2022-01-03T06:44:10","modified_gmt":"2022-01-03T06:44:10","slug":"nombran-a-nuevo-director-de-seguridad-publica-en-chalco","status":"publish","type":"post","link":"https:\/\/continuamosmx.com\/index.php\/2022\/01\/03\/nombran-a-nuevo-director-de-seguridad-publica-en-chalco\/","title":{"rendered":"NOMBRAN A NUEVO DIRECTOR DE SEGURIDAD P\u00daBLICA EN CHALCO"},"content":{"rendered":"\n<blockquote class=\"wp-block-quote is-layout-flow wp-block-quote-is-layout-flow\"><p>.- <strong>El edil Miguel Guti\u00e9rrez le dio la encomienda a partir del primer minuto del a\u00f1o<\/strong><\/p><\/blockquote>\n\n\n\n<p>CHALCO, M\u00e9x.- El Presidente Municipal, Miguel Guti\u00e9rrez encabez\u00f3 la ceremonia de Cambio de Mando de la Direcci\u00f3n de Seguridad P\u00fablica, Tr\u00e1nsito y Bomberos para nombrar a Juan Jos\u00e9 Romero Zamora como Encargado de Despacho de esta instituci\u00f3n para el periodo 2022-2024.<\/p>\n\n\n\n<p>En su mensaje ante el personal operativo de la Direcci\u00f3n de Seguridad P\u00fablica, Tr\u00e1nsito y Bomberos, el Alcalde inform\u00f3 que, siendo las 00:12 del 1 de enero de 2022, designa como Encargado de Despacho de la Direcci\u00f3n de Seguridad P\u00fablica, Tr\u00e1nsito y Bomberos al Maestro Juan Jos\u00e9 Romero Zamora. \u201cLe entrego el mando de esta corporaci\u00f3n para atender cualquier situaci\u00f3n de emergencia, que ponga en riesgo la integridad f\u00edsica de los habitantes de nuestro municipio. Est\u00e1 bajo su responsabilidad esta corporaci\u00f3n y la seguridad\u201d, apunt\u00f3 Guti\u00e9rrez Morales. Dio a conocer que, en la Primera Sesi\u00f3n Ordinaria de Cabildo del Ayuntamiento 2022-2024 ser\u00e1 ratificado este nombramiento.<\/p>\n\n\n\n<p>Acompa\u00f1ado del ahora ex Comisario de Seguridad P\u00fablica, Mario Rodea Mayorga, el Presidente Municipal entreg\u00f3 el documento que avala a Juan Jos\u00e9 Romero Zamora como nuevo encargado de la seguridad en el municipio de Chalco, para el presente periodo constitucional.<\/p>\n","protected":false},"excerpt":{"rendered":"<p>.- El edil Miguel Guti\u00e9rrez le dio la encomienda a partir del primer minuto del a\u00f1o CHALCO, M\u00e9x.- El Presidente Municipal, Miguel Guti\u00e9rrez encabez\u00f3 la ceremonia de Cambio de Mando de la Direcci\u00f3n de Seguridad P\u00fablica, Tr\u00e1nsito y Bomberos para nombrar a Juan Jos\u00e9 Romero Zamora como Encargado de Despacho de esta instituci\u00f3n para el [&hellip;]<\/p>\n","protected":false},"author":6,"featured_media":31871,"comment_status":"closed","ping_status":"open","sticky":false,"template":"","format":"standard","meta":{"footnotes":""},"categories":[23,4],"tags":[],"class_list":["post-43377","post","type-post","status-publish","format-standard","has-post-thumbnail","hentry","category-chalco","category-locales"],"yoast_head":"<!-- This site is optimized with the Yoast SEO plugin v27.5 - https:\/\/yoast.com\/product\/yoast-seo-wordpress\/ -->\n<title>NOMBRAN A NUEVO DIRECTOR DE SEGURIDAD P\u00daBLICA EN CHALCO -<\/title>\n<meta name=\"robots\" content=\"index, follow, max-snippet:-1, max-image-preview:large, max-video-preview:-1\" \/>\n<link rel=\"canonical\" href=\"https:\/\/continuamosmx.com\/index.php\/2022\/01\/03\/nombran-a-nuevo-director-de-seguridad-publica-en-chalco\/\" \/>\n<meta property=\"og:locale\" content=\"es_ES\" \/>\n<meta property=\"og:type\" content=\"article\" \/>\n<meta property=\"og:title\" content=\"NOMBRAN A NUEVO DIRECTOR DE SEGURIDAD P\u00daBLICA EN CHALCO -\" \/>\n<meta property=\"og:description\" content=\".- El edil Miguel Guti\u00e9rrez le dio la encomienda a partir del primer minuto del a\u00f1o CHALCO, M\u00e9x.- El Presidente Municipal, Miguel Guti\u00e9rrez encabez\u00f3 la ceremonia de Cambio de Mando de la Direcci\u00f3n de Seguridad P\u00fablica, Tr\u00e1nsito y Bomberos para nombrar a Juan Jos\u00e9 Romero Zamora como Encargado de Despacho de esta instituci\u00f3n para el [&hellip;]\" \/>\n<meta property=\"og:url\" content=\"https:\/\/continuamosmx.com\/index.php\/2022\/01\/03\/nombran-a-nuevo-director-de-seguridad-publica-en-chalco\/\" \/>\n<meta property=\"article:published_time\" content=\"2022-01-03T06:44:10+00:00\" \/>\n<meta name=\"author\" content=\"Continuamos MX\" \/>\n<meta name=\"twitter:card\" content=\"summary_large_image\" \/>\n<meta name=\"twitter:label1\" content=\"Escrito por\" \/>\n\t<meta name=\"twitter:data1\" content=\"Continuamos MX\" \/>\n\t<meta name=\"twitter:label2\" content=\"Tiempo de lectura\" \/>\n\t<meta name=\"twitter:data2\" content=\"1 minuto\" \/>\n<script type=\"application\/ld+json\" class=\"yoast-schema-graph\">{\"@context\":\"https:\\\/\\\/schema.org\",\"@graph\":[{\"@type\":\"Article\",\"@id\":\"https:\\\/\\\/continuamosmx.com\\\/index.php\\\/2022\\\/01\\\/03\\\/nombran-a-nuevo-director-de-seguridad-publica-en-chalco\\\/#article\",\"isPartOf\":{\"@id\":\"https:\\\/\\\/continuamosmx.com\\\/index.php\\\/2022\\\/01\\\/03\\\/nombran-a-nuevo-director-de-seguridad-publica-en-chalco\\\/\"},\"author\":{\"name\":\"Continuamos MX\",\"@id\":\"https:\\\/\\\/continuamosmx.com\\\/#\\\/schema\\\/person\\\/5eb5356acb1fad784da407d14f0e8d89\"},\"headline\":\"NOMBRAN A NUEVO DIRECTOR DE SEGURIDAD P\u00daBLICA EN CHALCO\",\"datePublished\":\"2022-01-03T06:44:10+00:00\",\"mainEntityOfPage\":{\"@id\":\"https:\\\/\\\/continuamosmx.com\\\/index.php\\\/2022\\\/01\\\/03\\\/nombran-a-nuevo-director-de-seguridad-publica-en-chalco\\\/\"},\"wordCount\":232,\"publisher\":{\"@id\":\"https:\\\/\\\/continuamosmx.com\\\/#organization\"},\"image\":{\"@id\":\"https:\\\/\\\/continuamosmx.com\\\/index.php\\\/2022\\\/01\\\/03\\\/nombran-a-nuevo-director-de-seguridad-publica-en-chalco\\\/#primaryimage\"},\"thumbnailUrl\":\"https:\\\/\\\/continuamosmx.com\\\/wp-content\\\/uploads\\\/2022\\\/01\\\/nuevo.jpg\",\"articleSection\":[\"CHALCO\",\"LOCALES\"],\"inLanguage\":\"es\"},{\"@type\":\"WebPage\",\"@id\":\"https:\\\/\\\/continuamosmx.com\\\/index.php\\\/2022\\\/01\\\/03\\\/nombran-a-nuevo-director-de-seguridad-publica-en-chalco\\\/\",\"url\":\"https:\\\/\\\/continuamosmx.com\\\/index.php\\\/2022\\\/01\\\/03\\\/nombran-a-nuevo-director-de-seguridad-publica-en-chalco\\\/\",\"name\":\"NOMBRAN A NUEVO DIRECTOR DE SEGURIDAD P\u00daBLICA EN CHALCO -\",\"isPartOf\":{\"@id\":\"https:\\\/\\\/continuamosmx.com\\\/#website\"},\"primaryImageOfPage\":{\"@id\":\"https:\\\/\\\/continuamosmx.com\\\/index.php\\\/2022\\\/01\\\/03\\\/nombran-a-nuevo-director-de-seguridad-publica-en-chalco\\\/#primaryimage\"},\"image\":{\"@id\":\"https:\\\/\\\/continuamosmx.com\\\/index.php\\\/2022\\\/01\\\/03\\\/nombran-a-nuevo-director-de-seguridad-publica-en-chalco\\\/#primaryimage\"},\"thumbnailUrl\":\"https:\\\/\\\/continuamosmx.com\\\/wp-content\\\/uploads\\\/2022\\\/01\\\/nuevo.jpg\",\"datePublished\":\"2022-01-03T06:44:10+00:00\",\"breadcrumb\":{\"@id\":\"https:\\\/\\\/continuamosmx.com\\\/index.php\\\/2022\\\/01\\\/03\\\/nombran-a-nuevo-director-de-seguridad-publica-en-chalco\\\/#breadcrumb\"},\"inLanguage\":\"es\",\"potentialAction\":[{\"@type\":\"ReadAction\",\"target\":[\"https:\\\/\\\/continuamosmx.com\\\/index.php\\\/2022\\\/01\\\/03\\\/nombran-a-nuevo-director-de-seguridad-publica-en-chalco\\\/\"]}]},{\"@type\":\"ImageObject\",\"inLanguage\":\"es\",\"@id\":\"https:\\\/\\\/continuamosmx.com\\\/index.php\\\/2022\\\/01\\\/03\\\/nombran-a-nuevo-director-de-seguridad-publica-en-chalco\\\/#primaryimage\",\"url\":\"https:\\\/\\\/continuamosmx.com\\\/wp-content\\\/uploads\\\/2022\\\/01\\\/nuevo.jpg\",\"contentUrl\":\"https:\\\/\\\/continuamosmx.com\\\/wp-content\\\/uploads\\\/2022\\\/01\\\/nuevo.jpg\",\"width\":1024,\"height\":682},{\"@type\":\"BreadcrumbList\",\"@id\":\"https:\\\/\\\/continuamosmx.com\\\/index.php\\\/2022\\\/01\\\/03\\\/nombran-a-nuevo-director-de-seguridad-publica-en-chalco\\\/#breadcrumb\",\"itemListElement\":[{\"@type\":\"ListItem\",\"position\":1,\"name\":\"Inicio\",\"item\":\"https:\\\/\\\/continuamosmx.com\\\/\"},{\"@type\":\"ListItem\",\"position\":2,\"name\":\"NOMBRAN A NUEVO DIRECTOR DE SEGURIDAD P\u00daBLICA EN CHALCO\"}]},{\"@type\":\"WebSite\",\"@id\":\"https:\\\/\\\/continuamosmx.com\\\/#website\",\"url\":\"https:\\\/\\\/continuamosmx.com\\\/\",\"name\":\"www.continuamosmx.com\",\"description\":\"\",\"publisher\":{\"@id\":\"https:\\\/\\\/continuamosmx.com\\\/#organization\"},\"potentialAction\":[{\"@type\":\"SearchAction\",\"target\":{\"@type\":\"EntryPoint\",\"urlTemplate\":\"https:\\\/\\\/continuamosmx.com\\\/?s={search_term_string}\"},\"query-input\":{\"@type\":\"PropertyValueSpecification\",\"valueRequired\":true,\"valueName\":\"search_term_string\"}}],\"inLanguage\":\"es\"},{\"@type\":\"Organization\",\"@id\":\"https:\\\/\\\/continuamosmx.com\\\/#organization\",\"name\":\"ContinuamosMX\",\"url\":\"https:\\\/\\\/continuamosmx.com\\\/\",\"logo\":{\"@type\":\"ImageObject\",\"inLanguage\":\"es\",\"@id\":\"https:\\\/\\\/continuamosmx.com\\\/#\\\/schema\\\/logo\\\/image\\\/\",\"url\":\"https:\\\/\\\/continuamosmx.com\\\/wp-content\\\/uploads\\\/2023\\\/04\\\/cropped-LOGO-CONTI-NUEVO.png\",\"contentUrl\":\"https:\\\/\\\/continuamosmx.com\\\/wp-content\\\/uploads\\\/2023\\\/04\\\/cropped-LOGO-CONTI-NUEVO.png\",\"width\":1257,\"height\":430,\"caption\":\"ContinuamosMX\"},\"image\":{\"@id\":\"https:\\\/\\\/continuamosmx.com\\\/#\\\/schema\\\/logo\\\/image\\\/\"}},{\"@type\":\"Person\",\"@id\":\"https:\\\/\\\/continuamosmx.com\\\/#\\\/schema\\\/person\\\/5eb5356acb1fad784da407d14f0e8d89\",\"name\":\"Continuamos MX\",\"image\":{\"@type\":\"ImageObject\",\"inLanguage\":\"es\",\"@id\":\"https:\\\/\\\/secure.gravatar.com\\\/avatar\\\/30d4f9723476a15f4da34d35fb3501f08d2357016c76051c6a85c354c7489589?s=96&d=mm&r=g\",\"url\":\"https:\\\/\\\/secure.gravatar.com\\\/avatar\\\/30d4f9723476a15f4da34d35fb3501f08d2357016c76051c6a85c354c7489589?s=96&d=mm&r=g\",\"contentUrl\":\"https:\\\/\\\/secure.gravatar.com\\\/avatar\\\/30d4f9723476a15f4da34d35fb3501f08d2357016c76051c6a85c354c7489589?s=96&d=mm&r=g\",\"caption\":\"Continuamos MX\"},\"sameAs\":[\"http:\\\/\\\/www.continuamos.mx\"],\"url\":\"https:\\\/\\\/continuamosmx.com\\\/index.php\\\/author\\\/continuamos\\\/\"}]}<\/script>\n<!-- \/ Yoast SEO plugin. -->","yoast_head_json":{"title":"NOMBRAN A NUEVO DIRECTOR DE SEGURIDAD P\u00daBLICA EN CHALCO -","robots":{"index":"index","follow":"follow","max-snippet":"max-snippet:-1","max-image-preview":"max-image-preview:large","max-video-preview":"max-video-preview:-1"},"canonical":"https:\/\/continuamosmx.com\/index.php\/2022\/01\/03\/nombran-a-nuevo-director-de-seguridad-publica-en-chalco\/","og_locale":"es_ES","og_type":"article","og_title":"NOMBRAN A NUEVO DIRECTOR DE SEGURIDAD P\u00daBLICA EN CHALCO -","og_description":".- El edil Miguel Guti\u00e9rrez le dio la encomienda a partir del primer minuto del a\u00f1o CHALCO, M\u00e9x.- El Presidente Municipal, Miguel Guti\u00e9rrez encabez\u00f3 la ceremonia de Cambio de Mando de la Direcci\u00f3n de Seguridad P\u00fablica, Tr\u00e1nsito y Bomberos para nombrar a Juan Jos\u00e9 Romero Zamora como Encargado de Despacho de esta instituci\u00f3n para el [&hellip;]","og_url":"https:\/\/continuamosmx.com\/index.php\/2022\/01\/03\/nombran-a-nuevo-director-de-seguridad-publica-en-chalco\/","article_published_time":"2022-01-03T06:44:10+00:00","author":"Continuamos MX","twitter_card":"summary_large_image","twitter_misc":{"Escrito por":"Continuamos MX","Tiempo de lectura":"1 minuto"},"schema":{"@context":"https:\/\/schema.org","@graph":[{"@type":"Article","@id":"https:\/\/continuamosmx.com\/index.php\/2022\/01\/03\/nombran-a-nuevo-director-de-seguridad-publica-en-chalco\/#article","isPartOf":{"@id":"https:\/\/continuamosmx.com\/index.php\/2022\/01\/03\/nombran-a-nuevo-director-de-seguridad-publica-en-chalco\/"},"author":{"name":"Continuamos MX","@id":"https:\/\/continuamosmx.com\/#\/schema\/person\/5eb5356acb1fad784da407d14f0e8d89"},"headline":"NOMBRAN A NUEVO DIRECTOR DE SEGURIDAD P\u00daBLICA EN CHALCO","datePublished":"2022-01-03T06:44:10+00:00","mainEntityOfPage":{"@id":"https:\/\/continuamosmx.com\/index.php\/2022\/01\/03\/nombran-a-nuevo-director-de-seguridad-publica-en-chalco\/"},"wordCount":232,"publisher":{"@id":"https:\/\/continuamosmx.com\/#organization"},"image":{"@id":"https:\/\/continuamosmx.com\/index.php\/2022\/01\/03\/nombran-a-nuevo-director-de-seguridad-publica-en-chalco\/#primaryimage"},"thumbnailUrl":"https:\/\/continuamosmx.com\/wp-content\/uploads\/2022\/01\/nuevo.jpg","articleSection":["CHALCO","LOCALES"],"inLanguage":"es"},{"@type":"WebPage","@id":"https:\/\/continuamosmx.com\/index.php\/2022\/01\/03\/nombran-a-nuevo-director-de-seguridad-publica-en-chalco\/","url":"https:\/\/continuamosmx.com\/index.php\/2022\/01\/03\/nombran-a-nuevo-director-de-seguridad-publica-en-chalco\/","name":"NOMBRAN A NUEVO DIRECTOR DE SEGURIDAD P\u00daBLICA EN CHALCO -","isPartOf":{"@id":"https:\/\/continuamosmx.com\/#website"},"primaryImageOfPage":{"@id":"https:\/\/continuamosmx.com\/index.php\/2022\/01\/03\/nombran-a-nuevo-director-de-seguridad-publica-en-chalco\/#primaryimage"},"image":{"@id":"https:\/\/continuamosmx.com\/index.php\/2022\/01\/03\/nombran-a-nuevo-director-de-seguridad-publica-en-chalco\/#primaryimage"},"thumbnailUrl":"https:\/\/continuamosmx.com\/wp-content\/uploads\/2022\/01\/nuevo.jpg","datePublished":"2022-01-03T06:44:10+00:00","breadcrumb":{"@id":"https:\/\/continuamosmx.com\/index.php\/2022\/01\/03\/nombran-a-nuevo-director-de-seguridad-publica-en-chalco\/#breadcrumb"},"inLanguage":"es","potentialAction":[{"@type":"ReadAction","target":["https:\/\/continuamosmx.com\/index.php\/2022\/01\/03\/nombran-a-nuevo-director-de-seguridad-publica-en-chalco\/"]}]},{"@type":"ImageObject","inLanguage":"es","@id":"https:\/\/continuamosmx.com\/index.php\/2022\/01\/03\/nombran-a-nuevo-director-de-seguridad-publica-en-chalco\/#primaryimage","url":"https:\/\/continuamosmx.com\/wp-content\/uploads\/2022\/01\/nuevo.jpg","contentUrl":"https:\/\/continuamosmx.com\/wp-content\/uploads\/2022\/01\/nuevo.jpg","width":1024,"height":682},{"@type":"BreadcrumbList","@id":"https:\/\/continuamosmx.com\/index.php\/2022\/01\/03\/nombran-a-nuevo-director-de-seguridad-publica-en-chalco\/#breadcrumb","itemListElement":[{"@type":"ListItem","position":1,"name":"Inicio","item":"https:\/\/continuamosmx.com\/"},{"@type":"ListItem","position":2,"name":"NOMBRAN A NUEVO DIRECTOR DE SEGURIDAD P\u00daBLICA EN CHALCO"}]},{"@type":"WebSite","@id":"https:\/\/continuamosmx.com\/#website","url":"https:\/\/continuamosmx.com\/","name":"www.continuamosmx.com","description":"","publisher":{"@id":"https:\/\/continuamosmx.com\/#organization"},"potentialAction":[{"@type":"SearchAction","target":{"@type":"EntryPoint","urlTemplate":"https:\/\/continuamosmx.com\/?s={search_term_string}"},"query-input":{"@type":"PropertyValueSpecification","valueRequired":true,"valueName":"search_term_string"}}],"inLanguage":"es"},{"@type":"Organization","@id":"https:\/\/continuamosmx.com\/#organization","name":"ContinuamosMX","url":"https:\/\/continuamosmx.com\/","logo":{"@type":"ImageObject","inLanguage":"es","@id":"https:\/\/continuamosmx.com\/#\/schema\/logo\/image\/","url":"https:\/\/continuamosmx.com\/wp-content\/uploads\/2023\/04\/cropped-LOGO-CONTI-NUEVO.png","contentUrl":"https:\/\/continuamosmx.com\/wp-content\/uploads\/2023\/04\/cropped-LOGO-CONTI-NUEVO.png","width":1257,"height":430,"caption":"ContinuamosMX"},"image":{"@id":"https:\/\/continuamosmx.com\/#\/schema\/logo\/image\/"}},{"@type":"Person","@id":"https:\/\/continuamosmx.com\/#\/schema\/person\/5eb5356acb1fad784da407d14f0e8d89","name":"Continuamos MX","image":{"@type":"ImageObject","inLanguage":"es","@id":"https:\/\/secure.gravatar.com\/avatar\/30d4f9723476a15f4da34d35fb3501f08d2357016c76051c6a85c354c7489589?s=96&d=mm&r=g","url":"https:\/\/secure.gravatar.com\/avatar\/30d4f9723476a15f4da34d35fb3501f08d2357016c76051c6a85c354c7489589?s=96&d=mm&r=g","contentUrl":"https:\/\/secure.gravatar.com\/avatar\/30d4f9723476a15f4da34d35fb3501f08d2357016c76051c6a85c354c7489589?s=96&d=mm&r=g","caption":"Continuamos MX"},"sameAs":["http:\/\/www.continuamos.mx"],"url":"https:\/\/continuamosmx.com\/index.php\/author\/continuamos\/"}]}},"_links":{"self":[{"href":"https:\/\/continuamosmx.com\/index.php\/wp-json\/wp\/v2\/posts\/43377","targetHints":{"allow":["GET"]}}],"collection":[{"href":"https:\/\/continuamosmx.com\/index.php\/wp-json\/wp\/v2\/posts"}],"about":[{"href":"https:\/\/continuamosmx.com\/index.php\/wp-json\/wp\/v2\/types\/post"}],"author":[{"embeddable":true,"href":"https:\/\/continuamosmx.com\/index.php\/wp-json\/wp\/v2\/users\/6"}],"replies":[{"embeddable":true,"href":"https:\/\/continuamosmx.com\/index.php\/wp-json\/wp\/v2\/comments?post=43377"}],"version-history":[{"count":0,"href":"https:\/\/continuamosmx.com\/index.php\/wp-json\/wp\/v2\/posts\/43377\/revisions"}],"wp:featuredmedia":[{"embeddable":true,"href":"https:\/\/continuamosmx.com\/index.php\/wp-json\/wp\/v2\/media\/31871"}],"wp:attachment":[{"href":"https:\/\/continuamosmx.com\/index.php\/wp-json\/wp\/v2\/media?parent=43377"}],"wp:term":[{"taxonomy":"category","embeddable":true,"href":"https:\/\/continuamosmx.com\/index.php\/wp-json\/wp\/v2\/categories?post=43377"},{"taxonomy":"post_tag","embeddable":true,"href":"https:\/\/continuamosmx.com\/index.php\/wp-json\/wp\/v2\/tags?post=43377"}],"curies":[{"name":"wp","href":"https:\/\/api.w.org\/{rel}","templated":true}]}}