{"id":43025,"date":"2023-05-14T06:46:58","date_gmt":"2023-05-14T06:46:58","guid":{"rendered":"https:\/\/continuamosmx.com\/?p=43025"},"modified":"2023-05-14T06:46:59","modified_gmt":"2023-05-14T06:46:59","slug":"el-ser-y-la-nada-5","status":"publish","type":"post","link":"https:\/\/continuamosmx.com\/index.php\/2023\/05\/14\/el-ser-y-la-nada-5\/","title":{"rendered":"EL SER Y LA NADA"},"content":{"rendered":"\n<p>Por: Fernando Lira Flores *<\/p>\n\n\n\n<p><em><strong>IBERDROLA. NACIONALIZACI\u00d3N O EXPROPIACI\u00d3N.<\/strong><\/em><\/p>\n\n\n\n<p>Hoy, en este art\u00edculo del <strong><u>Ser y la Nada<\/u><\/strong>, les saludo, y espero y deseo que se encuentren bien.<\/p>\n\n\n\n<p>En este momento, me gustar\u00eda solamente aclarar algunos puntos que he le\u00eddo en varios titulares de peri\u00f3dico, esto, respecto de la compra o toma que hizo el gobierno de la 4T a la empresa espa\u00f1ola Iberdrola, la cual tiene operaciones comerciales en nuestro pa\u00eds en el sector el\u00e9ctrico.<\/p>\n\n\n\n<p>O, yo soy un ignorante, o comprend\u00ed mal el concepto de lo que publican los diarios el d\u00eda de hoy. Me explico\u2026<\/p>\n\n\n\n<p>Me pregunt\u00e9: \u00bfEs lo mismo nacionalizar que expropiar? \u00bfCu\u00e1l es la importancia de esta compra realizada por el gobierno federal a esta empresa privada? \u00bfPor qu\u00e9 se vuelve esencial para el pa\u00eds -si me permiten- recuperar la industria el\u00e9ctrica?<\/p>\n\n\n\n<p>Me di a la tarea de verificar primero la informaci\u00f3n en algunos diccionarios, tanto en l\u00ednea como en f\u00edsico, y considero un crassus errare -por su locuci\u00f3n latina, craso error-, el que se escriba nacionalizaci\u00f3n, sino que m\u00e1s bien, debiera ser escrito expropiaci\u00f3n.<\/p>\n\n\n\n<p>\u00bfC\u00f3mo llegu\u00e9 a esto? Pues, verificando.<\/p>\n\n\n\n<p>Cito lo m\u00e1s com\u00fan o utilizado. La real Academia de la Lengua Espa\u00f1ola nos da como definici\u00f3n que, nacionalizaci\u00f3n refiere a: Hacer que una propiedad o servicio pase a ser titularidad del Estado o, hacer que pase a manos nacionales de un pa\u00eds propiedades o servicios de titularidad extranjera<\/p>\n\n\n\n<p>Por otra parte, define expropiaci\u00f3n como: Un dicho de la administraci\u00f3n. Privar a una persona de la titularidad de un bien o de un derecho, d\u00e1ndole a cambio una indemnizaci\u00f3n. Se efect\u00faa por motivos de utilidad p\u00fablica o inter\u00e9s social.<\/p>\n\n\n\n<p><strong>NOTA:<\/strong> no es malinchismo, al utilizar la RAE, simplemente que la p\u00e1gina de la Academia Mexicana de la Lengua NO ME PERMITI\u00d3 encontrar tan r\u00e1pido la informaci\u00f3n que requer\u00eda. <strong>Rev\u00edsenla por favor y actual\u00edcenla<\/strong><\/p>\n\n\n\n<p>Luego entonces\u2026<\/p>\n\n\n\n<p>Que me expliquen los medios escritos que han publicado hoy la noticia \u00bfEs una nacionalizaci\u00f3n como le han llamado? O es una \u00bfExpropiaci\u00f3n como debiera ser?<\/p>\n\n\n\n<p>Una vez aclarado el punto de lo acad\u00e9mico, pasemos a lo econ\u00f3mico.<\/p>\n\n\n\n<p>Continuamos\u2026<\/p>\n\n\n\n<p>En la mayor\u00eda de los pa\u00edses del mundo, existen empresas, negocios o \u00e1reas estrat\u00e9gicas de negocios en rector\u00eda o direcci\u00f3n del Estado, y en este caso cito las principales: La industria agr\u00edcola, la energ\u00e9tica (luz, gas, petr\u00f3leo), las comunicaciones (telecomunicaciones y video comunicaciones), la hacendaria (impuestos), y el agua.<\/p>\n\n\n\n<p>Recuerde que, para todos los pa\u00edses, la generaci\u00f3n de energ\u00eda el\u00e9ctrica es vital para el funcionamiento de cualquier empresa e industria y de los ciudadanos, porque esta se utiliza en la mayor\u00eda de las actividades econ\u00f3mico-productivas y humanas.<\/p>\n\n\n\n<p>As\u00ed lo implica la Secretar\u00eda de Energ\u00eda de M\u00e9xico, que se\u00f1ala que: \u00abel sector el\u00e9ctrico es uno de los pilares fundamentales del desarrollo econ\u00f3mico y social del pa\u00eds, pues de \u00e9l depende en gran medida la generaci\u00f3n de riqueza, empleo y bienestar para la poblaci\u00f3n\u00bb (Secretar\u00eda de Energ\u00eda, 2022, p\u00e1rr. 2). Esto demuestra la importancia de la industria el\u00e9ctrica para el desarrollo econ\u00f3mico y social de M\u00e9xico.<\/p>\n\n\n\n<p>Tambi\u00e9n, es un factor estrat\u00e9gico porque de ella depender\u00eda la seguridad y la defensa nacional, ya que muchas actividades militares dependen de la electricidad; aunado a lo social porque de ella depende la infraestructura cr\u00edtica, como los sistemas de agua, alcantarillado y transporte, que dependen de la electricidad para funcionar.<\/p>\n\n\n\n<p>Lo ratifica esto el Departamento de Energ\u00eda de los Estados Unidos (US Department of Energy, 2022, p\u00e1rr. 1).<\/p>\n\n\n\n<p>En segundo lugar, esta industria es un motor importante para la econom\u00eda de cualquier pa\u00eds por la producci\u00f3n de bienes y servicios; as\u00ed como para los empleadores o due\u00f1os de empresas que proporcionan trabajo a miles o millones de personas en M\u00e9xico.<\/p>\n\n\n\n<p>Como lo indica la Comisi\u00f3n Reguladora de Energ\u00eda (2020, p. 2). Esto destaca la importancia de la industria el\u00e9ctrica para el bienestar de los ciudadanos de M\u00e9xico y su funcionamiento econ\u00f3mico.<\/p>\n\n\n\n<p>Confirmado por la Agencia Internacional de Energ\u00eda (International Energy Agency, 2020, p. 5).<\/p>\n\n\n\n<p>En tercer lugar, -espero hacia eso vayamos en M\u00e9xico-, la industria el\u00e9ctrica es un importante factor en la lucha contra el cambio clim\u00e1tico y la reducci\u00f3n de la huella de carbono, con plantas sustentables y amigables con el medio ambiente en la producci\u00f3n de esta energ\u00eda.<\/p>\n\n\n\n<p>Como lo corrobora la Comisi\u00f3n Europea (2021, p\u00e1rr. 2).<\/p>\n\n\n\n<p>Y, respecto a la transici\u00f3n hacia fuentes de energ\u00eda m\u00e1s limpias, el Plan Nacional de Desarrollo 2019-2024 de M\u00e9xico se\u00f1ala que \u00abes necesario transitar a un sistema el\u00e9ctrico sustentable y resiliente, que privilegie la generaci\u00f3n de energ\u00eda a partir de fuentes renovables y reduzca la emisi\u00f3n de gases de efecto invernadero\u00bb (Presidencia de la Rep\u00fablica, 2019, p. 147).<\/p>\n\n\n\n<p>Y con esto termino, no sin antes recordar lo que escribi\u00f3 Marshall McLuhan en su libro de la \u201cAldea Global\u201d <strong>el MEDIO es el FIN<\/strong><\/p>\n\n\n\n<p>Estimado lector, a veces los medios son el fin para lo que nos quieren decir, pero no hay que tergiversar las cosas, hay que indicarlas tal cual. Recuerden MEDIOS que, M\u00e9xico ya no es un pa\u00eds de gente ignorante, y a los lectores les recuerdo que la investigaci\u00f3n, de una sola palabra mal utilizada o bien intencionada -para algunos fines-, es vital para comprender del qu\u00e9 recibe la noticia, la escucha, lee o comenta.<\/p>\n\n\n\n<p>Hasta el siguiente comentario <strong><u>del Ser y la Nada.<\/u><\/strong><\/p>\n\n\n\n<p>*Administrador de Baldemart y Asociados S.C. y docente desde bachillerato hasta posgrados en diversas instituciones educativas p\u00fablicas y privadas<\/p>\n\n\n\n<p>Referencias:<\/p>\n\n\n\n<p>Comisi\u00f3n Federal de Electricidad. (2020). Plan de Negocios 2020-2024. <a href=\"https:\/\/www.cfe.mx\/negocios-y-adquisiciones\/Documentos%20de%20Interes\/PLAN_DE_NEGOCIOS_CFE_2020_2024.pdf\">https:\/\/www.cfe.mx\/negocios-y-adquisiciones\/Documentos%20de%20Interes\/PLAN_DE_NEGOCIOS_CFE_2020_2024.pdf<\/a><\/p>\n\n\n\n<p>Comisi\u00f3n Reguladora de Energ\u00eda. (2021). \u00bfQu\u00e9 es la regulaci\u00f3n del sector el\u00e9ctrico? <a href=\"https:\/\/www.cre.gob.mx\/pagina\/QuienesSomos\/RegulacionElectrica\">https:\/\/www.cre.gob.mx\/pagina\/QuienesSomos\/RegulacionElectrica<\/a><\/p>\n\n\n\n<p>Comisi\u00f3n Reguladora de Energ\u00eda. (2020). La industria el\u00e9ctrica en M\u00e9xico. <a href=\"https:\/\/www.cre.gob.mx\/wp-content\/uploads\/2020\/01\/Industria-electrica-Mexico.pdf\">https:\/\/www.cre.gob.mx\/wp-content\/uploads\/2020\/01\/Industria-electrica-Mexico.pdf<\/a><\/p>\n\n\n\n<p>European Commission. (2021). Climate action: Clean energy for all Europeans. <a href=\"https:\/\/ec.europa.eu\/clima\/policies\/clean-energy_en\">https:\/\/ec.europa.eu\/clima\/policies\/clean-energy_en<\/a><\/p>\n\n\n\n<p>International Energy Agency. (2020). Electricity. <a href=\"https:\/\/www.iea.org\/reports\/electricity\">https:\/\/www.iea.org\/reports\/electricity<\/a><\/p>\n\n\n\n<p>Presidencia de la Rep\u00fablica. (2019). Plan Nacional de Desarrollo 2019-2024. <a href=\"https:\/\/www.gob.mx\/cms\/uploads\/attachment\/file\/453770\/PND.pdf\">https:\/\/www.gob.mx\/cms\/uploads\/attachment\/file\/453770\/PND.pdf<\/a><\/p>\n\n\n\n<p>Secretar\u00eda de Energ\u00eda. (2022). Sector el\u00e9ctrico. <a href=\"https:\/\/www.gob.mx\/sener\/acciones-y-programas\/sector-electrico\">https:\/\/www.gob.mx\/sener\/acciones-y-programas\/sector-electrico<\/a><\/p>\n\n\n\n<p>Secretar\u00eda de Energ\u00eda. (2021). Sector el\u00e9ctrico. <a href=\"https:\/\/www.gob.mx\/sener\/acciones-y-programas\/sector-electrico\">https:\/\/www.gob.mx\/sener\/acciones-y-programas\/sector-electrico<\/a><\/p>\n\n\n\n<p>US Department of Energy. (2022). Electricity. <a href=\"https:\/\/www.energy.gov\/science-innovation\/electricity\">https:\/\/www.energy.gov\/science-innovation\/electricity<\/a><\/p>\n","protected":false},"excerpt":{"rendered":"<p>Por: Fernando Lira Flores * IBERDROLA. NACIONALIZACI\u00d3N O EXPROPIACI\u00d3N. Hoy, en este art\u00edculo del Ser y la Nada, les saludo, y espero y deseo que se encuentren bien. En este momento, me gustar\u00eda solamente aclarar algunos puntos que he le\u00eddo en varios titulares de peri\u00f3dico, esto, respecto de la compra o toma que hizo el [&hellip;]<\/p>\n","protected":false},"author":6,"featured_media":43026,"comment_status":"open","ping_status":"open","sticky":false,"template":"","format":"standard","meta":{"footnotes":""},"categories":[10,9],"tags":[],"class_list":["post-43025","post","type-post","status-publish","format-standard","has-post-thumbnail","hentry","category-articulo-de-contenido","category-columnas"],"yoast_head":"<!-- This site is optimized with the Yoast SEO plugin v27.5 - https:\/\/yoast.com\/product\/yoast-seo-wordpress\/ -->\n<title>EL SER Y LA NADA -<\/title>\n<meta name=\"robots\" content=\"index, follow, max-snippet:-1, max-image-preview:large, max-video-preview:-1\" \/>\n<link rel=\"canonical\" href=\"https:\/\/continuamosmx.com\/index.php\/2023\/05\/14\/el-ser-y-la-nada-5\/\" \/>\n<meta property=\"og:locale\" content=\"es_ES\" \/>\n<meta property=\"og:type\" content=\"article\" \/>\n<meta property=\"og:title\" content=\"EL SER Y LA NADA -\" \/>\n<meta property=\"og:description\" content=\"Por: Fernando Lira Flores * IBERDROLA. NACIONALIZACI\u00d3N O EXPROPIACI\u00d3N. Hoy, en este art\u00edculo del Ser y la Nada, les saludo, y espero y deseo que se encuentren bien. En este momento, me gustar\u00eda solamente aclarar algunos puntos que he le\u00eddo en varios titulares de peri\u00f3dico, esto, respecto de la compra o toma que hizo el [&hellip;]\" \/>\n<meta property=\"og:url\" content=\"https:\/\/continuamosmx.com\/index.php\/2023\/05\/14\/el-ser-y-la-nada-5\/\" \/>\n<meta property=\"article:published_time\" content=\"2023-05-14T06:46:58+00:00\" \/>\n<meta property=\"article:modified_time\" content=\"2023-05-14T06:46:59+00:00\" \/>\n<meta property=\"og:image\" content=\"https:\/\/continuamosmx.com\/wp-content\/uploads\/2023\/05\/lira-1.jpg\" \/>\n\t<meta property=\"og:image:width\" content=\"584\" \/>\n\t<meta property=\"og:image:height\" content=\"444\" \/>\n\t<meta property=\"og:image:type\" content=\"image\/jpeg\" \/>\n<meta name=\"author\" content=\"Continuamos MX\" \/>\n<meta name=\"twitter:card\" content=\"summary_large_image\" \/>\n<meta name=\"twitter:label1\" content=\"Escrito por\" \/>\n\t<meta name=\"twitter:data1\" content=\"Continuamos MX\" \/>\n\t<meta name=\"twitter:label2\" content=\"Tiempo de lectura\" \/>\n\t<meta name=\"twitter:data2\" content=\"5 minutos\" \/>\n<script type=\"application\/ld+json\" class=\"yoast-schema-graph\">{\"@context\":\"https:\\\/\\\/schema.org\",\"@graph\":[{\"@type\":\"Article\",\"@id\":\"https:\\\/\\\/continuamosmx.com\\\/index.php\\\/2023\\\/05\\\/14\\\/el-ser-y-la-nada-5\\\/#article\",\"isPartOf\":{\"@id\":\"https:\\\/\\\/continuamosmx.com\\\/index.php\\\/2023\\\/05\\\/14\\\/el-ser-y-la-nada-5\\\/\"},\"author\":{\"name\":\"Continuamos MX\",\"@id\":\"https:\\\/\\\/continuamosmx.com\\\/#\\\/schema\\\/person\\\/5eb5356acb1fad784da407d14f0e8d89\"},\"headline\":\"EL SER Y LA NADA\",\"datePublished\":\"2023-05-14T06:46:58+00:00\",\"dateModified\":\"2023-05-14T06:46:59+00:00\",\"mainEntityOfPage\":{\"@id\":\"https:\\\/\\\/continuamosmx.com\\\/index.php\\\/2023\\\/05\\\/14\\\/el-ser-y-la-nada-5\\\/\"},\"wordCount\":1159,\"commentCount\":0,\"publisher\":{\"@id\":\"https:\\\/\\\/continuamosmx.com\\\/#organization\"},\"image\":{\"@id\":\"https:\\\/\\\/continuamosmx.com\\\/index.php\\\/2023\\\/05\\\/14\\\/el-ser-y-la-nada-5\\\/#primaryimage\"},\"thumbnailUrl\":\"https:\\\/\\\/continuamosmx.com\\\/wp-content\\\/uploads\\\/2023\\\/05\\\/lira-1.jpg\",\"articleSection\":[\"ART\u00cdCULO DE CONTENIDO\",\"COLUMNAS\"],\"inLanguage\":\"es\"},{\"@type\":\"WebPage\",\"@id\":\"https:\\\/\\\/continuamosmx.com\\\/index.php\\\/2023\\\/05\\\/14\\\/el-ser-y-la-nada-5\\\/\",\"url\":\"https:\\\/\\\/continuamosmx.com\\\/index.php\\\/2023\\\/05\\\/14\\\/el-ser-y-la-nada-5\\\/\",\"name\":\"EL SER Y LA NADA -\",\"isPartOf\":{\"@id\":\"https:\\\/\\\/continuamosmx.com\\\/#website\"},\"primaryImageOfPage\":{\"@id\":\"https:\\\/\\\/continuamosmx.com\\\/index.php\\\/2023\\\/05\\\/14\\\/el-ser-y-la-nada-5\\\/#primaryimage\"},\"image\":{\"@id\":\"https:\\\/\\\/continuamosmx.com\\\/index.php\\\/2023\\\/05\\\/14\\\/el-ser-y-la-nada-5\\\/#primaryimage\"},\"thumbnailUrl\":\"https:\\\/\\\/continuamosmx.com\\\/wp-content\\\/uploads\\\/2023\\\/05\\\/lira-1.jpg\",\"datePublished\":\"2023-05-14T06:46:58+00:00\",\"dateModified\":\"2023-05-14T06:46:59+00:00\",\"breadcrumb\":{\"@id\":\"https:\\\/\\\/continuamosmx.com\\\/index.php\\\/2023\\\/05\\\/14\\\/el-ser-y-la-nada-5\\\/#breadcrumb\"},\"inLanguage\":\"es\",\"potentialAction\":[{\"@type\":\"ReadAction\",\"target\":[\"https:\\\/\\\/continuamosmx.com\\\/index.php\\\/2023\\\/05\\\/14\\\/el-ser-y-la-nada-5\\\/\"]}]},{\"@type\":\"ImageObject\",\"inLanguage\":\"es\",\"@id\":\"https:\\\/\\\/continuamosmx.com\\\/index.php\\\/2023\\\/05\\\/14\\\/el-ser-y-la-nada-5\\\/#primaryimage\",\"url\":\"https:\\\/\\\/continuamosmx.com\\\/wp-content\\\/uploads\\\/2023\\\/05\\\/lira-1.jpg\",\"contentUrl\":\"https:\\\/\\\/continuamosmx.com\\\/wp-content\\\/uploads\\\/2023\\\/05\\\/lira-1.jpg\",\"width\":584,\"height\":444},{\"@type\":\"BreadcrumbList\",\"@id\":\"https:\\\/\\\/continuamosmx.com\\\/index.php\\\/2023\\\/05\\\/14\\\/el-ser-y-la-nada-5\\\/#breadcrumb\",\"itemListElement\":[{\"@type\":\"ListItem\",\"position\":1,\"name\":\"Inicio\",\"item\":\"https:\\\/\\\/continuamosmx.com\\\/\"},{\"@type\":\"ListItem\",\"position\":2,\"name\":\"EL SER Y LA NADA\"}]},{\"@type\":\"WebSite\",\"@id\":\"https:\\\/\\\/continuamosmx.com\\\/#website\",\"url\":\"https:\\\/\\\/continuamosmx.com\\\/\",\"name\":\"www.continuamosmx.com\",\"description\":\"\",\"publisher\":{\"@id\":\"https:\\\/\\\/continuamosmx.com\\\/#organization\"},\"potentialAction\":[{\"@type\":\"SearchAction\",\"target\":{\"@type\":\"EntryPoint\",\"urlTemplate\":\"https:\\\/\\\/continuamosmx.com\\\/?s={search_term_string}\"},\"query-input\":{\"@type\":\"PropertyValueSpecification\",\"valueRequired\":true,\"valueName\":\"search_term_string\"}}],\"inLanguage\":\"es\"},{\"@type\":\"Organization\",\"@id\":\"https:\\\/\\\/continuamosmx.com\\\/#organization\",\"name\":\"ContinuamosMX\",\"url\":\"https:\\\/\\\/continuamosmx.com\\\/\",\"logo\":{\"@type\":\"ImageObject\",\"inLanguage\":\"es\",\"@id\":\"https:\\\/\\\/continuamosmx.com\\\/#\\\/schema\\\/logo\\\/image\\\/\",\"url\":\"https:\\\/\\\/continuamosmx.com\\\/wp-content\\\/uploads\\\/2023\\\/04\\\/cropped-LOGO-CONTI-NUEVO.png\",\"contentUrl\":\"https:\\\/\\\/continuamosmx.com\\\/wp-content\\\/uploads\\\/2023\\\/04\\\/cropped-LOGO-CONTI-NUEVO.png\",\"width\":1257,\"height\":430,\"caption\":\"ContinuamosMX\"},\"image\":{\"@id\":\"https:\\\/\\\/continuamosmx.com\\\/#\\\/schema\\\/logo\\\/image\\\/\"}},{\"@type\":\"Person\",\"@id\":\"https:\\\/\\\/continuamosmx.com\\\/#\\\/schema\\\/person\\\/5eb5356acb1fad784da407d14f0e8d89\",\"name\":\"Continuamos MX\",\"image\":{\"@type\":\"ImageObject\",\"inLanguage\":\"es\",\"@id\":\"https:\\\/\\\/secure.gravatar.com\\\/avatar\\\/30d4f9723476a15f4da34d35fb3501f08d2357016c76051c6a85c354c7489589?s=96&d=mm&r=g\",\"url\":\"https:\\\/\\\/secure.gravatar.com\\\/avatar\\\/30d4f9723476a15f4da34d35fb3501f08d2357016c76051c6a85c354c7489589?s=96&d=mm&r=g\",\"contentUrl\":\"https:\\\/\\\/secure.gravatar.com\\\/avatar\\\/30d4f9723476a15f4da34d35fb3501f08d2357016c76051c6a85c354c7489589?s=96&d=mm&r=g\",\"caption\":\"Continuamos MX\"},\"sameAs\":[\"http:\\\/\\\/www.continuamos.mx\"],\"url\":\"https:\\\/\\\/continuamosmx.com\\\/index.php\\\/author\\\/continuamos\\\/\"}]}<\/script>\n<!-- \/ Yoast SEO plugin. -->","yoast_head_json":{"title":"EL SER Y LA NADA -","robots":{"index":"index","follow":"follow","max-snippet":"max-snippet:-1","max-image-preview":"max-image-preview:large","max-video-preview":"max-video-preview:-1"},"canonical":"https:\/\/continuamosmx.com\/index.php\/2023\/05\/14\/el-ser-y-la-nada-5\/","og_locale":"es_ES","og_type":"article","og_title":"EL SER Y LA NADA -","og_description":"Por: Fernando Lira Flores * IBERDROLA. NACIONALIZACI\u00d3N O EXPROPIACI\u00d3N. Hoy, en este art\u00edculo del Ser y la Nada, les saludo, y espero y deseo que se encuentren bien. En este momento, me gustar\u00eda solamente aclarar algunos puntos que he le\u00eddo en varios titulares de peri\u00f3dico, esto, respecto de la compra o toma que hizo el [&hellip;]","og_url":"https:\/\/continuamosmx.com\/index.php\/2023\/05\/14\/el-ser-y-la-nada-5\/","article_published_time":"2023-05-14T06:46:58+00:00","article_modified_time":"2023-05-14T06:46:59+00:00","og_image":[{"width":584,"height":444,"url":"https:\/\/continuamosmx.com\/wp-content\/uploads\/2023\/05\/lira-1.jpg","type":"image\/jpeg"}],"author":"Continuamos MX","twitter_card":"summary_large_image","twitter_misc":{"Escrito por":"Continuamos MX","Tiempo de lectura":"5 minutos"},"schema":{"@context":"https:\/\/schema.org","@graph":[{"@type":"Article","@id":"https:\/\/continuamosmx.com\/index.php\/2023\/05\/14\/el-ser-y-la-nada-5\/#article","isPartOf":{"@id":"https:\/\/continuamosmx.com\/index.php\/2023\/05\/14\/el-ser-y-la-nada-5\/"},"author":{"name":"Continuamos MX","@id":"https:\/\/continuamosmx.com\/#\/schema\/person\/5eb5356acb1fad784da407d14f0e8d89"},"headline":"EL SER Y LA NADA","datePublished":"2023-05-14T06:46:58+00:00","dateModified":"2023-05-14T06:46:59+00:00","mainEntityOfPage":{"@id":"https:\/\/continuamosmx.com\/index.php\/2023\/05\/14\/el-ser-y-la-nada-5\/"},"wordCount":1159,"commentCount":0,"publisher":{"@id":"https:\/\/continuamosmx.com\/#organization"},"image":{"@id":"https:\/\/continuamosmx.com\/index.php\/2023\/05\/14\/el-ser-y-la-nada-5\/#primaryimage"},"thumbnailUrl":"https:\/\/continuamosmx.com\/wp-content\/uploads\/2023\/05\/lira-1.jpg","articleSection":["ART\u00cdCULO DE CONTENIDO","COLUMNAS"],"inLanguage":"es"},{"@type":"WebPage","@id":"https:\/\/continuamosmx.com\/index.php\/2023\/05\/14\/el-ser-y-la-nada-5\/","url":"https:\/\/continuamosmx.com\/index.php\/2023\/05\/14\/el-ser-y-la-nada-5\/","name":"EL SER Y LA NADA -","isPartOf":{"@id":"https:\/\/continuamosmx.com\/#website"},"primaryImageOfPage":{"@id":"https:\/\/continuamosmx.com\/index.php\/2023\/05\/14\/el-ser-y-la-nada-5\/#primaryimage"},"image":{"@id":"https:\/\/continuamosmx.com\/index.php\/2023\/05\/14\/el-ser-y-la-nada-5\/#primaryimage"},"thumbnailUrl":"https:\/\/continuamosmx.com\/wp-content\/uploads\/2023\/05\/lira-1.jpg","datePublished":"2023-05-14T06:46:58+00:00","dateModified":"2023-05-14T06:46:59+00:00","breadcrumb":{"@id":"https:\/\/continuamosmx.com\/index.php\/2023\/05\/14\/el-ser-y-la-nada-5\/#breadcrumb"},"inLanguage":"es","potentialAction":[{"@type":"ReadAction","target":["https:\/\/continuamosmx.com\/index.php\/2023\/05\/14\/el-ser-y-la-nada-5\/"]}]},{"@type":"ImageObject","inLanguage":"es","@id":"https:\/\/continuamosmx.com\/index.php\/2023\/05\/14\/el-ser-y-la-nada-5\/#primaryimage","url":"https:\/\/continuamosmx.com\/wp-content\/uploads\/2023\/05\/lira-1.jpg","contentUrl":"https:\/\/continuamosmx.com\/wp-content\/uploads\/2023\/05\/lira-1.jpg","width":584,"height":444},{"@type":"BreadcrumbList","@id":"https:\/\/continuamosmx.com\/index.php\/2023\/05\/14\/el-ser-y-la-nada-5\/#breadcrumb","itemListElement":[{"@type":"ListItem","position":1,"name":"Inicio","item":"https:\/\/continuamosmx.com\/"},{"@type":"ListItem","position":2,"name":"EL SER Y LA NADA"}]},{"@type":"WebSite","@id":"https:\/\/continuamosmx.com\/#website","url":"https:\/\/continuamosmx.com\/","name":"www.continuamosmx.com","description":"","publisher":{"@id":"https:\/\/continuamosmx.com\/#organization"},"potentialAction":[{"@type":"SearchAction","target":{"@type":"EntryPoint","urlTemplate":"https:\/\/continuamosmx.com\/?s={search_term_string}"},"query-input":{"@type":"PropertyValueSpecification","valueRequired":true,"valueName":"search_term_string"}}],"inLanguage":"es"},{"@type":"Organization","@id":"https:\/\/continuamosmx.com\/#organization","name":"ContinuamosMX","url":"https:\/\/continuamosmx.com\/","logo":{"@type":"ImageObject","inLanguage":"es","@id":"https:\/\/continuamosmx.com\/#\/schema\/logo\/image\/","url":"https:\/\/continuamosmx.com\/wp-content\/uploads\/2023\/04\/cropped-LOGO-CONTI-NUEVO.png","contentUrl":"https:\/\/continuamosmx.com\/wp-content\/uploads\/2023\/04\/cropped-LOGO-CONTI-NUEVO.png","width":1257,"height":430,"caption":"ContinuamosMX"},"image":{"@id":"https:\/\/continuamosmx.com\/#\/schema\/logo\/image\/"}},{"@type":"Person","@id":"https:\/\/continuamosmx.com\/#\/schema\/person\/5eb5356acb1fad784da407d14f0e8d89","name":"Continuamos MX","image":{"@type":"ImageObject","inLanguage":"es","@id":"https:\/\/secure.gravatar.com\/avatar\/30d4f9723476a15f4da34d35fb3501f08d2357016c76051c6a85c354c7489589?s=96&d=mm&r=g","url":"https:\/\/secure.gravatar.com\/avatar\/30d4f9723476a15f4da34d35fb3501f08d2357016c76051c6a85c354c7489589?s=96&d=mm&r=g","contentUrl":"https:\/\/secure.gravatar.com\/avatar\/30d4f9723476a15f4da34d35fb3501f08d2357016c76051c6a85c354c7489589?s=96&d=mm&r=g","caption":"Continuamos MX"},"sameAs":["http:\/\/www.continuamos.mx"],"url":"https:\/\/continuamosmx.com\/index.php\/author\/continuamos\/"}]}},"_links":{"self":[{"href":"https:\/\/continuamosmx.com\/index.php\/wp-json\/wp\/v2\/posts\/43025","targetHints":{"allow":["GET"]}}],"collection":[{"href":"https:\/\/continuamosmx.com\/index.php\/wp-json\/wp\/v2\/posts"}],"about":[{"href":"https:\/\/continuamosmx.com\/index.php\/wp-json\/wp\/v2\/types\/post"}],"author":[{"embeddable":true,"href":"https:\/\/continuamosmx.com\/index.php\/wp-json\/wp\/v2\/users\/6"}],"replies":[{"embeddable":true,"href":"https:\/\/continuamosmx.com\/index.php\/wp-json\/wp\/v2\/comments?post=43025"}],"version-history":[{"count":1,"href":"https:\/\/continuamosmx.com\/index.php\/wp-json\/wp\/v2\/posts\/43025\/revisions"}],"predecessor-version":[{"id":43027,"href":"https:\/\/continuamosmx.com\/index.php\/wp-json\/wp\/v2\/posts\/43025\/revisions\/43027"}],"wp:featuredmedia":[{"embeddable":true,"href":"https:\/\/continuamosmx.com\/index.php\/wp-json\/wp\/v2\/media\/43026"}],"wp:attachment":[{"href":"https:\/\/continuamosmx.com\/index.php\/wp-json\/wp\/v2\/media?parent=43025"}],"wp:term":[{"taxonomy":"category","embeddable":true,"href":"https:\/\/continuamosmx.com\/index.php\/wp-json\/wp\/v2\/categories?post=43025"},{"taxonomy":"post_tag","embeddable":true,"href":"https:\/\/continuamosmx.com\/index.php\/wp-json\/wp\/v2\/tags?post=43025"}],"curies":[{"name":"wp","href":"https:\/\/api.w.org\/{rel}","templated":true}]}}