{"id":42972,"date":"2023-05-05T07:07:57","date_gmt":"2023-05-05T07:07:57","guid":{"rendered":"https:\/\/continuamosmx.com\/?p=42972"},"modified":"2023-05-05T07:07:58","modified_gmt":"2023-05-05T07:07:58","slug":"transportistas-de-xonacatlan-apoyaran-a-alejandra-del-moral","status":"publish","type":"post","link":"https:\/\/continuamosmx.com\/index.php\/2023\/05\/05\/transportistas-de-xonacatlan-apoyaran-a-alejandra-del-moral\/","title":{"rendered":"TRANSPORTISTAS DE XONACATL\u00c1N APOYAR\u00c1N A ALEJANDRA DEL MORAL"},"content":{"rendered":"\n<p><strong>Adem\u00e1s se suman al proyecto del PAN en el congreso del Edomex<\/strong><\/p>\n\n\n\n<p>REDACCI\u00d3N.<\/p>\n\n\n\n<p>XONACATL\u00c1N, M\u00e9x.- Integrantes de la Organizaci\u00f3n de Campesinos e Ind\u00edgenas de M\u00e9xico (OCIM) de este municipio, se reunieron con liderazgos de Acci\u00f3n Nacional para respaldar a su candidata a la gubernatura del Estado de M\u00e9xico, Alejandra Del Moral Vela por lo que se comprometieron a salir a votar el pr\u00f3ximo 4 de junio por el PAN.<\/p>\n\n\n\n<p>Ante esta adhesi\u00f3n, el coordinador nacional de diputados locales Enrique Vargas del Villar, asegur\u00f3 que trabajar\u00e1 de la mano con OCIM para atender este sector que todos los d\u00edas enfrenta grandes retos en temas como seguridad y tr\u00e1mites para seguir operando.<\/p>\n\n\n\n<p>Vargas del Villar pidi\u00f3 a las y los integrantes de OCIM salir a votar el pr\u00f3ximo 4 junio con sus familias y dejar claro que Morena no llegar\u00e1 al estado de M\u00e9xico a destruirlo como han hecho en otros estados a los que ha llegado.<\/p>\n\n\n\n<p>El tambi\u00e9n coordinador Parlamentario en la LXI Legislatura Mexiquense, Enrique Vargas del Villar, se comprometi\u00f3 a que desde el gobierno que encabezar\u00e1 Ale del Moral, la seguridad ser\u00e1 un tema prioritario ya que Acci\u00f3n Nacional tiene experiencia y casos de \u00e9xito en esta materia, como lo es Huixquilucan.<\/p>\n\n\n\n<p>En su oportunidad, el l\u00edder de OCIM, V\u00edctor \u00c1lvarez, destac\u00f3 que el apoyo de la organizaci\u00f3n ser\u00e1 con el voto de las y los agremiados y sus familias, a favor de Acci\u00f3n Nacional y con ello llevar al triunfo a la candidata aliancista.<\/p>\n\n\n\n<p>Durante este encuentro tambi\u00e9n estuvo presente la diputada federal Teresa Castell ; el diputado local, Luis Narcizo Fierro Cima; as\u00ed como liderazgos de transportistas y comerciantes de la zona.<\/p>\n","protected":false},"excerpt":{"rendered":"<p>Adem\u00e1s se suman al proyecto del PAN en el congreso del Edomex REDACCI\u00d3N. XONACATL\u00c1N, M\u00e9x.- Integrantes de la Organizaci\u00f3n de Campesinos e Ind\u00edgenas de M\u00e9xico (OCIM) de este municipio, se reunieron con liderazgos de Acci\u00f3n Nacional para respaldar a su candidata a la gubernatura del Estado de M\u00e9xico, Alejandra Del Moral Vela por lo que [&hellip;]<\/p>\n","protected":false},"author":6,"featured_media":42973,"comment_status":"open","ping_status":"open","sticky":false,"template":"","format":"standard","meta":{"footnotes":""},"categories":[2,3],"tags":[],"class_list":["post-42972","post","type-post","status-publish","format-standard","has-post-thumbnail","hentry","category-edomex","category-politica"],"yoast_head":"<!-- This site is optimized with the Yoast SEO plugin v27.5 - https:\/\/yoast.com\/product\/yoast-seo-wordpress\/ -->\n<title>TRANSPORTISTAS DE XONACATL\u00c1N APOYAR\u00c1N A ALEJANDRA DEL MORAL -<\/title>\n<meta name=\"robots\" content=\"index, follow, max-snippet:-1, max-image-preview:large, max-video-preview:-1\" \/>\n<link rel=\"canonical\" href=\"https:\/\/continuamosmx.com\/index.php\/2023\/05\/05\/transportistas-de-xonacatlan-apoyaran-a-alejandra-del-moral\/\" \/>\n<meta property=\"og:locale\" content=\"es_ES\" \/>\n<meta property=\"og:type\" content=\"article\" \/>\n<meta property=\"og:title\" content=\"TRANSPORTISTAS DE XONACATL\u00c1N APOYAR\u00c1N A ALEJANDRA DEL MORAL -\" \/>\n<meta property=\"og:description\" content=\"Adem\u00e1s se suman al proyecto del PAN en el congreso del Edomex REDACCI\u00d3N. XONACATL\u00c1N, M\u00e9x.- Integrantes de la Organizaci\u00f3n de Campesinos e Ind\u00edgenas de M\u00e9xico (OCIM) de este municipio, se reunieron con liderazgos de Acci\u00f3n Nacional para respaldar a su candidata a la gubernatura del Estado de M\u00e9xico, Alejandra Del Moral Vela por lo que [&hellip;]\" \/>\n<meta property=\"og:url\" content=\"https:\/\/continuamosmx.com\/index.php\/2023\/05\/05\/transportistas-de-xonacatlan-apoyaran-a-alejandra-del-moral\/\" \/>\n<meta property=\"article:published_time\" content=\"2023-05-05T07:07:57+00:00\" \/>\n<meta property=\"article:modified_time\" content=\"2023-05-05T07:07:58+00:00\" \/>\n<meta property=\"og:image\" content=\"https:\/\/continuamosmx.com\/wp-content\/uploads\/2023\/05\/comunicado.jpg\" \/>\n\t<meta property=\"og:image:width\" content=\"1024\" \/>\n\t<meta property=\"og:image:height\" content=\"578\" \/>\n\t<meta property=\"og:image:type\" content=\"image\/jpeg\" \/>\n<meta name=\"author\" content=\"Continuamos MX\" \/>\n<meta name=\"twitter:card\" content=\"summary_large_image\" \/>\n<meta name=\"twitter:label1\" content=\"Escrito por\" \/>\n\t<meta name=\"twitter:data1\" content=\"Continuamos MX\" \/>\n\t<meta name=\"twitter:label2\" content=\"Tiempo de lectura\" \/>\n\t<meta name=\"twitter:data2\" content=\"2 minutos\" \/>\n<script type=\"application\/ld+json\" class=\"yoast-schema-graph\">{\"@context\":\"https:\\\/\\\/schema.org\",\"@graph\":[{\"@type\":\"Article\",\"@id\":\"https:\\\/\\\/continuamosmx.com\\\/index.php\\\/2023\\\/05\\\/05\\\/transportistas-de-xonacatlan-apoyaran-a-alejandra-del-moral\\\/#article\",\"isPartOf\":{\"@id\":\"https:\\\/\\\/continuamosmx.com\\\/index.php\\\/2023\\\/05\\\/05\\\/transportistas-de-xonacatlan-apoyaran-a-alejandra-del-moral\\\/\"},\"author\":{\"name\":\"Continuamos MX\",\"@id\":\"https:\\\/\\\/continuamosmx.com\\\/#\\\/schema\\\/person\\\/5eb5356acb1fad784da407d14f0e8d89\"},\"headline\":\"TRANSPORTISTAS DE XONACATL\u00c1N APOYAR\u00c1N A ALEJANDRA DEL MORAL\",\"datePublished\":\"2023-05-05T07:07:57+00:00\",\"dateModified\":\"2023-05-05T07:07:58+00:00\",\"mainEntityOfPage\":{\"@id\":\"https:\\\/\\\/continuamosmx.com\\\/index.php\\\/2023\\\/05\\\/05\\\/transportistas-de-xonacatlan-apoyaran-a-alejandra-del-moral\\\/\"},\"wordCount\":305,\"commentCount\":0,\"publisher\":{\"@id\":\"https:\\\/\\\/continuamosmx.com\\\/#organization\"},\"image\":{\"@id\":\"https:\\\/\\\/continuamosmx.com\\\/index.php\\\/2023\\\/05\\\/05\\\/transportistas-de-xonacatlan-apoyaran-a-alejandra-del-moral\\\/#primaryimage\"},\"thumbnailUrl\":\"https:\\\/\\\/continuamosmx.com\\\/wp-content\\\/uploads\\\/2023\\\/05\\\/comunicado.jpg\",\"articleSection\":[\"EDOMEX\",\"POL\u00cdTICA\"],\"inLanguage\":\"es\"},{\"@type\":\"WebPage\",\"@id\":\"https:\\\/\\\/continuamosmx.com\\\/index.php\\\/2023\\\/05\\\/05\\\/transportistas-de-xonacatlan-apoyaran-a-alejandra-del-moral\\\/\",\"url\":\"https:\\\/\\\/continuamosmx.com\\\/index.php\\\/2023\\\/05\\\/05\\\/transportistas-de-xonacatlan-apoyaran-a-alejandra-del-moral\\\/\",\"name\":\"TRANSPORTISTAS DE XONACATL\u00c1N APOYAR\u00c1N A ALEJANDRA DEL MORAL -\",\"isPartOf\":{\"@id\":\"https:\\\/\\\/continuamosmx.com\\\/#website\"},\"primaryImageOfPage\":{\"@id\":\"https:\\\/\\\/continuamosmx.com\\\/index.php\\\/2023\\\/05\\\/05\\\/transportistas-de-xonacatlan-apoyaran-a-alejandra-del-moral\\\/#primaryimage\"},\"image\":{\"@id\":\"https:\\\/\\\/continuamosmx.com\\\/index.php\\\/2023\\\/05\\\/05\\\/transportistas-de-xonacatlan-apoyaran-a-alejandra-del-moral\\\/#primaryimage\"},\"thumbnailUrl\":\"https:\\\/\\\/continuamosmx.com\\\/wp-content\\\/uploads\\\/2023\\\/05\\\/comunicado.jpg\",\"datePublished\":\"2023-05-05T07:07:57+00:00\",\"dateModified\":\"2023-05-05T07:07:58+00:00\",\"breadcrumb\":{\"@id\":\"https:\\\/\\\/continuamosmx.com\\\/index.php\\\/2023\\\/05\\\/05\\\/transportistas-de-xonacatlan-apoyaran-a-alejandra-del-moral\\\/#breadcrumb\"},\"inLanguage\":\"es\",\"potentialAction\":[{\"@type\":\"ReadAction\",\"target\":[\"https:\\\/\\\/continuamosmx.com\\\/index.php\\\/2023\\\/05\\\/05\\\/transportistas-de-xonacatlan-apoyaran-a-alejandra-del-moral\\\/\"]}]},{\"@type\":\"ImageObject\",\"inLanguage\":\"es\",\"@id\":\"https:\\\/\\\/continuamosmx.com\\\/index.php\\\/2023\\\/05\\\/05\\\/transportistas-de-xonacatlan-apoyaran-a-alejandra-del-moral\\\/#primaryimage\",\"url\":\"https:\\\/\\\/continuamosmx.com\\\/wp-content\\\/uploads\\\/2023\\\/05\\\/comunicado.jpg\",\"contentUrl\":\"https:\\\/\\\/continuamosmx.com\\\/wp-content\\\/uploads\\\/2023\\\/05\\\/comunicado.jpg\",\"width\":1024,\"height\":578},{\"@type\":\"BreadcrumbList\",\"@id\":\"https:\\\/\\\/continuamosmx.com\\\/index.php\\\/2023\\\/05\\\/05\\\/transportistas-de-xonacatlan-apoyaran-a-alejandra-del-moral\\\/#breadcrumb\",\"itemListElement\":[{\"@type\":\"ListItem\",\"position\":1,\"name\":\"Inicio\",\"item\":\"https:\\\/\\\/continuamosmx.com\\\/\"},{\"@type\":\"ListItem\",\"position\":2,\"name\":\"TRANSPORTISTAS DE XONACATL\u00c1N APOYAR\u00c1N A ALEJANDRA DEL MORAL\"}]},{\"@type\":\"WebSite\",\"@id\":\"https:\\\/\\\/continuamosmx.com\\\/#website\",\"url\":\"https:\\\/\\\/continuamosmx.com\\\/\",\"name\":\"www.continuamosmx.com\",\"description\":\"\",\"publisher\":{\"@id\":\"https:\\\/\\\/continuamosmx.com\\\/#organization\"},\"potentialAction\":[{\"@type\":\"SearchAction\",\"target\":{\"@type\":\"EntryPoint\",\"urlTemplate\":\"https:\\\/\\\/continuamosmx.com\\\/?s={search_term_string}\"},\"query-input\":{\"@type\":\"PropertyValueSpecification\",\"valueRequired\":true,\"valueName\":\"search_term_string\"}}],\"inLanguage\":\"es\"},{\"@type\":\"Organization\",\"@id\":\"https:\\\/\\\/continuamosmx.com\\\/#organization\",\"name\":\"ContinuamosMX\",\"url\":\"https:\\\/\\\/continuamosmx.com\\\/\",\"logo\":{\"@type\":\"ImageObject\",\"inLanguage\":\"es\",\"@id\":\"https:\\\/\\\/continuamosmx.com\\\/#\\\/schema\\\/logo\\\/image\\\/\",\"url\":\"https:\\\/\\\/continuamosmx.com\\\/wp-content\\\/uploads\\\/2023\\\/04\\\/cropped-LOGO-CONTI-NUEVO.png\",\"contentUrl\":\"https:\\\/\\\/continuamosmx.com\\\/wp-content\\\/uploads\\\/2023\\\/04\\\/cropped-LOGO-CONTI-NUEVO.png\",\"width\":1257,\"height\":430,\"caption\":\"ContinuamosMX\"},\"image\":{\"@id\":\"https:\\\/\\\/continuamosmx.com\\\/#\\\/schema\\\/logo\\\/image\\\/\"}},{\"@type\":\"Person\",\"@id\":\"https:\\\/\\\/continuamosmx.com\\\/#\\\/schema\\\/person\\\/5eb5356acb1fad784da407d14f0e8d89\",\"name\":\"Continuamos MX\",\"image\":{\"@type\":\"ImageObject\",\"inLanguage\":\"es\",\"@id\":\"https:\\\/\\\/secure.gravatar.com\\\/avatar\\\/30d4f9723476a15f4da34d35fb3501f08d2357016c76051c6a85c354c7489589?s=96&d=mm&r=g\",\"url\":\"https:\\\/\\\/secure.gravatar.com\\\/avatar\\\/30d4f9723476a15f4da34d35fb3501f08d2357016c76051c6a85c354c7489589?s=96&d=mm&r=g\",\"contentUrl\":\"https:\\\/\\\/secure.gravatar.com\\\/avatar\\\/30d4f9723476a15f4da34d35fb3501f08d2357016c76051c6a85c354c7489589?s=96&d=mm&r=g\",\"caption\":\"Continuamos MX\"},\"sameAs\":[\"http:\\\/\\\/www.continuamos.mx\"],\"url\":\"https:\\\/\\\/continuamosmx.com\\\/index.php\\\/author\\\/continuamos\\\/\"}]}<\/script>\n<!-- \/ Yoast SEO plugin. -->","yoast_head_json":{"title":"TRANSPORTISTAS DE XONACATL\u00c1N APOYAR\u00c1N A ALEJANDRA DEL MORAL -","robots":{"index":"index","follow":"follow","max-snippet":"max-snippet:-1","max-image-preview":"max-image-preview:large","max-video-preview":"max-video-preview:-1"},"canonical":"https:\/\/continuamosmx.com\/index.php\/2023\/05\/05\/transportistas-de-xonacatlan-apoyaran-a-alejandra-del-moral\/","og_locale":"es_ES","og_type":"article","og_title":"TRANSPORTISTAS DE XONACATL\u00c1N APOYAR\u00c1N A ALEJANDRA DEL MORAL -","og_description":"Adem\u00e1s se suman al proyecto del PAN en el congreso del Edomex REDACCI\u00d3N. XONACATL\u00c1N, M\u00e9x.- Integrantes de la Organizaci\u00f3n de Campesinos e Ind\u00edgenas de M\u00e9xico (OCIM) de este municipio, se reunieron con liderazgos de Acci\u00f3n Nacional para respaldar a su candidata a la gubernatura del Estado de M\u00e9xico, Alejandra Del Moral Vela por lo que [&hellip;]","og_url":"https:\/\/continuamosmx.com\/index.php\/2023\/05\/05\/transportistas-de-xonacatlan-apoyaran-a-alejandra-del-moral\/","article_published_time":"2023-05-05T07:07:57+00:00","article_modified_time":"2023-05-05T07:07:58+00:00","og_image":[{"width":1024,"height":578,"url":"https:\/\/continuamosmx.com\/wp-content\/uploads\/2023\/05\/comunicado.jpg","type":"image\/jpeg"}],"author":"Continuamos MX","twitter_card":"summary_large_image","twitter_misc":{"Escrito por":"Continuamos MX","Tiempo de lectura":"2 minutos"},"schema":{"@context":"https:\/\/schema.org","@graph":[{"@type":"Article","@id":"https:\/\/continuamosmx.com\/index.php\/2023\/05\/05\/transportistas-de-xonacatlan-apoyaran-a-alejandra-del-moral\/#article","isPartOf":{"@id":"https:\/\/continuamosmx.com\/index.php\/2023\/05\/05\/transportistas-de-xonacatlan-apoyaran-a-alejandra-del-moral\/"},"author":{"name":"Continuamos MX","@id":"https:\/\/continuamosmx.com\/#\/schema\/person\/5eb5356acb1fad784da407d14f0e8d89"},"headline":"TRANSPORTISTAS DE XONACATL\u00c1N APOYAR\u00c1N A ALEJANDRA DEL MORAL","datePublished":"2023-05-05T07:07:57+00:00","dateModified":"2023-05-05T07:07:58+00:00","mainEntityOfPage":{"@id":"https:\/\/continuamosmx.com\/index.php\/2023\/05\/05\/transportistas-de-xonacatlan-apoyaran-a-alejandra-del-moral\/"},"wordCount":305,"commentCount":0,"publisher":{"@id":"https:\/\/continuamosmx.com\/#organization"},"image":{"@id":"https:\/\/continuamosmx.com\/index.php\/2023\/05\/05\/transportistas-de-xonacatlan-apoyaran-a-alejandra-del-moral\/#primaryimage"},"thumbnailUrl":"https:\/\/continuamosmx.com\/wp-content\/uploads\/2023\/05\/comunicado.jpg","articleSection":["EDOMEX","POL\u00cdTICA"],"inLanguage":"es"},{"@type":"WebPage","@id":"https:\/\/continuamosmx.com\/index.php\/2023\/05\/05\/transportistas-de-xonacatlan-apoyaran-a-alejandra-del-moral\/","url":"https:\/\/continuamosmx.com\/index.php\/2023\/05\/05\/transportistas-de-xonacatlan-apoyaran-a-alejandra-del-moral\/","name":"TRANSPORTISTAS DE XONACATL\u00c1N APOYAR\u00c1N A ALEJANDRA DEL MORAL -","isPartOf":{"@id":"https:\/\/continuamosmx.com\/#website"},"primaryImageOfPage":{"@id":"https:\/\/continuamosmx.com\/index.php\/2023\/05\/05\/transportistas-de-xonacatlan-apoyaran-a-alejandra-del-moral\/#primaryimage"},"image":{"@id":"https:\/\/continuamosmx.com\/index.php\/2023\/05\/05\/transportistas-de-xonacatlan-apoyaran-a-alejandra-del-moral\/#primaryimage"},"thumbnailUrl":"https:\/\/continuamosmx.com\/wp-content\/uploads\/2023\/05\/comunicado.jpg","datePublished":"2023-05-05T07:07:57+00:00","dateModified":"2023-05-05T07:07:58+00:00","breadcrumb":{"@id":"https:\/\/continuamosmx.com\/index.php\/2023\/05\/05\/transportistas-de-xonacatlan-apoyaran-a-alejandra-del-moral\/#breadcrumb"},"inLanguage":"es","potentialAction":[{"@type":"ReadAction","target":["https:\/\/continuamosmx.com\/index.php\/2023\/05\/05\/transportistas-de-xonacatlan-apoyaran-a-alejandra-del-moral\/"]}]},{"@type":"ImageObject","inLanguage":"es","@id":"https:\/\/continuamosmx.com\/index.php\/2023\/05\/05\/transportistas-de-xonacatlan-apoyaran-a-alejandra-del-moral\/#primaryimage","url":"https:\/\/continuamosmx.com\/wp-content\/uploads\/2023\/05\/comunicado.jpg","contentUrl":"https:\/\/continuamosmx.com\/wp-content\/uploads\/2023\/05\/comunicado.jpg","width":1024,"height":578},{"@type":"BreadcrumbList","@id":"https:\/\/continuamosmx.com\/index.php\/2023\/05\/05\/transportistas-de-xonacatlan-apoyaran-a-alejandra-del-moral\/#breadcrumb","itemListElement":[{"@type":"ListItem","position":1,"name":"Inicio","item":"https:\/\/continuamosmx.com\/"},{"@type":"ListItem","position":2,"name":"TRANSPORTISTAS DE XONACATL\u00c1N APOYAR\u00c1N A ALEJANDRA DEL MORAL"}]},{"@type":"WebSite","@id":"https:\/\/continuamosmx.com\/#website","url":"https:\/\/continuamosmx.com\/","name":"www.continuamosmx.com","description":"","publisher":{"@id":"https:\/\/continuamosmx.com\/#organization"},"potentialAction":[{"@type":"SearchAction","target":{"@type":"EntryPoint","urlTemplate":"https:\/\/continuamosmx.com\/?s={search_term_string}"},"query-input":{"@type":"PropertyValueSpecification","valueRequired":true,"valueName":"search_term_string"}}],"inLanguage":"es"},{"@type":"Organization","@id":"https:\/\/continuamosmx.com\/#organization","name":"ContinuamosMX","url":"https:\/\/continuamosmx.com\/","logo":{"@type":"ImageObject","inLanguage":"es","@id":"https:\/\/continuamosmx.com\/#\/schema\/logo\/image\/","url":"https:\/\/continuamosmx.com\/wp-content\/uploads\/2023\/04\/cropped-LOGO-CONTI-NUEVO.png","contentUrl":"https:\/\/continuamosmx.com\/wp-content\/uploads\/2023\/04\/cropped-LOGO-CONTI-NUEVO.png","width":1257,"height":430,"caption":"ContinuamosMX"},"image":{"@id":"https:\/\/continuamosmx.com\/#\/schema\/logo\/image\/"}},{"@type":"Person","@id":"https:\/\/continuamosmx.com\/#\/schema\/person\/5eb5356acb1fad784da407d14f0e8d89","name":"Continuamos MX","image":{"@type":"ImageObject","inLanguage":"es","@id":"https:\/\/secure.gravatar.com\/avatar\/30d4f9723476a15f4da34d35fb3501f08d2357016c76051c6a85c354c7489589?s=96&d=mm&r=g","url":"https:\/\/secure.gravatar.com\/avatar\/30d4f9723476a15f4da34d35fb3501f08d2357016c76051c6a85c354c7489589?s=96&d=mm&r=g","contentUrl":"https:\/\/secure.gravatar.com\/avatar\/30d4f9723476a15f4da34d35fb3501f08d2357016c76051c6a85c354c7489589?s=96&d=mm&r=g","caption":"Continuamos MX"},"sameAs":["http:\/\/www.continuamos.mx"],"url":"https:\/\/continuamosmx.com\/index.php\/author\/continuamos\/"}]}},"_links":{"self":[{"href":"https:\/\/continuamosmx.com\/index.php\/wp-json\/wp\/v2\/posts\/42972","targetHints":{"allow":["GET"]}}],"collection":[{"href":"https:\/\/continuamosmx.com\/index.php\/wp-json\/wp\/v2\/posts"}],"about":[{"href":"https:\/\/continuamosmx.com\/index.php\/wp-json\/wp\/v2\/types\/post"}],"author":[{"embeddable":true,"href":"https:\/\/continuamosmx.com\/index.php\/wp-json\/wp\/v2\/users\/6"}],"replies":[{"embeddable":true,"href":"https:\/\/continuamosmx.com\/index.php\/wp-json\/wp\/v2\/comments?post=42972"}],"version-history":[{"count":1,"href":"https:\/\/continuamosmx.com\/index.php\/wp-json\/wp\/v2\/posts\/42972\/revisions"}],"predecessor-version":[{"id":42974,"href":"https:\/\/continuamosmx.com\/index.php\/wp-json\/wp\/v2\/posts\/42972\/revisions\/42974"}],"wp:featuredmedia":[{"embeddable":true,"href":"https:\/\/continuamosmx.com\/index.php\/wp-json\/wp\/v2\/media\/42973"}],"wp:attachment":[{"href":"https:\/\/continuamosmx.com\/index.php\/wp-json\/wp\/v2\/media?parent=42972"}],"wp:term":[{"taxonomy":"category","embeddable":true,"href":"https:\/\/continuamosmx.com\/index.php\/wp-json\/wp\/v2\/categories?post=42972"},{"taxonomy":"post_tag","embeddable":true,"href":"https:\/\/continuamosmx.com\/index.php\/wp-json\/wp\/v2\/tags?post=42972"}],"curies":[{"name":"wp","href":"https:\/\/api.w.org\/{rel}","templated":true}]}}