{"id":42961,"date":"2023-05-04T18:02:01","date_gmt":"2023-05-04T18:02:01","guid":{"rendered":"https:\/\/continuamosmx.com\/?p=42961"},"modified":"2023-05-04T18:02:02","modified_gmt":"2023-05-04T18:02:02","slug":"el-rincon-de-la-reflexion-3","status":"publish","type":"post","link":"https:\/\/continuamosmx.com\/index.php\/2023\/05\/04\/el-rincon-de-la-reflexion-3\/","title":{"rendered":"EL RINC\u00d3N DE LA REFLEXI\u00d3N."},"content":{"rendered":"\n<p><strong>La salud de Andr\u00e9s Manuel.<\/strong><\/p>\n\n\n\n<p><strong>Por Alfredo Elizarraras<\/strong><\/p>\n\n\n\n<p>Hablar de la salud de nuestro presidente, es parte de una costumbre; que siempre ha estado presente desde que AMLO inicio su mandato. No por voluntad propia, sino por los dimes y diretes que la oposici\u00f3n ha hecho acerca de ello.<\/p>\n\n\n\n<p>Dimes y diretes que se encaminan a desearle la muerte a AMLO y difundir un sinf\u00edn de noticias falsas, acerca de su estado de salud.<\/p>\n\n\n\n<p>\u201cAMLO falleci\u00f3 de un parto cardiaco\u201d, \u201cAMLO tuvo un paro cerebral del que no ha logrado recuperarse\u201d, en fin, siempre buscan hacer amarillismo con su salud y bienestar.<\/p>\n\n\n\n<p>Lo cruel en este caso, no es la invenci\u00f3n en s\u00ed, sino el reflejo de un odio sumamente intenso, en contra del mandatario, que logr\u00f3 extenderse a su esposa e hijos.<\/p>\n\n\n\n<p>Cada d\u00eda y por la noche, se han dedicado a fabricar notas falsas que no tienen otro fin que, denostar, humillar, despreciar y discriminar p\u00fablicamente a AMLO. No hay argumentaci\u00f3n, ni mucho menos, debate. Solo, existe aquello que ellos creen pueden mermar su salud mental y moral.<\/p>\n\n\n\n<p>Como bien lo dijo Lord Broder: \u201chay que saber pegar\u201d; es decir, lo m\u00e1s duro de los ataques pol\u00edticos, se da cuando logran afectar a la familia y en general, al c\u00edrculo cercano.<\/p>\n\n\n\n<p>Sin embargo, es algo muy com\u00fan de la derecha conservadora: \u201cLa violencia en todas sus formas y el invento a toda costa de notas falsas que mermen la fuerza de alg\u00fan pol\u00edtico\u201d. Ya que, es el \u00fanico recurso que ellos tienen, para avanzar en el \u00e1mbito pol\u00edtico.<\/p>\n\n\n\n<p>Una actitud muy com\u00fan que se replica de manera natural en la oposici\u00f3n. Lo vimos con el porro, qui\u00e9n con todo clasismo e ira en su coraz\u00f3n, acus\u00f3 a un grupo de simpatizantes de morena por el color de piel y su modesta forma de vida, de rateros y les dedic\u00f3 improperios sumamente fuertes.<\/p>\n\n\n\n<p>Lo mismo con el famoso Lorenzo C\u00f3rdoba, qui\u00e9n, tambi\u00e9n se burl\u00f3 de un grupo de ind\u00edgenas. Cuando \u00e9ste fue presidente del INE. Es decir, una idea l\u00ednea de clasismo, aporofobia y dem\u00e1s fobias encaminadas a despreciar al pobre y las colectividades, para dar paso a la crueldad de la ambici\u00f3n pol\u00edtica y la traici\u00f3n, indistintos de toda cercan\u00eda social.<\/p>\n\n\n\n<p>Una crueldad que incluso, se vi\u00f3 REFLEJADA en Alejandra Del Moral, en dos momentos b\u00e1sicamente: 1. Cuando fue el debate y se la pas\u00f3 denostando y tratando de pasar por encima de Delfina G\u00f3mez, burl\u00e1ndose de las comunidades ind\u00edgenas y depreciando la persona de su interlocutora y el segundo, durante un acto de campa\u00f1a con su grupo cercano: \u201c\u00a1Valientes!, Hagan lo que saben hacer, para bien o para mal. Queremos constancia de mayor\u00eda, no de buena conducta (\u2026)\u201d Es decir, el fin justifica los medios.<\/p>\n\n\n\n<p>Una c\u00e1tedra de odio y violencia al m\u00e1ximo. Sin argumentos y acciones pol\u00edticas, dignas e inteligentes. Sin una gota de salud mental que ponga a la oposici\u00f3n en un pedestal de virtudes pol\u00edticas. Al contrario, el uso de las notas falsas, como principio fundamental para la autosatisfacci\u00f3n y el manejo de una catarsis encaminada para sus adversarios.<\/p>\n\n\n\n<p>Una oposici\u00f3n sin propuestas, y con una vana y vulgar b\u00fasqueda del poder por el poder. Una oposici\u00f3n indigna de nuestro M\u00e9xico, honrado y trabajador.&nbsp;&nbsp;&nbsp;&nbsp;&nbsp;&nbsp;&nbsp;&nbsp;&nbsp;&nbsp;&nbsp;&nbsp;&nbsp;&nbsp;&nbsp;&nbsp;&nbsp;&nbsp;&nbsp;&nbsp;&nbsp;&nbsp;&nbsp;&nbsp;&nbsp;&nbsp;&nbsp;&nbsp;&nbsp;&nbsp;&nbsp;&nbsp;&nbsp;&nbsp;&nbsp;&nbsp;&nbsp;&nbsp;&nbsp;&nbsp;&nbsp;&nbsp;&nbsp;&nbsp;&nbsp;&nbsp;&nbsp;&nbsp;&nbsp;&nbsp;&nbsp;&nbsp;&nbsp;&nbsp;&nbsp;&nbsp;&nbsp;&nbsp;&nbsp;&nbsp; Una oposici\u00f3n sin principios ni valores morales. Una oposici\u00f3n llena de odio y prejuicios que utiliza su energ\u00eda para destruir a sus adversarios, antes que para construir una vereda propia. Es decir, una oposici\u00f3n que se opone a la vida y en consecuencia, trata de consumirla, sin impedimentos morales. Siempre con absoluto lujo de impunidad y los peores vicios de la humanidad.<\/p>\n","protected":false},"excerpt":{"rendered":"<p>La salud de Andr\u00e9s Manuel. Por Alfredo Elizarraras Hablar de la salud de nuestro presidente, es parte de una costumbre; que siempre ha estado presente desde que AMLO inicio su mandato. No por voluntad propia, sino por los dimes y diretes que la oposici\u00f3n ha hecho acerca de ello. Dimes y diretes que se encaminan [&hellip;]<\/p>\n","protected":false},"author":6,"featured_media":42962,"comment_status":"open","ping_status":"open","sticky":false,"template":"","format":"standard","meta":{"footnotes":""},"categories":[10,9],"tags":[],"class_list":["post-42961","post","type-post","status-publish","format-standard","has-post-thumbnail","hentry","category-articulo-de-contenido","category-columnas"],"yoast_head":"<!-- This site is optimized with the Yoast SEO plugin v27.5 - https:\/\/yoast.com\/product\/yoast-seo-wordpress\/ -->\n<title>EL RINC\u00d3N DE LA REFLEXI\u00d3N. -<\/title>\n<meta name=\"robots\" content=\"index, follow, max-snippet:-1, max-image-preview:large, max-video-preview:-1\" \/>\n<link rel=\"canonical\" href=\"https:\/\/continuamosmx.com\/index.php\/2023\/05\/04\/el-rincon-de-la-reflexion-3\/\" \/>\n<meta property=\"og:locale\" content=\"es_ES\" \/>\n<meta property=\"og:type\" content=\"article\" \/>\n<meta property=\"og:title\" content=\"EL RINC\u00d3N DE LA REFLEXI\u00d3N. -\" \/>\n<meta property=\"og:description\" content=\"La salud de Andr\u00e9s Manuel. Por Alfredo Elizarraras Hablar de la salud de nuestro presidente, es parte de una costumbre; que siempre ha estado presente desde que AMLO inicio su mandato. No por voluntad propia, sino por los dimes y diretes que la oposici\u00f3n ha hecho acerca de ello. Dimes y diretes que se encaminan [&hellip;]\" \/>\n<meta property=\"og:url\" content=\"https:\/\/continuamosmx.com\/index.php\/2023\/05\/04\/el-rincon-de-la-reflexion-3\/\" \/>\n<meta property=\"article:published_time\" content=\"2023-05-04T18:02:01+00:00\" \/>\n<meta property=\"article:modified_time\" content=\"2023-05-04T18:02:02+00:00\" \/>\n<meta property=\"og:image\" content=\"https:\/\/continuamosmx.com\/wp-content\/uploads\/2023\/05\/MONO.jpg\" \/>\n\t<meta property=\"og:image:width\" content=\"280\" \/>\n\t<meta property=\"og:image:height\" content=\"338\" \/>\n\t<meta property=\"og:image:type\" content=\"image\/jpeg\" \/>\n<meta name=\"author\" content=\"Continuamos MX\" \/>\n<meta name=\"twitter:card\" content=\"summary_large_image\" \/>\n<meta name=\"twitter:label1\" content=\"Escrito por\" \/>\n\t<meta name=\"twitter:data1\" content=\"Continuamos MX\" \/>\n\t<meta name=\"twitter:label2\" content=\"Tiempo de lectura\" \/>\n\t<meta name=\"twitter:data2\" content=\"3 minutos\" \/>\n<script type=\"application\/ld+json\" class=\"yoast-schema-graph\">{\"@context\":\"https:\\\/\\\/schema.org\",\"@graph\":[{\"@type\":\"Article\",\"@id\":\"https:\\\/\\\/continuamosmx.com\\\/index.php\\\/2023\\\/05\\\/04\\\/el-rincon-de-la-reflexion-3\\\/#article\",\"isPartOf\":{\"@id\":\"https:\\\/\\\/continuamosmx.com\\\/index.php\\\/2023\\\/05\\\/04\\\/el-rincon-de-la-reflexion-3\\\/\"},\"author\":{\"name\":\"Continuamos MX\",\"@id\":\"https:\\\/\\\/continuamosmx.com\\\/#\\\/schema\\\/person\\\/5eb5356acb1fad784da407d14f0e8d89\"},\"headline\":\"EL RINC\u00d3N DE LA REFLEXI\u00d3N.\",\"datePublished\":\"2023-05-04T18:02:01+00:00\",\"dateModified\":\"2023-05-04T18:02:02+00:00\",\"mainEntityOfPage\":{\"@id\":\"https:\\\/\\\/continuamosmx.com\\\/index.php\\\/2023\\\/05\\\/04\\\/el-rincon-de-la-reflexion-3\\\/\"},\"wordCount\":715,\"commentCount\":0,\"publisher\":{\"@id\":\"https:\\\/\\\/continuamosmx.com\\\/#organization\"},\"image\":{\"@id\":\"https:\\\/\\\/continuamosmx.com\\\/index.php\\\/2023\\\/05\\\/04\\\/el-rincon-de-la-reflexion-3\\\/#primaryimage\"},\"thumbnailUrl\":\"https:\\\/\\\/continuamosmx.com\\\/wp-content\\\/uploads\\\/2023\\\/05\\\/MONO.jpg\",\"articleSection\":[\"ART\u00cdCULO DE CONTENIDO\",\"COLUMNAS\"],\"inLanguage\":\"es\"},{\"@type\":\"WebPage\",\"@id\":\"https:\\\/\\\/continuamosmx.com\\\/index.php\\\/2023\\\/05\\\/04\\\/el-rincon-de-la-reflexion-3\\\/\",\"url\":\"https:\\\/\\\/continuamosmx.com\\\/index.php\\\/2023\\\/05\\\/04\\\/el-rincon-de-la-reflexion-3\\\/\",\"name\":\"EL RINC\u00d3N DE LA REFLEXI\u00d3N. -\",\"isPartOf\":{\"@id\":\"https:\\\/\\\/continuamosmx.com\\\/#website\"},\"primaryImageOfPage\":{\"@id\":\"https:\\\/\\\/continuamosmx.com\\\/index.php\\\/2023\\\/05\\\/04\\\/el-rincon-de-la-reflexion-3\\\/#primaryimage\"},\"image\":{\"@id\":\"https:\\\/\\\/continuamosmx.com\\\/index.php\\\/2023\\\/05\\\/04\\\/el-rincon-de-la-reflexion-3\\\/#primaryimage\"},\"thumbnailUrl\":\"https:\\\/\\\/continuamosmx.com\\\/wp-content\\\/uploads\\\/2023\\\/05\\\/MONO.jpg\",\"datePublished\":\"2023-05-04T18:02:01+00:00\",\"dateModified\":\"2023-05-04T18:02:02+00:00\",\"breadcrumb\":{\"@id\":\"https:\\\/\\\/continuamosmx.com\\\/index.php\\\/2023\\\/05\\\/04\\\/el-rincon-de-la-reflexion-3\\\/#breadcrumb\"},\"inLanguage\":\"es\",\"potentialAction\":[{\"@type\":\"ReadAction\",\"target\":[\"https:\\\/\\\/continuamosmx.com\\\/index.php\\\/2023\\\/05\\\/04\\\/el-rincon-de-la-reflexion-3\\\/\"]}]},{\"@type\":\"ImageObject\",\"inLanguage\":\"es\",\"@id\":\"https:\\\/\\\/continuamosmx.com\\\/index.php\\\/2023\\\/05\\\/04\\\/el-rincon-de-la-reflexion-3\\\/#primaryimage\",\"url\":\"https:\\\/\\\/continuamosmx.com\\\/wp-content\\\/uploads\\\/2023\\\/05\\\/MONO.jpg\",\"contentUrl\":\"https:\\\/\\\/continuamosmx.com\\\/wp-content\\\/uploads\\\/2023\\\/05\\\/MONO.jpg\",\"width\":280,\"height\":338},{\"@type\":\"BreadcrumbList\",\"@id\":\"https:\\\/\\\/continuamosmx.com\\\/index.php\\\/2023\\\/05\\\/04\\\/el-rincon-de-la-reflexion-3\\\/#breadcrumb\",\"itemListElement\":[{\"@type\":\"ListItem\",\"position\":1,\"name\":\"Inicio\",\"item\":\"https:\\\/\\\/continuamosmx.com\\\/\"},{\"@type\":\"ListItem\",\"position\":2,\"name\":\"EL RINC\u00d3N DE LA REFLEXI\u00d3N.\"}]},{\"@type\":\"WebSite\",\"@id\":\"https:\\\/\\\/continuamosmx.com\\\/#website\",\"url\":\"https:\\\/\\\/continuamosmx.com\\\/\",\"name\":\"www.continuamosmx.com\",\"description\":\"\",\"publisher\":{\"@id\":\"https:\\\/\\\/continuamosmx.com\\\/#organization\"},\"potentialAction\":[{\"@type\":\"SearchAction\",\"target\":{\"@type\":\"EntryPoint\",\"urlTemplate\":\"https:\\\/\\\/continuamosmx.com\\\/?s={search_term_string}\"},\"query-input\":{\"@type\":\"PropertyValueSpecification\",\"valueRequired\":true,\"valueName\":\"search_term_string\"}}],\"inLanguage\":\"es\"},{\"@type\":\"Organization\",\"@id\":\"https:\\\/\\\/continuamosmx.com\\\/#organization\",\"name\":\"ContinuamosMX\",\"url\":\"https:\\\/\\\/continuamosmx.com\\\/\",\"logo\":{\"@type\":\"ImageObject\",\"inLanguage\":\"es\",\"@id\":\"https:\\\/\\\/continuamosmx.com\\\/#\\\/schema\\\/logo\\\/image\\\/\",\"url\":\"https:\\\/\\\/continuamosmx.com\\\/wp-content\\\/uploads\\\/2023\\\/04\\\/cropped-LOGO-CONTI-NUEVO.png\",\"contentUrl\":\"https:\\\/\\\/continuamosmx.com\\\/wp-content\\\/uploads\\\/2023\\\/04\\\/cropped-LOGO-CONTI-NUEVO.png\",\"width\":1257,\"height\":430,\"caption\":\"ContinuamosMX\"},\"image\":{\"@id\":\"https:\\\/\\\/continuamosmx.com\\\/#\\\/schema\\\/logo\\\/image\\\/\"}},{\"@type\":\"Person\",\"@id\":\"https:\\\/\\\/continuamosmx.com\\\/#\\\/schema\\\/person\\\/5eb5356acb1fad784da407d14f0e8d89\",\"name\":\"Continuamos MX\",\"image\":{\"@type\":\"ImageObject\",\"inLanguage\":\"es\",\"@id\":\"https:\\\/\\\/secure.gravatar.com\\\/avatar\\\/30d4f9723476a15f4da34d35fb3501f08d2357016c76051c6a85c354c7489589?s=96&d=mm&r=g\",\"url\":\"https:\\\/\\\/secure.gravatar.com\\\/avatar\\\/30d4f9723476a15f4da34d35fb3501f08d2357016c76051c6a85c354c7489589?s=96&d=mm&r=g\",\"contentUrl\":\"https:\\\/\\\/secure.gravatar.com\\\/avatar\\\/30d4f9723476a15f4da34d35fb3501f08d2357016c76051c6a85c354c7489589?s=96&d=mm&r=g\",\"caption\":\"Continuamos MX\"},\"sameAs\":[\"http:\\\/\\\/www.continuamos.mx\"],\"url\":\"https:\\\/\\\/continuamosmx.com\\\/index.php\\\/author\\\/continuamos\\\/\"}]}<\/script>\n<!-- \/ Yoast SEO plugin. -->","yoast_head_json":{"title":"EL RINC\u00d3N DE LA REFLEXI\u00d3N. -","robots":{"index":"index","follow":"follow","max-snippet":"max-snippet:-1","max-image-preview":"max-image-preview:large","max-video-preview":"max-video-preview:-1"},"canonical":"https:\/\/continuamosmx.com\/index.php\/2023\/05\/04\/el-rincon-de-la-reflexion-3\/","og_locale":"es_ES","og_type":"article","og_title":"EL RINC\u00d3N DE LA REFLEXI\u00d3N. -","og_description":"La salud de Andr\u00e9s Manuel. Por Alfredo Elizarraras Hablar de la salud de nuestro presidente, es parte de una costumbre; que siempre ha estado presente desde que AMLO inicio su mandato. No por voluntad propia, sino por los dimes y diretes que la oposici\u00f3n ha hecho acerca de ello. Dimes y diretes que se encaminan [&hellip;]","og_url":"https:\/\/continuamosmx.com\/index.php\/2023\/05\/04\/el-rincon-de-la-reflexion-3\/","article_published_time":"2023-05-04T18:02:01+00:00","article_modified_time":"2023-05-04T18:02:02+00:00","og_image":[{"width":280,"height":338,"url":"https:\/\/continuamosmx.com\/wp-content\/uploads\/2023\/05\/MONO.jpg","type":"image\/jpeg"}],"author":"Continuamos MX","twitter_card":"summary_large_image","twitter_misc":{"Escrito por":"Continuamos MX","Tiempo de lectura":"3 minutos"},"schema":{"@context":"https:\/\/schema.org","@graph":[{"@type":"Article","@id":"https:\/\/continuamosmx.com\/index.php\/2023\/05\/04\/el-rincon-de-la-reflexion-3\/#article","isPartOf":{"@id":"https:\/\/continuamosmx.com\/index.php\/2023\/05\/04\/el-rincon-de-la-reflexion-3\/"},"author":{"name":"Continuamos MX","@id":"https:\/\/continuamosmx.com\/#\/schema\/person\/5eb5356acb1fad784da407d14f0e8d89"},"headline":"EL RINC\u00d3N DE LA REFLEXI\u00d3N.","datePublished":"2023-05-04T18:02:01+00:00","dateModified":"2023-05-04T18:02:02+00:00","mainEntityOfPage":{"@id":"https:\/\/continuamosmx.com\/index.php\/2023\/05\/04\/el-rincon-de-la-reflexion-3\/"},"wordCount":715,"commentCount":0,"publisher":{"@id":"https:\/\/continuamosmx.com\/#organization"},"image":{"@id":"https:\/\/continuamosmx.com\/index.php\/2023\/05\/04\/el-rincon-de-la-reflexion-3\/#primaryimage"},"thumbnailUrl":"https:\/\/continuamosmx.com\/wp-content\/uploads\/2023\/05\/MONO.jpg","articleSection":["ART\u00cdCULO DE CONTENIDO","COLUMNAS"],"inLanguage":"es"},{"@type":"WebPage","@id":"https:\/\/continuamosmx.com\/index.php\/2023\/05\/04\/el-rincon-de-la-reflexion-3\/","url":"https:\/\/continuamosmx.com\/index.php\/2023\/05\/04\/el-rincon-de-la-reflexion-3\/","name":"EL RINC\u00d3N DE LA REFLEXI\u00d3N. -","isPartOf":{"@id":"https:\/\/continuamosmx.com\/#website"},"primaryImageOfPage":{"@id":"https:\/\/continuamosmx.com\/index.php\/2023\/05\/04\/el-rincon-de-la-reflexion-3\/#primaryimage"},"image":{"@id":"https:\/\/continuamosmx.com\/index.php\/2023\/05\/04\/el-rincon-de-la-reflexion-3\/#primaryimage"},"thumbnailUrl":"https:\/\/continuamosmx.com\/wp-content\/uploads\/2023\/05\/MONO.jpg","datePublished":"2023-05-04T18:02:01+00:00","dateModified":"2023-05-04T18:02:02+00:00","breadcrumb":{"@id":"https:\/\/continuamosmx.com\/index.php\/2023\/05\/04\/el-rincon-de-la-reflexion-3\/#breadcrumb"},"inLanguage":"es","potentialAction":[{"@type":"ReadAction","target":["https:\/\/continuamosmx.com\/index.php\/2023\/05\/04\/el-rincon-de-la-reflexion-3\/"]}]},{"@type":"ImageObject","inLanguage":"es","@id":"https:\/\/continuamosmx.com\/index.php\/2023\/05\/04\/el-rincon-de-la-reflexion-3\/#primaryimage","url":"https:\/\/continuamosmx.com\/wp-content\/uploads\/2023\/05\/MONO.jpg","contentUrl":"https:\/\/continuamosmx.com\/wp-content\/uploads\/2023\/05\/MONO.jpg","width":280,"height":338},{"@type":"BreadcrumbList","@id":"https:\/\/continuamosmx.com\/index.php\/2023\/05\/04\/el-rincon-de-la-reflexion-3\/#breadcrumb","itemListElement":[{"@type":"ListItem","position":1,"name":"Inicio","item":"https:\/\/continuamosmx.com\/"},{"@type":"ListItem","position":2,"name":"EL RINC\u00d3N DE LA REFLEXI\u00d3N."}]},{"@type":"WebSite","@id":"https:\/\/continuamosmx.com\/#website","url":"https:\/\/continuamosmx.com\/","name":"www.continuamosmx.com","description":"","publisher":{"@id":"https:\/\/continuamosmx.com\/#organization"},"potentialAction":[{"@type":"SearchAction","target":{"@type":"EntryPoint","urlTemplate":"https:\/\/continuamosmx.com\/?s={search_term_string}"},"query-input":{"@type":"PropertyValueSpecification","valueRequired":true,"valueName":"search_term_string"}}],"inLanguage":"es"},{"@type":"Organization","@id":"https:\/\/continuamosmx.com\/#organization","name":"ContinuamosMX","url":"https:\/\/continuamosmx.com\/","logo":{"@type":"ImageObject","inLanguage":"es","@id":"https:\/\/continuamosmx.com\/#\/schema\/logo\/image\/","url":"https:\/\/continuamosmx.com\/wp-content\/uploads\/2023\/04\/cropped-LOGO-CONTI-NUEVO.png","contentUrl":"https:\/\/continuamosmx.com\/wp-content\/uploads\/2023\/04\/cropped-LOGO-CONTI-NUEVO.png","width":1257,"height":430,"caption":"ContinuamosMX"},"image":{"@id":"https:\/\/continuamosmx.com\/#\/schema\/logo\/image\/"}},{"@type":"Person","@id":"https:\/\/continuamosmx.com\/#\/schema\/person\/5eb5356acb1fad784da407d14f0e8d89","name":"Continuamos MX","image":{"@type":"ImageObject","inLanguage":"es","@id":"https:\/\/secure.gravatar.com\/avatar\/30d4f9723476a15f4da34d35fb3501f08d2357016c76051c6a85c354c7489589?s=96&d=mm&r=g","url":"https:\/\/secure.gravatar.com\/avatar\/30d4f9723476a15f4da34d35fb3501f08d2357016c76051c6a85c354c7489589?s=96&d=mm&r=g","contentUrl":"https:\/\/secure.gravatar.com\/avatar\/30d4f9723476a15f4da34d35fb3501f08d2357016c76051c6a85c354c7489589?s=96&d=mm&r=g","caption":"Continuamos MX"},"sameAs":["http:\/\/www.continuamos.mx"],"url":"https:\/\/continuamosmx.com\/index.php\/author\/continuamos\/"}]}},"_links":{"self":[{"href":"https:\/\/continuamosmx.com\/index.php\/wp-json\/wp\/v2\/posts\/42961","targetHints":{"allow":["GET"]}}],"collection":[{"href":"https:\/\/continuamosmx.com\/index.php\/wp-json\/wp\/v2\/posts"}],"about":[{"href":"https:\/\/continuamosmx.com\/index.php\/wp-json\/wp\/v2\/types\/post"}],"author":[{"embeddable":true,"href":"https:\/\/continuamosmx.com\/index.php\/wp-json\/wp\/v2\/users\/6"}],"replies":[{"embeddable":true,"href":"https:\/\/continuamosmx.com\/index.php\/wp-json\/wp\/v2\/comments?post=42961"}],"version-history":[{"count":1,"href":"https:\/\/continuamosmx.com\/index.php\/wp-json\/wp\/v2\/posts\/42961\/revisions"}],"predecessor-version":[{"id":42963,"href":"https:\/\/continuamosmx.com\/index.php\/wp-json\/wp\/v2\/posts\/42961\/revisions\/42963"}],"wp:featuredmedia":[{"embeddable":true,"href":"https:\/\/continuamosmx.com\/index.php\/wp-json\/wp\/v2\/media\/42962"}],"wp:attachment":[{"href":"https:\/\/continuamosmx.com\/index.php\/wp-json\/wp\/v2\/media?parent=42961"}],"wp:term":[{"taxonomy":"category","embeddable":true,"href":"https:\/\/continuamosmx.com\/index.php\/wp-json\/wp\/v2\/categories?post=42961"},{"taxonomy":"post_tag","embeddable":true,"href":"https:\/\/continuamosmx.com\/index.php\/wp-json\/wp\/v2\/tags?post=42961"}],"curies":[{"name":"wp","href":"https:\/\/api.w.org\/{rel}","templated":true}]}}