{"id":42918,"date":"2023-04-29T06:20:28","date_gmt":"2023-04-29T06:20:28","guid":{"rendered":"https:\/\/continuamosmx.com\/?p=42918"},"modified":"2023-04-29T06:20:30","modified_gmt":"2023-04-29T06:20:30","slug":"conmemoran-en-tlaminca-texcoco-el-621-aniversario-del-nacimiento-del-rey-poeta-nezahualcoyotl","status":"publish","type":"post","link":"https:\/\/continuamosmx.com\/index.php\/2023\/04\/29\/conmemoran-en-tlaminca-texcoco-el-621-aniversario-del-nacimiento-del-rey-poeta-nezahualcoyotl\/","title":{"rendered":"CONMEMORAN EN TLAMINCA TEXCOCO EL 621 ANIVERSARIO DEL NACIMIENTO DEL REY POETA NEZAHUALC\u00d3YOTL"},"content":{"rendered":"\n<p>\u2022 <strong>Entre cantos, flores y m\u00fasica, grupos culturales, autoridades auxiliares y municipales, estudiantes y vecinos recordaron el legado del Se\u00f1or de Texcoco<\/strong><\/p>\n\n\n\n<p>\u2022 <strong>El legado del Rey Poeta Nezahualc\u00f3yotl, sigue vigente al gobernar con sabidur\u00eda, y fuerza para mantener la paz y gobernanza en su pueblo<\/strong><\/p>\n\n\n\n<p>TEXCOCO.- En el marco del 621 aniversario del natalicio del Rey Poeta Nezahualc\u00f3yotl, en la comunidad de San Nicol\u00e1s Tlaminca autoridades y vecinos recordaron su legado para el pueblo n\u00e1huatl de Texcoco.<\/p>\n\n\n\n<p>Entre flores, cantos, sahumadores y teponaztle, pobladores de Tlaminca, estudiantes y grupos culturales rindieron un homenaje al Rey Poeta Nezahualc\u00f3yotl, oriundo de esta comunidad, desde donde estableci\u00f3 y gobern\u00f3 el se\u00f1or\u00edo de Texcoco.<\/p>\n\n\n\n<p>Por segundo a\u00f1o consecutivo, el gobierno de Texcoco acudi\u00f3 junto con los vecinos de San Nicol\u00e1s recordaron la vida del Se\u00f1or de Texcoco, su legado y lo que hizo por el progreso de su pueblo.<\/p>\n\n\n\n<p>Ante ello, las autoridades municipales reconocieron que el legado de Nezahualc\u00f3yotl, les implica una gran responsabilidad de gobernar para el pueblo, pero tambi\u00e9n con el pueblo.<br>\u2003<br>Por ello se record\u00f3 que han sido administraciones de muchos a\u00f1os que se han sostenido en donde ha quedado claro que lo primero que hay que hacer es visitar, conocer y escuchar las necesidades de las comunidades y empezar a resolver.<\/p>\n\n\n\n<p>\u201cNo he sido yo quien impuls\u00f3 esta pol\u00edtica p\u00fablica, ha sido desde mis antecesores que ocuparon este espacio de representaci\u00f3n, con quienes hemos vecinos trabajando para tener una comunidad y un municipio tranquilo, pr\u00f3spero\u201d, expresaron las autoridades municipales.<\/p>\n\n\n\n<p>Reconocieron que hoy m\u00e1s que nunca las mujeres estamos participando, en las decisiones de nuestro municipio y seguramente tambi\u00e9n en las decisiones del estado y de este pa\u00eds.<\/p>\n\n\n\n<p>Se agradeci\u00f3 la invitaci\u00f3n hecha por los habitantes de Tlaminca para conmemora el 621 aniversario de Nezahualc\u00f3yotl, hoy en el d\u00eda de su natalicio, recordando con ello que Texcoco es un municipio lleno de grandes tradiciones, de grandes usos y costumbres, de grandes paisajes, \u201cvean ustedes d\u00f3nde estamos y que tenemos a nuestro alrededor\u201d, \u201c\u00bfno creen que somos afortunados?\u201d.<\/p>\n\n\n\n<p>Record\u00f3 que es responsabilidad de todas y todos los trexcocanos mantener estos espacios libres abiertos para que los disfruten las futuras generaciones como ahora lo podemos hacer.<\/p>\n\n\n\n<p>Vecinos, estudiantes y grupos culturales, celebraron el nacimiento del Rey Poeta Nezahualc\u00f3yotl, con una ceremonia prehisp\u00e1nica reconocieron la grandeza y la obra de Nezahualc\u00f3yotl, de cuyo paso en este mundo queda el cerro de Tezcutzingo, en donde estableci\u00f3 su jard\u00edn bot\u00e1nico y gobern\u00f3 con sabidur\u00eda y firmeza el se\u00f1or\u00edo de Texcoco.<\/p>\n","protected":false},"excerpt":{"rendered":"<p>\u2022 Entre cantos, flores y m\u00fasica, grupos culturales, autoridades auxiliares y municipales, estudiantes y vecinos recordaron el legado del Se\u00f1or de Texcoco \u2022 El legado del Rey Poeta Nezahualc\u00f3yotl, sigue vigente al gobernar con sabidur\u00eda, y fuerza para mantener la paz y gobernanza en su pueblo TEXCOCO.- En el marco del 621 aniversario del natalicio [&hellip;]<\/p>\n","protected":false},"author":6,"featured_media":42919,"comment_status":"open","ping_status":"open","sticky":false,"template":"","format":"standard","meta":{"footnotes":""},"categories":[4,6],"tags":[],"class_list":["post-42918","post","type-post","status-publish","format-standard","has-post-thumbnail","hentry","category-locales","category-texcoco"],"yoast_head":"<!-- This site is optimized with the Yoast SEO plugin v27.5 - https:\/\/yoast.com\/product\/yoast-seo-wordpress\/ -->\n<title>CONMEMORAN EN TLAMINCA TEXCOCO EL 621 ANIVERSARIO DEL NACIMIENTO DEL REY POETA NEZAHUALC\u00d3YOTL -<\/title>\n<meta name=\"robots\" content=\"index, follow, max-snippet:-1, max-image-preview:large, max-video-preview:-1\" \/>\n<link rel=\"canonical\" href=\"https:\/\/continuamosmx.com\/index.php\/2023\/04\/29\/conmemoran-en-tlaminca-texcoco-el-621-aniversario-del-nacimiento-del-rey-poeta-nezahualcoyotl\/\" \/>\n<meta property=\"og:locale\" content=\"es_ES\" \/>\n<meta property=\"og:type\" content=\"article\" \/>\n<meta property=\"og:title\" content=\"CONMEMORAN EN TLAMINCA TEXCOCO EL 621 ANIVERSARIO DEL NACIMIENTO DEL REY POETA NEZAHUALC\u00d3YOTL -\" \/>\n<meta property=\"og:description\" content=\"\u2022 Entre cantos, flores y m\u00fasica, grupos culturales, autoridades auxiliares y municipales, estudiantes y vecinos recordaron el legado del Se\u00f1or de Texcoco \u2022 El legado del Rey Poeta Nezahualc\u00f3yotl, sigue vigente al gobernar con sabidur\u00eda, y fuerza para mantener la paz y gobernanza en su pueblo TEXCOCO.- En el marco del 621 aniversario del natalicio [&hellip;]\" \/>\n<meta property=\"og:url\" content=\"https:\/\/continuamosmx.com\/index.php\/2023\/04\/29\/conmemoran-en-tlaminca-texcoco-el-621-aniversario-del-nacimiento-del-rey-poeta-nezahualcoyotl\/\" \/>\n<meta property=\"article:published_time\" content=\"2023-04-29T06:20:28+00:00\" \/>\n<meta property=\"article:modified_time\" content=\"2023-04-29T06:20:30+00:00\" \/>\n<meta property=\"og:image\" content=\"https:\/\/continuamosmx.com\/wp-content\/uploads\/2023\/04\/TEX-2.jpg\" \/>\n\t<meta property=\"og:image:width\" content=\"1280\" \/>\n\t<meta property=\"og:image:height\" content=\"853\" \/>\n\t<meta property=\"og:image:type\" content=\"image\/jpeg\" \/>\n<meta name=\"author\" content=\"Continuamos MX\" \/>\n<meta name=\"twitter:card\" content=\"summary_large_image\" \/>\n<meta name=\"twitter:label1\" content=\"Escrito por\" \/>\n\t<meta name=\"twitter:data1\" content=\"Continuamos MX\" \/>\n\t<meta name=\"twitter:label2\" content=\"Tiempo de lectura\" \/>\n\t<meta name=\"twitter:data2\" content=\"2 minutos\" \/>\n<script type=\"application\/ld+json\" class=\"yoast-schema-graph\">{\"@context\":\"https:\\\/\\\/schema.org\",\"@graph\":[{\"@type\":\"Article\",\"@id\":\"https:\\\/\\\/continuamosmx.com\\\/index.php\\\/2023\\\/04\\\/29\\\/conmemoran-en-tlaminca-texcoco-el-621-aniversario-del-nacimiento-del-rey-poeta-nezahualcoyotl\\\/#article\",\"isPartOf\":{\"@id\":\"https:\\\/\\\/continuamosmx.com\\\/index.php\\\/2023\\\/04\\\/29\\\/conmemoran-en-tlaminca-texcoco-el-621-aniversario-del-nacimiento-del-rey-poeta-nezahualcoyotl\\\/\"},\"author\":{\"name\":\"Continuamos MX\",\"@id\":\"https:\\\/\\\/continuamosmx.com\\\/#\\\/schema\\\/person\\\/5eb5356acb1fad784da407d14f0e8d89\"},\"headline\":\"CONMEMORAN EN TLAMINCA TEXCOCO EL 621 ANIVERSARIO DEL NACIMIENTO DEL REY POETA NEZAHUALC\u00d3YOTL\",\"datePublished\":\"2023-04-29T06:20:28+00:00\",\"dateModified\":\"2023-04-29T06:20:30+00:00\",\"mainEntityOfPage\":{\"@id\":\"https:\\\/\\\/continuamosmx.com\\\/index.php\\\/2023\\\/04\\\/29\\\/conmemoran-en-tlaminca-texcoco-el-621-aniversario-del-nacimiento-del-rey-poeta-nezahualcoyotl\\\/\"},\"wordCount\":461,\"commentCount\":0,\"publisher\":{\"@id\":\"https:\\\/\\\/continuamosmx.com\\\/#organization\"},\"image\":{\"@id\":\"https:\\\/\\\/continuamosmx.com\\\/index.php\\\/2023\\\/04\\\/29\\\/conmemoran-en-tlaminca-texcoco-el-621-aniversario-del-nacimiento-del-rey-poeta-nezahualcoyotl\\\/#primaryimage\"},\"thumbnailUrl\":\"https:\\\/\\\/continuamosmx.com\\\/wp-content\\\/uploads\\\/2023\\\/04\\\/TEX-2.jpg\",\"articleSection\":[\"LOCALES\",\"TEXCOCO\"],\"inLanguage\":\"es\"},{\"@type\":\"WebPage\",\"@id\":\"https:\\\/\\\/continuamosmx.com\\\/index.php\\\/2023\\\/04\\\/29\\\/conmemoran-en-tlaminca-texcoco-el-621-aniversario-del-nacimiento-del-rey-poeta-nezahualcoyotl\\\/\",\"url\":\"https:\\\/\\\/continuamosmx.com\\\/index.php\\\/2023\\\/04\\\/29\\\/conmemoran-en-tlaminca-texcoco-el-621-aniversario-del-nacimiento-del-rey-poeta-nezahualcoyotl\\\/\",\"name\":\"CONMEMORAN EN TLAMINCA TEXCOCO EL 621 ANIVERSARIO DEL NACIMIENTO DEL REY POETA NEZAHUALC\u00d3YOTL -\",\"isPartOf\":{\"@id\":\"https:\\\/\\\/continuamosmx.com\\\/#website\"},\"primaryImageOfPage\":{\"@id\":\"https:\\\/\\\/continuamosmx.com\\\/index.php\\\/2023\\\/04\\\/29\\\/conmemoran-en-tlaminca-texcoco-el-621-aniversario-del-nacimiento-del-rey-poeta-nezahualcoyotl\\\/#primaryimage\"},\"image\":{\"@id\":\"https:\\\/\\\/continuamosmx.com\\\/index.php\\\/2023\\\/04\\\/29\\\/conmemoran-en-tlaminca-texcoco-el-621-aniversario-del-nacimiento-del-rey-poeta-nezahualcoyotl\\\/#primaryimage\"},\"thumbnailUrl\":\"https:\\\/\\\/continuamosmx.com\\\/wp-content\\\/uploads\\\/2023\\\/04\\\/TEX-2.jpg\",\"datePublished\":\"2023-04-29T06:20:28+00:00\",\"dateModified\":\"2023-04-29T06:20:30+00:00\",\"breadcrumb\":{\"@id\":\"https:\\\/\\\/continuamosmx.com\\\/index.php\\\/2023\\\/04\\\/29\\\/conmemoran-en-tlaminca-texcoco-el-621-aniversario-del-nacimiento-del-rey-poeta-nezahualcoyotl\\\/#breadcrumb\"},\"inLanguage\":\"es\",\"potentialAction\":[{\"@type\":\"ReadAction\",\"target\":[\"https:\\\/\\\/continuamosmx.com\\\/index.php\\\/2023\\\/04\\\/29\\\/conmemoran-en-tlaminca-texcoco-el-621-aniversario-del-nacimiento-del-rey-poeta-nezahualcoyotl\\\/\"]}]},{\"@type\":\"ImageObject\",\"inLanguage\":\"es\",\"@id\":\"https:\\\/\\\/continuamosmx.com\\\/index.php\\\/2023\\\/04\\\/29\\\/conmemoran-en-tlaminca-texcoco-el-621-aniversario-del-nacimiento-del-rey-poeta-nezahualcoyotl\\\/#primaryimage\",\"url\":\"https:\\\/\\\/continuamosmx.com\\\/wp-content\\\/uploads\\\/2023\\\/04\\\/TEX-2.jpg\",\"contentUrl\":\"https:\\\/\\\/continuamosmx.com\\\/wp-content\\\/uploads\\\/2023\\\/04\\\/TEX-2.jpg\",\"width\":1280,\"height\":853},{\"@type\":\"BreadcrumbList\",\"@id\":\"https:\\\/\\\/continuamosmx.com\\\/index.php\\\/2023\\\/04\\\/29\\\/conmemoran-en-tlaminca-texcoco-el-621-aniversario-del-nacimiento-del-rey-poeta-nezahualcoyotl\\\/#breadcrumb\",\"itemListElement\":[{\"@type\":\"ListItem\",\"position\":1,\"name\":\"Inicio\",\"item\":\"https:\\\/\\\/continuamosmx.com\\\/\"},{\"@type\":\"ListItem\",\"position\":2,\"name\":\"CONMEMORAN EN TLAMINCA TEXCOCO EL 621 ANIVERSARIO DEL NACIMIENTO DEL REY POETA NEZAHUALC\u00d3YOTL\"}]},{\"@type\":\"WebSite\",\"@id\":\"https:\\\/\\\/continuamosmx.com\\\/#website\",\"url\":\"https:\\\/\\\/continuamosmx.com\\\/\",\"name\":\"www.continuamosmx.com\",\"description\":\"\",\"publisher\":{\"@id\":\"https:\\\/\\\/continuamosmx.com\\\/#organization\"},\"potentialAction\":[{\"@type\":\"SearchAction\",\"target\":{\"@type\":\"EntryPoint\",\"urlTemplate\":\"https:\\\/\\\/continuamosmx.com\\\/?s={search_term_string}\"},\"query-input\":{\"@type\":\"PropertyValueSpecification\",\"valueRequired\":true,\"valueName\":\"search_term_string\"}}],\"inLanguage\":\"es\"},{\"@type\":\"Organization\",\"@id\":\"https:\\\/\\\/continuamosmx.com\\\/#organization\",\"name\":\"ContinuamosMX\",\"url\":\"https:\\\/\\\/continuamosmx.com\\\/\",\"logo\":{\"@type\":\"ImageObject\",\"inLanguage\":\"es\",\"@id\":\"https:\\\/\\\/continuamosmx.com\\\/#\\\/schema\\\/logo\\\/image\\\/\",\"url\":\"https:\\\/\\\/continuamosmx.com\\\/wp-content\\\/uploads\\\/2023\\\/04\\\/cropped-LOGO-CONTI-NUEVO.png\",\"contentUrl\":\"https:\\\/\\\/continuamosmx.com\\\/wp-content\\\/uploads\\\/2023\\\/04\\\/cropped-LOGO-CONTI-NUEVO.png\",\"width\":1257,\"height\":430,\"caption\":\"ContinuamosMX\"},\"image\":{\"@id\":\"https:\\\/\\\/continuamosmx.com\\\/#\\\/schema\\\/logo\\\/image\\\/\"}},{\"@type\":\"Person\",\"@id\":\"https:\\\/\\\/continuamosmx.com\\\/#\\\/schema\\\/person\\\/5eb5356acb1fad784da407d14f0e8d89\",\"name\":\"Continuamos MX\",\"image\":{\"@type\":\"ImageObject\",\"inLanguage\":\"es\",\"@id\":\"https:\\\/\\\/secure.gravatar.com\\\/avatar\\\/30d4f9723476a15f4da34d35fb3501f08d2357016c76051c6a85c354c7489589?s=96&d=mm&r=g\",\"url\":\"https:\\\/\\\/secure.gravatar.com\\\/avatar\\\/30d4f9723476a15f4da34d35fb3501f08d2357016c76051c6a85c354c7489589?s=96&d=mm&r=g\",\"contentUrl\":\"https:\\\/\\\/secure.gravatar.com\\\/avatar\\\/30d4f9723476a15f4da34d35fb3501f08d2357016c76051c6a85c354c7489589?s=96&d=mm&r=g\",\"caption\":\"Continuamos MX\"},\"sameAs\":[\"http:\\\/\\\/www.continuamos.mx\"],\"url\":\"https:\\\/\\\/continuamosmx.com\\\/index.php\\\/author\\\/continuamos\\\/\"}]}<\/script>\n<!-- \/ Yoast SEO plugin. -->","yoast_head_json":{"title":"CONMEMORAN EN TLAMINCA TEXCOCO EL 621 ANIVERSARIO DEL NACIMIENTO DEL REY POETA NEZAHUALC\u00d3YOTL -","robots":{"index":"index","follow":"follow","max-snippet":"max-snippet:-1","max-image-preview":"max-image-preview:large","max-video-preview":"max-video-preview:-1"},"canonical":"https:\/\/continuamosmx.com\/index.php\/2023\/04\/29\/conmemoran-en-tlaminca-texcoco-el-621-aniversario-del-nacimiento-del-rey-poeta-nezahualcoyotl\/","og_locale":"es_ES","og_type":"article","og_title":"CONMEMORAN EN TLAMINCA TEXCOCO EL 621 ANIVERSARIO DEL NACIMIENTO DEL REY POETA NEZAHUALC\u00d3YOTL -","og_description":"\u2022 Entre cantos, flores y m\u00fasica, grupos culturales, autoridades auxiliares y municipales, estudiantes y vecinos recordaron el legado del Se\u00f1or de Texcoco \u2022 El legado del Rey Poeta Nezahualc\u00f3yotl, sigue vigente al gobernar con sabidur\u00eda, y fuerza para mantener la paz y gobernanza en su pueblo TEXCOCO.- En el marco del 621 aniversario del natalicio [&hellip;]","og_url":"https:\/\/continuamosmx.com\/index.php\/2023\/04\/29\/conmemoran-en-tlaminca-texcoco-el-621-aniversario-del-nacimiento-del-rey-poeta-nezahualcoyotl\/","article_published_time":"2023-04-29T06:20:28+00:00","article_modified_time":"2023-04-29T06:20:30+00:00","og_image":[{"width":1280,"height":853,"url":"https:\/\/continuamosmx.com\/wp-content\/uploads\/2023\/04\/TEX-2.jpg","type":"image\/jpeg"}],"author":"Continuamos MX","twitter_card":"summary_large_image","twitter_misc":{"Escrito por":"Continuamos MX","Tiempo de lectura":"2 minutos"},"schema":{"@context":"https:\/\/schema.org","@graph":[{"@type":"Article","@id":"https:\/\/continuamosmx.com\/index.php\/2023\/04\/29\/conmemoran-en-tlaminca-texcoco-el-621-aniversario-del-nacimiento-del-rey-poeta-nezahualcoyotl\/#article","isPartOf":{"@id":"https:\/\/continuamosmx.com\/index.php\/2023\/04\/29\/conmemoran-en-tlaminca-texcoco-el-621-aniversario-del-nacimiento-del-rey-poeta-nezahualcoyotl\/"},"author":{"name":"Continuamos MX","@id":"https:\/\/continuamosmx.com\/#\/schema\/person\/5eb5356acb1fad784da407d14f0e8d89"},"headline":"CONMEMORAN EN TLAMINCA TEXCOCO EL 621 ANIVERSARIO DEL NACIMIENTO DEL REY POETA NEZAHUALC\u00d3YOTL","datePublished":"2023-04-29T06:20:28+00:00","dateModified":"2023-04-29T06:20:30+00:00","mainEntityOfPage":{"@id":"https:\/\/continuamosmx.com\/index.php\/2023\/04\/29\/conmemoran-en-tlaminca-texcoco-el-621-aniversario-del-nacimiento-del-rey-poeta-nezahualcoyotl\/"},"wordCount":461,"commentCount":0,"publisher":{"@id":"https:\/\/continuamosmx.com\/#organization"},"image":{"@id":"https:\/\/continuamosmx.com\/index.php\/2023\/04\/29\/conmemoran-en-tlaminca-texcoco-el-621-aniversario-del-nacimiento-del-rey-poeta-nezahualcoyotl\/#primaryimage"},"thumbnailUrl":"https:\/\/continuamosmx.com\/wp-content\/uploads\/2023\/04\/TEX-2.jpg","articleSection":["LOCALES","TEXCOCO"],"inLanguage":"es"},{"@type":"WebPage","@id":"https:\/\/continuamosmx.com\/index.php\/2023\/04\/29\/conmemoran-en-tlaminca-texcoco-el-621-aniversario-del-nacimiento-del-rey-poeta-nezahualcoyotl\/","url":"https:\/\/continuamosmx.com\/index.php\/2023\/04\/29\/conmemoran-en-tlaminca-texcoco-el-621-aniversario-del-nacimiento-del-rey-poeta-nezahualcoyotl\/","name":"CONMEMORAN EN TLAMINCA TEXCOCO EL 621 ANIVERSARIO DEL NACIMIENTO DEL REY POETA NEZAHUALC\u00d3YOTL -","isPartOf":{"@id":"https:\/\/continuamosmx.com\/#website"},"primaryImageOfPage":{"@id":"https:\/\/continuamosmx.com\/index.php\/2023\/04\/29\/conmemoran-en-tlaminca-texcoco-el-621-aniversario-del-nacimiento-del-rey-poeta-nezahualcoyotl\/#primaryimage"},"image":{"@id":"https:\/\/continuamosmx.com\/index.php\/2023\/04\/29\/conmemoran-en-tlaminca-texcoco-el-621-aniversario-del-nacimiento-del-rey-poeta-nezahualcoyotl\/#primaryimage"},"thumbnailUrl":"https:\/\/continuamosmx.com\/wp-content\/uploads\/2023\/04\/TEX-2.jpg","datePublished":"2023-04-29T06:20:28+00:00","dateModified":"2023-04-29T06:20:30+00:00","breadcrumb":{"@id":"https:\/\/continuamosmx.com\/index.php\/2023\/04\/29\/conmemoran-en-tlaminca-texcoco-el-621-aniversario-del-nacimiento-del-rey-poeta-nezahualcoyotl\/#breadcrumb"},"inLanguage":"es","potentialAction":[{"@type":"ReadAction","target":["https:\/\/continuamosmx.com\/index.php\/2023\/04\/29\/conmemoran-en-tlaminca-texcoco-el-621-aniversario-del-nacimiento-del-rey-poeta-nezahualcoyotl\/"]}]},{"@type":"ImageObject","inLanguage":"es","@id":"https:\/\/continuamosmx.com\/index.php\/2023\/04\/29\/conmemoran-en-tlaminca-texcoco-el-621-aniversario-del-nacimiento-del-rey-poeta-nezahualcoyotl\/#primaryimage","url":"https:\/\/continuamosmx.com\/wp-content\/uploads\/2023\/04\/TEX-2.jpg","contentUrl":"https:\/\/continuamosmx.com\/wp-content\/uploads\/2023\/04\/TEX-2.jpg","width":1280,"height":853},{"@type":"BreadcrumbList","@id":"https:\/\/continuamosmx.com\/index.php\/2023\/04\/29\/conmemoran-en-tlaminca-texcoco-el-621-aniversario-del-nacimiento-del-rey-poeta-nezahualcoyotl\/#breadcrumb","itemListElement":[{"@type":"ListItem","position":1,"name":"Inicio","item":"https:\/\/continuamosmx.com\/"},{"@type":"ListItem","position":2,"name":"CONMEMORAN EN TLAMINCA TEXCOCO EL 621 ANIVERSARIO DEL NACIMIENTO DEL REY POETA NEZAHUALC\u00d3YOTL"}]},{"@type":"WebSite","@id":"https:\/\/continuamosmx.com\/#website","url":"https:\/\/continuamosmx.com\/","name":"www.continuamosmx.com","description":"","publisher":{"@id":"https:\/\/continuamosmx.com\/#organization"},"potentialAction":[{"@type":"SearchAction","target":{"@type":"EntryPoint","urlTemplate":"https:\/\/continuamosmx.com\/?s={search_term_string}"},"query-input":{"@type":"PropertyValueSpecification","valueRequired":true,"valueName":"search_term_string"}}],"inLanguage":"es"},{"@type":"Organization","@id":"https:\/\/continuamosmx.com\/#organization","name":"ContinuamosMX","url":"https:\/\/continuamosmx.com\/","logo":{"@type":"ImageObject","inLanguage":"es","@id":"https:\/\/continuamosmx.com\/#\/schema\/logo\/image\/","url":"https:\/\/continuamosmx.com\/wp-content\/uploads\/2023\/04\/cropped-LOGO-CONTI-NUEVO.png","contentUrl":"https:\/\/continuamosmx.com\/wp-content\/uploads\/2023\/04\/cropped-LOGO-CONTI-NUEVO.png","width":1257,"height":430,"caption":"ContinuamosMX"},"image":{"@id":"https:\/\/continuamosmx.com\/#\/schema\/logo\/image\/"}},{"@type":"Person","@id":"https:\/\/continuamosmx.com\/#\/schema\/person\/5eb5356acb1fad784da407d14f0e8d89","name":"Continuamos MX","image":{"@type":"ImageObject","inLanguage":"es","@id":"https:\/\/secure.gravatar.com\/avatar\/30d4f9723476a15f4da34d35fb3501f08d2357016c76051c6a85c354c7489589?s=96&d=mm&r=g","url":"https:\/\/secure.gravatar.com\/avatar\/30d4f9723476a15f4da34d35fb3501f08d2357016c76051c6a85c354c7489589?s=96&d=mm&r=g","contentUrl":"https:\/\/secure.gravatar.com\/avatar\/30d4f9723476a15f4da34d35fb3501f08d2357016c76051c6a85c354c7489589?s=96&d=mm&r=g","caption":"Continuamos MX"},"sameAs":["http:\/\/www.continuamos.mx"],"url":"https:\/\/continuamosmx.com\/index.php\/author\/continuamos\/"}]}},"_links":{"self":[{"href":"https:\/\/continuamosmx.com\/index.php\/wp-json\/wp\/v2\/posts\/42918","targetHints":{"allow":["GET"]}}],"collection":[{"href":"https:\/\/continuamosmx.com\/index.php\/wp-json\/wp\/v2\/posts"}],"about":[{"href":"https:\/\/continuamosmx.com\/index.php\/wp-json\/wp\/v2\/types\/post"}],"author":[{"embeddable":true,"href":"https:\/\/continuamosmx.com\/index.php\/wp-json\/wp\/v2\/users\/6"}],"replies":[{"embeddable":true,"href":"https:\/\/continuamosmx.com\/index.php\/wp-json\/wp\/v2\/comments?post=42918"}],"version-history":[{"count":1,"href":"https:\/\/continuamosmx.com\/index.php\/wp-json\/wp\/v2\/posts\/42918\/revisions"}],"predecessor-version":[{"id":42920,"href":"https:\/\/continuamosmx.com\/index.php\/wp-json\/wp\/v2\/posts\/42918\/revisions\/42920"}],"wp:featuredmedia":[{"embeddable":true,"href":"https:\/\/continuamosmx.com\/index.php\/wp-json\/wp\/v2\/media\/42919"}],"wp:attachment":[{"href":"https:\/\/continuamosmx.com\/index.php\/wp-json\/wp\/v2\/media?parent=42918"}],"wp:term":[{"taxonomy":"category","embeddable":true,"href":"https:\/\/continuamosmx.com\/index.php\/wp-json\/wp\/v2\/categories?post=42918"},{"taxonomy":"post_tag","embeddable":true,"href":"https:\/\/continuamosmx.com\/index.php\/wp-json\/wp\/v2\/tags?post=42918"}],"curies":[{"name":"wp","href":"https:\/\/api.w.org\/{rel}","templated":true}]}}