{"id":42796,"date":"2023-04-18T14:55:00","date_gmt":"2023-04-18T14:55:00","guid":{"rendered":"https:\/\/continuamosmx.com\/?p=42796"},"modified":"2023-04-19T03:11:41","modified_gmt":"2023-04-19T03:11:41","slug":"el-rincon-de-la-reflexion","status":"publish","type":"post","link":"https:\/\/continuamosmx.com\/index.php\/2023\/04\/18\/el-rincon-de-la-reflexion\/","title":{"rendered":"EL RINC\u00d3N DE LA REFLEXI\u00d3N."},"content":{"rendered":"\n<p><strong>El toque de puerta, indiscutible para la construcci\u00f3n de la 4T<\/strong><\/p>\n\n\n\n<p><strong>Por Alfredo Elizarraras<\/strong><\/p>\n\n\n\n<p>Hablar de morena como partido, implica la necesidad de remontarse a sus or\u00edgenes, cuando nuestro preciado \u201cya sabes qui\u00e9n\u201d recorri\u00f3 todo el pa\u00eds.<\/p>\n\n\n\n<p>El tan famoso \u201ctoque de puertas\u201d que har\u00eda la diferencia entre nuestro movimiento y la tradicional y desgastada manera de hacer pol\u00edtica del prianosaurismo. Es decir, la cercan\u00eda social, que siempre se hizo presente en la estrategia pol\u00edtica de \u201cya sabes qui\u00e9n\u201d, frente a esa pol\u00edtica de imposici\u00f3n y alejamiento social que a\u00f1o tras a\u00f1o se ha repetido en nuestro pa\u00eds, desde hace bastantes a\u00f1os.<\/p>\n\n\n\n<p>Una pol\u00edtica que no solo se ha reducido a un toque de puertas sin sentido y a la ligera. Al contrario, dicha estrategia ha surgido de la preocupaci\u00f3n por la problem\u00e1tica de los ciudadanos de a pie, que jam\u00e1s han sido escuchados por aquellos actores pol\u00edticos de derecha, que siempre han ostentado el poder.<\/p>\n\n\n\n<p>Platicar con la gente, escuchar sus inconformidades y nutrirse con nuevas ideas, siempre ha sido el alimento de cada d\u00eda de nuestro presidente. El rompimiento de la hip\u00f3crita escucha de ocasi\u00f3n, por esos pol\u00edticos de abolengo que solo han aparecido en las comunidades, durante periodos electorales.<\/p>\n\n\n\n<p>Un pol\u00edtico que siempre se ha fortalecido, de los buenos deseos del pueblo. El dirigente de izquierda que desde joven camin\u00f3 y platic\u00f3 en las comunidades con los de abajo; con los sin nombre, con los olvidados por el aquel sistema pol\u00edtico que dentro de sus peque\u00f1as mentes, solo han tenido la idea de sacar provecho de la gente y despojarlos de su esencia, hasta reducirlos a un mero bot\u00edn pol\u00edtico. Ese viejo sistema putrefacto que solo naci\u00f3 para robar la energ\u00eda de los ciudadanos, para poder esclavizarlos.<\/p>\n\n\n\n<p>Es decir, aquel filosofo pol\u00edtico que siempre luch\u00f3 por la dignidad del pueblo y buscando que el quehacer pol\u00edtico, se convirtiera en el poder del pueblo y para el pueblo. El pol\u00edtico de la cercan\u00eda social que fue a partir de sus constantes caminatas, que lo inspiraron para luchar d\u00edas tras d\u00eda hasta llegar a convertirse en el presidente digno y sabio que es hoy.<\/p>\n\n\n\n<p>El pol\u00edtico que entendi\u00f3 el movimiento del partido, hacia las calles, hacia el pueblo, hacia los trabajadores, hacia las bases sociales que en realidad, son la parte fundamental de cualquier pa\u00eds. El partido nacido de las luchas sociales, para quienes son due\u00f1os del verdadero poder social: \u201cel pueblo\u201d.<\/p>\n\n\n\n<p>As\u00ed lo dejaron ver, el domingo 17 de abril, cuando cientos de morenistas salieron a las calles, para conformar una caravana nutrida y potente, hacia Lomas de Atizap\u00e1n. Un cami\u00f3n, cuidando la retaguardia del contingente, con su gran tama\u00f1o y su potencia. Mientras que, en la punta de lanza, un coche perifoneando con mucha alegr\u00eda, el voto a favor de la maestra Delfina G\u00f3mez \u00c1lvarez.<\/p>\n\n\n\n<p>Una caravana compuesta por mujeres, j\u00f3venes, personas de la tercera edad, ni\u00f1os y en s\u00ed, el pueblo bueno y sabio marchando con alegr\u00eda, por el pr\u00f3ximo cambio por venir. Un festejo \u00fanico, en el cual, el amor por su preciado Estado de M\u00e9xico se dej\u00f3 ver entre quienes asistieron.<\/p>\n\n\n\n<p>Fue tanto el clamor de alegr\u00eda, que incluso muchos de los espectadores, pitaban el claxon de sus veh\u00edculos, gustosos de ver al pueblo bueno y sabio caminando por la calle y demostrando su felicidad, por esa esperanza del cambio, que esta aun paso de llegar a nuestro querido Estado de M\u00e9xico.<\/p>\n\n\n\n<p>Una caravana que dej\u00f3 en claro, que la esperanza nunca muere y siempre aviva el coraz\u00f3n del pueblo. Una caravana que le dijo a los atizapenses: \u201caqu\u00ed estamos y seguiremos luchando para que la Batalla Maestra vea su triunfo.<\/p>\n\n\n\n<p>Esa es la alegr\u00eda que nuestro preciado presidente, nos dej\u00f3 como legado. La construcci\u00f3n de la comunidad, a partir de la unidad y organizaci\u00f3n social. La inclusi\u00f3n de diversas formas de pensamiento, que permitan la construcci\u00f3n de una visi\u00f3n acerca de la realidad m\u00e1s profunda que abone a la Cuarta transformaci\u00f3n y a la vida democr\u00e1tica de nuestro pa\u00eds.<\/p>\n\n\n\n<p>El uso del poder pol\u00edtico, a favor de la colectividad y buscando siempre \u201cla justicia social\u201d, como principios fundamentales para llegar a ese humanismo mexicano, que finalmente fue construido por nuestro querido \u201cya sabes qui\u00e9n\u201d.<\/p>\n","protected":false},"excerpt":{"rendered":"<p>El toque de puerta, indiscutible para la construcci\u00f3n de la 4T Por Alfredo Elizarraras Hablar de morena como partido, implica la necesidad de remontarse a sus or\u00edgenes, cuando nuestro preciado \u201cya sabes qui\u00e9n\u201d recorri\u00f3 todo el pa\u00eds. El tan famoso \u201ctoque de puertas\u201d que har\u00eda la diferencia entre nuestro movimiento y la tradicional y desgastada [&hellip;]<\/p>\n","protected":false},"author":6,"featured_media":42797,"comment_status":"open","ping_status":"open","sticky":false,"template":"","format":"standard","meta":{"footnotes":""},"categories":[10,9],"tags":[],"class_list":["post-42796","post","type-post","status-publish","format-standard","has-post-thumbnail","hentry","category-articulo-de-contenido","category-columnas"],"yoast_head":"<!-- This site is optimized with the Yoast SEO plugin v27.5 - https:\/\/yoast.com\/product\/yoast-seo-wordpress\/ -->\n<title>EL RINC\u00d3N DE LA REFLEXI\u00d3N. -<\/title>\n<meta name=\"robots\" content=\"index, follow, max-snippet:-1, max-image-preview:large, max-video-preview:-1\" \/>\n<link rel=\"canonical\" href=\"https:\/\/continuamosmx.com\/index.php\/2023\/04\/18\/el-rincon-de-la-reflexion\/\" \/>\n<meta property=\"og:locale\" content=\"es_ES\" \/>\n<meta property=\"og:type\" content=\"article\" \/>\n<meta property=\"og:title\" content=\"EL RINC\u00d3N DE LA REFLEXI\u00d3N. -\" \/>\n<meta property=\"og:description\" content=\"El toque de puerta, indiscutible para la construcci\u00f3n de la 4T Por Alfredo Elizarraras Hablar de morena como partido, implica la necesidad de remontarse a sus or\u00edgenes, cuando nuestro preciado \u201cya sabes qui\u00e9n\u201d recorri\u00f3 todo el pa\u00eds. El tan famoso \u201ctoque de puertas\u201d que har\u00eda la diferencia entre nuestro movimiento y la tradicional y desgastada [&hellip;]\" \/>\n<meta property=\"og:url\" content=\"https:\/\/continuamosmx.com\/index.php\/2023\/04\/18\/el-rincon-de-la-reflexion\/\" \/>\n<meta property=\"article:published_time\" content=\"2023-04-18T14:55:00+00:00\" \/>\n<meta property=\"article:modified_time\" content=\"2023-04-19T03:11:41+00:00\" \/>\n<meta property=\"og:image\" content=\"https:\/\/continuamosmx.com\/wp-content\/uploads\/2023\/04\/COLUMNA.jpg\" \/>\n\t<meta property=\"og:image:width\" content=\"283\" \/>\n\t<meta property=\"og:image:height\" content=\"280\" \/>\n\t<meta property=\"og:image:type\" content=\"image\/jpeg\" \/>\n<meta name=\"author\" content=\"Continuamos MX\" \/>\n<meta name=\"twitter:card\" content=\"summary_large_image\" \/>\n<meta name=\"twitter:label1\" content=\"Escrito por\" \/>\n\t<meta name=\"twitter:data1\" content=\"Continuamos MX\" \/>\n\t<meta name=\"twitter:label2\" content=\"Tiempo de lectura\" \/>\n\t<meta name=\"twitter:data2\" content=\"4 minutos\" \/>\n<script type=\"application\/ld+json\" class=\"yoast-schema-graph\">{\"@context\":\"https:\\\/\\\/schema.org\",\"@graph\":[{\"@type\":\"Article\",\"@id\":\"https:\\\/\\\/continuamosmx.com\\\/index.php\\\/2023\\\/04\\\/18\\\/el-rincon-de-la-reflexion\\\/#article\",\"isPartOf\":{\"@id\":\"https:\\\/\\\/continuamosmx.com\\\/index.php\\\/2023\\\/04\\\/18\\\/el-rincon-de-la-reflexion\\\/\"},\"author\":{\"name\":\"Continuamos MX\",\"@id\":\"https:\\\/\\\/continuamosmx.com\\\/#\\\/schema\\\/person\\\/5eb5356acb1fad784da407d14f0e8d89\"},\"headline\":\"EL RINC\u00d3N DE LA REFLEXI\u00d3N.\",\"datePublished\":\"2023-04-18T14:55:00+00:00\",\"dateModified\":\"2023-04-19T03:11:41+00:00\",\"mainEntityOfPage\":{\"@id\":\"https:\\\/\\\/continuamosmx.com\\\/index.php\\\/2023\\\/04\\\/18\\\/el-rincon-de-la-reflexion\\\/\"},\"wordCount\":772,\"commentCount\":0,\"publisher\":{\"@id\":\"https:\\\/\\\/continuamosmx.com\\\/#organization\"},\"image\":{\"@id\":\"https:\\\/\\\/continuamosmx.com\\\/index.php\\\/2023\\\/04\\\/18\\\/el-rincon-de-la-reflexion\\\/#primaryimage\"},\"thumbnailUrl\":\"https:\\\/\\\/continuamosmx.com\\\/wp-content\\\/uploads\\\/2023\\\/04\\\/COLUMNA.jpg\",\"articleSection\":[\"ART\u00cdCULO DE CONTENIDO\",\"COLUMNAS\"],\"inLanguage\":\"es\"},{\"@type\":\"WebPage\",\"@id\":\"https:\\\/\\\/continuamosmx.com\\\/index.php\\\/2023\\\/04\\\/18\\\/el-rincon-de-la-reflexion\\\/\",\"url\":\"https:\\\/\\\/continuamosmx.com\\\/index.php\\\/2023\\\/04\\\/18\\\/el-rincon-de-la-reflexion\\\/\",\"name\":\"EL RINC\u00d3N DE LA REFLEXI\u00d3N. -\",\"isPartOf\":{\"@id\":\"https:\\\/\\\/continuamosmx.com\\\/#website\"},\"primaryImageOfPage\":{\"@id\":\"https:\\\/\\\/continuamosmx.com\\\/index.php\\\/2023\\\/04\\\/18\\\/el-rincon-de-la-reflexion\\\/#primaryimage\"},\"image\":{\"@id\":\"https:\\\/\\\/continuamosmx.com\\\/index.php\\\/2023\\\/04\\\/18\\\/el-rincon-de-la-reflexion\\\/#primaryimage\"},\"thumbnailUrl\":\"https:\\\/\\\/continuamosmx.com\\\/wp-content\\\/uploads\\\/2023\\\/04\\\/COLUMNA.jpg\",\"datePublished\":\"2023-04-18T14:55:00+00:00\",\"dateModified\":\"2023-04-19T03:11:41+00:00\",\"breadcrumb\":{\"@id\":\"https:\\\/\\\/continuamosmx.com\\\/index.php\\\/2023\\\/04\\\/18\\\/el-rincon-de-la-reflexion\\\/#breadcrumb\"},\"inLanguage\":\"es\",\"potentialAction\":[{\"@type\":\"ReadAction\",\"target\":[\"https:\\\/\\\/continuamosmx.com\\\/index.php\\\/2023\\\/04\\\/18\\\/el-rincon-de-la-reflexion\\\/\"]}]},{\"@type\":\"ImageObject\",\"inLanguage\":\"es\",\"@id\":\"https:\\\/\\\/continuamosmx.com\\\/index.php\\\/2023\\\/04\\\/18\\\/el-rincon-de-la-reflexion\\\/#primaryimage\",\"url\":\"https:\\\/\\\/continuamosmx.com\\\/wp-content\\\/uploads\\\/2023\\\/04\\\/COLUMNA.jpg\",\"contentUrl\":\"https:\\\/\\\/continuamosmx.com\\\/wp-content\\\/uploads\\\/2023\\\/04\\\/COLUMNA.jpg\",\"width\":283,\"height\":280},{\"@type\":\"BreadcrumbList\",\"@id\":\"https:\\\/\\\/continuamosmx.com\\\/index.php\\\/2023\\\/04\\\/18\\\/el-rincon-de-la-reflexion\\\/#breadcrumb\",\"itemListElement\":[{\"@type\":\"ListItem\",\"position\":1,\"name\":\"Inicio\",\"item\":\"https:\\\/\\\/continuamosmx.com\\\/\"},{\"@type\":\"ListItem\",\"position\":2,\"name\":\"EL RINC\u00d3N DE LA REFLEXI\u00d3N.\"}]},{\"@type\":\"WebSite\",\"@id\":\"https:\\\/\\\/continuamosmx.com\\\/#website\",\"url\":\"https:\\\/\\\/continuamosmx.com\\\/\",\"name\":\"www.continuamosmx.com\",\"description\":\"\",\"publisher\":{\"@id\":\"https:\\\/\\\/continuamosmx.com\\\/#organization\"},\"potentialAction\":[{\"@type\":\"SearchAction\",\"target\":{\"@type\":\"EntryPoint\",\"urlTemplate\":\"https:\\\/\\\/continuamosmx.com\\\/?s={search_term_string}\"},\"query-input\":{\"@type\":\"PropertyValueSpecification\",\"valueRequired\":true,\"valueName\":\"search_term_string\"}}],\"inLanguage\":\"es\"},{\"@type\":\"Organization\",\"@id\":\"https:\\\/\\\/continuamosmx.com\\\/#organization\",\"name\":\"ContinuamosMX\",\"url\":\"https:\\\/\\\/continuamosmx.com\\\/\",\"logo\":{\"@type\":\"ImageObject\",\"inLanguage\":\"es\",\"@id\":\"https:\\\/\\\/continuamosmx.com\\\/#\\\/schema\\\/logo\\\/image\\\/\",\"url\":\"https:\\\/\\\/continuamosmx.com\\\/wp-content\\\/uploads\\\/2023\\\/04\\\/cropped-LOGO-CONTI-NUEVO.png\",\"contentUrl\":\"https:\\\/\\\/continuamosmx.com\\\/wp-content\\\/uploads\\\/2023\\\/04\\\/cropped-LOGO-CONTI-NUEVO.png\",\"width\":1257,\"height\":430,\"caption\":\"ContinuamosMX\"},\"image\":{\"@id\":\"https:\\\/\\\/continuamosmx.com\\\/#\\\/schema\\\/logo\\\/image\\\/\"}},{\"@type\":\"Person\",\"@id\":\"https:\\\/\\\/continuamosmx.com\\\/#\\\/schema\\\/person\\\/5eb5356acb1fad784da407d14f0e8d89\",\"name\":\"Continuamos MX\",\"image\":{\"@type\":\"ImageObject\",\"inLanguage\":\"es\",\"@id\":\"https:\\\/\\\/secure.gravatar.com\\\/avatar\\\/30d4f9723476a15f4da34d35fb3501f08d2357016c76051c6a85c354c7489589?s=96&d=mm&r=g\",\"url\":\"https:\\\/\\\/secure.gravatar.com\\\/avatar\\\/30d4f9723476a15f4da34d35fb3501f08d2357016c76051c6a85c354c7489589?s=96&d=mm&r=g\",\"contentUrl\":\"https:\\\/\\\/secure.gravatar.com\\\/avatar\\\/30d4f9723476a15f4da34d35fb3501f08d2357016c76051c6a85c354c7489589?s=96&d=mm&r=g\",\"caption\":\"Continuamos MX\"},\"sameAs\":[\"http:\\\/\\\/www.continuamos.mx\"],\"url\":\"https:\\\/\\\/continuamosmx.com\\\/index.php\\\/author\\\/continuamos\\\/\"}]}<\/script>\n<!-- \/ Yoast SEO plugin. -->","yoast_head_json":{"title":"EL RINC\u00d3N DE LA REFLEXI\u00d3N. -","robots":{"index":"index","follow":"follow","max-snippet":"max-snippet:-1","max-image-preview":"max-image-preview:large","max-video-preview":"max-video-preview:-1"},"canonical":"https:\/\/continuamosmx.com\/index.php\/2023\/04\/18\/el-rincon-de-la-reflexion\/","og_locale":"es_ES","og_type":"article","og_title":"EL RINC\u00d3N DE LA REFLEXI\u00d3N. -","og_description":"El toque de puerta, indiscutible para la construcci\u00f3n de la 4T Por Alfredo Elizarraras Hablar de morena como partido, implica la necesidad de remontarse a sus or\u00edgenes, cuando nuestro preciado \u201cya sabes qui\u00e9n\u201d recorri\u00f3 todo el pa\u00eds. El tan famoso \u201ctoque de puertas\u201d que har\u00eda la diferencia entre nuestro movimiento y la tradicional y desgastada [&hellip;]","og_url":"https:\/\/continuamosmx.com\/index.php\/2023\/04\/18\/el-rincon-de-la-reflexion\/","article_published_time":"2023-04-18T14:55:00+00:00","article_modified_time":"2023-04-19T03:11:41+00:00","og_image":[{"width":283,"height":280,"url":"https:\/\/continuamosmx.com\/wp-content\/uploads\/2023\/04\/COLUMNA.jpg","type":"image\/jpeg"}],"author":"Continuamos MX","twitter_card":"summary_large_image","twitter_misc":{"Escrito por":"Continuamos MX","Tiempo de lectura":"4 minutos"},"schema":{"@context":"https:\/\/schema.org","@graph":[{"@type":"Article","@id":"https:\/\/continuamosmx.com\/index.php\/2023\/04\/18\/el-rincon-de-la-reflexion\/#article","isPartOf":{"@id":"https:\/\/continuamosmx.com\/index.php\/2023\/04\/18\/el-rincon-de-la-reflexion\/"},"author":{"name":"Continuamos MX","@id":"https:\/\/continuamosmx.com\/#\/schema\/person\/5eb5356acb1fad784da407d14f0e8d89"},"headline":"EL RINC\u00d3N DE LA REFLEXI\u00d3N.","datePublished":"2023-04-18T14:55:00+00:00","dateModified":"2023-04-19T03:11:41+00:00","mainEntityOfPage":{"@id":"https:\/\/continuamosmx.com\/index.php\/2023\/04\/18\/el-rincon-de-la-reflexion\/"},"wordCount":772,"commentCount":0,"publisher":{"@id":"https:\/\/continuamosmx.com\/#organization"},"image":{"@id":"https:\/\/continuamosmx.com\/index.php\/2023\/04\/18\/el-rincon-de-la-reflexion\/#primaryimage"},"thumbnailUrl":"https:\/\/continuamosmx.com\/wp-content\/uploads\/2023\/04\/COLUMNA.jpg","articleSection":["ART\u00cdCULO DE CONTENIDO","COLUMNAS"],"inLanguage":"es"},{"@type":"WebPage","@id":"https:\/\/continuamosmx.com\/index.php\/2023\/04\/18\/el-rincon-de-la-reflexion\/","url":"https:\/\/continuamosmx.com\/index.php\/2023\/04\/18\/el-rincon-de-la-reflexion\/","name":"EL RINC\u00d3N DE LA REFLEXI\u00d3N. -","isPartOf":{"@id":"https:\/\/continuamosmx.com\/#website"},"primaryImageOfPage":{"@id":"https:\/\/continuamosmx.com\/index.php\/2023\/04\/18\/el-rincon-de-la-reflexion\/#primaryimage"},"image":{"@id":"https:\/\/continuamosmx.com\/index.php\/2023\/04\/18\/el-rincon-de-la-reflexion\/#primaryimage"},"thumbnailUrl":"https:\/\/continuamosmx.com\/wp-content\/uploads\/2023\/04\/COLUMNA.jpg","datePublished":"2023-04-18T14:55:00+00:00","dateModified":"2023-04-19T03:11:41+00:00","breadcrumb":{"@id":"https:\/\/continuamosmx.com\/index.php\/2023\/04\/18\/el-rincon-de-la-reflexion\/#breadcrumb"},"inLanguage":"es","potentialAction":[{"@type":"ReadAction","target":["https:\/\/continuamosmx.com\/index.php\/2023\/04\/18\/el-rincon-de-la-reflexion\/"]}]},{"@type":"ImageObject","inLanguage":"es","@id":"https:\/\/continuamosmx.com\/index.php\/2023\/04\/18\/el-rincon-de-la-reflexion\/#primaryimage","url":"https:\/\/continuamosmx.com\/wp-content\/uploads\/2023\/04\/COLUMNA.jpg","contentUrl":"https:\/\/continuamosmx.com\/wp-content\/uploads\/2023\/04\/COLUMNA.jpg","width":283,"height":280},{"@type":"BreadcrumbList","@id":"https:\/\/continuamosmx.com\/index.php\/2023\/04\/18\/el-rincon-de-la-reflexion\/#breadcrumb","itemListElement":[{"@type":"ListItem","position":1,"name":"Inicio","item":"https:\/\/continuamosmx.com\/"},{"@type":"ListItem","position":2,"name":"EL RINC\u00d3N DE LA REFLEXI\u00d3N."}]},{"@type":"WebSite","@id":"https:\/\/continuamosmx.com\/#website","url":"https:\/\/continuamosmx.com\/","name":"www.continuamosmx.com","description":"","publisher":{"@id":"https:\/\/continuamosmx.com\/#organization"},"potentialAction":[{"@type":"SearchAction","target":{"@type":"EntryPoint","urlTemplate":"https:\/\/continuamosmx.com\/?s={search_term_string}"},"query-input":{"@type":"PropertyValueSpecification","valueRequired":true,"valueName":"search_term_string"}}],"inLanguage":"es"},{"@type":"Organization","@id":"https:\/\/continuamosmx.com\/#organization","name":"ContinuamosMX","url":"https:\/\/continuamosmx.com\/","logo":{"@type":"ImageObject","inLanguage":"es","@id":"https:\/\/continuamosmx.com\/#\/schema\/logo\/image\/","url":"https:\/\/continuamosmx.com\/wp-content\/uploads\/2023\/04\/cropped-LOGO-CONTI-NUEVO.png","contentUrl":"https:\/\/continuamosmx.com\/wp-content\/uploads\/2023\/04\/cropped-LOGO-CONTI-NUEVO.png","width":1257,"height":430,"caption":"ContinuamosMX"},"image":{"@id":"https:\/\/continuamosmx.com\/#\/schema\/logo\/image\/"}},{"@type":"Person","@id":"https:\/\/continuamosmx.com\/#\/schema\/person\/5eb5356acb1fad784da407d14f0e8d89","name":"Continuamos MX","image":{"@type":"ImageObject","inLanguage":"es","@id":"https:\/\/secure.gravatar.com\/avatar\/30d4f9723476a15f4da34d35fb3501f08d2357016c76051c6a85c354c7489589?s=96&d=mm&r=g","url":"https:\/\/secure.gravatar.com\/avatar\/30d4f9723476a15f4da34d35fb3501f08d2357016c76051c6a85c354c7489589?s=96&d=mm&r=g","contentUrl":"https:\/\/secure.gravatar.com\/avatar\/30d4f9723476a15f4da34d35fb3501f08d2357016c76051c6a85c354c7489589?s=96&d=mm&r=g","caption":"Continuamos MX"},"sameAs":["http:\/\/www.continuamos.mx"],"url":"https:\/\/continuamosmx.com\/index.php\/author\/continuamos\/"}]}},"_links":{"self":[{"href":"https:\/\/continuamosmx.com\/index.php\/wp-json\/wp\/v2\/posts\/42796","targetHints":{"allow":["GET"]}}],"collection":[{"href":"https:\/\/continuamosmx.com\/index.php\/wp-json\/wp\/v2\/posts"}],"about":[{"href":"https:\/\/continuamosmx.com\/index.php\/wp-json\/wp\/v2\/types\/post"}],"author":[{"embeddable":true,"href":"https:\/\/continuamosmx.com\/index.php\/wp-json\/wp\/v2\/users\/6"}],"replies":[{"embeddable":true,"href":"https:\/\/continuamosmx.com\/index.php\/wp-json\/wp\/v2\/comments?post=42796"}],"version-history":[{"count":1,"href":"https:\/\/continuamosmx.com\/index.php\/wp-json\/wp\/v2\/posts\/42796\/revisions"}],"predecessor-version":[{"id":42798,"href":"https:\/\/continuamosmx.com\/index.php\/wp-json\/wp\/v2\/posts\/42796\/revisions\/42798"}],"wp:featuredmedia":[{"embeddable":true,"href":"https:\/\/continuamosmx.com\/index.php\/wp-json\/wp\/v2\/media\/42797"}],"wp:attachment":[{"href":"https:\/\/continuamosmx.com\/index.php\/wp-json\/wp\/v2\/media?parent=42796"}],"wp:term":[{"taxonomy":"category","embeddable":true,"href":"https:\/\/continuamosmx.com\/index.php\/wp-json\/wp\/v2\/categories?post=42796"},{"taxonomy":"post_tag","embeddable":true,"href":"https:\/\/continuamosmx.com\/index.php\/wp-json\/wp\/v2\/tags?post=42796"}],"curies":[{"name":"wp","href":"https:\/\/api.w.org\/{rel}","templated":true}]}}