{"id":42775,"date":"2023-03-30T15:59:00","date_gmt":"2023-03-30T15:59:00","guid":{"rendered":"https:\/\/continuamosmx.com\/?p=43632"},"modified":"2023-05-17T03:02:35","modified_gmt":"2023-05-17T03:02:35","slug":"programa-de-bacheo-en-acolman","status":"publish","type":"post","link":"https:\/\/continuamosmx.com\/index.php\/2023\/03\/30\/programa-de-bacheo-en-acolman\/","title":{"rendered":"PROGRAMA DE BACHEO EN ACOLMAN"},"content":{"rendered":"\n<p><strong>Se mejorar\u00e1 las calles y vialidades de las 23 Delegaciones del municipio.<\/strong><\/p>\n\n\n\n<p>ACOLMAN, M\u00e9x. Durante el arranque de los trabajos de bacheo en calles de Geovillas de Terranova, el alcalde L.C. Rigoberto Cort\u00e9s Melgoza detall\u00f3 que con este programa se dar\u00e1n las condiciones para que los habitantes puedan circular.<\/p>\n\n\n\n<p>\u201cIremos trabajando conforme llega el recurso y tendremos que cumplir en las 23 delegaciones\u201d, puntualiz\u00f3.<\/p>\n\n\n\n<p>Cort\u00e9s Melgoza detall\u00f3 que, gracias a los habitantes responsables que cumplen con el pago de sus impuestos se avanza en los diferentes proyectos implementados por la administraci\u00f3n que encabeza.<\/p>\n\n\n\n<p>Hizo hincapi\u00e9 en que su gobierno seguir\u00e1 trabajando poco a poco para todos y todas, \u201cen particular, Real del Valle y Geovillas de Terranova tienen muchas necesidades, se invertir\u00e1n m\u00e1s de tres millones seiscientos mil pesos con el bacheo y daremos las condiciones para poder circular\u201d, explic\u00f3.<\/p>\n\n\n\n<p>Tras anunciar que ser\u00e1n varias las etapas del Programa Municipal de Bacheo, extern\u00f3 que se ir\u00e1 trabajando conforme llegue el recurso que emana mes con mes del pago de impuestos que todos los habitantes realizan.<\/p>\n\n\n\n<p>De la misma manera, con el fin de prevenir inundaciones, pidi\u00f3 a los vecinos no arrojar residuos s\u00f3lidos en la v\u00eda p\u00fablica porque tapan el sistema de drenaje y las cosas se complican. \u201cEs muy grande el fraccionamiento y a veces se complica atender todas las situaciones en el mismo instante, pero seguiremos apoyando y pedimos a ustedes su apoyo\u201d, extern\u00f3.<\/p>\n\n\n\n<p>Dio a conocer los incrementos de beneficiados en los programas \u201cSembrando Bienestar\u201d y \u201cBecas renace\u201d y \u201cestamos a punto de terminar una cl\u00ednica \u00fanica en el municipio gracias al recurso que emana de los impuestos que mes con mes pagan los vecinos\u201d, expres\u00f3 el presidente municipal.<\/p>\n\n\n\n<p>En el caso de Seguridad P\u00fablica dijo, se cuenta con cinco patrullas permanentes en la zona, situaci\u00f3n insuficiente y un tema complejo, por lo que llam\u00f3 a la colaboraci\u00f3n de los vecinos para atajar el problema.<\/p>\n\n\n\n<p>\u201cDenuncien, lo pueden realizar de manera an\u00f3nima, y avisen cuando vean algo sospechoso, as\u00ed nos ayudar\u00e1n a inhibir la delincuencia\u201d.<\/p>\n\n\n\n<p>En tanto, vecinos de la zona agradecieron el mejoramiento de las calles. Posteriormente se dio el banderazo de arranque de los trabajos en los que se llev\u00f3 a cabo el corte de la superficie da\u00f1ada, para despu\u00e9s aplicar el riego de liga y, posteriormente aplicar la mezcla asf\u00e1ltica para compactar. Esta etapa requerir\u00e1 la inversi\u00f3n de: $3&#8217;689,596.80 derivado del FORTAMUN 2023.<\/p>\n","protected":false},"excerpt":{"rendered":"<p>Se mejorar\u00e1 las calles y vialidades de las 23 Delegaciones del municipio. ACOLMAN, M\u00e9x. Durante el arranque de los trabajos de bacheo en calles de Geovillas de Terranova, el alcalde L.C. Rigoberto Cort\u00e9s Melgoza detall\u00f3 que con este programa se dar\u00e1n las condiciones para que los habitantes puedan circular. \u201cIremos trabajando conforme llega el recurso [&hellip;]<\/p>\n","protected":false},"author":1,"featured_media":42776,"comment_status":"closed","ping_status":"open","sticky":false,"template":"","format":"standard","meta":{"footnotes":""},"categories":[13,4],"tags":[],"class_list":["post-42775","post","type-post","status-publish","format-standard","has-post-thumbnail","hentry","category-acolman","category-locales"],"yoast_head":"<!-- This site is optimized with the Yoast SEO plugin v27.5 - https:\/\/yoast.com\/product\/yoast-seo-wordpress\/ -->\n<title>PROGRAMA DE BACHEO EN ACOLMAN -<\/title>\n<meta name=\"robots\" content=\"index, follow, max-snippet:-1, max-image-preview:large, max-video-preview:-1\" \/>\n<link rel=\"canonical\" href=\"https:\/\/continuamosmx.com\/index.php\/2023\/03\/30\/programa-de-bacheo-en-acolman\/\" \/>\n<meta property=\"og:locale\" content=\"es_ES\" \/>\n<meta property=\"og:type\" content=\"article\" \/>\n<meta property=\"og:title\" content=\"PROGRAMA DE BACHEO EN ACOLMAN -\" \/>\n<meta property=\"og:description\" content=\"Se mejorar\u00e1 las calles y vialidades de las 23 Delegaciones del municipio. ACOLMAN, M\u00e9x. Durante el arranque de los trabajos de bacheo en calles de Geovillas de Terranova, el alcalde L.C. Rigoberto Cort\u00e9s Melgoza detall\u00f3 que con este programa se dar\u00e1n las condiciones para que los habitantes puedan circular. \u201cIremos trabajando conforme llega el recurso [&hellip;]\" \/>\n<meta property=\"og:url\" content=\"https:\/\/continuamosmx.com\/index.php\/2023\/03\/30\/programa-de-bacheo-en-acolman\/\" \/>\n<meta property=\"article:published_time\" content=\"2023-03-30T15:59:00+00:00\" \/>\n<meta property=\"article:modified_time\" content=\"2023-05-17T03:02:35+00:00\" \/>\n<meta property=\"og:image\" content=\"https:\/\/continuamosmx.com\/wp-content\/uploads\/2023\/03\/bacheo.jpg\" \/>\n\t<meta property=\"og:image:width\" content=\"1462\" \/>\n\t<meta property=\"og:image:height\" content=\"800\" \/>\n\t<meta property=\"og:image:type\" content=\"image\/jpeg\" \/>\n<meta name=\"author\" content=\"ContinuamosMX\" \/>\n<meta name=\"twitter:card\" content=\"summary_large_image\" \/>\n<meta name=\"twitter:label1\" content=\"Escrito por\" \/>\n\t<meta name=\"twitter:data1\" content=\"ContinuamosMX\" \/>\n\t<meta name=\"twitter:label2\" content=\"Tiempo de lectura\" \/>\n\t<meta name=\"twitter:data2\" content=\"2 minutos\" \/>\n<script type=\"application\/ld+json\" class=\"yoast-schema-graph\">{\"@context\":\"https:\\\/\\\/schema.org\",\"@graph\":[{\"@type\":\"Article\",\"@id\":\"https:\\\/\\\/continuamosmx.com\\\/index.php\\\/2023\\\/03\\\/30\\\/programa-de-bacheo-en-acolman\\\/#article\",\"isPartOf\":{\"@id\":\"https:\\\/\\\/continuamosmx.com\\\/index.php\\\/2023\\\/03\\\/30\\\/programa-de-bacheo-en-acolman\\\/\"},\"author\":{\"name\":\"ContinuamosMX\",\"@id\":\"https:\\\/\\\/continuamosmx.com\\\/#\\\/schema\\\/person\\\/597bf43bb6e9623635929d8de706669f\"},\"headline\":\"PROGRAMA DE BACHEO EN ACOLMAN\",\"datePublished\":\"2023-03-30T15:59:00+00:00\",\"dateModified\":\"2023-05-17T03:02:35+00:00\",\"mainEntityOfPage\":{\"@id\":\"https:\\\/\\\/continuamosmx.com\\\/index.php\\\/2023\\\/03\\\/30\\\/programa-de-bacheo-en-acolman\\\/\"},\"wordCount\":422,\"publisher\":{\"@id\":\"https:\\\/\\\/continuamosmx.com\\\/#organization\"},\"image\":{\"@id\":\"https:\\\/\\\/continuamosmx.com\\\/index.php\\\/2023\\\/03\\\/30\\\/programa-de-bacheo-en-acolman\\\/#primaryimage\"},\"thumbnailUrl\":\"https:\\\/\\\/continuamosmx.com\\\/wp-content\\\/uploads\\\/2023\\\/03\\\/bacheo.jpg\",\"articleSection\":[\"ACOLMAN\",\"LOCALES\"],\"inLanguage\":\"es\"},{\"@type\":\"WebPage\",\"@id\":\"https:\\\/\\\/continuamosmx.com\\\/index.php\\\/2023\\\/03\\\/30\\\/programa-de-bacheo-en-acolman\\\/\",\"url\":\"https:\\\/\\\/continuamosmx.com\\\/index.php\\\/2023\\\/03\\\/30\\\/programa-de-bacheo-en-acolman\\\/\",\"name\":\"PROGRAMA DE BACHEO EN ACOLMAN -\",\"isPartOf\":{\"@id\":\"https:\\\/\\\/continuamosmx.com\\\/#website\"},\"primaryImageOfPage\":{\"@id\":\"https:\\\/\\\/continuamosmx.com\\\/index.php\\\/2023\\\/03\\\/30\\\/programa-de-bacheo-en-acolman\\\/#primaryimage\"},\"image\":{\"@id\":\"https:\\\/\\\/continuamosmx.com\\\/index.php\\\/2023\\\/03\\\/30\\\/programa-de-bacheo-en-acolman\\\/#primaryimage\"},\"thumbnailUrl\":\"https:\\\/\\\/continuamosmx.com\\\/wp-content\\\/uploads\\\/2023\\\/03\\\/bacheo.jpg\",\"datePublished\":\"2023-03-30T15:59:00+00:00\",\"dateModified\":\"2023-05-17T03:02:35+00:00\",\"breadcrumb\":{\"@id\":\"https:\\\/\\\/continuamosmx.com\\\/index.php\\\/2023\\\/03\\\/30\\\/programa-de-bacheo-en-acolman\\\/#breadcrumb\"},\"inLanguage\":\"es\",\"potentialAction\":[{\"@type\":\"ReadAction\",\"target\":[\"https:\\\/\\\/continuamosmx.com\\\/index.php\\\/2023\\\/03\\\/30\\\/programa-de-bacheo-en-acolman\\\/\"]}]},{\"@type\":\"ImageObject\",\"inLanguage\":\"es\",\"@id\":\"https:\\\/\\\/continuamosmx.com\\\/index.php\\\/2023\\\/03\\\/30\\\/programa-de-bacheo-en-acolman\\\/#primaryimage\",\"url\":\"https:\\\/\\\/continuamosmx.com\\\/wp-content\\\/uploads\\\/2023\\\/03\\\/bacheo.jpg\",\"contentUrl\":\"https:\\\/\\\/continuamosmx.com\\\/wp-content\\\/uploads\\\/2023\\\/03\\\/bacheo.jpg\",\"width\":1462,\"height\":800},{\"@type\":\"BreadcrumbList\",\"@id\":\"https:\\\/\\\/continuamosmx.com\\\/index.php\\\/2023\\\/03\\\/30\\\/programa-de-bacheo-en-acolman\\\/#breadcrumb\",\"itemListElement\":[{\"@type\":\"ListItem\",\"position\":1,\"name\":\"Inicio\",\"item\":\"https:\\\/\\\/continuamosmx.com\\\/\"},{\"@type\":\"ListItem\",\"position\":2,\"name\":\"PROGRAMA DE BACHEO EN ACOLMAN\"}]},{\"@type\":\"WebSite\",\"@id\":\"https:\\\/\\\/continuamosmx.com\\\/#website\",\"url\":\"https:\\\/\\\/continuamosmx.com\\\/\",\"name\":\"www.continuamosmx.com\",\"description\":\"\",\"publisher\":{\"@id\":\"https:\\\/\\\/continuamosmx.com\\\/#organization\"},\"potentialAction\":[{\"@type\":\"SearchAction\",\"target\":{\"@type\":\"EntryPoint\",\"urlTemplate\":\"https:\\\/\\\/continuamosmx.com\\\/?s={search_term_string}\"},\"query-input\":{\"@type\":\"PropertyValueSpecification\",\"valueRequired\":true,\"valueName\":\"search_term_string\"}}],\"inLanguage\":\"es\"},{\"@type\":\"Organization\",\"@id\":\"https:\\\/\\\/continuamosmx.com\\\/#organization\",\"name\":\"ContinuamosMX\",\"url\":\"https:\\\/\\\/continuamosmx.com\\\/\",\"logo\":{\"@type\":\"ImageObject\",\"inLanguage\":\"es\",\"@id\":\"https:\\\/\\\/continuamosmx.com\\\/#\\\/schema\\\/logo\\\/image\\\/\",\"url\":\"https:\\\/\\\/continuamosmx.com\\\/wp-content\\\/uploads\\\/2023\\\/04\\\/cropped-LOGO-CONTI-NUEVO.png\",\"contentUrl\":\"https:\\\/\\\/continuamosmx.com\\\/wp-content\\\/uploads\\\/2023\\\/04\\\/cropped-LOGO-CONTI-NUEVO.png\",\"width\":1257,\"height\":430,\"caption\":\"ContinuamosMX\"},\"image\":{\"@id\":\"https:\\\/\\\/continuamosmx.com\\\/#\\\/schema\\\/logo\\\/image\\\/\"}},{\"@type\":\"Person\",\"@id\":\"https:\\\/\\\/continuamosmx.com\\\/#\\\/schema\\\/person\\\/597bf43bb6e9623635929d8de706669f\",\"name\":\"ContinuamosMX\",\"image\":{\"@type\":\"ImageObject\",\"inLanguage\":\"es\",\"@id\":\"https:\\\/\\\/secure.gravatar.com\\\/avatar\\\/559529727a6e1f51269882deb22b7cbf727c15cb0f7d75d495313386bc069382?s=96&d=mm&r=g\",\"url\":\"https:\\\/\\\/secure.gravatar.com\\\/avatar\\\/559529727a6e1f51269882deb22b7cbf727c15cb0f7d75d495313386bc069382?s=96&d=mm&r=g\",\"contentUrl\":\"https:\\\/\\\/secure.gravatar.com\\\/avatar\\\/559529727a6e1f51269882deb22b7cbf727c15cb0f7d75d495313386bc069382?s=96&d=mm&r=g\",\"caption\":\"ContinuamosMX\"},\"sameAs\":[\"http:\\\/\\\/continuamosmx.com\"],\"url\":\"https:\\\/\\\/continuamosmx.com\\\/index.php\\\/author\\\/cgbarnardhotmail-com\\\/\"}]}<\/script>\n<!-- \/ Yoast SEO plugin. -->","yoast_head_json":{"title":"PROGRAMA DE BACHEO EN ACOLMAN -","robots":{"index":"index","follow":"follow","max-snippet":"max-snippet:-1","max-image-preview":"max-image-preview:large","max-video-preview":"max-video-preview:-1"},"canonical":"https:\/\/continuamosmx.com\/index.php\/2023\/03\/30\/programa-de-bacheo-en-acolman\/","og_locale":"es_ES","og_type":"article","og_title":"PROGRAMA DE BACHEO EN ACOLMAN -","og_description":"Se mejorar\u00e1 las calles y vialidades de las 23 Delegaciones del municipio. ACOLMAN, M\u00e9x. Durante el arranque de los trabajos de bacheo en calles de Geovillas de Terranova, el alcalde L.C. Rigoberto Cort\u00e9s Melgoza detall\u00f3 que con este programa se dar\u00e1n las condiciones para que los habitantes puedan circular. \u201cIremos trabajando conforme llega el recurso [&hellip;]","og_url":"https:\/\/continuamosmx.com\/index.php\/2023\/03\/30\/programa-de-bacheo-en-acolman\/","article_published_time":"2023-03-30T15:59:00+00:00","article_modified_time":"2023-05-17T03:02:35+00:00","og_image":[{"width":1462,"height":800,"url":"https:\/\/continuamosmx.com\/wp-content\/uploads\/2023\/03\/bacheo.jpg","type":"image\/jpeg"}],"author":"ContinuamosMX","twitter_card":"summary_large_image","twitter_misc":{"Escrito por":"ContinuamosMX","Tiempo de lectura":"2 minutos"},"schema":{"@context":"https:\/\/schema.org","@graph":[{"@type":"Article","@id":"https:\/\/continuamosmx.com\/index.php\/2023\/03\/30\/programa-de-bacheo-en-acolman\/#article","isPartOf":{"@id":"https:\/\/continuamosmx.com\/index.php\/2023\/03\/30\/programa-de-bacheo-en-acolman\/"},"author":{"name":"ContinuamosMX","@id":"https:\/\/continuamosmx.com\/#\/schema\/person\/597bf43bb6e9623635929d8de706669f"},"headline":"PROGRAMA DE BACHEO EN ACOLMAN","datePublished":"2023-03-30T15:59:00+00:00","dateModified":"2023-05-17T03:02:35+00:00","mainEntityOfPage":{"@id":"https:\/\/continuamosmx.com\/index.php\/2023\/03\/30\/programa-de-bacheo-en-acolman\/"},"wordCount":422,"publisher":{"@id":"https:\/\/continuamosmx.com\/#organization"},"image":{"@id":"https:\/\/continuamosmx.com\/index.php\/2023\/03\/30\/programa-de-bacheo-en-acolman\/#primaryimage"},"thumbnailUrl":"https:\/\/continuamosmx.com\/wp-content\/uploads\/2023\/03\/bacheo.jpg","articleSection":["ACOLMAN","LOCALES"],"inLanguage":"es"},{"@type":"WebPage","@id":"https:\/\/continuamosmx.com\/index.php\/2023\/03\/30\/programa-de-bacheo-en-acolman\/","url":"https:\/\/continuamosmx.com\/index.php\/2023\/03\/30\/programa-de-bacheo-en-acolman\/","name":"PROGRAMA DE BACHEO EN ACOLMAN -","isPartOf":{"@id":"https:\/\/continuamosmx.com\/#website"},"primaryImageOfPage":{"@id":"https:\/\/continuamosmx.com\/index.php\/2023\/03\/30\/programa-de-bacheo-en-acolman\/#primaryimage"},"image":{"@id":"https:\/\/continuamosmx.com\/index.php\/2023\/03\/30\/programa-de-bacheo-en-acolman\/#primaryimage"},"thumbnailUrl":"https:\/\/continuamosmx.com\/wp-content\/uploads\/2023\/03\/bacheo.jpg","datePublished":"2023-03-30T15:59:00+00:00","dateModified":"2023-05-17T03:02:35+00:00","breadcrumb":{"@id":"https:\/\/continuamosmx.com\/index.php\/2023\/03\/30\/programa-de-bacheo-en-acolman\/#breadcrumb"},"inLanguage":"es","potentialAction":[{"@type":"ReadAction","target":["https:\/\/continuamosmx.com\/index.php\/2023\/03\/30\/programa-de-bacheo-en-acolman\/"]}]},{"@type":"ImageObject","inLanguage":"es","@id":"https:\/\/continuamosmx.com\/index.php\/2023\/03\/30\/programa-de-bacheo-en-acolman\/#primaryimage","url":"https:\/\/continuamosmx.com\/wp-content\/uploads\/2023\/03\/bacheo.jpg","contentUrl":"https:\/\/continuamosmx.com\/wp-content\/uploads\/2023\/03\/bacheo.jpg","width":1462,"height":800},{"@type":"BreadcrumbList","@id":"https:\/\/continuamosmx.com\/index.php\/2023\/03\/30\/programa-de-bacheo-en-acolman\/#breadcrumb","itemListElement":[{"@type":"ListItem","position":1,"name":"Inicio","item":"https:\/\/continuamosmx.com\/"},{"@type":"ListItem","position":2,"name":"PROGRAMA DE BACHEO EN ACOLMAN"}]},{"@type":"WebSite","@id":"https:\/\/continuamosmx.com\/#website","url":"https:\/\/continuamosmx.com\/","name":"www.continuamosmx.com","description":"","publisher":{"@id":"https:\/\/continuamosmx.com\/#organization"},"potentialAction":[{"@type":"SearchAction","target":{"@type":"EntryPoint","urlTemplate":"https:\/\/continuamosmx.com\/?s={search_term_string}"},"query-input":{"@type":"PropertyValueSpecification","valueRequired":true,"valueName":"search_term_string"}}],"inLanguage":"es"},{"@type":"Organization","@id":"https:\/\/continuamosmx.com\/#organization","name":"ContinuamosMX","url":"https:\/\/continuamosmx.com\/","logo":{"@type":"ImageObject","inLanguage":"es","@id":"https:\/\/continuamosmx.com\/#\/schema\/logo\/image\/","url":"https:\/\/continuamosmx.com\/wp-content\/uploads\/2023\/04\/cropped-LOGO-CONTI-NUEVO.png","contentUrl":"https:\/\/continuamosmx.com\/wp-content\/uploads\/2023\/04\/cropped-LOGO-CONTI-NUEVO.png","width":1257,"height":430,"caption":"ContinuamosMX"},"image":{"@id":"https:\/\/continuamosmx.com\/#\/schema\/logo\/image\/"}},{"@type":"Person","@id":"https:\/\/continuamosmx.com\/#\/schema\/person\/597bf43bb6e9623635929d8de706669f","name":"ContinuamosMX","image":{"@type":"ImageObject","inLanguage":"es","@id":"https:\/\/secure.gravatar.com\/avatar\/559529727a6e1f51269882deb22b7cbf727c15cb0f7d75d495313386bc069382?s=96&d=mm&r=g","url":"https:\/\/secure.gravatar.com\/avatar\/559529727a6e1f51269882deb22b7cbf727c15cb0f7d75d495313386bc069382?s=96&d=mm&r=g","contentUrl":"https:\/\/secure.gravatar.com\/avatar\/559529727a6e1f51269882deb22b7cbf727c15cb0f7d75d495313386bc069382?s=96&d=mm&r=g","caption":"ContinuamosMX"},"sameAs":["http:\/\/continuamosmx.com"],"url":"https:\/\/continuamosmx.com\/index.php\/author\/cgbarnardhotmail-com\/"}]}},"_links":{"self":[{"href":"https:\/\/continuamosmx.com\/index.php\/wp-json\/wp\/v2\/posts\/42775","targetHints":{"allow":["GET"]}}],"collection":[{"href":"https:\/\/continuamosmx.com\/index.php\/wp-json\/wp\/v2\/posts"}],"about":[{"href":"https:\/\/continuamosmx.com\/index.php\/wp-json\/wp\/v2\/types\/post"}],"author":[{"embeddable":true,"href":"https:\/\/continuamosmx.com\/index.php\/wp-json\/wp\/v2\/users\/1"}],"replies":[{"embeddable":true,"href":"https:\/\/continuamosmx.com\/index.php\/wp-json\/wp\/v2\/comments?post=42775"}],"version-history":[{"count":1,"href":"https:\/\/continuamosmx.com\/index.php\/wp-json\/wp\/v2\/posts\/42775\/revisions"}],"predecessor-version":[{"id":43070,"href":"https:\/\/continuamosmx.com\/index.php\/wp-json\/wp\/v2\/posts\/42775\/revisions\/43070"}],"wp:featuredmedia":[{"embeddable":true,"href":"https:\/\/continuamosmx.com\/index.php\/wp-json\/wp\/v2\/media\/42776"}],"wp:attachment":[{"href":"https:\/\/continuamosmx.com\/index.php\/wp-json\/wp\/v2\/media?parent=42775"}],"wp:term":[{"taxonomy":"category","embeddable":true,"href":"https:\/\/continuamosmx.com\/index.php\/wp-json\/wp\/v2\/categories?post=42775"},{"taxonomy":"post_tag","embeddable":true,"href":"https:\/\/continuamosmx.com\/index.php\/wp-json\/wp\/v2\/tags?post=42775"}],"curies":[{"name":"wp","href":"https:\/\/api.w.org\/{rel}","templated":true}]}}