{"id":42762,"date":"2023-04-02T00:20:34","date_gmt":"2023-04-02T00:20:34","guid":{"rendered":"https:\/\/continuamosmx.com\/?p=43657"},"modified":"2023-05-17T03:02:29","modified_gmt":"2023-05-17T03:02:29","slug":"festejan-a-ninos-y-mamas-de-acolman","status":"publish","type":"post","link":"https:\/\/continuamosmx.com\/index.php\/2023\/04\/02\/festejan-a-ninos-y-mamas-de-acolman\/","title":{"rendered":"FESTEJAN A NI\u00d1OS Y MAM\u00c1S DE ACOLMAN"},"content":{"rendered":"\n<p><strong>Autoridades adelantan festejos por respeto a la veda electoral; Acolman centro y Real del Valle siguientes sedes de este festival.<\/strong><\/p>\n\n\n\n<p>REDACCI\u00d3N.<\/p>\n\n\n\n<p>ACOLMAN, M\u00e9x.- El Festival del D\u00eda del Ni\u00f1o, la ni\u00f1a y las mam\u00e1s reuni\u00f3 a cientos de personas en la plaza \u00abEl Calvarito\u00bb en Cuanalan, donde el presidente del #DIF, Osvaldo Cort\u00e9s Contreras encabez\u00f3 las primeras rifas del este primer d\u00eda especial.<\/p>\n\n\n\n<p>\u201cSomos respetuosos de la veda electoral que se aproxima, por eso preferimos adelantar los festejos para ustedes\u201d, detall\u00f3.<\/p>\n\n\n\n<p>Los festejados recibieron regalos sorpresas y, en el caso de las ni\u00f1as y ni\u00f1os se divirtieron con el Show de Botargas Infantiles; el reparto de juguetes y, disfrutaron de brincolines, inflabes y toros mec\u00e1nicos.<\/p>\n\n\n\n<p>De igual manera hubo rifas de premios para las mam\u00e1s, quienes tuvieron la oportunidad de llevarse televisiones, tabletas, refrigeradores, ollas expr\u00e9s, estufas, entre muchas otras sorpresas.<\/p>\n\n\n\n<p>Tras la popular actuaci\u00f3n de \u201cEl Norte\u00f1o\u201d; lleg\u00f3 el Cumbia Fest a cargo de Efr\u00e9n David y los Diablos Locos que pusieron a bailar a ni\u00f1os, j\u00f3venes y adultos al ritmo cumbia.<\/p>\n\n\n\n<p>En su oportunidad, previo a las rifas, el presidente del DIF dio la bienvenida a toda la ciudadan\u00eda por estar presentes y participar en este grandioso festival en la cual ni\u00f1os y mam\u00e1s disfrutaron de todos los preparativos.<\/p>\n\n\n\n<p>Este fue uno de los primeros festivales que el gobierno ten\u00eda preparado para las mam\u00e1s y los ni\u00f1os, adem\u00e1s se realizaron eventos en la explanada municipal y Real del Valle.<\/p>\n\n\n\n<figure class=\"wp-block-gallery has-nested-images columns-default is-cropped wp-block-gallery-1 is-layout-flex wp-block-gallery-is-layout-flex\">\n<figure class=\"wp-block-image size-large\"><img decoding=\"async\" data-id=\"43661\" src=\"https:\/\/continuamosmx.com\/wp-content\/uploads\/2023\/04\/acolman4-1024x809.jpg\" alt=\"\" class=\"wp-image-43661\"\/><\/figure>\n\n\n\n<figure class=\"wp-block-image size-large\"><img decoding=\"async\" data-id=\"43660\" src=\"https:\/\/continuamosmx.com\/wp-content\/uploads\/2023\/04\/becas2-1024x610.jpg\" alt=\"\" class=\"wp-image-43660\"\/><\/figure>\n<\/figure>\n","protected":false},"excerpt":{"rendered":"<p>Autoridades adelantan festejos por respeto a la veda electoral; Acolman centro y Real del Valle siguientes sedes de este festival. REDACCI\u00d3N. ACOLMAN, M\u00e9x.- El Festival del D\u00eda del Ni\u00f1o, la ni\u00f1a y las mam\u00e1s reuni\u00f3 a cientos de personas en la plaza \u00abEl Calvarito\u00bb en Cuanalan, donde el presidente del #DIF, Osvaldo Cort\u00e9s Contreras encabez\u00f3 [&hellip;]<\/p>\n","protected":false},"author":1,"featured_media":42763,"comment_status":"closed","ping_status":"open","sticky":false,"template":"","format":"standard","meta":{"footnotes":""},"categories":[4],"tags":[],"class_list":["post-42762","post","type-post","status-publish","format-standard","has-post-thumbnail","hentry","category-locales"],"yoast_head":"<!-- This site is optimized with the Yoast SEO plugin v27.5 - https:\/\/yoast.com\/product\/yoast-seo-wordpress\/ -->\n<title>FESTEJAN A NI\u00d1OS Y MAM\u00c1S DE ACOLMAN -<\/title>\n<meta name=\"robots\" content=\"index, follow, max-snippet:-1, max-image-preview:large, max-video-preview:-1\" \/>\n<link rel=\"canonical\" href=\"https:\/\/continuamosmx.com\/index.php\/2023\/04\/02\/festejan-a-ninos-y-mamas-de-acolman\/\" \/>\n<meta property=\"og:locale\" content=\"es_ES\" \/>\n<meta property=\"og:type\" content=\"article\" \/>\n<meta property=\"og:title\" content=\"FESTEJAN A NI\u00d1OS Y MAM\u00c1S DE ACOLMAN -\" \/>\n<meta property=\"og:description\" content=\"Autoridades adelantan festejos por respeto a la veda electoral; Acolman centro y Real del Valle siguientes sedes de este festival. REDACCI\u00d3N. ACOLMAN, M\u00e9x.- El Festival del D\u00eda del Ni\u00f1o, la ni\u00f1a y las mam\u00e1s reuni\u00f3 a cientos de personas en la plaza \u00abEl Calvarito\u00bb en Cuanalan, donde el presidente del #DIF, Osvaldo Cort\u00e9s Contreras encabez\u00f3 [&hellip;]\" \/>\n<meta property=\"og:url\" content=\"https:\/\/continuamosmx.com\/index.php\/2023\/04\/02\/festejan-a-ninos-y-mamas-de-acolman\/\" \/>\n<meta property=\"article:published_time\" content=\"2023-04-02T00:20:34+00:00\" \/>\n<meta property=\"article:modified_time\" content=\"2023-05-17T03:02:29+00:00\" \/>\n<meta property=\"og:image\" content=\"https:\/\/continuamosmx.com\/wp-content\/uploads\/2023\/04\/acolman4.jpg\" \/>\n\t<meta property=\"og:image:width\" content=\"1076\" \/>\n\t<meta property=\"og:image:height\" content=\"850\" \/>\n\t<meta property=\"og:image:type\" content=\"image\/jpeg\" \/>\n<meta name=\"author\" content=\"ContinuamosMX\" \/>\n<meta name=\"twitter:card\" content=\"summary_large_image\" \/>\n<meta name=\"twitter:label1\" content=\"Escrito por\" \/>\n\t<meta name=\"twitter:data1\" content=\"ContinuamosMX\" \/>\n\t<meta name=\"twitter:label2\" content=\"Tiempo de lectura\" \/>\n\t<meta name=\"twitter:data2\" content=\"2 minutos\" \/>\n<script type=\"application\/ld+json\" class=\"yoast-schema-graph\">{\"@context\":\"https:\\\/\\\/schema.org\",\"@graph\":[{\"@type\":\"Article\",\"@id\":\"https:\\\/\\\/continuamosmx.com\\\/index.php\\\/2023\\\/04\\\/02\\\/festejan-a-ninos-y-mamas-de-acolman\\\/#article\",\"isPartOf\":{\"@id\":\"https:\\\/\\\/continuamosmx.com\\\/index.php\\\/2023\\\/04\\\/02\\\/festejan-a-ninos-y-mamas-de-acolman\\\/\"},\"author\":{\"name\":\"ContinuamosMX\",\"@id\":\"https:\\\/\\\/continuamosmx.com\\\/#\\\/schema\\\/person\\\/597bf43bb6e9623635929d8de706669f\"},\"headline\":\"FESTEJAN A NI\u00d1OS Y MAM\u00c1S DE ACOLMAN\",\"datePublished\":\"2023-04-02T00:20:34+00:00\",\"dateModified\":\"2023-05-17T03:02:29+00:00\",\"mainEntityOfPage\":{\"@id\":\"https:\\\/\\\/continuamosmx.com\\\/index.php\\\/2023\\\/04\\\/02\\\/festejan-a-ninos-y-mamas-de-acolman\\\/\"},\"wordCount\":276,\"publisher\":{\"@id\":\"https:\\\/\\\/continuamosmx.com\\\/#organization\"},\"image\":{\"@id\":\"https:\\\/\\\/continuamosmx.com\\\/index.php\\\/2023\\\/04\\\/02\\\/festejan-a-ninos-y-mamas-de-acolman\\\/#primaryimage\"},\"thumbnailUrl\":\"https:\\\/\\\/continuamosmx.com\\\/wp-content\\\/uploads\\\/2023\\\/04\\\/acolman4.jpg\",\"articleSection\":[\"LOCALES\"],\"inLanguage\":\"es\"},{\"@type\":\"WebPage\",\"@id\":\"https:\\\/\\\/continuamosmx.com\\\/index.php\\\/2023\\\/04\\\/02\\\/festejan-a-ninos-y-mamas-de-acolman\\\/\",\"url\":\"https:\\\/\\\/continuamosmx.com\\\/index.php\\\/2023\\\/04\\\/02\\\/festejan-a-ninos-y-mamas-de-acolman\\\/\",\"name\":\"FESTEJAN A NI\u00d1OS Y MAM\u00c1S DE ACOLMAN -\",\"isPartOf\":{\"@id\":\"https:\\\/\\\/continuamosmx.com\\\/#website\"},\"primaryImageOfPage\":{\"@id\":\"https:\\\/\\\/continuamosmx.com\\\/index.php\\\/2023\\\/04\\\/02\\\/festejan-a-ninos-y-mamas-de-acolman\\\/#primaryimage\"},\"image\":{\"@id\":\"https:\\\/\\\/continuamosmx.com\\\/index.php\\\/2023\\\/04\\\/02\\\/festejan-a-ninos-y-mamas-de-acolman\\\/#primaryimage\"},\"thumbnailUrl\":\"https:\\\/\\\/continuamosmx.com\\\/wp-content\\\/uploads\\\/2023\\\/04\\\/acolman4.jpg\",\"datePublished\":\"2023-04-02T00:20:34+00:00\",\"dateModified\":\"2023-05-17T03:02:29+00:00\",\"breadcrumb\":{\"@id\":\"https:\\\/\\\/continuamosmx.com\\\/index.php\\\/2023\\\/04\\\/02\\\/festejan-a-ninos-y-mamas-de-acolman\\\/#breadcrumb\"},\"inLanguage\":\"es\",\"potentialAction\":[{\"@type\":\"ReadAction\",\"target\":[\"https:\\\/\\\/continuamosmx.com\\\/index.php\\\/2023\\\/04\\\/02\\\/festejan-a-ninos-y-mamas-de-acolman\\\/\"]}]},{\"@type\":\"ImageObject\",\"inLanguage\":\"es\",\"@id\":\"https:\\\/\\\/continuamosmx.com\\\/index.php\\\/2023\\\/04\\\/02\\\/festejan-a-ninos-y-mamas-de-acolman\\\/#primaryimage\",\"url\":\"https:\\\/\\\/continuamosmx.com\\\/wp-content\\\/uploads\\\/2023\\\/04\\\/acolman4.jpg\",\"contentUrl\":\"https:\\\/\\\/continuamosmx.com\\\/wp-content\\\/uploads\\\/2023\\\/04\\\/acolman4.jpg\",\"width\":1076,\"height\":850},{\"@type\":\"BreadcrumbList\",\"@id\":\"https:\\\/\\\/continuamosmx.com\\\/index.php\\\/2023\\\/04\\\/02\\\/festejan-a-ninos-y-mamas-de-acolman\\\/#breadcrumb\",\"itemListElement\":[{\"@type\":\"ListItem\",\"position\":1,\"name\":\"Inicio\",\"item\":\"https:\\\/\\\/continuamosmx.com\\\/\"},{\"@type\":\"ListItem\",\"position\":2,\"name\":\"FESTEJAN A NI\u00d1OS Y MAM\u00c1S DE ACOLMAN\"}]},{\"@type\":\"WebSite\",\"@id\":\"https:\\\/\\\/continuamosmx.com\\\/#website\",\"url\":\"https:\\\/\\\/continuamosmx.com\\\/\",\"name\":\"www.continuamosmx.com\",\"description\":\"\",\"publisher\":{\"@id\":\"https:\\\/\\\/continuamosmx.com\\\/#organization\"},\"potentialAction\":[{\"@type\":\"SearchAction\",\"target\":{\"@type\":\"EntryPoint\",\"urlTemplate\":\"https:\\\/\\\/continuamosmx.com\\\/?s={search_term_string}\"},\"query-input\":{\"@type\":\"PropertyValueSpecification\",\"valueRequired\":true,\"valueName\":\"search_term_string\"}}],\"inLanguage\":\"es\"},{\"@type\":\"Organization\",\"@id\":\"https:\\\/\\\/continuamosmx.com\\\/#organization\",\"name\":\"ContinuamosMX\",\"url\":\"https:\\\/\\\/continuamosmx.com\\\/\",\"logo\":{\"@type\":\"ImageObject\",\"inLanguage\":\"es\",\"@id\":\"https:\\\/\\\/continuamosmx.com\\\/#\\\/schema\\\/logo\\\/image\\\/\",\"url\":\"https:\\\/\\\/continuamosmx.com\\\/wp-content\\\/uploads\\\/2023\\\/04\\\/cropped-LOGO-CONTI-NUEVO.png\",\"contentUrl\":\"https:\\\/\\\/continuamosmx.com\\\/wp-content\\\/uploads\\\/2023\\\/04\\\/cropped-LOGO-CONTI-NUEVO.png\",\"width\":1257,\"height\":430,\"caption\":\"ContinuamosMX\"},\"image\":{\"@id\":\"https:\\\/\\\/continuamosmx.com\\\/#\\\/schema\\\/logo\\\/image\\\/\"}},{\"@type\":\"Person\",\"@id\":\"https:\\\/\\\/continuamosmx.com\\\/#\\\/schema\\\/person\\\/597bf43bb6e9623635929d8de706669f\",\"name\":\"ContinuamosMX\",\"image\":{\"@type\":\"ImageObject\",\"inLanguage\":\"es\",\"@id\":\"https:\\\/\\\/secure.gravatar.com\\\/avatar\\\/559529727a6e1f51269882deb22b7cbf727c15cb0f7d75d495313386bc069382?s=96&d=mm&r=g\",\"url\":\"https:\\\/\\\/secure.gravatar.com\\\/avatar\\\/559529727a6e1f51269882deb22b7cbf727c15cb0f7d75d495313386bc069382?s=96&d=mm&r=g\",\"contentUrl\":\"https:\\\/\\\/secure.gravatar.com\\\/avatar\\\/559529727a6e1f51269882deb22b7cbf727c15cb0f7d75d495313386bc069382?s=96&d=mm&r=g\",\"caption\":\"ContinuamosMX\"},\"sameAs\":[\"http:\\\/\\\/continuamosmx.com\"],\"url\":\"https:\\\/\\\/continuamosmx.com\\\/index.php\\\/author\\\/cgbarnardhotmail-com\\\/\"}]}<\/script>\n<!-- \/ Yoast SEO plugin. -->","yoast_head_json":{"title":"FESTEJAN A NI\u00d1OS Y MAM\u00c1S DE ACOLMAN -","robots":{"index":"index","follow":"follow","max-snippet":"max-snippet:-1","max-image-preview":"max-image-preview:large","max-video-preview":"max-video-preview:-1"},"canonical":"https:\/\/continuamosmx.com\/index.php\/2023\/04\/02\/festejan-a-ninos-y-mamas-de-acolman\/","og_locale":"es_ES","og_type":"article","og_title":"FESTEJAN A NI\u00d1OS Y MAM\u00c1S DE ACOLMAN -","og_description":"Autoridades adelantan festejos por respeto a la veda electoral; Acolman centro y Real del Valle siguientes sedes de este festival. REDACCI\u00d3N. ACOLMAN, M\u00e9x.- El Festival del D\u00eda del Ni\u00f1o, la ni\u00f1a y las mam\u00e1s reuni\u00f3 a cientos de personas en la plaza \u00abEl Calvarito\u00bb en Cuanalan, donde el presidente del #DIF, Osvaldo Cort\u00e9s Contreras encabez\u00f3 [&hellip;]","og_url":"https:\/\/continuamosmx.com\/index.php\/2023\/04\/02\/festejan-a-ninos-y-mamas-de-acolman\/","article_published_time":"2023-04-02T00:20:34+00:00","article_modified_time":"2023-05-17T03:02:29+00:00","og_image":[{"width":1076,"height":850,"url":"https:\/\/continuamosmx.com\/wp-content\/uploads\/2023\/04\/acolman4.jpg","type":"image\/jpeg"}],"author":"ContinuamosMX","twitter_card":"summary_large_image","twitter_misc":{"Escrito por":"ContinuamosMX","Tiempo de lectura":"2 minutos"},"schema":{"@context":"https:\/\/schema.org","@graph":[{"@type":"Article","@id":"https:\/\/continuamosmx.com\/index.php\/2023\/04\/02\/festejan-a-ninos-y-mamas-de-acolman\/#article","isPartOf":{"@id":"https:\/\/continuamosmx.com\/index.php\/2023\/04\/02\/festejan-a-ninos-y-mamas-de-acolman\/"},"author":{"name":"ContinuamosMX","@id":"https:\/\/continuamosmx.com\/#\/schema\/person\/597bf43bb6e9623635929d8de706669f"},"headline":"FESTEJAN A NI\u00d1OS Y MAM\u00c1S DE ACOLMAN","datePublished":"2023-04-02T00:20:34+00:00","dateModified":"2023-05-17T03:02:29+00:00","mainEntityOfPage":{"@id":"https:\/\/continuamosmx.com\/index.php\/2023\/04\/02\/festejan-a-ninos-y-mamas-de-acolman\/"},"wordCount":276,"publisher":{"@id":"https:\/\/continuamosmx.com\/#organization"},"image":{"@id":"https:\/\/continuamosmx.com\/index.php\/2023\/04\/02\/festejan-a-ninos-y-mamas-de-acolman\/#primaryimage"},"thumbnailUrl":"https:\/\/continuamosmx.com\/wp-content\/uploads\/2023\/04\/acolman4.jpg","articleSection":["LOCALES"],"inLanguage":"es"},{"@type":"WebPage","@id":"https:\/\/continuamosmx.com\/index.php\/2023\/04\/02\/festejan-a-ninos-y-mamas-de-acolman\/","url":"https:\/\/continuamosmx.com\/index.php\/2023\/04\/02\/festejan-a-ninos-y-mamas-de-acolman\/","name":"FESTEJAN A NI\u00d1OS Y MAM\u00c1S DE ACOLMAN -","isPartOf":{"@id":"https:\/\/continuamosmx.com\/#website"},"primaryImageOfPage":{"@id":"https:\/\/continuamosmx.com\/index.php\/2023\/04\/02\/festejan-a-ninos-y-mamas-de-acolman\/#primaryimage"},"image":{"@id":"https:\/\/continuamosmx.com\/index.php\/2023\/04\/02\/festejan-a-ninos-y-mamas-de-acolman\/#primaryimage"},"thumbnailUrl":"https:\/\/continuamosmx.com\/wp-content\/uploads\/2023\/04\/acolman4.jpg","datePublished":"2023-04-02T00:20:34+00:00","dateModified":"2023-05-17T03:02:29+00:00","breadcrumb":{"@id":"https:\/\/continuamosmx.com\/index.php\/2023\/04\/02\/festejan-a-ninos-y-mamas-de-acolman\/#breadcrumb"},"inLanguage":"es","potentialAction":[{"@type":"ReadAction","target":["https:\/\/continuamosmx.com\/index.php\/2023\/04\/02\/festejan-a-ninos-y-mamas-de-acolman\/"]}]},{"@type":"ImageObject","inLanguage":"es","@id":"https:\/\/continuamosmx.com\/index.php\/2023\/04\/02\/festejan-a-ninos-y-mamas-de-acolman\/#primaryimage","url":"https:\/\/continuamosmx.com\/wp-content\/uploads\/2023\/04\/acolman4.jpg","contentUrl":"https:\/\/continuamosmx.com\/wp-content\/uploads\/2023\/04\/acolman4.jpg","width":1076,"height":850},{"@type":"BreadcrumbList","@id":"https:\/\/continuamosmx.com\/index.php\/2023\/04\/02\/festejan-a-ninos-y-mamas-de-acolman\/#breadcrumb","itemListElement":[{"@type":"ListItem","position":1,"name":"Inicio","item":"https:\/\/continuamosmx.com\/"},{"@type":"ListItem","position":2,"name":"FESTEJAN A NI\u00d1OS Y MAM\u00c1S DE ACOLMAN"}]},{"@type":"WebSite","@id":"https:\/\/continuamosmx.com\/#website","url":"https:\/\/continuamosmx.com\/","name":"www.continuamosmx.com","description":"","publisher":{"@id":"https:\/\/continuamosmx.com\/#organization"},"potentialAction":[{"@type":"SearchAction","target":{"@type":"EntryPoint","urlTemplate":"https:\/\/continuamosmx.com\/?s={search_term_string}"},"query-input":{"@type":"PropertyValueSpecification","valueRequired":true,"valueName":"search_term_string"}}],"inLanguage":"es"},{"@type":"Organization","@id":"https:\/\/continuamosmx.com\/#organization","name":"ContinuamosMX","url":"https:\/\/continuamosmx.com\/","logo":{"@type":"ImageObject","inLanguage":"es","@id":"https:\/\/continuamosmx.com\/#\/schema\/logo\/image\/","url":"https:\/\/continuamosmx.com\/wp-content\/uploads\/2023\/04\/cropped-LOGO-CONTI-NUEVO.png","contentUrl":"https:\/\/continuamosmx.com\/wp-content\/uploads\/2023\/04\/cropped-LOGO-CONTI-NUEVO.png","width":1257,"height":430,"caption":"ContinuamosMX"},"image":{"@id":"https:\/\/continuamosmx.com\/#\/schema\/logo\/image\/"}},{"@type":"Person","@id":"https:\/\/continuamosmx.com\/#\/schema\/person\/597bf43bb6e9623635929d8de706669f","name":"ContinuamosMX","image":{"@type":"ImageObject","inLanguage":"es","@id":"https:\/\/secure.gravatar.com\/avatar\/559529727a6e1f51269882deb22b7cbf727c15cb0f7d75d495313386bc069382?s=96&d=mm&r=g","url":"https:\/\/secure.gravatar.com\/avatar\/559529727a6e1f51269882deb22b7cbf727c15cb0f7d75d495313386bc069382?s=96&d=mm&r=g","contentUrl":"https:\/\/secure.gravatar.com\/avatar\/559529727a6e1f51269882deb22b7cbf727c15cb0f7d75d495313386bc069382?s=96&d=mm&r=g","caption":"ContinuamosMX"},"sameAs":["http:\/\/continuamosmx.com"],"url":"https:\/\/continuamosmx.com\/index.php\/author\/cgbarnardhotmail-com\/"}]}},"_links":{"self":[{"href":"https:\/\/continuamosmx.com\/index.php\/wp-json\/wp\/v2\/posts\/42762","targetHints":{"allow":["GET"]}}],"collection":[{"href":"https:\/\/continuamosmx.com\/index.php\/wp-json\/wp\/v2\/posts"}],"about":[{"href":"https:\/\/continuamosmx.com\/index.php\/wp-json\/wp\/v2\/types\/post"}],"author":[{"embeddable":true,"href":"https:\/\/continuamosmx.com\/index.php\/wp-json\/wp\/v2\/users\/1"}],"replies":[{"embeddable":true,"href":"https:\/\/continuamosmx.com\/index.php\/wp-json\/wp\/v2\/comments?post=42762"}],"version-history":[{"count":1,"href":"https:\/\/continuamosmx.com\/index.php\/wp-json\/wp\/v2\/posts\/42762\/revisions"}],"predecessor-version":[{"id":43065,"href":"https:\/\/continuamosmx.com\/index.php\/wp-json\/wp\/v2\/posts\/42762\/revisions\/43065"}],"wp:featuredmedia":[{"embeddable":true,"href":"https:\/\/continuamosmx.com\/index.php\/wp-json\/wp\/v2\/media\/42763"}],"wp:attachment":[{"href":"https:\/\/continuamosmx.com\/index.php\/wp-json\/wp\/v2\/media?parent=42762"}],"wp:term":[{"taxonomy":"category","embeddable":true,"href":"https:\/\/continuamosmx.com\/index.php\/wp-json\/wp\/v2\/categories?post=42762"},{"taxonomy":"post_tag","embeddable":true,"href":"https:\/\/continuamosmx.com\/index.php\/wp-json\/wp\/v2\/tags?post=42762"}],"curies":[{"name":"wp","href":"https:\/\/api.w.org\/{rel}","templated":true}]}}