{"id":34253,"date":"2023-04-13T07:32:20","date_gmt":"2023-04-13T07:32:20","guid":{"rendered":"https:\/\/continuamosmx.com\/?p=43770"},"modified":"2023-04-13T07:32:20","modified_gmt":"2023-04-13T07:32:20","slug":"quema-de-cohetes-en-mitin-de-alejandra-del-moral-deja-4-lesionados","status":"publish","type":"post","link":"https:\/\/continuamosmx.com\/index.php\/2023\/04\/13\/quema-de-cohetes-en-mitin-de-alejandra-del-moral-deja-4-lesionados\/","title":{"rendered":"QUEMA DE COHETES EN MITIN DE ALEJANDRA DEL MORAL DEJA 4 LESIONADOS"},"content":{"rendered":"\n<p>*<strong>Un cohete le explot\u00f3 en la mano a un hombre, quien tuvo quemaduras de primer grado.<\/strong><\/p>\n\n\n\n<p>IXTAPALUCA, M\u00e9x.- Con un saldo de cuatro personas lesionadas por quemaduras al explotar cohetes en el evento de campa\u00f1a de la candidata del PRI al gobierno estatal, Alejandra Del Moral.<\/p>\n\n\n\n<p>Al momento de ir pasando la candidata, fue cuando la persona responsable de la pirotecnia, accidentalmente se le prendieron los cohetes al mismo tiempo, lo que ocasion\u00f3 una peque\u00f1a explosi\u00f3n, hiriendo a varias personas en el lugar.<\/p>\n\n\n\n<p>El mismo responsable de la pirotecnia termin\u00f3 con quemaduras en la mano de primer y segundo grado, quien fue atendido por equipos de protecci\u00f3n civil.<\/p>\n\n\n\n<p>Por igual, otras tres personas fueron alcanzadas por la quemaz\u00f3n y terminaron con quemaduras de tercer grado.<\/p>\n\n\n\n<p>El evento de la candidata del PRI-PAN-PRD-NA continuo de manera normal, a pesar de este lamentable accidente.<\/p>\n\n\n\n<figure class=\"wp-block-image size-full\"><img decoding=\"async\" src=\"http:\/\/continuamos.mx\/wp-content\/uploads\/2023\/04\/co1.jpg\" alt=\"\" class=\"wp-image-43772\"\/><\/figure>\n","protected":false},"excerpt":{"rendered":"<p>*Un cohete le explot\u00f3 en la mano a un hombre, quien tuvo quemaduras de primer grado. IXTAPALUCA, M\u00e9x.- Con un saldo de cuatro personas lesionadas por quemaduras al explotar cohetes en el evento de campa\u00f1a de la candidata del PRI al gobierno estatal, Alejandra Del Moral. Al momento de ir pasando la candidata, fue cuando [&hellip;]<\/p>\n","protected":false},"author":1,"featured_media":34255,"comment_status":"closed","ping_status":"open","sticky":false,"template":"","format":"standard","meta":{"footnotes":""},"categories":[2,3],"tags":[],"class_list":["post-34253","post","type-post","status-publish","format-standard","has-post-thumbnail","hentry","category-edomex","category-politica"],"yoast_head":"<!-- This site is optimized with the Yoast SEO plugin v27.5 - https:\/\/yoast.com\/product\/yoast-seo-wordpress\/ -->\n<title>QUEMA DE COHETES EN MITIN DE ALEJANDRA DEL MORAL DEJA 4 LESIONADOS -<\/title>\n<meta name=\"robots\" content=\"index, follow, max-snippet:-1, max-image-preview:large, max-video-preview:-1\" \/>\n<link rel=\"canonical\" href=\"https:\/\/continuamosmx.com\/index.php\/2023\/04\/13\/quema-de-cohetes-en-mitin-de-alejandra-del-moral-deja-4-lesionados\/\" \/>\n<meta property=\"og:locale\" content=\"es_ES\" \/>\n<meta property=\"og:type\" content=\"article\" \/>\n<meta property=\"og:title\" content=\"QUEMA DE COHETES EN MITIN DE ALEJANDRA DEL MORAL DEJA 4 LESIONADOS -\" \/>\n<meta property=\"og:description\" content=\"*Un cohete le explot\u00f3 en la mano a un hombre, quien tuvo quemaduras de primer grado. IXTAPALUCA, M\u00e9x.- Con un saldo de cuatro personas lesionadas por quemaduras al explotar cohetes en el evento de campa\u00f1a de la candidata del PRI al gobierno estatal, Alejandra Del Moral. Al momento de ir pasando la candidata, fue cuando [&hellip;]\" \/>\n<meta property=\"og:url\" content=\"https:\/\/continuamosmx.com\/index.php\/2023\/04\/13\/quema-de-cohetes-en-mitin-de-alejandra-del-moral-deja-4-lesionados\/\" \/>\n<meta property=\"article:published_time\" content=\"2023-04-13T07:32:20+00:00\" \/>\n<meta property=\"og:image\" content=\"https:\/\/continuamosmx.com\/wp-content\/uploads\/2023\/04\/co.jpg\" \/>\n\t<meta property=\"og:image:width\" content=\"720\" \/>\n\t<meta property=\"og:image:height\" content=\"540\" \/>\n\t<meta property=\"og:image:type\" content=\"image\/jpeg\" \/>\n<meta name=\"author\" content=\"ContinuamosMX\" \/>\n<meta name=\"twitter:card\" content=\"summary_large_image\" \/>\n<meta name=\"twitter:label1\" content=\"Escrito por\" \/>\n\t<meta name=\"twitter:data1\" content=\"ContinuamosMX\" \/>\n\t<meta name=\"twitter:label2\" content=\"Tiempo de lectura\" \/>\n\t<meta name=\"twitter:data2\" content=\"1 minuto\" \/>\n<script type=\"application\/ld+json\" class=\"yoast-schema-graph\">{\"@context\":\"https:\\\/\\\/schema.org\",\"@graph\":[{\"@type\":\"Article\",\"@id\":\"https:\\\/\\\/continuamosmx.com\\\/index.php\\\/2023\\\/04\\\/13\\\/quema-de-cohetes-en-mitin-de-alejandra-del-moral-deja-4-lesionados\\\/#article\",\"isPartOf\":{\"@id\":\"https:\\\/\\\/continuamosmx.com\\\/index.php\\\/2023\\\/04\\\/13\\\/quema-de-cohetes-en-mitin-de-alejandra-del-moral-deja-4-lesionados\\\/\"},\"author\":{\"name\":\"ContinuamosMX\",\"@id\":\"https:\\\/\\\/continuamosmx.com\\\/#\\\/schema\\\/person\\\/597bf43bb6e9623635929d8de706669f\"},\"headline\":\"QUEMA DE COHETES EN MITIN DE ALEJANDRA DEL MORAL DEJA 4 LESIONADOS\",\"datePublished\":\"2023-04-13T07:32:20+00:00\",\"mainEntityOfPage\":{\"@id\":\"https:\\\/\\\/continuamosmx.com\\\/index.php\\\/2023\\\/04\\\/13\\\/quema-de-cohetes-en-mitin-de-alejandra-del-moral-deja-4-lesionados\\\/\"},\"wordCount\":160,\"publisher\":{\"@id\":\"https:\\\/\\\/continuamosmx.com\\\/#organization\"},\"image\":{\"@id\":\"https:\\\/\\\/continuamosmx.com\\\/index.php\\\/2023\\\/04\\\/13\\\/quema-de-cohetes-en-mitin-de-alejandra-del-moral-deja-4-lesionados\\\/#primaryimage\"},\"thumbnailUrl\":\"https:\\\/\\\/continuamosmx.com\\\/wp-content\\\/uploads\\\/2023\\\/04\\\/co.jpg\",\"articleSection\":[\"EDOMEX\",\"POL\u00cdTICA\"],\"inLanguage\":\"es\"},{\"@type\":\"WebPage\",\"@id\":\"https:\\\/\\\/continuamosmx.com\\\/index.php\\\/2023\\\/04\\\/13\\\/quema-de-cohetes-en-mitin-de-alejandra-del-moral-deja-4-lesionados\\\/\",\"url\":\"https:\\\/\\\/continuamosmx.com\\\/index.php\\\/2023\\\/04\\\/13\\\/quema-de-cohetes-en-mitin-de-alejandra-del-moral-deja-4-lesionados\\\/\",\"name\":\"QUEMA DE COHETES EN MITIN DE ALEJANDRA DEL MORAL DEJA 4 LESIONADOS -\",\"isPartOf\":{\"@id\":\"https:\\\/\\\/continuamosmx.com\\\/#website\"},\"primaryImageOfPage\":{\"@id\":\"https:\\\/\\\/continuamosmx.com\\\/index.php\\\/2023\\\/04\\\/13\\\/quema-de-cohetes-en-mitin-de-alejandra-del-moral-deja-4-lesionados\\\/#primaryimage\"},\"image\":{\"@id\":\"https:\\\/\\\/continuamosmx.com\\\/index.php\\\/2023\\\/04\\\/13\\\/quema-de-cohetes-en-mitin-de-alejandra-del-moral-deja-4-lesionados\\\/#primaryimage\"},\"thumbnailUrl\":\"https:\\\/\\\/continuamosmx.com\\\/wp-content\\\/uploads\\\/2023\\\/04\\\/co.jpg\",\"datePublished\":\"2023-04-13T07:32:20+00:00\",\"breadcrumb\":{\"@id\":\"https:\\\/\\\/continuamosmx.com\\\/index.php\\\/2023\\\/04\\\/13\\\/quema-de-cohetes-en-mitin-de-alejandra-del-moral-deja-4-lesionados\\\/#breadcrumb\"},\"inLanguage\":\"es\",\"potentialAction\":[{\"@type\":\"ReadAction\",\"target\":[\"https:\\\/\\\/continuamosmx.com\\\/index.php\\\/2023\\\/04\\\/13\\\/quema-de-cohetes-en-mitin-de-alejandra-del-moral-deja-4-lesionados\\\/\"]}]},{\"@type\":\"ImageObject\",\"inLanguage\":\"es\",\"@id\":\"https:\\\/\\\/continuamosmx.com\\\/index.php\\\/2023\\\/04\\\/13\\\/quema-de-cohetes-en-mitin-de-alejandra-del-moral-deja-4-lesionados\\\/#primaryimage\",\"url\":\"https:\\\/\\\/continuamosmx.com\\\/wp-content\\\/uploads\\\/2023\\\/04\\\/co.jpg\",\"contentUrl\":\"https:\\\/\\\/continuamosmx.com\\\/wp-content\\\/uploads\\\/2023\\\/04\\\/co.jpg\",\"width\":720,\"height\":540},{\"@type\":\"BreadcrumbList\",\"@id\":\"https:\\\/\\\/continuamosmx.com\\\/index.php\\\/2023\\\/04\\\/13\\\/quema-de-cohetes-en-mitin-de-alejandra-del-moral-deja-4-lesionados\\\/#breadcrumb\",\"itemListElement\":[{\"@type\":\"ListItem\",\"position\":1,\"name\":\"Inicio\",\"item\":\"https:\\\/\\\/continuamosmx.com\\\/\"},{\"@type\":\"ListItem\",\"position\":2,\"name\":\"QUEMA DE COHETES EN MITIN DE ALEJANDRA DEL MORAL DEJA 4 LESIONADOS\"}]},{\"@type\":\"WebSite\",\"@id\":\"https:\\\/\\\/continuamosmx.com\\\/#website\",\"url\":\"https:\\\/\\\/continuamosmx.com\\\/\",\"name\":\"www.continuamosmx.com\",\"description\":\"\",\"publisher\":{\"@id\":\"https:\\\/\\\/continuamosmx.com\\\/#organization\"},\"potentialAction\":[{\"@type\":\"SearchAction\",\"target\":{\"@type\":\"EntryPoint\",\"urlTemplate\":\"https:\\\/\\\/continuamosmx.com\\\/?s={search_term_string}\"},\"query-input\":{\"@type\":\"PropertyValueSpecification\",\"valueRequired\":true,\"valueName\":\"search_term_string\"}}],\"inLanguage\":\"es\"},{\"@type\":\"Organization\",\"@id\":\"https:\\\/\\\/continuamosmx.com\\\/#organization\",\"name\":\"ContinuamosMX\",\"url\":\"https:\\\/\\\/continuamosmx.com\\\/\",\"logo\":{\"@type\":\"ImageObject\",\"inLanguage\":\"es\",\"@id\":\"https:\\\/\\\/continuamosmx.com\\\/#\\\/schema\\\/logo\\\/image\\\/\",\"url\":\"https:\\\/\\\/continuamosmx.com\\\/wp-content\\\/uploads\\\/2023\\\/04\\\/cropped-LOGO-CONTI-NUEVO.png\",\"contentUrl\":\"https:\\\/\\\/continuamosmx.com\\\/wp-content\\\/uploads\\\/2023\\\/04\\\/cropped-LOGO-CONTI-NUEVO.png\",\"width\":1257,\"height\":430,\"caption\":\"ContinuamosMX\"},\"image\":{\"@id\":\"https:\\\/\\\/continuamosmx.com\\\/#\\\/schema\\\/logo\\\/image\\\/\"}},{\"@type\":\"Person\",\"@id\":\"https:\\\/\\\/continuamosmx.com\\\/#\\\/schema\\\/person\\\/597bf43bb6e9623635929d8de706669f\",\"name\":\"ContinuamosMX\",\"image\":{\"@type\":\"ImageObject\",\"inLanguage\":\"es\",\"@id\":\"https:\\\/\\\/secure.gravatar.com\\\/avatar\\\/559529727a6e1f51269882deb22b7cbf727c15cb0f7d75d495313386bc069382?s=96&d=mm&r=g\",\"url\":\"https:\\\/\\\/secure.gravatar.com\\\/avatar\\\/559529727a6e1f51269882deb22b7cbf727c15cb0f7d75d495313386bc069382?s=96&d=mm&r=g\",\"contentUrl\":\"https:\\\/\\\/secure.gravatar.com\\\/avatar\\\/559529727a6e1f51269882deb22b7cbf727c15cb0f7d75d495313386bc069382?s=96&d=mm&r=g\",\"caption\":\"ContinuamosMX\"},\"sameAs\":[\"http:\\\/\\\/continuamosmx.com\"],\"url\":\"https:\\\/\\\/continuamosmx.com\\\/index.php\\\/author\\\/cgbarnardhotmail-com\\\/\"}]}<\/script>\n<!-- \/ Yoast SEO plugin. -->","yoast_head_json":{"title":"QUEMA DE COHETES EN MITIN DE ALEJANDRA DEL MORAL DEJA 4 LESIONADOS -","robots":{"index":"index","follow":"follow","max-snippet":"max-snippet:-1","max-image-preview":"max-image-preview:large","max-video-preview":"max-video-preview:-1"},"canonical":"https:\/\/continuamosmx.com\/index.php\/2023\/04\/13\/quema-de-cohetes-en-mitin-de-alejandra-del-moral-deja-4-lesionados\/","og_locale":"es_ES","og_type":"article","og_title":"QUEMA DE COHETES EN MITIN DE ALEJANDRA DEL MORAL DEJA 4 LESIONADOS -","og_description":"*Un cohete le explot\u00f3 en la mano a un hombre, quien tuvo quemaduras de primer grado. IXTAPALUCA, M\u00e9x.- Con un saldo de cuatro personas lesionadas por quemaduras al explotar cohetes en el evento de campa\u00f1a de la candidata del PRI al gobierno estatal, Alejandra Del Moral. Al momento de ir pasando la candidata, fue cuando [&hellip;]","og_url":"https:\/\/continuamosmx.com\/index.php\/2023\/04\/13\/quema-de-cohetes-en-mitin-de-alejandra-del-moral-deja-4-lesionados\/","article_published_time":"2023-04-13T07:32:20+00:00","og_image":[{"width":720,"height":540,"url":"https:\/\/continuamosmx.com\/wp-content\/uploads\/2023\/04\/co.jpg","type":"image\/jpeg"}],"author":"ContinuamosMX","twitter_card":"summary_large_image","twitter_misc":{"Escrito por":"ContinuamosMX","Tiempo de lectura":"1 minuto"},"schema":{"@context":"https:\/\/schema.org","@graph":[{"@type":"Article","@id":"https:\/\/continuamosmx.com\/index.php\/2023\/04\/13\/quema-de-cohetes-en-mitin-de-alejandra-del-moral-deja-4-lesionados\/#article","isPartOf":{"@id":"https:\/\/continuamosmx.com\/index.php\/2023\/04\/13\/quema-de-cohetes-en-mitin-de-alejandra-del-moral-deja-4-lesionados\/"},"author":{"name":"ContinuamosMX","@id":"https:\/\/continuamosmx.com\/#\/schema\/person\/597bf43bb6e9623635929d8de706669f"},"headline":"QUEMA DE COHETES EN MITIN DE ALEJANDRA DEL MORAL DEJA 4 LESIONADOS","datePublished":"2023-04-13T07:32:20+00:00","mainEntityOfPage":{"@id":"https:\/\/continuamosmx.com\/index.php\/2023\/04\/13\/quema-de-cohetes-en-mitin-de-alejandra-del-moral-deja-4-lesionados\/"},"wordCount":160,"publisher":{"@id":"https:\/\/continuamosmx.com\/#organization"},"image":{"@id":"https:\/\/continuamosmx.com\/index.php\/2023\/04\/13\/quema-de-cohetes-en-mitin-de-alejandra-del-moral-deja-4-lesionados\/#primaryimage"},"thumbnailUrl":"https:\/\/continuamosmx.com\/wp-content\/uploads\/2023\/04\/co.jpg","articleSection":["EDOMEX","POL\u00cdTICA"],"inLanguage":"es"},{"@type":"WebPage","@id":"https:\/\/continuamosmx.com\/index.php\/2023\/04\/13\/quema-de-cohetes-en-mitin-de-alejandra-del-moral-deja-4-lesionados\/","url":"https:\/\/continuamosmx.com\/index.php\/2023\/04\/13\/quema-de-cohetes-en-mitin-de-alejandra-del-moral-deja-4-lesionados\/","name":"QUEMA DE COHETES EN MITIN DE ALEJANDRA DEL MORAL DEJA 4 LESIONADOS -","isPartOf":{"@id":"https:\/\/continuamosmx.com\/#website"},"primaryImageOfPage":{"@id":"https:\/\/continuamosmx.com\/index.php\/2023\/04\/13\/quema-de-cohetes-en-mitin-de-alejandra-del-moral-deja-4-lesionados\/#primaryimage"},"image":{"@id":"https:\/\/continuamosmx.com\/index.php\/2023\/04\/13\/quema-de-cohetes-en-mitin-de-alejandra-del-moral-deja-4-lesionados\/#primaryimage"},"thumbnailUrl":"https:\/\/continuamosmx.com\/wp-content\/uploads\/2023\/04\/co.jpg","datePublished":"2023-04-13T07:32:20+00:00","breadcrumb":{"@id":"https:\/\/continuamosmx.com\/index.php\/2023\/04\/13\/quema-de-cohetes-en-mitin-de-alejandra-del-moral-deja-4-lesionados\/#breadcrumb"},"inLanguage":"es","potentialAction":[{"@type":"ReadAction","target":["https:\/\/continuamosmx.com\/index.php\/2023\/04\/13\/quema-de-cohetes-en-mitin-de-alejandra-del-moral-deja-4-lesionados\/"]}]},{"@type":"ImageObject","inLanguage":"es","@id":"https:\/\/continuamosmx.com\/index.php\/2023\/04\/13\/quema-de-cohetes-en-mitin-de-alejandra-del-moral-deja-4-lesionados\/#primaryimage","url":"https:\/\/continuamosmx.com\/wp-content\/uploads\/2023\/04\/co.jpg","contentUrl":"https:\/\/continuamosmx.com\/wp-content\/uploads\/2023\/04\/co.jpg","width":720,"height":540},{"@type":"BreadcrumbList","@id":"https:\/\/continuamosmx.com\/index.php\/2023\/04\/13\/quema-de-cohetes-en-mitin-de-alejandra-del-moral-deja-4-lesionados\/#breadcrumb","itemListElement":[{"@type":"ListItem","position":1,"name":"Inicio","item":"https:\/\/continuamosmx.com\/"},{"@type":"ListItem","position":2,"name":"QUEMA DE COHETES EN MITIN DE ALEJANDRA DEL MORAL DEJA 4 LESIONADOS"}]},{"@type":"WebSite","@id":"https:\/\/continuamosmx.com\/#website","url":"https:\/\/continuamosmx.com\/","name":"www.continuamosmx.com","description":"","publisher":{"@id":"https:\/\/continuamosmx.com\/#organization"},"potentialAction":[{"@type":"SearchAction","target":{"@type":"EntryPoint","urlTemplate":"https:\/\/continuamosmx.com\/?s={search_term_string}"},"query-input":{"@type":"PropertyValueSpecification","valueRequired":true,"valueName":"search_term_string"}}],"inLanguage":"es"},{"@type":"Organization","@id":"https:\/\/continuamosmx.com\/#organization","name":"ContinuamosMX","url":"https:\/\/continuamosmx.com\/","logo":{"@type":"ImageObject","inLanguage":"es","@id":"https:\/\/continuamosmx.com\/#\/schema\/logo\/image\/","url":"https:\/\/continuamosmx.com\/wp-content\/uploads\/2023\/04\/cropped-LOGO-CONTI-NUEVO.png","contentUrl":"https:\/\/continuamosmx.com\/wp-content\/uploads\/2023\/04\/cropped-LOGO-CONTI-NUEVO.png","width":1257,"height":430,"caption":"ContinuamosMX"},"image":{"@id":"https:\/\/continuamosmx.com\/#\/schema\/logo\/image\/"}},{"@type":"Person","@id":"https:\/\/continuamosmx.com\/#\/schema\/person\/597bf43bb6e9623635929d8de706669f","name":"ContinuamosMX","image":{"@type":"ImageObject","inLanguage":"es","@id":"https:\/\/secure.gravatar.com\/avatar\/559529727a6e1f51269882deb22b7cbf727c15cb0f7d75d495313386bc069382?s=96&d=mm&r=g","url":"https:\/\/secure.gravatar.com\/avatar\/559529727a6e1f51269882deb22b7cbf727c15cb0f7d75d495313386bc069382?s=96&d=mm&r=g","contentUrl":"https:\/\/secure.gravatar.com\/avatar\/559529727a6e1f51269882deb22b7cbf727c15cb0f7d75d495313386bc069382?s=96&d=mm&r=g","caption":"ContinuamosMX"},"sameAs":["http:\/\/continuamosmx.com"],"url":"https:\/\/continuamosmx.com\/index.php\/author\/cgbarnardhotmail-com\/"}]}},"_links":{"self":[{"href":"https:\/\/continuamosmx.com\/index.php\/wp-json\/wp\/v2\/posts\/34253","targetHints":{"allow":["GET"]}}],"collection":[{"href":"https:\/\/continuamosmx.com\/index.php\/wp-json\/wp\/v2\/posts"}],"about":[{"href":"https:\/\/continuamosmx.com\/index.php\/wp-json\/wp\/v2\/types\/post"}],"author":[{"embeddable":true,"href":"https:\/\/continuamosmx.com\/index.php\/wp-json\/wp\/v2\/users\/1"}],"replies":[{"embeddable":true,"href":"https:\/\/continuamosmx.com\/index.php\/wp-json\/wp\/v2\/comments?post=34253"}],"version-history":[{"count":0,"href":"https:\/\/continuamosmx.com\/index.php\/wp-json\/wp\/v2\/posts\/34253\/revisions"}],"wp:featuredmedia":[{"embeddable":true,"href":"https:\/\/continuamosmx.com\/index.php\/wp-json\/wp\/v2\/media\/34255"}],"wp:attachment":[{"href":"https:\/\/continuamosmx.com\/index.php\/wp-json\/wp\/v2\/media?parent=34253"}],"wp:term":[{"taxonomy":"category","embeddable":true,"href":"https:\/\/continuamosmx.com\/index.php\/wp-json\/wp\/v2\/categories?post=34253"},{"taxonomy":"post_tag","embeddable":true,"href":"https:\/\/continuamosmx.com\/index.php\/wp-json\/wp\/v2\/tags?post=34253"}],"curies":[{"name":"wp","href":"https:\/\/api.w.org\/{rel}","templated":true}]}}