{"id":34237,"date":"2020-06-11T19:16:58","date_gmt":"2020-06-11T19:16:58","guid":{"rendered":"http:\/\/continuamos.mx\/?p=18"},"modified":"2020-06-11T19:16:58","modified_gmt":"2020-06-11T19:16:58","slug":"sin-uso-ambulancias-en-el-hospital-las-americas","status":"publish","type":"post","link":"https:\/\/continuamosmx.com\/index.php\/2020\/06\/11\/sin-uso-ambulancias-en-el-hospital-las-americas\/","title":{"rendered":"SIN USO AMBULANCIAS EN EL HOSPITAL LAS AM\u00c9RICAS"},"content":{"rendered":"\n<p>SIN USO AMBULANCIAS EN EL HOSPITAL LAS AM\u00c9RICAS<\/p>\n\n\n\n<p>.- <strong>Seis unidades permanecen en el estacionamiento del nosocomio sin brindar servicio<\/strong><\/p>\n\n\n\n<p>Por: ELIGIO GOMEZ BADILLO<\/p>\n\n\n\n<p>ECATEPEC, M\u00e9x.- Por causas que se desconocen seis ambulancias de los Servicios de Urgencias del Estado de M\u00e9xico (SUEM), permanecen estacionados desde hace ya varios meses en el Hospital Las Am\u00e9ricas, familiares que acuden a dicho centro hospitalario no dan cr\u00e9dito a lo que est\u00e1 pasando en el Instituto de Salud del estado, toda vez que en estos momentos que m\u00e1s se requieren los servicios de estas unidades para el traslado de heridos o enfermos, sobre todo de aquellas personas enfermas del Covid-19, preocupa que las citadas unidades no brinden auxilio a la poblaci\u00f3n.<\/p>\n\n\n\n<p>Entre los cuestionados por este matutino, hubo quien record\u00f3 que, en los anteriores meses, hace aproximadamente un a\u00f1o, se pod\u00eda observar c\u00f3mo las ambulancias en los casos de personas accidentadas acud\u00edan a prestar el auxilio incluso de manera constante el Helic\u00f3ptero (RELAMPAGO), traslada a los enfermos suponemos a la ciudad de Toluca. Sin embargo, en la presente administraci\u00f3n estatal, todo cambio. Ya no se ve que brinden este tipo de servicios tan indispensable para la ciudadan\u00eda, indicaron.<\/p>\n\n\n\n<p>De lo que pasa nadie sabe, por lo que ser\u00eda recomendable que el gobierno mexiquense diera una explicaci\u00f3n para no crear confusi\u00f3n entre la poblaci\u00f3n, comentaron los cuestionados por este matutino.<\/p>\n","protected":false},"excerpt":{"rendered":"<p>SIN USO AMBULANCIAS EN EL HOSPITAL LAS AM\u00c9RICAS .- Seis unidades permanecen en el estacionamiento del nosocomio sin brindar servicio Por: ELIGIO GOMEZ BADILLO ECATEPEC, M\u00e9x.- Por causas que se desconocen seis ambulancias de los Servicios de Urgencias del Estado de M\u00e9xico (SUEM), permanecen estacionados desde hace ya varios meses en el Hospital Las Am\u00e9ricas, [&hellip;]<\/p>\n","protected":false},"author":1,"featured_media":34238,"comment_status":"open","ping_status":"open","sticky":false,"template":"","format":"standard","meta":{"footnotes":""},"categories":[30,4],"tags":[],"class_list":["post-34237","post","type-post","status-publish","format-standard","has-post-thumbnail","hentry","category-ecatepec","category-locales"],"yoast_head":"<!-- This site is optimized with the Yoast SEO plugin v27.5 - https:\/\/yoast.com\/product\/yoast-seo-wordpress\/ -->\n<title>SIN USO AMBULANCIAS EN EL HOSPITAL LAS AM\u00c9RICAS -<\/title>\n<meta name=\"robots\" content=\"index, follow, max-snippet:-1, max-image-preview:large, max-video-preview:-1\" \/>\n<link rel=\"canonical\" href=\"https:\/\/continuamosmx.com\/index.php\/2020\/06\/11\/sin-uso-ambulancias-en-el-hospital-las-americas\/\" \/>\n<meta property=\"og:locale\" content=\"es_ES\" \/>\n<meta property=\"og:type\" content=\"article\" \/>\n<meta property=\"og:title\" content=\"SIN USO AMBULANCIAS EN EL HOSPITAL LAS AM\u00c9RICAS -\" \/>\n<meta property=\"og:description\" content=\"SIN USO AMBULANCIAS EN EL HOSPITAL LAS AM\u00c9RICAS .- Seis unidades permanecen en el estacionamiento del nosocomio sin brindar servicio Por: ELIGIO GOMEZ BADILLO ECATEPEC, M\u00e9x.- Por causas que se desconocen seis ambulancias de los Servicios de Urgencias del Estado de M\u00e9xico (SUEM), permanecen estacionados desde hace ya varios meses en el Hospital Las Am\u00e9ricas, [&hellip;]\" \/>\n<meta property=\"og:url\" content=\"https:\/\/continuamosmx.com\/index.php\/2020\/06\/11\/sin-uso-ambulancias-en-el-hospital-las-americas\/\" \/>\n<meta property=\"article:published_time\" content=\"2020-06-11T19:16:58+00:00\" \/>\n<meta property=\"og:image\" content=\"https:\/\/continuamosmx.com\/wp-content\/uploads\/2020\/06\/ecatepec.jpg\" \/>\n\t<meta property=\"og:image:width\" content=\"640\" \/>\n\t<meta property=\"og:image:height\" content=\"480\" \/>\n\t<meta property=\"og:image:type\" content=\"image\/jpeg\" \/>\n<meta name=\"author\" content=\"ContinuamosMX\" \/>\n<meta name=\"twitter:card\" content=\"summary_large_image\" \/>\n<meta name=\"twitter:label1\" content=\"Escrito por\" \/>\n\t<meta name=\"twitter:data1\" content=\"ContinuamosMX\" \/>\n\t<meta name=\"twitter:label2\" content=\"Tiempo de lectura\" \/>\n\t<meta name=\"twitter:data2\" content=\"1 minuto\" \/>\n<script type=\"application\/ld+json\" class=\"yoast-schema-graph\">{\"@context\":\"https:\\\/\\\/schema.org\",\"@graph\":[{\"@type\":\"Article\",\"@id\":\"https:\\\/\\\/continuamosmx.com\\\/index.php\\\/2020\\\/06\\\/11\\\/sin-uso-ambulancias-en-el-hospital-las-americas\\\/#article\",\"isPartOf\":{\"@id\":\"https:\\\/\\\/continuamosmx.com\\\/index.php\\\/2020\\\/06\\\/11\\\/sin-uso-ambulancias-en-el-hospital-las-americas\\\/\"},\"author\":{\"name\":\"ContinuamosMX\",\"@id\":\"https:\\\/\\\/continuamosmx.com\\\/#\\\/schema\\\/person\\\/597bf43bb6e9623635929d8de706669f\"},\"headline\":\"SIN USO AMBULANCIAS EN EL HOSPITAL LAS AM\u00c9RICAS\",\"datePublished\":\"2020-06-11T19:16:58+00:00\",\"mainEntityOfPage\":{\"@id\":\"https:\\\/\\\/continuamosmx.com\\\/index.php\\\/2020\\\/06\\\/11\\\/sin-uso-ambulancias-en-el-hospital-las-americas\\\/\"},\"wordCount\":254,\"commentCount\":0,\"publisher\":{\"@id\":\"https:\\\/\\\/continuamosmx.com\\\/#organization\"},\"image\":{\"@id\":\"https:\\\/\\\/continuamosmx.com\\\/index.php\\\/2020\\\/06\\\/11\\\/sin-uso-ambulancias-en-el-hospital-las-americas\\\/#primaryimage\"},\"thumbnailUrl\":\"https:\\\/\\\/continuamosmx.com\\\/wp-content\\\/uploads\\\/2020\\\/06\\\/ecatepec.jpg\",\"articleSection\":[\"ECATEPEC\",\"LOCALES\"],\"inLanguage\":\"es\"},{\"@type\":\"WebPage\",\"@id\":\"https:\\\/\\\/continuamosmx.com\\\/index.php\\\/2020\\\/06\\\/11\\\/sin-uso-ambulancias-en-el-hospital-las-americas\\\/\",\"url\":\"https:\\\/\\\/continuamosmx.com\\\/index.php\\\/2020\\\/06\\\/11\\\/sin-uso-ambulancias-en-el-hospital-las-americas\\\/\",\"name\":\"SIN USO AMBULANCIAS EN EL HOSPITAL LAS AM\u00c9RICAS -\",\"isPartOf\":{\"@id\":\"https:\\\/\\\/continuamosmx.com\\\/#website\"},\"primaryImageOfPage\":{\"@id\":\"https:\\\/\\\/continuamosmx.com\\\/index.php\\\/2020\\\/06\\\/11\\\/sin-uso-ambulancias-en-el-hospital-las-americas\\\/#primaryimage\"},\"image\":{\"@id\":\"https:\\\/\\\/continuamosmx.com\\\/index.php\\\/2020\\\/06\\\/11\\\/sin-uso-ambulancias-en-el-hospital-las-americas\\\/#primaryimage\"},\"thumbnailUrl\":\"https:\\\/\\\/continuamosmx.com\\\/wp-content\\\/uploads\\\/2020\\\/06\\\/ecatepec.jpg\",\"datePublished\":\"2020-06-11T19:16:58+00:00\",\"breadcrumb\":{\"@id\":\"https:\\\/\\\/continuamosmx.com\\\/index.php\\\/2020\\\/06\\\/11\\\/sin-uso-ambulancias-en-el-hospital-las-americas\\\/#breadcrumb\"},\"inLanguage\":\"es\",\"potentialAction\":[{\"@type\":\"ReadAction\",\"target\":[\"https:\\\/\\\/continuamosmx.com\\\/index.php\\\/2020\\\/06\\\/11\\\/sin-uso-ambulancias-en-el-hospital-las-americas\\\/\"]}]},{\"@type\":\"ImageObject\",\"inLanguage\":\"es\",\"@id\":\"https:\\\/\\\/continuamosmx.com\\\/index.php\\\/2020\\\/06\\\/11\\\/sin-uso-ambulancias-en-el-hospital-las-americas\\\/#primaryimage\",\"url\":\"https:\\\/\\\/continuamosmx.com\\\/wp-content\\\/uploads\\\/2020\\\/06\\\/ecatepec.jpg\",\"contentUrl\":\"https:\\\/\\\/continuamosmx.com\\\/wp-content\\\/uploads\\\/2020\\\/06\\\/ecatepec.jpg\",\"width\":640,\"height\":480},{\"@type\":\"BreadcrumbList\",\"@id\":\"https:\\\/\\\/continuamosmx.com\\\/index.php\\\/2020\\\/06\\\/11\\\/sin-uso-ambulancias-en-el-hospital-las-americas\\\/#breadcrumb\",\"itemListElement\":[{\"@type\":\"ListItem\",\"position\":1,\"name\":\"Inicio\",\"item\":\"https:\\\/\\\/continuamosmx.com\\\/\"},{\"@type\":\"ListItem\",\"position\":2,\"name\":\"SIN USO AMBULANCIAS EN EL HOSPITAL LAS AM\u00c9RICAS\"}]},{\"@type\":\"WebSite\",\"@id\":\"https:\\\/\\\/continuamosmx.com\\\/#website\",\"url\":\"https:\\\/\\\/continuamosmx.com\\\/\",\"name\":\"www.continuamosmx.com\",\"description\":\"\",\"publisher\":{\"@id\":\"https:\\\/\\\/continuamosmx.com\\\/#organization\"},\"potentialAction\":[{\"@type\":\"SearchAction\",\"target\":{\"@type\":\"EntryPoint\",\"urlTemplate\":\"https:\\\/\\\/continuamosmx.com\\\/?s={search_term_string}\"},\"query-input\":{\"@type\":\"PropertyValueSpecification\",\"valueRequired\":true,\"valueName\":\"search_term_string\"}}],\"inLanguage\":\"es\"},{\"@type\":\"Organization\",\"@id\":\"https:\\\/\\\/continuamosmx.com\\\/#organization\",\"name\":\"ContinuamosMX\",\"url\":\"https:\\\/\\\/continuamosmx.com\\\/\",\"logo\":{\"@type\":\"ImageObject\",\"inLanguage\":\"es\",\"@id\":\"https:\\\/\\\/continuamosmx.com\\\/#\\\/schema\\\/logo\\\/image\\\/\",\"url\":\"https:\\\/\\\/continuamosmx.com\\\/wp-content\\\/uploads\\\/2023\\\/04\\\/cropped-LOGO-CONTI-NUEVO.png\",\"contentUrl\":\"https:\\\/\\\/continuamosmx.com\\\/wp-content\\\/uploads\\\/2023\\\/04\\\/cropped-LOGO-CONTI-NUEVO.png\",\"width\":1257,\"height\":430,\"caption\":\"ContinuamosMX\"},\"image\":{\"@id\":\"https:\\\/\\\/continuamosmx.com\\\/#\\\/schema\\\/logo\\\/image\\\/\"}},{\"@type\":\"Person\",\"@id\":\"https:\\\/\\\/continuamosmx.com\\\/#\\\/schema\\\/person\\\/597bf43bb6e9623635929d8de706669f\",\"name\":\"ContinuamosMX\",\"image\":{\"@type\":\"ImageObject\",\"inLanguage\":\"es\",\"@id\":\"https:\\\/\\\/secure.gravatar.com\\\/avatar\\\/559529727a6e1f51269882deb22b7cbf727c15cb0f7d75d495313386bc069382?s=96&d=mm&r=g\",\"url\":\"https:\\\/\\\/secure.gravatar.com\\\/avatar\\\/559529727a6e1f51269882deb22b7cbf727c15cb0f7d75d495313386bc069382?s=96&d=mm&r=g\",\"contentUrl\":\"https:\\\/\\\/secure.gravatar.com\\\/avatar\\\/559529727a6e1f51269882deb22b7cbf727c15cb0f7d75d495313386bc069382?s=96&d=mm&r=g\",\"caption\":\"ContinuamosMX\"},\"sameAs\":[\"http:\\\/\\\/continuamosmx.com\"],\"url\":\"https:\\\/\\\/continuamosmx.com\\\/index.php\\\/author\\\/cgbarnardhotmail-com\\\/\"}]}<\/script>\n<!-- \/ Yoast SEO plugin. -->","yoast_head_json":{"title":"SIN USO AMBULANCIAS EN EL HOSPITAL LAS AM\u00c9RICAS -","robots":{"index":"index","follow":"follow","max-snippet":"max-snippet:-1","max-image-preview":"max-image-preview:large","max-video-preview":"max-video-preview:-1"},"canonical":"https:\/\/continuamosmx.com\/index.php\/2020\/06\/11\/sin-uso-ambulancias-en-el-hospital-las-americas\/","og_locale":"es_ES","og_type":"article","og_title":"SIN USO AMBULANCIAS EN EL HOSPITAL LAS AM\u00c9RICAS -","og_description":"SIN USO AMBULANCIAS EN EL HOSPITAL LAS AM\u00c9RICAS .- Seis unidades permanecen en el estacionamiento del nosocomio sin brindar servicio Por: ELIGIO GOMEZ BADILLO ECATEPEC, M\u00e9x.- Por causas que se desconocen seis ambulancias de los Servicios de Urgencias del Estado de M\u00e9xico (SUEM), permanecen estacionados desde hace ya varios meses en el Hospital Las Am\u00e9ricas, [&hellip;]","og_url":"https:\/\/continuamosmx.com\/index.php\/2020\/06\/11\/sin-uso-ambulancias-en-el-hospital-las-americas\/","article_published_time":"2020-06-11T19:16:58+00:00","og_image":[{"width":640,"height":480,"url":"https:\/\/continuamosmx.com\/wp-content\/uploads\/2020\/06\/ecatepec.jpg","type":"image\/jpeg"}],"author":"ContinuamosMX","twitter_card":"summary_large_image","twitter_misc":{"Escrito por":"ContinuamosMX","Tiempo de lectura":"1 minuto"},"schema":{"@context":"https:\/\/schema.org","@graph":[{"@type":"Article","@id":"https:\/\/continuamosmx.com\/index.php\/2020\/06\/11\/sin-uso-ambulancias-en-el-hospital-las-americas\/#article","isPartOf":{"@id":"https:\/\/continuamosmx.com\/index.php\/2020\/06\/11\/sin-uso-ambulancias-en-el-hospital-las-americas\/"},"author":{"name":"ContinuamosMX","@id":"https:\/\/continuamosmx.com\/#\/schema\/person\/597bf43bb6e9623635929d8de706669f"},"headline":"SIN USO AMBULANCIAS EN EL HOSPITAL LAS AM\u00c9RICAS","datePublished":"2020-06-11T19:16:58+00:00","mainEntityOfPage":{"@id":"https:\/\/continuamosmx.com\/index.php\/2020\/06\/11\/sin-uso-ambulancias-en-el-hospital-las-americas\/"},"wordCount":254,"commentCount":0,"publisher":{"@id":"https:\/\/continuamosmx.com\/#organization"},"image":{"@id":"https:\/\/continuamosmx.com\/index.php\/2020\/06\/11\/sin-uso-ambulancias-en-el-hospital-las-americas\/#primaryimage"},"thumbnailUrl":"https:\/\/continuamosmx.com\/wp-content\/uploads\/2020\/06\/ecatepec.jpg","articleSection":["ECATEPEC","LOCALES"],"inLanguage":"es"},{"@type":"WebPage","@id":"https:\/\/continuamosmx.com\/index.php\/2020\/06\/11\/sin-uso-ambulancias-en-el-hospital-las-americas\/","url":"https:\/\/continuamosmx.com\/index.php\/2020\/06\/11\/sin-uso-ambulancias-en-el-hospital-las-americas\/","name":"SIN USO AMBULANCIAS EN EL HOSPITAL LAS AM\u00c9RICAS -","isPartOf":{"@id":"https:\/\/continuamosmx.com\/#website"},"primaryImageOfPage":{"@id":"https:\/\/continuamosmx.com\/index.php\/2020\/06\/11\/sin-uso-ambulancias-en-el-hospital-las-americas\/#primaryimage"},"image":{"@id":"https:\/\/continuamosmx.com\/index.php\/2020\/06\/11\/sin-uso-ambulancias-en-el-hospital-las-americas\/#primaryimage"},"thumbnailUrl":"https:\/\/continuamosmx.com\/wp-content\/uploads\/2020\/06\/ecatepec.jpg","datePublished":"2020-06-11T19:16:58+00:00","breadcrumb":{"@id":"https:\/\/continuamosmx.com\/index.php\/2020\/06\/11\/sin-uso-ambulancias-en-el-hospital-las-americas\/#breadcrumb"},"inLanguage":"es","potentialAction":[{"@type":"ReadAction","target":["https:\/\/continuamosmx.com\/index.php\/2020\/06\/11\/sin-uso-ambulancias-en-el-hospital-las-americas\/"]}]},{"@type":"ImageObject","inLanguage":"es","@id":"https:\/\/continuamosmx.com\/index.php\/2020\/06\/11\/sin-uso-ambulancias-en-el-hospital-las-americas\/#primaryimage","url":"https:\/\/continuamosmx.com\/wp-content\/uploads\/2020\/06\/ecatepec.jpg","contentUrl":"https:\/\/continuamosmx.com\/wp-content\/uploads\/2020\/06\/ecatepec.jpg","width":640,"height":480},{"@type":"BreadcrumbList","@id":"https:\/\/continuamosmx.com\/index.php\/2020\/06\/11\/sin-uso-ambulancias-en-el-hospital-las-americas\/#breadcrumb","itemListElement":[{"@type":"ListItem","position":1,"name":"Inicio","item":"https:\/\/continuamosmx.com\/"},{"@type":"ListItem","position":2,"name":"SIN USO AMBULANCIAS EN EL HOSPITAL LAS AM\u00c9RICAS"}]},{"@type":"WebSite","@id":"https:\/\/continuamosmx.com\/#website","url":"https:\/\/continuamosmx.com\/","name":"www.continuamosmx.com","description":"","publisher":{"@id":"https:\/\/continuamosmx.com\/#organization"},"potentialAction":[{"@type":"SearchAction","target":{"@type":"EntryPoint","urlTemplate":"https:\/\/continuamosmx.com\/?s={search_term_string}"},"query-input":{"@type":"PropertyValueSpecification","valueRequired":true,"valueName":"search_term_string"}}],"inLanguage":"es"},{"@type":"Organization","@id":"https:\/\/continuamosmx.com\/#organization","name":"ContinuamosMX","url":"https:\/\/continuamosmx.com\/","logo":{"@type":"ImageObject","inLanguage":"es","@id":"https:\/\/continuamosmx.com\/#\/schema\/logo\/image\/","url":"https:\/\/continuamosmx.com\/wp-content\/uploads\/2023\/04\/cropped-LOGO-CONTI-NUEVO.png","contentUrl":"https:\/\/continuamosmx.com\/wp-content\/uploads\/2023\/04\/cropped-LOGO-CONTI-NUEVO.png","width":1257,"height":430,"caption":"ContinuamosMX"},"image":{"@id":"https:\/\/continuamosmx.com\/#\/schema\/logo\/image\/"}},{"@type":"Person","@id":"https:\/\/continuamosmx.com\/#\/schema\/person\/597bf43bb6e9623635929d8de706669f","name":"ContinuamosMX","image":{"@type":"ImageObject","inLanguage":"es","@id":"https:\/\/secure.gravatar.com\/avatar\/559529727a6e1f51269882deb22b7cbf727c15cb0f7d75d495313386bc069382?s=96&d=mm&r=g","url":"https:\/\/secure.gravatar.com\/avatar\/559529727a6e1f51269882deb22b7cbf727c15cb0f7d75d495313386bc069382?s=96&d=mm&r=g","contentUrl":"https:\/\/secure.gravatar.com\/avatar\/559529727a6e1f51269882deb22b7cbf727c15cb0f7d75d495313386bc069382?s=96&d=mm&r=g","caption":"ContinuamosMX"},"sameAs":["http:\/\/continuamosmx.com"],"url":"https:\/\/continuamosmx.com\/index.php\/author\/cgbarnardhotmail-com\/"}]}},"_links":{"self":[{"href":"https:\/\/continuamosmx.com\/index.php\/wp-json\/wp\/v2\/posts\/34237","targetHints":{"allow":["GET"]}}],"collection":[{"href":"https:\/\/continuamosmx.com\/index.php\/wp-json\/wp\/v2\/posts"}],"about":[{"href":"https:\/\/continuamosmx.com\/index.php\/wp-json\/wp\/v2\/types\/post"}],"author":[{"embeddable":true,"href":"https:\/\/continuamosmx.com\/index.php\/wp-json\/wp\/v2\/users\/1"}],"replies":[{"embeddable":true,"href":"https:\/\/continuamosmx.com\/index.php\/wp-json\/wp\/v2\/comments?post=34237"}],"version-history":[{"count":0,"href":"https:\/\/continuamosmx.com\/index.php\/wp-json\/wp\/v2\/posts\/34237\/revisions"}],"wp:featuredmedia":[{"embeddable":true,"href":"https:\/\/continuamosmx.com\/index.php\/wp-json\/wp\/v2\/media\/34238"}],"wp:attachment":[{"href":"https:\/\/continuamosmx.com\/index.php\/wp-json\/wp\/v2\/media?parent=34237"}],"wp:term":[{"taxonomy":"category","embeddable":true,"href":"https:\/\/continuamosmx.com\/index.php\/wp-json\/wp\/v2\/categories?post=34237"},{"taxonomy":"post_tag","embeddable":true,"href":"https:\/\/continuamosmx.com\/index.php\/wp-json\/wp\/v2\/tags?post=34237"}],"curies":[{"name":"wp","href":"https:\/\/api.w.org\/{rel}","templated":true}]}}