{"id":34224,"date":"2020-06-11T21:50:34","date_gmt":"2020-06-11T21:50:34","guid":{"rendered":"http:\/\/continuamos.mx\/?p=39"},"modified":"2020-06-11T21:50:34","modified_gmt":"2020-06-11T21:50:34","slug":"aseguran-a-dos-por-delitos-contra-la-salud","status":"publish","type":"post","link":"https:\/\/continuamosmx.com\/index.php\/2020\/06\/11\/aseguran-a-dos-por-delitos-contra-la-salud\/","title":{"rendered":"ASEGURAN A DOS POR DELITOS CONTRA LA SALUD"},"content":{"rendered":"\n<p>.- <strong>Hechos ocurridos en la colonia Dr. Jorge Jim\u00e9nez Cant\u00fa<\/strong><\/p>\n\n\n\n<p>TLALNEPANTLA, M\u00e9x.- Polic\u00edas de la Comisar\u00eda General de Seguridad P\u00fablica (CGSP) de Tlalnepantla detuvieron en las \u00faltimas horas a dos personas como probables responsables de delitos contra la salud en la colonia Dr. Jorge Jim\u00e9nez Cant\u00fa. Fueron puestos a disposici\u00f3n del Ministerio P\u00fablico, donde se inici\u00f3 una carpeta de investigaci\u00f3n.&nbsp;<\/p>\n\n\n\n<p>Durante un operativo de vigilancia en avenida Acueducto esquina Chiapas en la colonia mencionada, los elementos municipales se percataron de que los tripulantes de un Chevrolet Chevy rojo tomaron una actitud sospechosa al notar la presencia policiaca.<\/p>\n\n\n\n<p>Los uniformados les marcaron el alto, realizaron una inspecci\u00f3n preventiva y encontraron un envoltorio que conten\u00eda una sustancia con las caracter\u00edsticas del cristal y una bolsa de aluminio que conten\u00eda hierba verde con las caracter\u00edsticas de la marihuana. Rogelio N y Erick N de 18 y 23 a\u00f1os respectivamente fueron trasladados a la Fiscal\u00eda General de Justicia del Estado de M\u00e9xico.<\/p>\n","protected":false},"excerpt":{"rendered":"<p>.- Hechos ocurridos en la colonia Dr. Jorge Jim\u00e9nez Cant\u00fa TLALNEPANTLA, M\u00e9x.- Polic\u00edas de la Comisar\u00eda General de Seguridad P\u00fablica (CGSP) de Tlalnepantla detuvieron en las \u00faltimas horas a dos personas como probables responsables de delitos contra la salud en la colonia Dr. Jorge Jim\u00e9nez Cant\u00fa. Fueron puestos a disposici\u00f3n del Ministerio P\u00fablico, donde se [&hellip;]<\/p>\n","protected":false},"author":1,"featured_media":34225,"comment_status":"open","ping_status":"open","sticky":false,"template":"","format":"standard","meta":{"footnotes":""},"categories":[4,48,49],"tags":[],"class_list":["post-34224","post","type-post","status-publish","format-standard","has-post-thumbnail","hentry","category-locales","category-policiaca","category-tlalnepantla"],"yoast_head":"<!-- This site is optimized with the Yoast SEO plugin v27.5 - https:\/\/yoast.com\/product\/yoast-seo-wordpress\/ -->\n<title>ASEGURAN A DOS POR DELITOS CONTRA LA SALUD -<\/title>\n<meta name=\"robots\" content=\"index, follow, max-snippet:-1, max-image-preview:large, max-video-preview:-1\" \/>\n<link rel=\"canonical\" href=\"https:\/\/continuamosmx.com\/index.php\/2020\/06\/11\/aseguran-a-dos-por-delitos-contra-la-salud\/\" \/>\n<meta property=\"og:locale\" content=\"es_ES\" \/>\n<meta property=\"og:type\" content=\"article\" \/>\n<meta property=\"og:title\" content=\"ASEGURAN A DOS POR DELITOS CONTRA LA SALUD -\" \/>\n<meta property=\"og:description\" content=\".- Hechos ocurridos en la colonia Dr. Jorge Jim\u00e9nez Cant\u00fa TLALNEPANTLA, M\u00e9x.- Polic\u00edas de la Comisar\u00eda General de Seguridad P\u00fablica (CGSP) de Tlalnepantla detuvieron en las \u00faltimas horas a dos personas como probables responsables de delitos contra la salud en la colonia Dr. Jorge Jim\u00e9nez Cant\u00fa. Fueron puestos a disposici\u00f3n del Ministerio P\u00fablico, donde se [&hellip;]\" \/>\n<meta property=\"og:url\" content=\"https:\/\/continuamosmx.com\/index.php\/2020\/06\/11\/aseguran-a-dos-por-delitos-contra-la-salud\/\" \/>\n<meta property=\"article:published_time\" content=\"2020-06-11T21:50:34+00:00\" \/>\n<meta property=\"og:image\" content=\"https:\/\/continuamosmx.com\/wp-content\/uploads\/2020\/06\/policiaca.jpeg\" \/>\n\t<meta property=\"og:image:width\" content=\"1024\" \/>\n\t<meta property=\"og:image:height\" content=\"1024\" \/>\n\t<meta property=\"og:image:type\" content=\"image\/jpeg\" \/>\n<meta name=\"author\" content=\"ContinuamosMX\" \/>\n<meta name=\"twitter:card\" content=\"summary_large_image\" \/>\n<meta name=\"twitter:label1\" content=\"Escrito por\" \/>\n\t<meta name=\"twitter:data1\" content=\"ContinuamosMX\" \/>\n\t<meta name=\"twitter:label2\" content=\"Tiempo de lectura\" \/>\n\t<meta name=\"twitter:data2\" content=\"1 minuto\" \/>\n<script type=\"application\/ld+json\" class=\"yoast-schema-graph\">{\"@context\":\"https:\\\/\\\/schema.org\",\"@graph\":[{\"@type\":\"Article\",\"@id\":\"https:\\\/\\\/continuamosmx.com\\\/index.php\\\/2020\\\/06\\\/11\\\/aseguran-a-dos-por-delitos-contra-la-salud\\\/#article\",\"isPartOf\":{\"@id\":\"https:\\\/\\\/continuamosmx.com\\\/index.php\\\/2020\\\/06\\\/11\\\/aseguran-a-dos-por-delitos-contra-la-salud\\\/\"},\"author\":{\"name\":\"ContinuamosMX\",\"@id\":\"https:\\\/\\\/continuamosmx.com\\\/#\\\/schema\\\/person\\\/597bf43bb6e9623635929d8de706669f\"},\"headline\":\"ASEGURAN A DOS POR DELITOS CONTRA LA SALUD\",\"datePublished\":\"2020-06-11T21:50:34+00:00\",\"mainEntityOfPage\":{\"@id\":\"https:\\\/\\\/continuamosmx.com\\\/index.php\\\/2020\\\/06\\\/11\\\/aseguran-a-dos-por-delitos-contra-la-salud\\\/\"},\"wordCount\":183,\"commentCount\":0,\"publisher\":{\"@id\":\"https:\\\/\\\/continuamosmx.com\\\/#organization\"},\"image\":{\"@id\":\"https:\\\/\\\/continuamosmx.com\\\/index.php\\\/2020\\\/06\\\/11\\\/aseguran-a-dos-por-delitos-contra-la-salud\\\/#primaryimage\"},\"thumbnailUrl\":\"https:\\\/\\\/continuamosmx.com\\\/wp-content\\\/uploads\\\/2020\\\/06\\\/policiaca.jpeg\",\"articleSection\":[\"LOCALES\",\"POLICIACA\",\"TLALNEPANTLA\"],\"inLanguage\":\"es\"},{\"@type\":\"WebPage\",\"@id\":\"https:\\\/\\\/continuamosmx.com\\\/index.php\\\/2020\\\/06\\\/11\\\/aseguran-a-dos-por-delitos-contra-la-salud\\\/\",\"url\":\"https:\\\/\\\/continuamosmx.com\\\/index.php\\\/2020\\\/06\\\/11\\\/aseguran-a-dos-por-delitos-contra-la-salud\\\/\",\"name\":\"ASEGURAN A DOS POR DELITOS CONTRA LA SALUD -\",\"isPartOf\":{\"@id\":\"https:\\\/\\\/continuamosmx.com\\\/#website\"},\"primaryImageOfPage\":{\"@id\":\"https:\\\/\\\/continuamosmx.com\\\/index.php\\\/2020\\\/06\\\/11\\\/aseguran-a-dos-por-delitos-contra-la-salud\\\/#primaryimage\"},\"image\":{\"@id\":\"https:\\\/\\\/continuamosmx.com\\\/index.php\\\/2020\\\/06\\\/11\\\/aseguran-a-dos-por-delitos-contra-la-salud\\\/#primaryimage\"},\"thumbnailUrl\":\"https:\\\/\\\/continuamosmx.com\\\/wp-content\\\/uploads\\\/2020\\\/06\\\/policiaca.jpeg\",\"datePublished\":\"2020-06-11T21:50:34+00:00\",\"breadcrumb\":{\"@id\":\"https:\\\/\\\/continuamosmx.com\\\/index.php\\\/2020\\\/06\\\/11\\\/aseguran-a-dos-por-delitos-contra-la-salud\\\/#breadcrumb\"},\"inLanguage\":\"es\",\"potentialAction\":[{\"@type\":\"ReadAction\",\"target\":[\"https:\\\/\\\/continuamosmx.com\\\/index.php\\\/2020\\\/06\\\/11\\\/aseguran-a-dos-por-delitos-contra-la-salud\\\/\"]}]},{\"@type\":\"ImageObject\",\"inLanguage\":\"es\",\"@id\":\"https:\\\/\\\/continuamosmx.com\\\/index.php\\\/2020\\\/06\\\/11\\\/aseguran-a-dos-por-delitos-contra-la-salud\\\/#primaryimage\",\"url\":\"https:\\\/\\\/continuamosmx.com\\\/wp-content\\\/uploads\\\/2020\\\/06\\\/policiaca.jpeg\",\"contentUrl\":\"https:\\\/\\\/continuamosmx.com\\\/wp-content\\\/uploads\\\/2020\\\/06\\\/policiaca.jpeg\",\"width\":1024,\"height\":1024},{\"@type\":\"BreadcrumbList\",\"@id\":\"https:\\\/\\\/continuamosmx.com\\\/index.php\\\/2020\\\/06\\\/11\\\/aseguran-a-dos-por-delitos-contra-la-salud\\\/#breadcrumb\",\"itemListElement\":[{\"@type\":\"ListItem\",\"position\":1,\"name\":\"Inicio\",\"item\":\"https:\\\/\\\/continuamosmx.com\\\/\"},{\"@type\":\"ListItem\",\"position\":2,\"name\":\"ASEGURAN A DOS POR DELITOS CONTRA LA SALUD\"}]},{\"@type\":\"WebSite\",\"@id\":\"https:\\\/\\\/continuamosmx.com\\\/#website\",\"url\":\"https:\\\/\\\/continuamosmx.com\\\/\",\"name\":\"www.continuamosmx.com\",\"description\":\"\",\"publisher\":{\"@id\":\"https:\\\/\\\/continuamosmx.com\\\/#organization\"},\"potentialAction\":[{\"@type\":\"SearchAction\",\"target\":{\"@type\":\"EntryPoint\",\"urlTemplate\":\"https:\\\/\\\/continuamosmx.com\\\/?s={search_term_string}\"},\"query-input\":{\"@type\":\"PropertyValueSpecification\",\"valueRequired\":true,\"valueName\":\"search_term_string\"}}],\"inLanguage\":\"es\"},{\"@type\":\"Organization\",\"@id\":\"https:\\\/\\\/continuamosmx.com\\\/#organization\",\"name\":\"ContinuamosMX\",\"url\":\"https:\\\/\\\/continuamosmx.com\\\/\",\"logo\":{\"@type\":\"ImageObject\",\"inLanguage\":\"es\",\"@id\":\"https:\\\/\\\/continuamosmx.com\\\/#\\\/schema\\\/logo\\\/image\\\/\",\"url\":\"https:\\\/\\\/continuamosmx.com\\\/wp-content\\\/uploads\\\/2023\\\/04\\\/cropped-LOGO-CONTI-NUEVO.png\",\"contentUrl\":\"https:\\\/\\\/continuamosmx.com\\\/wp-content\\\/uploads\\\/2023\\\/04\\\/cropped-LOGO-CONTI-NUEVO.png\",\"width\":1257,\"height\":430,\"caption\":\"ContinuamosMX\"},\"image\":{\"@id\":\"https:\\\/\\\/continuamosmx.com\\\/#\\\/schema\\\/logo\\\/image\\\/\"}},{\"@type\":\"Person\",\"@id\":\"https:\\\/\\\/continuamosmx.com\\\/#\\\/schema\\\/person\\\/597bf43bb6e9623635929d8de706669f\",\"name\":\"ContinuamosMX\",\"image\":{\"@type\":\"ImageObject\",\"inLanguage\":\"es\",\"@id\":\"https:\\\/\\\/secure.gravatar.com\\\/avatar\\\/559529727a6e1f51269882deb22b7cbf727c15cb0f7d75d495313386bc069382?s=96&d=mm&r=g\",\"url\":\"https:\\\/\\\/secure.gravatar.com\\\/avatar\\\/559529727a6e1f51269882deb22b7cbf727c15cb0f7d75d495313386bc069382?s=96&d=mm&r=g\",\"contentUrl\":\"https:\\\/\\\/secure.gravatar.com\\\/avatar\\\/559529727a6e1f51269882deb22b7cbf727c15cb0f7d75d495313386bc069382?s=96&d=mm&r=g\",\"caption\":\"ContinuamosMX\"},\"sameAs\":[\"http:\\\/\\\/continuamosmx.com\"],\"url\":\"https:\\\/\\\/continuamosmx.com\\\/index.php\\\/author\\\/cgbarnardhotmail-com\\\/\"}]}<\/script>\n<!-- \/ Yoast SEO plugin. -->","yoast_head_json":{"title":"ASEGURAN A DOS POR DELITOS CONTRA LA SALUD -","robots":{"index":"index","follow":"follow","max-snippet":"max-snippet:-1","max-image-preview":"max-image-preview:large","max-video-preview":"max-video-preview:-1"},"canonical":"https:\/\/continuamosmx.com\/index.php\/2020\/06\/11\/aseguran-a-dos-por-delitos-contra-la-salud\/","og_locale":"es_ES","og_type":"article","og_title":"ASEGURAN A DOS POR DELITOS CONTRA LA SALUD -","og_description":".- Hechos ocurridos en la colonia Dr. Jorge Jim\u00e9nez Cant\u00fa TLALNEPANTLA, M\u00e9x.- Polic\u00edas de la Comisar\u00eda General de Seguridad P\u00fablica (CGSP) de Tlalnepantla detuvieron en las \u00faltimas horas a dos personas como probables responsables de delitos contra la salud en la colonia Dr. Jorge Jim\u00e9nez Cant\u00fa. Fueron puestos a disposici\u00f3n del Ministerio P\u00fablico, donde se [&hellip;]","og_url":"https:\/\/continuamosmx.com\/index.php\/2020\/06\/11\/aseguran-a-dos-por-delitos-contra-la-salud\/","article_published_time":"2020-06-11T21:50:34+00:00","og_image":[{"width":1024,"height":1024,"url":"https:\/\/continuamosmx.com\/wp-content\/uploads\/2020\/06\/policiaca.jpeg","type":"image\/jpeg"}],"author":"ContinuamosMX","twitter_card":"summary_large_image","twitter_misc":{"Escrito por":"ContinuamosMX","Tiempo de lectura":"1 minuto"},"schema":{"@context":"https:\/\/schema.org","@graph":[{"@type":"Article","@id":"https:\/\/continuamosmx.com\/index.php\/2020\/06\/11\/aseguran-a-dos-por-delitos-contra-la-salud\/#article","isPartOf":{"@id":"https:\/\/continuamosmx.com\/index.php\/2020\/06\/11\/aseguran-a-dos-por-delitos-contra-la-salud\/"},"author":{"name":"ContinuamosMX","@id":"https:\/\/continuamosmx.com\/#\/schema\/person\/597bf43bb6e9623635929d8de706669f"},"headline":"ASEGURAN A DOS POR DELITOS CONTRA LA SALUD","datePublished":"2020-06-11T21:50:34+00:00","mainEntityOfPage":{"@id":"https:\/\/continuamosmx.com\/index.php\/2020\/06\/11\/aseguran-a-dos-por-delitos-contra-la-salud\/"},"wordCount":183,"commentCount":0,"publisher":{"@id":"https:\/\/continuamosmx.com\/#organization"},"image":{"@id":"https:\/\/continuamosmx.com\/index.php\/2020\/06\/11\/aseguran-a-dos-por-delitos-contra-la-salud\/#primaryimage"},"thumbnailUrl":"https:\/\/continuamosmx.com\/wp-content\/uploads\/2020\/06\/policiaca.jpeg","articleSection":["LOCALES","POLICIACA","TLALNEPANTLA"],"inLanguage":"es"},{"@type":"WebPage","@id":"https:\/\/continuamosmx.com\/index.php\/2020\/06\/11\/aseguran-a-dos-por-delitos-contra-la-salud\/","url":"https:\/\/continuamosmx.com\/index.php\/2020\/06\/11\/aseguran-a-dos-por-delitos-contra-la-salud\/","name":"ASEGURAN A DOS POR DELITOS CONTRA LA SALUD -","isPartOf":{"@id":"https:\/\/continuamosmx.com\/#website"},"primaryImageOfPage":{"@id":"https:\/\/continuamosmx.com\/index.php\/2020\/06\/11\/aseguran-a-dos-por-delitos-contra-la-salud\/#primaryimage"},"image":{"@id":"https:\/\/continuamosmx.com\/index.php\/2020\/06\/11\/aseguran-a-dos-por-delitos-contra-la-salud\/#primaryimage"},"thumbnailUrl":"https:\/\/continuamosmx.com\/wp-content\/uploads\/2020\/06\/policiaca.jpeg","datePublished":"2020-06-11T21:50:34+00:00","breadcrumb":{"@id":"https:\/\/continuamosmx.com\/index.php\/2020\/06\/11\/aseguran-a-dos-por-delitos-contra-la-salud\/#breadcrumb"},"inLanguage":"es","potentialAction":[{"@type":"ReadAction","target":["https:\/\/continuamosmx.com\/index.php\/2020\/06\/11\/aseguran-a-dos-por-delitos-contra-la-salud\/"]}]},{"@type":"ImageObject","inLanguage":"es","@id":"https:\/\/continuamosmx.com\/index.php\/2020\/06\/11\/aseguran-a-dos-por-delitos-contra-la-salud\/#primaryimage","url":"https:\/\/continuamosmx.com\/wp-content\/uploads\/2020\/06\/policiaca.jpeg","contentUrl":"https:\/\/continuamosmx.com\/wp-content\/uploads\/2020\/06\/policiaca.jpeg","width":1024,"height":1024},{"@type":"BreadcrumbList","@id":"https:\/\/continuamosmx.com\/index.php\/2020\/06\/11\/aseguran-a-dos-por-delitos-contra-la-salud\/#breadcrumb","itemListElement":[{"@type":"ListItem","position":1,"name":"Inicio","item":"https:\/\/continuamosmx.com\/"},{"@type":"ListItem","position":2,"name":"ASEGURAN A DOS POR DELITOS CONTRA LA SALUD"}]},{"@type":"WebSite","@id":"https:\/\/continuamosmx.com\/#website","url":"https:\/\/continuamosmx.com\/","name":"www.continuamosmx.com","description":"","publisher":{"@id":"https:\/\/continuamosmx.com\/#organization"},"potentialAction":[{"@type":"SearchAction","target":{"@type":"EntryPoint","urlTemplate":"https:\/\/continuamosmx.com\/?s={search_term_string}"},"query-input":{"@type":"PropertyValueSpecification","valueRequired":true,"valueName":"search_term_string"}}],"inLanguage":"es"},{"@type":"Organization","@id":"https:\/\/continuamosmx.com\/#organization","name":"ContinuamosMX","url":"https:\/\/continuamosmx.com\/","logo":{"@type":"ImageObject","inLanguage":"es","@id":"https:\/\/continuamosmx.com\/#\/schema\/logo\/image\/","url":"https:\/\/continuamosmx.com\/wp-content\/uploads\/2023\/04\/cropped-LOGO-CONTI-NUEVO.png","contentUrl":"https:\/\/continuamosmx.com\/wp-content\/uploads\/2023\/04\/cropped-LOGO-CONTI-NUEVO.png","width":1257,"height":430,"caption":"ContinuamosMX"},"image":{"@id":"https:\/\/continuamosmx.com\/#\/schema\/logo\/image\/"}},{"@type":"Person","@id":"https:\/\/continuamosmx.com\/#\/schema\/person\/597bf43bb6e9623635929d8de706669f","name":"ContinuamosMX","image":{"@type":"ImageObject","inLanguage":"es","@id":"https:\/\/secure.gravatar.com\/avatar\/559529727a6e1f51269882deb22b7cbf727c15cb0f7d75d495313386bc069382?s=96&d=mm&r=g","url":"https:\/\/secure.gravatar.com\/avatar\/559529727a6e1f51269882deb22b7cbf727c15cb0f7d75d495313386bc069382?s=96&d=mm&r=g","contentUrl":"https:\/\/secure.gravatar.com\/avatar\/559529727a6e1f51269882deb22b7cbf727c15cb0f7d75d495313386bc069382?s=96&d=mm&r=g","caption":"ContinuamosMX"},"sameAs":["http:\/\/continuamosmx.com"],"url":"https:\/\/continuamosmx.com\/index.php\/author\/cgbarnardhotmail-com\/"}]}},"_links":{"self":[{"href":"https:\/\/continuamosmx.com\/index.php\/wp-json\/wp\/v2\/posts\/34224","targetHints":{"allow":["GET"]}}],"collection":[{"href":"https:\/\/continuamosmx.com\/index.php\/wp-json\/wp\/v2\/posts"}],"about":[{"href":"https:\/\/continuamosmx.com\/index.php\/wp-json\/wp\/v2\/types\/post"}],"author":[{"embeddable":true,"href":"https:\/\/continuamosmx.com\/index.php\/wp-json\/wp\/v2\/users\/1"}],"replies":[{"embeddable":true,"href":"https:\/\/continuamosmx.com\/index.php\/wp-json\/wp\/v2\/comments?post=34224"}],"version-history":[{"count":0,"href":"https:\/\/continuamosmx.com\/index.php\/wp-json\/wp\/v2\/posts\/34224\/revisions"}],"wp:featuredmedia":[{"embeddable":true,"href":"https:\/\/continuamosmx.com\/index.php\/wp-json\/wp\/v2\/media\/34225"}],"wp:attachment":[{"href":"https:\/\/continuamosmx.com\/index.php\/wp-json\/wp\/v2\/media?parent=34224"}],"wp:term":[{"taxonomy":"category","embeddable":true,"href":"https:\/\/continuamosmx.com\/index.php\/wp-json\/wp\/v2\/categories?post=34224"},{"taxonomy":"post_tag","embeddable":true,"href":"https:\/\/continuamosmx.com\/index.php\/wp-json\/wp\/v2\/tags?post=34224"}],"curies":[{"name":"wp","href":"https:\/\/api.w.org\/{rel}","templated":true}]}}